{"id":124682,"date":"2026-03-15T20:33:05","date_gmt":"2026-03-16T00:33:05","guid":{"rendered":"https:\/\/lasprimeras.com.do\/?p=124682"},"modified":"2026-03-15T20:33:07","modified_gmt":"2026-03-16T00:33:07","slug":"daniel-toribio-alza-del-crudo-amenaza-la-estabilidad-economica","status":"publish","type":"post","link":"https:\/\/lasprimeras.com.do\/index.php\/2026\/03\/15\/daniel-toribio-alza-del-crudo-amenaza-la-estabilidad-economica\/","title":{"rendered":"Daniel Toribio: Alza del crudo amenaza la estabilidad econ\u00f3mica"},"content":{"rendered":"\n<p><strong>Economista se\u00f1ala que el impacto del crudo no se limita al precio de la gasolina, sino que encarece transporte, fletes internacionales y la cadena de suministro en toda la econom\u00eda.<\/strong><\/p>\n\n\n\n<p>El exministro de Hacienda y miembro de la Direcci\u00f3n Pol\u00edtica del partido Fuerza del Pueblo (FP), Daniel Toribio, advirti\u00f3 que el encarecimiento del petr\u00f3leo en los mercados internacionales, provocado por las tensiones geopol\u00edticas en el Medio Oriente, tendr\u00e1 efectos amplios sobre la econom\u00eda dominicana, m\u00e1s all\u00e1 del precio de los combustibles.<\/p>\n\n\n\n<p>Toribio explic\u00f3 que el debate p\u00fablico suele concentrarse en el precio de la gasolina o en el subsidio semanal aplicado por el Gobierno, pero sostuvo que el impacto real del petr\u00f3leo caro se transmite por m\u00faltiples canales que terminan afectando la inflaci\u00f3n, encareciendo el costo de la vida, la producci\u00f3n y las finanzas p\u00fablicas.<\/p>\n\n\n\n<p>En primer lugar, indic\u00f3 que el aumento del crudo eleva los costos del transporte local. En una econom\u00eda importadora y altamente dependiente del transporte terrestre como la dominicana, el encarecimiento del combustible incrementa el costo de mover mercanc\u00edas, distribuir alimentos, trasladar insumos y operar el aparato productivo.<\/p>\n\n\n\n<p>Indic\u00f3 adem\u00e1s que ese incremento de costos no se queda en las estaciones de combustible, sino que se transmite a lo largo de toda la cadena productiva hasta presionar el precio final de bienes y servicios que consumen los ciudadanos.<\/p>\n\n\n\n<p>El economista tambi\u00e9n se\u00f1al\u00f3 que otro impacto importante se produce en los fletes internacionales. Cuando sube el petr\u00f3leo, aumentan los costos del transporte mar\u00edtimo y de la log\u00edstica global, lo que encarece las importaciones para pa\u00edses dependientes del comercio exterior.<\/p>\n\n\n\n<p>Toribio record\u00f3 que la Rep\u00fablica Dominicana importa combustibles, materias primas, alimentos y bienes intermedios, por lo que el aumento del crudo implica pagar m\u00e1s no solo por el petr\u00f3leo en s\u00ed, sino tambi\u00e9n por el costo adicional de mover el comercio mundial.<\/p>\n\n\n\n<p>A esto se suma el efecto sobre las cadenas de suministro, que en un contexto de conflictos internacionales suelen enfrentar desv\u00edos de rutas, mayores primas de seguro y cuellos de botella log\u00edsticos que generan demoras, sobrecostos e incertidumbre en los procesos productivos.<\/p>\n\n\n\n<p>Otro frente de presi\u00f3n, a\u00f1adi\u00f3, es el sistema el\u00e9ctrico. Aunque la matriz energ\u00e9tica ha experimentado cambios en los \u00faltimos a\u00f1os, el sistema contin\u00faa expuesto al costo de los combustibles f\u00f3siles, lo que puede aumentar las tensiones sobre la generaci\u00f3n y sobre las transferencias que el Estado realiza para evitar incrementos abruptos en las tarifas el\u00e9ctricas.<\/p>\n\n\n\n<p>En ese contexto, Toribio afirm\u00f3 que los subsidios a los combustibles y a la electricidad funcionan como un mecanismo temporal de protecci\u00f3n al consumidor, pero advirti\u00f3 que no eliminan el impacto econ\u00f3mico del alza del petr\u00f3leo.<\/p>\n\n\n\n<p>Explic\u00f3 que en la pr\u00e1ctica el costo simplemente cambia de lugar, ya que en vez de ser pagado directamente por el consumidor en la bomba o en la factura el\u00e9ctrica, termina siendo asumido por el presupuesto p\u00fablico.<\/p>\n\n\n\n<p>Al cierre de su an\u00e1lisis, el economista sostuvo que el encarecimiento del petr\u00f3leo tiene efectos transversales sobre la econom\u00eda dominicana, ya que no solo afecta el precio de los combustibles, sino que encarece los fletes, altera la cadena de suministro, presiona el sistema el\u00e9ctrico, alimenta la inflaci\u00f3n y genera mayor presi\u00f3n sobre las finanzas p\u00fablicas.<\/p>\n","protected":false},"excerpt":{"rendered":"<p>Economista se\u00f1ala que el impacto del crudo no se limita al precio de la gasolina, sino que encarece transporte, fletes internacionales y la cadena de suministro en toda la econom\u00eda.&hellip;<\/p>\n","protected":false},"author":10,"featured_media":124683,"comment_status":"open","ping_status":"open","sticky":false,"template":"","format":"standard","meta":{"content-type":"","jetpack_post_was_ever_published":false,"_jetpack_newsletter_access":"","_jetpack_dont_email_post_to_subs":false,"_jetpack_newsletter_tier_id":0,"_jetpack_memberships_contains_paywalled_content":false,"_jetpack_memberships_contains_paid_content":false,"footnotes":""},"categories":[16559],"tags":[31209,1294,25534,18150,1295,31208,31210],"class_list":["post-124682","post","type-post","status-publish","format-standard","has-post-thumbnail","hentry","category-politica","tag-costo-de-la-vida","tag-daniel-toribio","tag-encarecera","tag-finanzas-publicas","tag-inflacion","tag-petroleo-caro","tag-presionara"],"jetpack_featured_media_url":"https:\/\/lasprimeras.com.do\/wp-content\/uploads\/2026\/03\/Daniel-Toribio-1.jpg","jetpack-related-posts":[{"id":102049,"url":"https:\/\/lasprimeras.com.do\/index.php\/2025\/06\/30\/daniel-toribio-denuncia-falta-de-transparencia-en-alza-de-precios-de-los-combustibles\/","url_meta":{"origin":124682,"position":0},"title":"Daniel Toribio denuncia falta de transparencia en alza de precios de los combustibles","author":"Nelson Feliz","date":"30 de junio de 2025","format":false,"excerpt":"Fuerza del Pueblo solicita una auditor\u00eda a subsidios destinados a contener las alzas de los carburantes. El secretario de Asuntos Econ\u00f3micos de la Fuerza del Pueblo, Daniel Toribio, denunci\u00f3 este domingo la falta de transparencia en la forma en que se determinan los precios de los combustibles en la Rep\u00fablica\u2026","rel":"","context":"En \u00abECONOM\u00cdA\u00bb","block_context":{"text":"ECONOM\u00cdA","link":"https:\/\/lasprimeras.com.do\/index.php\/category\/economia\/"},"img":{"alt_text":"Daniel Toribio","src":"https:\/\/i0.wp.com\/lasprimeras.com.do\/wp-content\/uploads\/2025\/06\/Daniel-Toribio.jpg?resize=350%2C200&ssl=1","width":350,"height":200,"srcset":"https:\/\/i0.wp.com\/lasprimeras.com.do\/wp-content\/uploads\/2025\/06\/Daniel-Toribio.jpg?resize=350%2C200&ssl=1 1x, https:\/\/i0.wp.com\/lasprimeras.com.do\/wp-content\/uploads\/2025\/06\/Daniel-Toribio.jpg?resize=525%2C300&ssl=1 1.5x, https:\/\/i0.wp.com\/lasprimeras.com.do\/wp-content\/uploads\/2025\/06\/Daniel-Toribio.jpg?resize=700%2C400&ssl=1 2x"},"classes":[]},{"id":120086,"url":"https:\/\/lasprimeras.com.do\/index.php\/2026\/01\/20\/la-deuda-publica-crecio-us110-millones-al-dia-en-2025-senala-la-fp\/","url_meta":{"origin":124682,"position":1},"title":"La deuda p\u00fablica creci\u00f3 US$110 millones al d\u00eda en 2025, se\u00f1ala la FP","author":"Nelson Feliz","date":"20 de enero de 2026","format":false,"excerpt":"Daniel Toribio","rel":"","context":"En \u00abPOLITICA\u00bb","block_context":{"text":"POLITICA","link":"https:\/\/lasprimeras.com.do\/index.php\/category\/politica\/"},"img":{"alt_text":"Daniel Toribio","src":"https:\/\/i0.wp.com\/lasprimeras.com.do\/wp-content\/uploads\/2025\/06\/Daniel-Toribio.jpg?resize=350%2C200&ssl=1","width":350,"height":200,"srcset":"https:\/\/i0.wp.com\/lasprimeras.com.do\/wp-content\/uploads\/2025\/06\/Daniel-Toribio.jpg?resize=350%2C200&ssl=1 1x, https:\/\/i0.wp.com\/lasprimeras.com.do\/wp-content\/uploads\/2025\/06\/Daniel-Toribio.jpg?resize=525%2C300&ssl=1 1.5x, https:\/\/i0.wp.com\/lasprimeras.com.do\/wp-content\/uploads\/2025\/06\/Daniel-Toribio.jpg?resize=700%2C400&ssl=1 2x"},"classes":[]},{"id":49625,"url":"https:\/\/lasprimeras.com.do\/index.php\/2023\/05\/12\/daniel-toribio-dice-inflacion-en-republica-dominicana-ha-superado-el-limite\/","url_meta":{"origin":124682,"position":2},"title":"Daniel Toribio dice inflaci\u00f3n en Rep\u00fablica Dominicana ha superado el l\u00edmite","author":"prenxa100","date":"12 de mayo de 2023","format":false,"excerpt":"Secretario de Asuntos Econ\u00f3micos de Fuerza del Pueblo se\u00f1ala que a los altos niveles de inflaci\u00f3n se suma la ca\u00edda del crecimiento econ\u00f3mico. Santo Domingo.- El secretario de Asuntos Econ\u00f3micos de la Fuerza del Pueblo, Daniel Toribio, explic\u00f3 que la inflaci\u00f3n en la econom\u00eda de la Rep\u00fablica Dominicana ha superado\u2026","rel":"","context":"En \u00abECONOM\u00cdA\u00bb","block_context":{"text":"ECONOM\u00cdA","link":"https:\/\/lasprimeras.com.do\/index.php\/category\/economia\/"},"img":{"alt_text":"","src":"","width":0,"height":0},"classes":[]},{"id":83310,"url":"https:\/\/lasprimeras.com.do\/index.php\/2024\/05\/14\/el-petroleo-de-texas-baja-un-14-hasta-7802-dolares-el-barril\/","url_meta":{"origin":124682,"position":3},"title":"El petr\u00f3leo de Texas baja un 1,4 %, hasta 78,02 d\u00f3lares el barril","author":"Nelson Feliz","date":"14 de mayo de 2024","format":false,"excerpt":"Nueva York- El precio del petr\u00f3leo intermedio de Texas (WTI) cerr\u00f3 este martes con una bajada del 1,4 %, hasta 78,02 d\u00f3lares el barril. Al t\u00e9rmino de la jornada en la Bolsa Mercantil de Nueva York (Nymex), los contratos de futuros del WTI para entrega en junio restaban 1,10 d\u00f3lares\u2026","rel":"","context":"En \u00abECONOM\u00cdA\u00bb","block_context":{"text":"ECONOM\u00cdA","link":"https:\/\/lasprimeras.com.do\/index.php\/category\/economia\/"},"img":{"alt_text":"","src":"https:\/\/i0.wp.com\/lasprimeras.com.do\/wp-content\/uploads\/2024\/05\/Reuters.-El-petroleo-de-Texas-baja-un-14-hasta-7802-dolares-el-barril.jpg?resize=350%2C200&ssl=1","width":350,"height":200,"srcset":"https:\/\/i0.wp.com\/lasprimeras.com.do\/wp-content\/uploads\/2024\/05\/Reuters.-El-petroleo-de-Texas-baja-un-14-hasta-7802-dolares-el-barril.jpg?resize=350%2C200&ssl=1 1x, https:\/\/i0.wp.com\/lasprimeras.com.do\/wp-content\/uploads\/2024\/05\/Reuters.-El-petroleo-de-Texas-baja-un-14-hasta-7802-dolares-el-barril.jpg?resize=525%2C300&ssl=1 1.5x, https:\/\/i0.wp.com\/lasprimeras.com.do\/wp-content\/uploads\/2024\/05\/Reuters.-El-petroleo-de-Texas-baja-un-14-hasta-7802-dolares-el-barril.jpg?resize=700%2C400&ssl=1 2x"},"classes":[]},{"id":123618,"url":"https:\/\/lasprimeras.com.do\/index.php\/2026\/03\/03\/manolo-pichardo-alerta-sobre-impacto-economico-en-rd-por-alza-del-petroleo\/","url_meta":{"origin":124682,"position":4},"title":"Manolo Pichardo alerta sobre impacto econ\u00f3mico en RD por alza del petr\u00f3leo","author":"Nelson Feliz","date":"3 de marzo de 2026","format":false,"excerpt":"Manolo Pichardo","rel":"","context":"En \u00abPOLITICA\u00bb","block_context":{"text":"POLITICA","link":"https:\/\/lasprimeras.com.do\/index.php\/category\/politica\/"},"img":{"alt_text":"","src":"https:\/\/i0.wp.com\/lasprimeras.com.do\/wp-content\/uploads\/2026\/03\/IMG-20260302-WA06211.jpg?resize=350%2C200&ssl=1","width":350,"height":200,"srcset":"https:\/\/i0.wp.com\/lasprimeras.com.do\/wp-content\/uploads\/2026\/03\/IMG-20260302-WA06211.jpg?resize=350%2C200&ssl=1 1x, https:\/\/i0.wp.com\/lasprimeras.com.do\/wp-content\/uploads\/2026\/03\/IMG-20260302-WA06211.jpg?resize=525%2C300&ssl=1 1.5x, https:\/\/i0.wp.com\/lasprimeras.com.do\/wp-content\/uploads\/2026\/03\/IMG-20260302-WA06211.jpg?resize=700%2C400&ssl=1 2x, https:\/\/i0.wp.com\/lasprimeras.com.do\/wp-content\/uploads\/2026\/03\/IMG-20260302-WA06211.jpg?resize=1050%2C600&ssl=1 3x"},"classes":[]},{"id":78387,"url":"https:\/\/lasprimeras.com.do\/index.php\/2024\/03\/15\/gobierno-vuelve-a-congelar-precios-de-la-gasolina-gasoil-y-glp\/","url_meta":{"origin":124682,"position":5},"title":"Gobierno vuelve a congelar precios de la gasolina, gasoil y GLP","author":"BIMARY DE JES\u00daS Matos","date":"15 de marzo de 2024","format":false,"excerpt":"SANTO DOMINGO.- El Ministerio de Industria, Comercio y MiPymes dispuso este viernes mantener sin variaci\u00f3n los precios de las gasolinas, el gasoil y el Gas Licuado de Petr\u00f3leo (GLP),mientras que otros combustibles experimentar\u00e1n alzas para la semana del 16 al 22 de marzo 2024. En ese sentido, la Gasolina Premium\u2026","rel":"","context":"En \u00abPORTADA\u00bb","block_context":{"text":"PORTADA","link":"https:\/\/lasprimeras.com.do\/index.php\/category\/portada\/"},"img":{"alt_text":"","src":"https:\/\/i0.wp.com\/lasprimeras.com.do\/wp-content\/uploads\/2024\/03\/12_Econo_28_2p01-1.jpg?resize=350%2C200&ssl=1","width":350,"height":200,"srcset":"https:\/\/i0.wp.com\/lasprimeras.com.do\/wp-content\/uploads\/2024\/03\/12_Econo_28_2p01-1.jpg?resize=350%2C200&ssl=1 1x, https:\/\/i0.wp.com\/lasprimeras.com.do\/wp-content\/uploads\/2024\/03\/12_Econo_28_2p01-1.jpg?resize=525%2C300&ssl=1 1.5x, https:\/\/i0.wp.com\/lasprimeras.com.do\/wp-content\/uploads\/2024\/03\/12_Econo_28_2p01-1.jpg?resize=700%2C400&ssl=1 2x"},"classes":[]}],"jetpack_sharing_enabled":true,"_links":{"self":[{"href":"https:\/\/lasprimeras.com.do\/index.php\/wp-json\/wp\/v2\/posts\/124682","targetHints":{"allow":["GET"]}}],"collection":[{"href":"https:\/\/lasprimeras.com.do\/index.php\/wp-json\/wp\/v2\/posts"}],"about":[{"href":"https:\/\/lasprimeras.com.do\/index.php\/wp-json\/wp\/v2\/types\/post"}],"author":[{"embeddable":true,"href":"https:\/\/lasprimeras.com.do\/index.php\/wp-json\/wp\/v2\/users\/10"}],"replies":[{"embeddable":true,"href":"https:\/\/lasprimeras.com.do\/index.php\/wp-json\/wp\/v2\/comments?post=124682"}],"version-history":[{"count":1,"href":"https:\/\/lasprimeras.com.do\/index.php\/wp-json\/wp\/v2\/posts\/124682\/revisions"}],"predecessor-version":[{"id":124684,"href":"https:\/\/lasprimeras.com.do\/index.php\/wp-json\/wp\/v2\/posts\/124682\/revisions\/124684"}],"wp:featuredmedia":[{"embeddable":true,"href":"https:\/\/lasprimeras.com.do\/index.php\/wp-json\/wp\/v2\/media\/124683"}],"wp:attachment":[{"href":"https:\/\/lasprimeras.com.do\/index.php\/wp-json\/wp\/v2\/media?parent=124682"}],"wp:term":[{"taxonomy":"category","embeddable":true,"href":"https:\/\/lasprimeras.com.do\/index.php\/wp-json\/wp\/v2\/categories?post=124682"},{"taxonomy":"post_tag","embeddable":true,"href":"https:\/\/lasprimeras.com.do\/index.php\/wp-json\/wp\/v2\/tags?post=124682"}],"curies":[{"name":"wp","href":"https:\/\/api.w.org\/{rel}","templated":true}]}}