{"id":124685,"date":"2026-03-15T20:40:28","date_gmt":"2026-03-16T00:40:28","guid":{"rendered":"https:\/\/lasprimeras.com.do\/?p=124685"},"modified":"2026-03-15T20:40:30","modified_gmt":"2026-03-16T00:40:30","slug":"joven-de-23-anos-muere-tras-recibir-disparo-en-el-torax-en-veron-punta-cana","status":"publish","type":"post","link":"https:\/\/lasprimeras.com.do\/index.php\/2026\/03\/15\/joven-de-23-anos-muere-tras-recibir-disparo-en-el-torax-en-veron-punta-cana\/","title":{"rendered":"Joven de 23 a\u00f1os muere tras recibir disparo en el t\u00f3rax en Ver\u00f3n\u2013Punta Cana"},"content":{"rendered":"\n<p>Un joven de 23 a\u00f1os perdi\u00f3 la vida la ma\u00f1ana de este domingo tras resultar herido por un disparo durante un incidente ocurrido en un establecimiento de diversi\u00f3n en el distrito tur\u00edstico de Ver\u00f3n\u2013Punta Cana.<\/p>\n\n\n\n<p>De acuerdo con informaciones obtenidas por B\u00e1varo Digital, el hecho se registr\u00f3 alrededor de las 7:30 de la ma\u00f1ana en un bar de la zona, donde se habr\u00eda originado un conflicto entre varias personas que termin\u00f3 cuando uno de los involucrados realiz\u00f3 un disparo que impact\u00f3 al joven en el t\u00f3rax.<\/p>\n\n\n\n<p>El herido fue trasladado de emergencia a un centro de salud cercano, pero lamentablemente falleci\u00f3 mientras recib\u00eda atenciones m\u00e9dicas debido a la gravedad de la herida.<\/p>\n\n\n\n<p>Al lugar se presentaron miembros de la Polic\u00eda Nacional y agentes del Departamento de Investigaciones Criminales (DICRIM), quienes iniciaron las investigaciones correspondientes con el objetivo de esclarecer las circunstancias en que ocurri\u00f3 el hecho.<\/p>\n\n\n\n<p>Hasta el momento, las autoridades no han ofrecido mayores detalles sobre la identidad de la v\u00edctima ni han informado sobre posibles responsables.<\/p>\n","protected":false},"excerpt":{"rendered":"<p>Un joven de 23 a\u00f1os perdi\u00f3 la vida la ma\u00f1ana de este domingo tras resultar herido por un disparo durante un incidente ocurrido en un establecimiento de diversi\u00f3n en el&hellip;<\/p>\n","protected":false},"author":10,"featured_media":124686,"comment_status":"open","ping_status":"open","sticky":false,"template":"","format":"standard","meta":{"content-type":"","jetpack_post_was_ever_published":false,"_jetpack_newsletter_access":"","_jetpack_dont_email_post_to_subs":false,"_jetpack_newsletter_tier_id":0,"_jetpack_memberships_contains_paywalled_content":false,"_jetpack_memberships_contains_paid_content":false,"footnotes":""},"categories":[35],"tags":[1262,1127,650,1308,31211,5111],"class_list":["post-124685","post","type-post","status-publish","format-standard","has-post-thumbnail","hentry","category-nacionales","tag-disparo","tag-joven","tag-muere","tag-punta-cana","tag-torax","tag-veron"],"jetpack_featured_media_url":"https:\/\/lasprimeras.com.do\/wp-content\/uploads\/2026\/03\/muere-1.jpg","jetpack-related-posts":[{"id":53348,"url":"https:\/\/lasprimeras.com.do\/index.php\/2023\/06\/25\/joven-pierde-ojo-de-un-disparo-tras-discusion-entre-dos-hermanos-en-spm\/","url_meta":{"origin":124685,"position":0},"title":"Joven pierde ojo de un disparo tras discusi\u00f3n entre dos hermanos en SPM","author":"Nelson Feliz","date":"25 de junio de 2023","format":false,"excerpt":"Por Junior Noticias Un joven perdi\u00f3 su ojo izquierdo de un disparo tras una discusi\u00f3n entre dos hermanos en un supuesto juego de cartas en el sector de Los 4 Caminos en San Pedro de Macor\u00eds. El joven herido fue identificado como Eliezer \u00c1vila (a) Chuy, de 21 a\u00f1os, residente\u2026","rel":"","context":"En \u00abNACIONALES\u00bb","block_context":{"text":"NACIONALES","link":"https:\/\/lasprimeras.com.do\/index.php\/category\/nacionales\/"},"img":{"alt_text":"","src":"https:\/\/i0.wp.com\/lasprimeras.com.do\/wp-content\/uploads\/2023\/06\/pierde-ojo.jpg?resize=350%2C200&ssl=1","width":350,"height":200},"classes":[]},{"id":95680,"url":"https:\/\/lasprimeras.com.do\/index.php\/2025\/03\/17\/policia-mata-joven-de-22-anos-durante-incidente-en-santiago\/","url_meta":{"origin":124685,"position":1},"title":"Polic\u00eda mata joven de 22 a\u00f1os durante incidente en Santiago","author":"Nelson Feliz","date":"17 de marzo de 2025","format":false,"excerpt":"Un joven de 22 a\u00f1os de edad falleci\u00f3 a causa de una herida de bala que habr\u00eda sido disparada por un agente de la Polic\u00eda Nacional, mientras supuestamente se defend\u00edan de una agresi\u00f3n a pedradas, un hecho ocurrido en el sector El Ingenio Arriba, del distrito municipal Santiago Oeste. El\u2026","rel":"","context":"En \u00abNACIONALES\u00bb","block_context":{"text":"NACIONALES","link":"https:\/\/lasprimeras.com.do\/index.php\/category\/nacionales\/"},"img":{"alt_text":"","src":"https:\/\/i0.wp.com\/lasprimeras.com.do\/wp-content\/uploads\/2025\/03\/Nelson-de-Jesus-Colon.png?resize=350%2C200&ssl=1","width":350,"height":200},"classes":[]},{"id":91964,"url":"https:\/\/lasprimeras.com.do\/index.php\/2024\/12\/08\/joven-se-entrega-tras-incidente-con-arma-de-fuego-que-herir-a-su-padre-en-moca\/","url_meta":{"origin":124685,"position":2},"title":"Joven se entrega tras incidente con arma de fuego que herir a su padre en Moca","author":"Nelson Feliz","date":"8 de diciembre de 2024","format":false,"excerpt":"El joven Luis Antonio, acusado de herir de un disparo a su padre, Walter, se entreg\u00f3 a la Polic\u00eda Nacional en la subregional de Espaillat, seg\u00fan confirmaron las autoridades. El incidente ocurri\u00f3 en medio de una acalorada discusi\u00f3n familiar. Sin embargo, Luis Antonio niega que haya actuado intencionalmente y asegur\u00f3\u2026","rel":"","context":"En \u00abMILITARES\u00bb","block_context":{"text":"MILITARES","link":"https:\/\/lasprimeras.com.do\/index.php\/category\/militares\/"},"img":{"alt_text":"","src":"https:\/\/i0.wp.com\/lasprimeras.com.do\/wp-content\/uploads\/2024\/12\/Luis-Antonio.jpg?resize=350%2C200&ssl=1","width":350,"height":200,"srcset":"https:\/\/i0.wp.com\/lasprimeras.com.do\/wp-content\/uploads\/2024\/12\/Luis-Antonio.jpg?resize=350%2C200&ssl=1 1x, https:\/\/i0.wp.com\/lasprimeras.com.do\/wp-content\/uploads\/2024\/12\/Luis-Antonio.jpg?resize=525%2C300&ssl=1 1.5x, https:\/\/i0.wp.com\/lasprimeras.com.do\/wp-content\/uploads\/2024\/12\/Luis-Antonio.jpg?resize=700%2C400&ssl=1 2x"},"classes":[]},{"id":88581,"url":"https:\/\/lasprimeras.com.do\/index.php\/2024\/08\/31\/matan-joven-en-tiroteo-y-otros-resultan-heridos-en-la-romana\/","url_meta":{"origin":124685,"position":3},"title":"Matan joven en tiroteo y otros resultan heridos en La Romana","author":"Nelson Feliz","date":"31 de agosto de 2024","format":false,"excerpt":"Por: Alex Marte Campos Una joven falleci\u00f3 tras recibir un disparo durante un tiroteo registrado en la madrugada de hoy en el barrio de San Carlos de La Romana. El lamentable suceso se registr\u00f3 sin que hasta el momento se conozcan los motivos y las circunstancias. En el hecho tambi\u00e9n\u2026","rel":"","context":"En \u00abNACIONALES\u00bb","block_context":{"text":"NACIONALES","link":"https:\/\/lasprimeras.com.do\/index.php\/category\/nacionales\/"},"img":{"alt_text":"","src":"https:\/\/i0.wp.com\/lasprimeras.com.do\/wp-content\/uploads\/2024\/08\/matan.jpg?resize=350%2C200&ssl=1","width":350,"height":200,"srcset":"https:\/\/i0.wp.com\/lasprimeras.com.do\/wp-content\/uploads\/2024\/08\/matan.jpg?resize=350%2C200&ssl=1 1x, https:\/\/i0.wp.com\/lasprimeras.com.do\/wp-content\/uploads\/2024\/08\/matan.jpg?resize=525%2C300&ssl=1 1.5x"},"classes":[]},{"id":63032,"url":"https:\/\/lasprimeras.com.do\/index.php\/2023\/10\/09\/mujer-muere-al-ser-alcanzada-por-una-bala-perdida-en-higuey\/","url_meta":{"origin":124685,"position":4},"title":"Mujer muere al ser alcanzada por una bala perdida en Hig\u00fcey","author":"Nelson Feliz","date":"9 de octubre de 2023","format":false,"excerpt":"Estaba tranquilita en casa cuando sucede lo terrible y la mandan para el cementerio. !Una noche de violencia en el sector de Villa Mar\u00eda, en Hig\u00fcey, termin\u00f3 en tragedia cuando una bala perdida se cobr\u00f3 la vida de Mayelin Feliciano Rodr\u00edguez, una mujer de 36 a\u00f1os, ama de casa, mientras\u2026","rel":"","context":"En \u00abNACIONALES\u00bb","block_context":{"text":"NACIONALES","link":"https:\/\/lasprimeras.com.do\/index.php\/category\/nacionales\/"},"img":{"alt_text":"","src":"","width":0,"height":0},"classes":[]},{"id":89862,"url":"https:\/\/lasprimeras.com.do\/index.php\/2024\/10\/06\/policias-hieren-de-gravedad-joven-en-los-tres-brazos\/","url_meta":{"origin":124685,"position":5},"title":"Polic\u00edas hieren de gravedad joven en Los Tres Brazos","author":"Nelson Feliz","date":"6 de octubre de 2024","format":false,"excerpt":"Por Rode Feliz\u00a0 Dilanezequiel22@gmail.com Un nuevo incidente de abuso policial ha generado conmoci\u00f3n en la sociedad dominicana. Familiares exigen justicia. Un joven de 24 a\u00f1os residente en el sector Los Tres Brazos en Santo Domingo Este, se encuentra en estado cr\u00edtico en el Hospital Dar\u00edo Contreras tras ser herido de\u2026","rel":"","context":"En \u00abMILITARES\u00bb","block_context":{"text":"MILITARES","link":"https:\/\/lasprimeras.com.do\/index.php\/category\/militares\/"},"img":{"alt_text":"","src":"https:\/\/i0.wp.com\/lasprimeras.com.do\/wp-content\/uploads\/2024\/10\/Policia-Nacional-2.jpg?resize=350%2C200&ssl=1","width":350,"height":200,"srcset":"https:\/\/i0.wp.com\/lasprimeras.com.do\/wp-content\/uploads\/2024\/10\/Policia-Nacional-2.jpg?resize=350%2C200&ssl=1 1x, https:\/\/i0.wp.com\/lasprimeras.com.do\/wp-content\/uploads\/2024\/10\/Policia-Nacional-2.jpg?resize=525%2C300&ssl=1 1.5x, https:\/\/i0.wp.com\/lasprimeras.com.do\/wp-content\/uploads\/2024\/10\/Policia-Nacional-2.jpg?resize=700%2C400&ssl=1 2x"},"classes":[]}],"jetpack_sharing_enabled":true,"_links":{"self":[{"href":"https:\/\/lasprimeras.com.do\/index.php\/wp-json\/wp\/v2\/posts\/124685","targetHints":{"allow":["GET"]}}],"collection":[{"href":"https:\/\/lasprimeras.com.do\/index.php\/wp-json\/wp\/v2\/posts"}],"about":[{"href":"https:\/\/lasprimeras.com.do\/index.php\/wp-json\/wp\/v2\/types\/post"}],"author":[{"embeddable":true,"href":"https:\/\/lasprimeras.com.do\/index.php\/wp-json\/wp\/v2\/users\/10"}],"replies":[{"embeddable":true,"href":"https:\/\/lasprimeras.com.do\/index.php\/wp-json\/wp\/v2\/comments?post=124685"}],"version-history":[{"count":1,"href":"https:\/\/lasprimeras.com.do\/index.php\/wp-json\/wp\/v2\/posts\/124685\/revisions"}],"predecessor-version":[{"id":124687,"href":"https:\/\/lasprimeras.com.do\/index.php\/wp-json\/wp\/v2\/posts\/124685\/revisions\/124687"}],"wp:featuredmedia":[{"embeddable":true,"href":"https:\/\/lasprimeras.com.do\/index.php\/wp-json\/wp\/v2\/media\/124686"}],"wp:attachment":[{"href":"https:\/\/lasprimeras.com.do\/index.php\/wp-json\/wp\/v2\/media?parent=124685"}],"wp:term":[{"taxonomy":"category","embeddable":true,"href":"https:\/\/lasprimeras.com.do\/index.php\/wp-json\/wp\/v2\/categories?post=124685"},{"taxonomy":"post_tag","embeddable":true,"href":"https:\/\/lasprimeras.com.do\/index.php\/wp-json\/wp\/v2\/tags?post=124685"}],"curies":[{"name":"wp","href":"https:\/\/api.w.org\/{rel}","templated":true}]}}