{"id":124688,"date":"2026-03-15T20:47:55","date_gmt":"2026-03-16T00:47:55","guid":{"rendered":"https:\/\/lasprimeras.com.do\/?p=124688"},"modified":"2026-03-15T20:47:57","modified_gmt":"2026-03-16T00:47:57","slug":"higuey-tres-jovenes-muertos-al-chocar-yipeta-a-un-poste-de-luz","status":"publish","type":"post","link":"https:\/\/lasprimeras.com.do\/index.php\/2026\/03\/15\/higuey-tres-jovenes-muertos-al-chocar-yipeta-a-un-poste-de-luz\/","title":{"rendered":"HIGUEY: Tres j\u00f3venes muertos al chocar yipeta a un poste de luz"},"content":{"rendered":"\n<p><strong>El accidente se produjo en la localidad de Jobo Dulce e involucr\u00f3 una yopeta Honda CRV, blanca.<\/strong><\/p>\n\n\n\n<p>Tres j\u00f3venes murieron y uno result\u00f3 gravemente herido al chocar veh\u00edculo contra un poste del tendido el\u00e9ctrico este domingo en Higuey.<\/p>\n\n\n\n<p>Los muertos fueron identificados como Harel Javier Mart\u00ednez, Adarbeiro Santana Caraballo, de 17 y Arberlin Marino Marte.<\/p>\n\n\n\n<p>El accidente se produjo a las 9:25 de la ma\u00f1ana en la localidad de Jobo Dulce involucr\u00f3 una yipeta Honda CRV, blanca, placa G466634.<\/p>\n\n\n\n<p>Al lugar se present\u00f3 de inmediato miembros del Cuerpo de Bomberos de Hig\u00fcey y del Sistema Nacional de Atenci\u00f3n a Emergencias y Seguridad 911.<\/p>\n","protected":false},"excerpt":{"rendered":"<p>El accidente se produjo en la localidad de Jobo Dulce e involucr\u00f3 una yopeta Honda CRV, blanca. Tres j\u00f3venes murieron y uno result\u00f3 gravemente herido al chocar veh\u00edculo contra un&hellip;<\/p>\n","protected":false},"author":10,"featured_media":124689,"comment_status":"open","ping_status":"open","sticky":false,"template":"","format":"standard","meta":{"content-type":"","jetpack_post_was_ever_published":false,"_jetpack_newsletter_access":"","_jetpack_dont_email_post_to_subs":false,"_jetpack_newsletter_tier_id":0,"_jetpack_memberships_contains_paywalled_content":false,"_jetpack_memberships_contains_paid_content":false,"footnotes":""},"categories":[35],"tags":[3275,7321,686,31212,16823,7207],"class_list":["post-124688","post","type-post","status-publish","format-standard","has-post-thumbnail","hentry","category-nacionales","tag-chocar","tag-higuey-2","tag-muertos","tag-poste-de-luz","tag-tres-jovenes","tag-yipeta"],"jetpack_featured_media_url":"https:\/\/lasprimeras.com.do\/wp-content\/uploads\/2026\/03\/acc.jpg","jetpack-related-posts":[{"id":85213,"url":"https:\/\/lasprimeras.com.do\/index.php\/2024\/06\/23\/identifican-jovenes-murieron-en-accidente-en-el-evaristo-morales\/","url_meta":{"origin":124688,"position":0},"title":"Identifican j\u00f3venes murieron en accidente en el Evaristo Morales","author":"Nelson Feliz","date":"23 de junio de 2024","format":false,"excerpt":"Fueron identificados este domingo los dos j\u00f3venes que resultaron muertos en el accidente ocurrido en la calle El Buen Pastor, en el sector Evaristo Morales. Las v\u00edctimas fueron identificadas como Roberto Encarnaci\u00f3n D\u00edaz y Victoria Reyes, inform\u00f3 la Direcci\u00f3n General de Tr\u00e1nsito y Transporte Terrestre (Digesett). Una gr\u00faa levanta la\u2026","rel":"","context":"En \u00abNACIONALES\u00bb","block_context":{"text":"NACIONALES","link":"https:\/\/lasprimeras.com.do\/index.php\/category\/nacionales\/"},"img":{"alt_text":"","src":"https:\/\/i0.wp.com\/lasprimeras.com.do\/wp-content\/uploads\/2024\/06\/acc-1.jpg?resize=350%2C200&ssl=1","width":350,"height":200,"srcset":"https:\/\/i0.wp.com\/lasprimeras.com.do\/wp-content\/uploads\/2024\/06\/acc-1.jpg?resize=350%2C200&ssl=1 1x, https:\/\/i0.wp.com\/lasprimeras.com.do\/wp-content\/uploads\/2024\/06\/acc-1.jpg?resize=525%2C300&ssl=1 1.5x"},"classes":[]},{"id":92190,"url":"https:\/\/lasprimeras.com.do\/index.php\/2024\/12\/31\/accidente-de-transito-en-la-carretera-entre-azua-y-bani-deja-cuatro-muertos-y-varios-heridos\/","url_meta":{"origin":124688,"position":1},"title":"Accidente de tr\u00e1nsito en la carretera entre Azua y Ban\u00ed deja cuatro muertos y varios heridos","author":"Nelson Feliz","date":"31 de diciembre de 2024","format":false,"excerpt":"Un tr\u00e1gico accidente de tr\u00e1nsito ocurrido este martes en la carretera S\u00e1nchez, entre Azua y Ban\u00ed, dej\u00f3 un saldo de cuatro personas fallecidas y otras cuatro heridas, seg\u00fan inform\u00f3 el Sistema 911. El siniestro involucr\u00f3 a dos veh\u00edculos tipo yipeta: una Honda CRV de color gris y una Hyundai Santa\u2026","rel":"","context":"En \u00abNACIONALES\u00bb","block_context":{"text":"NACIONALES","link":"https:\/\/lasprimeras.com.do\/index.php\/category\/nacionales\/"},"img":{"alt_text":"","src":"https:\/\/i0.wp.com\/lasprimeras.com.do\/wp-content\/uploads\/2024\/12\/Accidente.jpg?resize=350%2C200&ssl=1","width":350,"height":200,"srcset":"https:\/\/i0.wp.com\/lasprimeras.com.do\/wp-content\/uploads\/2024\/12\/Accidente.jpg?resize=350%2C200&ssl=1 1x, https:\/\/i0.wp.com\/lasprimeras.com.do\/wp-content\/uploads\/2024\/12\/Accidente.jpg?resize=525%2C300&ssl=1 1.5x"},"classes":[]},{"id":72680,"url":"https:\/\/lasprimeras.com.do\/index.php\/2024\/01\/02\/mueren-dos-personas-en-accidentes-de-transito-en-la-romana-y-san-pedro-de-macoris\/","url_meta":{"origin":124688,"position":2},"title":"Mueren dos personas en accidentes de tr\u00e1nsito en La Romana y San Pedro de Macor\u00eds","author":"Nelson Feliz","date":"2 de enero de 2024","format":false,"excerpt":"Dos motociclistas perdieron la vida este primero de enero del 2024 en La Romana y en San Pedro de Macor\u00eds, uno al colisionar con un veh\u00edculo CRV y el otro con un poste del tendido el\u00e9ctrico. Una de las v\u00edctimas, Francisco Julio Inirio Rojas, de 22 a\u00f1os de edad, impact\u00f3\u2026","rel":"","context":"En \u00abNACIONALES\u00bb","block_context":{"text":"NACIONALES","link":"https:\/\/lasprimeras.com.do\/index.php\/category\/nacionales\/"},"img":{"alt_text":"Las v\u00edctimas del accidente de tr\u00e1nsito se desplazaban en sendas motocicletas; una choc\u00f3 con un veh\u00edculo marca CRV y la otra con un poste de luz","src":"https:\/\/i0.wp.com\/lasprimeras.com.do\/wp-content\/uploads\/2024\/01\/accidentes.jpg?resize=350%2C200&ssl=1","width":350,"height":200,"srcset":"https:\/\/i0.wp.com\/lasprimeras.com.do\/wp-content\/uploads\/2024\/01\/accidentes.jpg?resize=350%2C200&ssl=1 1x, https:\/\/i0.wp.com\/lasprimeras.com.do\/wp-content\/uploads\/2024\/01\/accidentes.jpg?resize=525%2C300&ssl=1 1.5x, https:\/\/i0.wp.com\/lasprimeras.com.do\/wp-content\/uploads\/2024\/01\/accidentes.jpg?resize=700%2C400&ssl=1 2x"},"classes":[]},{"id":110415,"url":"https:\/\/lasprimeras.com.do\/index.php\/2025\/09\/28\/tragedia-en-la-avenida-hispanoamericana-expone-el-problema-de-accidentes-entre-jovenes-en-santiago\/","url_meta":{"origin":124688,"position":3},"title":"Tragedia en la avenida Hispanoamericana expone el problema de accidentes entre j\u00f3venes en Santiago","author":"Nelson Feliz","date":"28 de septiembre de 2025","format":false,"excerpt":"Los tres fallecidos reciben sepultura este domingo, mientras cinco permanecen ingresados en cl\u00ednicas privadas de la ciudad. La madrugada del s\u00e1bado 27 de septiembre volvi\u00f3 a poner en evidencia la magnitud del problema de los accidentes de tr\u00e1nsito en la provincia de Santiago, donde el 42 % de las v\u00edctimas\u2026","rel":"","context":"En \u00abNACIONALES\u00bb","block_context":{"text":"NACIONALES","link":"https:\/\/lasprimeras.com.do\/index.php\/category\/nacionales\/"},"img":{"alt_text":"","src":"https:\/\/i0.wp.com\/lasprimeras.com.do\/wp-content\/uploads\/2025\/09\/homs.jpg?resize=350%2C200&ssl=1","width":350,"height":200,"srcset":"https:\/\/i0.wp.com\/lasprimeras.com.do\/wp-content\/uploads\/2025\/09\/homs.jpg?resize=350%2C200&ssl=1 1x, https:\/\/i0.wp.com\/lasprimeras.com.do\/wp-content\/uploads\/2025\/09\/homs.jpg?resize=525%2C300&ssl=1 1.5x, https:\/\/i0.wp.com\/lasprimeras.com.do\/wp-content\/uploads\/2025\/09\/homs.jpg?resize=700%2C400&ssl=1 2x"},"classes":[]},{"id":66483,"url":"https:\/\/lasprimeras.com.do\/index.php\/2023\/11\/07\/vuelco-de-minibus-tras-choque-con-yipeta-deja-varios-heridos-en-distrito-nacional\/","url_meta":{"origin":124688,"position":4},"title":"Vuelco de minib\u00fas tras choque con yipeta deja varios heridos en Distrito Nacional","author":"Nelson Feliz","date":"7 de noviembre de 2023","format":false,"excerpt":"Unidades del 9-1-1 trasladaron a siete de los lesionados a varios centros de salud. Varias personas resultaron heridas la ma\u00f1ana de este martes durante un accidente de tr\u00e1nsito en el que un minib\u00fas de pasajeros se volc\u00f3, despu\u00e9s de colisionar con una yipeta en el ensanche Julieta, Distrito Nacional. Los\u2026","rel":"","context":"En \u00abNACIONALES\u00bb","block_context":{"text":"NACIONALES","link":"https:\/\/lasprimeras.com.do\/index.php\/category\/nacionales\/"},"img":{"alt_text":"El minib\u00fas se volc\u00f3 tras chocar con la yipeta","src":"https:\/\/i0.wp.com\/lasprimeras.com.do\/wp-content\/uploads\/2023\/11\/El-minibus-se-volco-tras-chocar-con-la-yipeta.jpeg?resize=350%2C200&ssl=1","width":350,"height":200},"classes":[]},{"id":89351,"url":"https:\/\/lasprimeras.com.do\/index.php\/2024\/09\/22\/tres-muertos-en-un-accidente-de-transito-a-la-salida-de-santiago\/","url_meta":{"origin":124688,"position":5},"title":"Tres muertos en un accidente de tr\u00e1nsito a la salida de Santiago","author":"Nelson Feliz","date":"22 de septiembre de 2024","format":false,"excerpt":"Tres personas perdieron la vida la tarde de este domingo durante un accidente de tr\u00e1nsito registrado en la autopista Duarte a la salida de Santiago. El hecho ocurri\u00f3 durante el choque entre una yipeta y una motocicleta pasadas las 4:35 de la tarde. El accidente ocurri\u00f3 en direcci\u00f3n norte sur,\u2026","rel":"","context":"En \u00abNACIONALES\u00bb","block_context":{"text":"NACIONALES","link":"https:\/\/lasprimeras.com.do\/index.php\/category\/nacionales\/"},"img":{"alt_text":"accidente de tr\u00e1nsito","src":"https:\/\/i0.wp.com\/lasprimeras.com.do\/wp-content\/uploads\/2024\/09\/accidente-de-transito.jpg?resize=350%2C200&ssl=1","width":350,"height":200,"srcset":"https:\/\/i0.wp.com\/lasprimeras.com.do\/wp-content\/uploads\/2024\/09\/accidente-de-transito.jpg?resize=350%2C200&ssl=1 1x, https:\/\/i0.wp.com\/lasprimeras.com.do\/wp-content\/uploads\/2024\/09\/accidente-de-transito.jpg?resize=525%2C300&ssl=1 1.5x, https:\/\/i0.wp.com\/lasprimeras.com.do\/wp-content\/uploads\/2024\/09\/accidente-de-transito.jpg?resize=700%2C400&ssl=1 2x"},"classes":[]}],"jetpack_sharing_enabled":true,"_links":{"self":[{"href":"https:\/\/lasprimeras.com.do\/index.php\/wp-json\/wp\/v2\/posts\/124688","targetHints":{"allow":["GET"]}}],"collection":[{"href":"https:\/\/lasprimeras.com.do\/index.php\/wp-json\/wp\/v2\/posts"}],"about":[{"href":"https:\/\/lasprimeras.com.do\/index.php\/wp-json\/wp\/v2\/types\/post"}],"author":[{"embeddable":true,"href":"https:\/\/lasprimeras.com.do\/index.php\/wp-json\/wp\/v2\/users\/10"}],"replies":[{"embeddable":true,"href":"https:\/\/lasprimeras.com.do\/index.php\/wp-json\/wp\/v2\/comments?post=124688"}],"version-history":[{"count":1,"href":"https:\/\/lasprimeras.com.do\/index.php\/wp-json\/wp\/v2\/posts\/124688\/revisions"}],"predecessor-version":[{"id":124690,"href":"https:\/\/lasprimeras.com.do\/index.php\/wp-json\/wp\/v2\/posts\/124688\/revisions\/124690"}],"wp:featuredmedia":[{"embeddable":true,"href":"https:\/\/lasprimeras.com.do\/index.php\/wp-json\/wp\/v2\/media\/124689"}],"wp:attachment":[{"href":"https:\/\/lasprimeras.com.do\/index.php\/wp-json\/wp\/v2\/media?parent=124688"}],"wp:term":[{"taxonomy":"category","embeddable":true,"href":"https:\/\/lasprimeras.com.do\/index.php\/wp-json\/wp\/v2\/categories?post=124688"},{"taxonomy":"post_tag","embeddable":true,"href":"https:\/\/lasprimeras.com.do\/index.php\/wp-json\/wp\/v2\/tags?post=124688"}],"curies":[{"name":"wp","href":"https:\/\/api.w.org\/{rel}","templated":true}]}}