{"id":124694,"date":"2026-03-15T21:05:52","date_gmt":"2026-03-16T01:05:52","guid":{"rendered":"https:\/\/lasprimeras.com.do\/?p=124694"},"modified":"2026-03-15T21:05:54","modified_gmt":"2026-03-16T01:05:54","slug":"abinader-en-el-malecon-para-la-semifinal-rd-vs-ee-uu","status":"publish","type":"post","link":"https:\/\/lasprimeras.com.do\/index.php\/2026\/03\/15\/abinader-en-el-malecon-para-la-semifinal-rd-vs-ee-uu\/","title":{"rendered":"Abinader en el Malec\u00f3n para la semifinal RD vs. EE. UU."},"content":{"rendered":"\n<p><strong>Los capitale\u00f1os lo recibieron con asombre y algarabia ante lo inesperado de la llegada<\/strong><\/p>\n\n\n\n<p>En una acci\u00f3n in\u00e9dita, el presidente Luis Abinader Abinader se presento a G\u00fcibia para presenciar, junto a cientos de cpitale\u00f1os, el partido semifinal del Cl\u00e1sico Mundial de B\u00e9isbol 2026 entre los equipos de Rep\u00fablica Dominicana y los Estados Unidos<\/p>\n\n\n\n<p>Ante la llegada inesperada del jefe de Estado, los all\u00ed presentes lo recieron con sorpresa en medio de algarabia.<\/p>\n\n\n\n<p>La presencia del gobernante responde al respaldo a la secci\u00f3n dominicana que hasta el momento se mantiene invicta.<\/p>\n\n\n\n<p>El gobernante se traslad\u00f3 la semana pasada a la Florida para lanzar la motoneta bole den encuentro del equipo dominicano contra la novena de Nicaragua, en el cual los quisqueyanos se impusieron de manera contundente 12-3 ante el conjunto centroamericano.<\/p>\n\n\n\n<p>El mandatario presencia el encuentro junto a la alcaldesa del Distrito Nacional, Carolina Mej\u00eda y el director general de la Polic\u00eda Nacional, general Andr\u00e9s Modesto Cruz Cruz.<\/p>\n","protected":false},"excerpt":{"rendered":"<p>Los capitale\u00f1os lo recibieron con asombre y algarabia ante lo inesperado de la llegada En una acci\u00f3n in\u00e9dita, el presidente Luis Abinader Abinader se presento a G\u00fcibia para presenciar, junto&hellip;<\/p>\n","protected":false},"author":10,"featured_media":124695,"comment_status":"open","ping_status":"open","sticky":false,"template":"","format":"standard","meta":{"content-type":"","jetpack_post_was_ever_published":false,"_jetpack_newsletter_access":"","_jetpack_dont_email_post_to_subs":false,"_jetpack_newsletter_tier_id":0,"_jetpack_memberships_contains_paywalled_content":false,"_jetpack_memberships_contains_paid_content":false,"footnotes":""},"categories":[630,25],"tags":[11698,8474,67,5475,31216],"class_list":["post-124694","post","type-post","status-publish","format-standard","has-post-thumbnail","hentry","category-deportes","category-portada","tag-capitalenos","tag-juego","tag-luis-abinader","tag-malecon","tag-republica-dominicana-y-estados-unidos"],"jetpack_featured_media_url":"https:\/\/lasprimeras.com.do\/wp-content\/uploads\/2026\/03\/Luis-Abinader-9.jpg","jetpack-related-posts":[{"id":101331,"url":"https:\/\/lasprimeras.com.do\/index.php\/2025\/06\/20\/mario-chabebe-transformacion-historica-para-la-ciudad-el-malecon-deportivo-y-el-plan-santo-domingo-integrado\/","url_meta":{"origin":124694,"position":0},"title":"Mario Chabebe: &#8220;transformaci\u00f3n hist\u00f3rica para la ciudad&#8221; el Malec\u00f3n Deportivo y el Plan Santo Domingo Integrado","author":"Nelson Feliz","date":"20 de junio de 2025","format":false,"excerpt":"Por Orlando Arias El presidente de la Asociaci\u00f3n de Comerciantes e Importadores de Villa Consuelo, Mario Chabebe, calific\u00f3 como \u201cuna transformaci\u00f3n hist\u00f3rica para la ciudad de Santo Domingo\u201d el ambicioso proyecto del Malec\u00f3n Deportivo, puesto en marcha por el presidente Luis Abinader y la alcaldesa Carolina Mej\u00eda en el litoral\u2026","rel":"","context":"En \u00abDEPORTES\u00bb","block_context":{"text":"DEPORTES","link":"https:\/\/lasprimeras.com.do\/index.php\/category\/deportes\/"},"img":{"alt_text":"","src":"https:\/\/i0.wp.com\/lasprimeras.com.do\/wp-content\/uploads\/2025\/06\/Mario-Chabebe.jpg?resize=350%2C200&ssl=1","width":350,"height":200,"srcset":"https:\/\/i0.wp.com\/lasprimeras.com.do\/wp-content\/uploads\/2025\/06\/Mario-Chabebe.jpg?resize=350%2C200&ssl=1 1x, https:\/\/i0.wp.com\/lasprimeras.com.do\/wp-content\/uploads\/2025\/06\/Mario-Chabebe.jpg?resize=525%2C300&ssl=1 1.5x, https:\/\/i0.wp.com\/lasprimeras.com.do\/wp-content\/uploads\/2025\/06\/Mario-Chabebe.jpg?resize=700%2C400&ssl=1 2x"},"classes":[]},{"id":124006,"url":"https:\/\/lasprimeras.com.do\/index.php\/2026\/03\/06\/presidente-abinader-asiste-a-juego-inaugural-de-rd-en-clasico-mundial-de-beisbol-en-miami-y-lanza-primera-bola\/","url_meta":{"origin":124694,"position":1},"title":"Presidente Abinader asiste a juego inaugural de RD en Cl\u00e1sico Mundial de B\u00e9isbol en Miami y lanza primera bola","author":"Nelson Feliz","date":"6 de marzo de 2026","format":false,"excerpt":"Este evento ocurre previo a la cumbre de alto nivel convocada por el presidente de Estados Unidos, Donald Trump para este s\u00e1bado en la ciudad de Miami, donde participar\u00e1 el mandatario dominicano y un grupo de l\u00edderes de Am\u00e9rica Latina y el Caribe MIAMI, Florida.\u2013 El presidente Luis Abinader, asisti\u00f3\u2026","rel":"","context":"En \u00abDEPORTES\u00bb","block_context":{"text":"DEPORTES","link":"https:\/\/lasprimeras.com.do\/index.php\/category\/deportes\/"},"img":{"alt_text":"","src":"https:\/\/i0.wp.com\/lasprimeras.com.do\/wp-content\/uploads\/2026\/03\/Clasico-Mundial-de-Beisbol-en-Miami.jpg?resize=350%2C200&ssl=1","width":350,"height":200,"srcset":"https:\/\/i0.wp.com\/lasprimeras.com.do\/wp-content\/uploads\/2026\/03\/Clasico-Mundial-de-Beisbol-en-Miami.jpg?resize=350%2C200&ssl=1 1x, https:\/\/i0.wp.com\/lasprimeras.com.do\/wp-content\/uploads\/2026\/03\/Clasico-Mundial-de-Beisbol-en-Miami.jpg?resize=525%2C300&ssl=1 1.5x, https:\/\/i0.wp.com\/lasprimeras.com.do\/wp-content\/uploads\/2026\/03\/Clasico-Mundial-de-Beisbol-en-Miami.jpg?resize=700%2C400&ssl=1 2x"},"classes":[]},{"id":100383,"url":"https:\/\/lasprimeras.com.do\/index.php\/2025\/06\/06\/presidente-de-asonahores-vaticina-la-llegada-de-300-a-400-mil-turistas-anuales-a-samana\/","url_meta":{"origin":124694,"position":2},"title":"Presidente de ASONAHORES vaticina la llegada de 300 a 400 mil turistas anuales a Saman\u00e1","author":"Nelson Feliz","date":"6 de junio de 2025","format":false,"excerpt":"Dice, presidente ha cumplido con las obras prometidas. Empresarios e inversionistas de la provincia de Saman\u00e1 agradecieron este domingo al presidente Luis Abinader y al ministro de Turismo, David Collado, por el conjunto de obras entregadas, las cuales dijeron representan un impulso para el desarrollo tur\u00edstico y econ\u00f3mico de la\u2026","rel":"","context":"En \u00abTURISMO\u00bb","block_context":{"text":"TURISMO","link":"https:\/\/lasprimeras.com.do\/index.php\/category\/turismo\/"},"img":{"alt_text":"Juan Bancalari (Papo)","src":"https:\/\/i0.wp.com\/lasprimeras.com.do\/wp-content\/uploads\/2025\/06\/Juan-Bancalari-Papo.jpg?resize=350%2C200&ssl=1","width":350,"height":200,"srcset":"https:\/\/i0.wp.com\/lasprimeras.com.do\/wp-content\/uploads\/2025\/06\/Juan-Bancalari-Papo.jpg?resize=350%2C200&ssl=1 1x, https:\/\/i0.wp.com\/lasprimeras.com.do\/wp-content\/uploads\/2025\/06\/Juan-Bancalari-Papo.jpg?resize=525%2C300&ssl=1 1.5x, https:\/\/i0.wp.com\/lasprimeras.com.do\/wp-content\/uploads\/2025\/06\/Juan-Bancalari-Papo.jpg?resize=700%2C400&ssl=1 2x"},"classes":[]},{"id":102512,"url":"https:\/\/lasprimeras.com.do\/index.php\/2025\/07\/06\/gobierno-en-la-provincia-llega-a-dajabon-para-fortalecer-vinculos-con-las-comunidades\/","url_meta":{"origin":124694,"position":3},"title":"Gobierno en la Provincia llega a Dajab\u00f3n para fortalecer v\u00ednculos con las comunidades","author":"Nelson Feliz","date":"6 de julio de 2025","format":false,"excerpt":"Edgar Augusto F\u00e9liz M\u00e9ndez, destac\u00f3 que el gobierno del presidente de la Rep\u00fablica, Luis Abinader Corona, ha ejecutado decenas de obras en la provincia de Dajab\u00f3n, impactando positivamente a miles de ciudadanos y elevando su calidad de vida. En una nueva fase de la iniciativa nacional \"El Gobierno en la\u2026","rel":"","context":"En \u00abNACIONALES\u00bb","block_context":{"text":"NACIONALES","link":"https:\/\/lasprimeras.com.do\/index.php\/category\/nacionales\/"},"img":{"alt_text":"","src":"https:\/\/i0.wp.com\/lasprimeras.com.do\/wp-content\/uploads\/2025\/07\/Edgar-Augusto-Feliz-M.jpg?resize=350%2C200&ssl=1","width":350,"height":200,"srcset":"https:\/\/i0.wp.com\/lasprimeras.com.do\/wp-content\/uploads\/2025\/07\/Edgar-Augusto-Feliz-M.jpg?resize=350%2C200&ssl=1 1x, https:\/\/i0.wp.com\/lasprimeras.com.do\/wp-content\/uploads\/2025\/07\/Edgar-Augusto-Feliz-M.jpg?resize=525%2C300&ssl=1 1.5x, https:\/\/i0.wp.com\/lasprimeras.com.do\/wp-content\/uploads\/2025\/07\/Edgar-Augusto-Feliz-M.jpg?resize=700%2C400&ssl=1 2x"},"classes":[]},{"id":128455,"url":"https:\/\/lasprimeras.com.do\/index.php\/2026\/04\/23\/presidente-abinader-y-alcaldesa-carolina-mejia-inauguran-malecon-deportivo\/","url_meta":{"origin":124694,"position":4},"title":"Presidente Abinader y alcaldesa Carolina Mej\u00eda inauguran Malec\u00f3n Deportivo","author":"Nelson Feliz","date":"23 de abril de 2026","format":false,"excerpt":"Alcaldesa Carolina Mej\u00eda asegura que el Malec\u00f3n Deportivo es una apuesta por la reactivaci\u00f3n urbana y la calidad de vida, al reconectar la ciudad con el mar Jos\u00e9 P. Monegro, presidente del Comit\u00e9 Organizador de los Juegos Centroamericanos y del Caribe 2026, valora la entrega anticipada de infraestructuras clave, que\u2026","rel":"","context":"En \u00abDEPORTES\u00bb","block_context":{"text":"DEPORTES","link":"https:\/\/lasprimeras.com.do\/index.php\/category\/deportes\/"},"img":{"alt_text":"","src":"https:\/\/i0.wp.com\/lasprimeras.com.do\/wp-content\/uploads\/2026\/04\/Luis-y-Carolina.jpg?resize=350%2C200&ssl=1","width":350,"height":200,"srcset":"https:\/\/i0.wp.com\/lasprimeras.com.do\/wp-content\/uploads\/2026\/04\/Luis-y-Carolina.jpg?resize=350%2C200&ssl=1 1x, https:\/\/i0.wp.com\/lasprimeras.com.do\/wp-content\/uploads\/2026\/04\/Luis-y-Carolina.jpg?resize=525%2C300&ssl=1 1.5x, https:\/\/i0.wp.com\/lasprimeras.com.do\/wp-content\/uploads\/2026\/04\/Luis-y-Carolina.jpg?resize=700%2C400&ssl=1 2x"},"classes":[]},{"id":123264,"url":"https:\/\/lasprimeras.com.do\/index.php\/2026\/02\/27\/luis-abinader-11-7-millones-de-visitantes-y-consolida-a-republica-dominicana-como-hub-turistico-del-caribe\/","url_meta":{"origin":124694,"position":5},"title":"Luis Abinader: 11.7 millones de visitantes y consolida a Rep\u00fablica Dominicana como hub tur\u00edstico del Caribe","author":"Nelson Feliz","date":"27 de febrero de 2026","format":false,"excerpt":"En su discurso de rendici\u00f3n de cuentas ante la Asamblea Nacional, en el marco del 182 aniversario de la Independencia Nacional, el presidente Luis Abinader resalt\u00f3 que en 2025 la Rep\u00fablica Dominicana recibi\u00f3 m\u00e1s de 11.7 millones de visitantes, un crecimiento interanual de 4.3 %, equivalente a casi 500 mil\u2026","rel":"","context":"En \u00abTURISMO\u00bb","block_context":{"text":"TURISMO","link":"https:\/\/lasprimeras.com.do\/index.php\/category\/turismo\/"},"img":{"alt_text":"Gran flujo de visitantes en Boca ChicaRA\u00d9L ASENCIO","src":"https:\/\/i0.wp.com\/lasprimeras.com.do\/wp-content\/uploads\/2024\/03\/Gran-flujo-de-visitantes-en-Boca-ChicaRAUL-ASENCIO.jpeg?resize=350%2C200&ssl=1","width":350,"height":200,"srcset":"https:\/\/i0.wp.com\/lasprimeras.com.do\/wp-content\/uploads\/2024\/03\/Gran-flujo-de-visitantes-en-Boca-ChicaRAUL-ASENCIO.jpeg?resize=350%2C200&ssl=1 1x, https:\/\/i0.wp.com\/lasprimeras.com.do\/wp-content\/uploads\/2024\/03\/Gran-flujo-de-visitantes-en-Boca-ChicaRAUL-ASENCIO.jpeg?resize=525%2C300&ssl=1 1.5x, https:\/\/i0.wp.com\/lasprimeras.com.do\/wp-content\/uploads\/2024\/03\/Gran-flujo-de-visitantes-en-Boca-ChicaRAUL-ASENCIO.jpeg?resize=700%2C400&ssl=1 2x"},"classes":[]}],"jetpack_sharing_enabled":true,"_links":{"self":[{"href":"https:\/\/lasprimeras.com.do\/index.php\/wp-json\/wp\/v2\/posts\/124694","targetHints":{"allow":["GET"]}}],"collection":[{"href":"https:\/\/lasprimeras.com.do\/index.php\/wp-json\/wp\/v2\/posts"}],"about":[{"href":"https:\/\/lasprimeras.com.do\/index.php\/wp-json\/wp\/v2\/types\/post"}],"author":[{"embeddable":true,"href":"https:\/\/lasprimeras.com.do\/index.php\/wp-json\/wp\/v2\/users\/10"}],"replies":[{"embeddable":true,"href":"https:\/\/lasprimeras.com.do\/index.php\/wp-json\/wp\/v2\/comments?post=124694"}],"version-history":[{"count":1,"href":"https:\/\/lasprimeras.com.do\/index.php\/wp-json\/wp\/v2\/posts\/124694\/revisions"}],"predecessor-version":[{"id":124696,"href":"https:\/\/lasprimeras.com.do\/index.php\/wp-json\/wp\/v2\/posts\/124694\/revisions\/124696"}],"wp:featuredmedia":[{"embeddable":true,"href":"https:\/\/lasprimeras.com.do\/index.php\/wp-json\/wp\/v2\/media\/124695"}],"wp:attachment":[{"href":"https:\/\/lasprimeras.com.do\/index.php\/wp-json\/wp\/v2\/media?parent=124694"}],"wp:term":[{"taxonomy":"category","embeddable":true,"href":"https:\/\/lasprimeras.com.do\/index.php\/wp-json\/wp\/v2\/categories?post=124694"},{"taxonomy":"post_tag","embeddable":true,"href":"https:\/\/lasprimeras.com.do\/index.php\/wp-json\/wp\/v2\/tags?post=124694"}],"curies":[{"name":"wp","href":"https:\/\/api.w.org\/{rel}","templated":true}]}}