{"id":124703,"date":"2026-03-15T23:18:07","date_gmt":"2026-03-16T03:18:07","guid":{"rendered":"https:\/\/lasprimeras.com.do\/?p=124703"},"modified":"2026-03-15T23:18:42","modified_gmt":"2026-03-16T03:18:42","slug":"prision-preventiva-para-policias-que-robaron-en-destacamento-de-san-cristobal","status":"publish","type":"post","link":"https:\/\/lasprimeras.com.do\/index.php\/2026\/03\/15\/prision-preventiva-para-policias-que-robaron-en-destacamento-de-san-cristobal\/","title":{"rendered":"Prisi\u00f3n preventiva para polic\u00edas que robaron en destacamento de San Crist\u00f3bal"},"content":{"rendered":"\n<p><strong>El dinero hab\u00eda entrado al destacamento policial por un caso de robo en proceso de investigaci\u00f3n<\/strong><\/p>\n\n\n\n<p>La Oficina de Atenci\u00f3n Permanente de San Crist\u00f3bal le impuso este domingo tres meses de prisi\u00f3n preventiva a tres oficiales policiales imputados de sustraer m\u00e1s de 1.2 millones de pesos que entraron al destacamento de esa provincia en un caso de presunto robo en proceso de investigaci\u00f3n.<\/p>\n\n\n\n<p>Seg\u00fan un comunicado de prensa de la Procuradur\u00eda, la medida de coerci\u00f3n fue impuesta al coronel Carlos Jos\u00e9 Sidney Kelly, quien al momento del caso fung\u00eda como director de la Direcci\u00f3n Regional en San Crist\u00f3bal; el capit\u00e1n Deberin Klanniery Medina P\u00e9rez, y el operador de radio, segundo teniente Alipio D\u00edaz de la Rosa, de la 17ava. Compa\u00f1\u00eda, quienes fueron suspendidos por su alegada vinculaci\u00f3n al caso.<\/p>\n\n\n\n<p>Los oficiales son imputados de violar los art\u00edculos 123, 124, 174, 265, 266, 379 y 385 del C\u00f3digo Penal dominicano, los cuales tipifican y sancionan la coalici\u00f3n de funcionarios y la asociaci\u00f3n de malhechores, en este caso para cometer robo agravado en el interior del Destacamento de la 17ava. compa\u00f1\u00eda.<\/p>\n\n\n\n<p>Los oficiales deber\u00e1n cumplir la prisi\u00f3n preventiva en el Centro de Operaciones Especiales, localizado en el municipio Manoguayabo, en el municipio Santo Domingo Oeste.<\/p>\n\n\n\n<p>La solicitud de medida de coerci\u00f3n detalla que el dinero, 1,200.000 pesos en efectivo y una funda con 28 mil pesos en monedas hab\u00edan entrado al destacamento policial por un caso de robo que se investiga.<\/p>\n\n\n\n<p>La investigaci\u00f3n del caso est\u00e1 a cargo de las fiscales Ramona Santana Uceta (titular de San Crist\u00f3bal), Laura Cecilia Segura Cordero y Aurelina Cuevas Rom\u00e1n, quienes sustentaron la solicitud de medida de coerci\u00f3n con 50 elementos de pruebas.<\/p>\n\n\n\n<p>La fiscal Aurelina Cuevas Rom\u00e1n tambi\u00e9n represent\u00f3 al Ministerio P\u00fablico en la litigaci\u00f3n junto a la fiscal Belkis Tejeda Espinal.<\/p>\n\n\n\n<p>&#8220;Durante la audiencia, las representantes del \u00f3rgano persecutor establecieron la vinculaci\u00f3n de los imputados con el caso ante la jueza Kenty Noes\u00ed, de la Oficina Judicial de Servicios de Atenci\u00f3n Permanente de San Crist\u00f3bal, quien le impuso la medida de coerci\u00f3n solicitada por el Ministerio P\u00fablico&#8221;, indica la nota.<\/p>\n","protected":false},"excerpt":{"rendered":"<p>El dinero hab\u00eda entrado al destacamento policial por un caso de robo en proceso de investigaci\u00f3n La Oficina de Atenci\u00f3n Permanente de San Crist\u00f3bal le impuso este domingo tres meses&hellip;<\/p>\n","protected":false},"author":10,"featured_media":53050,"comment_status":"open","ping_status":"open","sticky":false,"template":"","format":"standard","meta":{"content-type":"","jetpack_post_was_ever_published":false,"_jetpack_newsletter_access":"","_jetpack_dont_email_post_to_subs":false,"_jetpack_newsletter_tier_id":0,"_jetpack_memberships_contains_paywalled_content":false,"_jetpack_memberships_contains_paid_content":false,"footnotes":""},"categories":[35,25],"tags":[4213,3330,628,31219,651,13785],"class_list":["post-124703","post","type-post","status-publish","format-standard","has-post-thumbnail","hentry","category-nacionales","category-portada","tag-destacamento","tag-policias","tag-prision-preventiva","tag-robo-rd1-2-mm","tag-san-cristobal","tag-tres-meses"],"jetpack_featured_media_url":"https:\/\/lasprimeras.com.do\/wp-content\/uploads\/2023\/06\/Mallete.jpg","jetpack-related-posts":[{"id":102575,"url":"https:\/\/lasprimeras.com.do\/index.php\/2025\/07\/06\/apresa-dos-hombres-por-robos-en-flagrante-delito-en-san-cristobal\/","url_meta":{"origin":124703,"position":0},"title":"Apresa dos hombres por robos en flagrante delito en San Crist\u00f3bal","author":"Nelson Feliz","date":"6 de julio de 2025","format":false,"excerpt":"La Sub Direcci\u00f3n Regional de Investigaciones de la Polic\u00eda Nacional en San Crist\u00f3bal inform\u00f3 sobre el env\u00edo mediante oficio de dos personas a la acci\u00f3n de la justicia, tras ser sorprendidas en flagrante delito en hechos ocurridos por separado en esta ciudad. El primero de los detenidos es Leonel Alexander\u2026","rel":"","context":"En \u00abMILITARES\u00bb","block_context":{"text":"MILITARES","link":"https:\/\/lasprimeras.com.do\/index.php\/category\/militares\/"},"img":{"alt_text":"","src":"https:\/\/i0.wp.com\/lasprimeras.com.do\/wp-content\/uploads\/2025\/07\/dos-presos.jpg?resize=350%2C200&ssl=1","width":350,"height":200,"srcset":"https:\/\/i0.wp.com\/lasprimeras.com.do\/wp-content\/uploads\/2025\/07\/dos-presos.jpg?resize=350%2C200&ssl=1 1x, https:\/\/i0.wp.com\/lasprimeras.com.do\/wp-content\/uploads\/2025\/07\/dos-presos.jpg?resize=525%2C300&ssl=1 1.5x, https:\/\/i0.wp.com\/lasprimeras.com.do\/wp-content\/uploads\/2025\/07\/dos-presos.jpg?resize=700%2C400&ssl=1 2x"},"classes":[]},{"id":126407,"url":"https:\/\/lasprimeras.com.do\/index.php\/2026\/04\/01\/solicitan-prision-preventiva-contra-regidor-del-prm-acusado-de-agredir-a-otra-menor-en-san-cristobal\/","url_meta":{"origin":124703,"position":1},"title":"Solicitan prisi\u00f3n preventiva contra regidor del PRM acusado de agredir a otra menor en San Crist\u00f3bal","author":"Nelson Feliz","date":"1 de abril de 2026","format":false,"excerpt":"Cabe destacar que, recientemente, el mismo tribunal le impuso tres meses de prisi\u00f3n preventiva a \u00c1lvarez Peguero tras ser acusado de abuso sexual contra su propia nieta, de 11 a\u00f1os. Este nuevo proceso corresponde a una segunda v\u00edctima. Por Ram\u00f3n Cr\u00faz Benz\u00e1n El Juzgado de Atenci\u00f3n Permanente de San Crist\u00f3bal\u2026","rel":"","context":"En \u00abJUSTICIA\u00bb","block_context":{"text":"JUSTICIA","link":"https:\/\/lasprimeras.com.do\/index.php\/category\/justicia\/"},"img":{"alt_text":"","src":"","width":0,"height":0},"classes":[]},{"id":108208,"url":"https:\/\/lasprimeras.com.do\/index.php\/2025\/09\/03\/tres-policias-y-un-militar-en-prision-preventiva-por-presunta-agresion-sexual-en-sde\/","url_meta":{"origin":124703,"position":2},"title":"Tres polic\u00edas y un militar en prisi\u00f3n preventiva por presunta agresi\u00f3n sexual en SDE","author":"Nelson Feliz","date":"3 de septiembre de 2025","format":false,"excerpt":"La Oficina de Servicios de Atenci\u00f3n Permanente de Santo Domingo Este dict\u00f3 tres meses de prisi\u00f3n preventiva contra tres polic\u00edas y un militar imputados de agredir sexualmente a una mujer haitiana que viajaba en taxi por la avenida Espa\u00f1a, tras salir del Aeropuerto Internacional de las Am\u00e9ricas (AILA). La jueza\u2026","rel":"","context":"En \u00abMILITARES\u00bb","block_context":{"text":"MILITARES","link":"https:\/\/lasprimeras.com.do\/index.php\/category\/militares\/"},"img":{"alt_text":"","src":"https:\/\/i0.wp.com\/lasprimeras.com.do\/wp-content\/uploads\/2023\/08\/Esposas.jpg?resize=350%2C200&ssl=1","width":350,"height":200,"srcset":"https:\/\/i0.wp.com\/lasprimeras.com.do\/wp-content\/uploads\/2023\/08\/Esposas.jpg?resize=350%2C200&ssl=1 1x, https:\/\/i0.wp.com\/lasprimeras.com.do\/wp-content\/uploads\/2023\/08\/Esposas.jpg?resize=525%2C300&ssl=1 1.5x"},"classes":[]},{"id":124594,"url":"https:\/\/lasprimeras.com.do\/index.php\/2026\/03\/13\/mp-deposita-solicitud-de-coercion-contra-intelectuales-del-asalto-a-joyeria-en-cristo-rey\/","url_meta":{"origin":124703,"position":3},"title":"MP deposita solicitud de coerci\u00f3n contra intelectuales del asalto a joyer\u00eda en Cristo Rey","author":"Nelson Feliz","date":"13 de marzo de 2026","format":false,"excerpt":"El \u00f3rgano persecutor pidi\u00f3 que se imponga prisi\u00f3n preventiva contra los imputados El Ministerio P\u00fablico deposit\u00f3 en la Oficina Judicial de Servicios de Atenci\u00f3n Permanente del Distrito Nacional la solicitud de medida de coerci\u00f3n, consistente en prisi\u00f3n preventiva, contra dos hombres vinculados al asalto a mano armada perpetrado contra una\u2026","rel":"","context":"En \u00abJUSTICIA\u00bb","block_context":{"text":"JUSTICIA","link":"https:\/\/lasprimeras.com.do\/index.php\/category\/justicia\/"},"img":{"alt_text":"","src":"https:\/\/i0.wp.com\/lasprimeras.com.do\/wp-content\/uploads\/2026\/03\/asalto.jpg?resize=350%2C200&ssl=1","width":350,"height":200,"srcset":"https:\/\/i0.wp.com\/lasprimeras.com.do\/wp-content\/uploads\/2026\/03\/asalto.jpg?resize=350%2C200&ssl=1 1x, https:\/\/i0.wp.com\/lasprimeras.com.do\/wp-content\/uploads\/2026\/03\/asalto.jpg?resize=525%2C300&ssl=1 1.5x, https:\/\/i0.wp.com\/lasprimeras.com.do\/wp-content\/uploads\/2026\/03\/asalto.jpg?resize=700%2C400&ssl=1 2x"},"classes":[]},{"id":57074,"url":"https:\/\/lasprimeras.com.do\/index.php\/2023\/08\/08\/mp-pide-un-ano-de-prision-contra-bruly-por-muerte-de-willenni-lorenzo\/","url_meta":{"origin":124703,"position":4},"title":"MP pide un a\u00f1o de prisi\u00f3n contra Bruly por muerte de Willenni Lorenzo","author":"Nelson Feliz","date":"8 de agosto de 2023","format":false,"excerpt":"El Ministerio P\u00fablico solicit\u00f3 a un tribunal de San Crist\u00f3bal la imposici\u00f3n de un a\u00f1o de prisi\u00f3n preventiva a Juan Jos\u00e9 S\u00e1nchez Nivar (Bruly), acusado de matar a la ni\u00f1a de 11 a\u00f1os Willenni Dorivel Lorenzo Herrera, quien fue reportada desaparecida por su familia el 20 del pasado mes de\u2026","rel":"","context":"En \u00abJUSTICIA\u00bb","block_context":{"text":"JUSTICIA","link":"https:\/\/lasprimeras.com.do\/index.php\/category\/justicia\/"},"img":{"alt_text":"Amigos y familiares se despidieron de Willenni Lorenzo","src":"https:\/\/i0.wp.com\/lasprimeras.com.do\/wp-content\/uploads\/2023\/08\/Amigos-y-familiares-se-despidieron-de-Willenni-Lorenzo.jpeg?resize=350%2C200&ssl=1","width":350,"height":200,"srcset":"https:\/\/i0.wp.com\/lasprimeras.com.do\/wp-content\/uploads\/2023\/08\/Amigos-y-familiares-se-despidieron-de-Willenni-Lorenzo.jpeg?resize=350%2C200&ssl=1 1x, https:\/\/i0.wp.com\/lasprimeras.com.do\/wp-content\/uploads\/2023\/08\/Amigos-y-familiares-se-despidieron-de-Willenni-Lorenzo.jpeg?resize=525%2C300&ssl=1 1.5x, https:\/\/i0.wp.com\/lasprimeras.com.do\/wp-content\/uploads\/2023\/08\/Amigos-y-familiares-se-despidieron-de-Willenni-Lorenzo.jpeg?resize=700%2C400&ssl=1 2x, https:\/\/i0.wp.com\/lasprimeras.com.do\/wp-content\/uploads\/2023\/08\/Amigos-y-familiares-se-despidieron-de-Willenni-Lorenzo.jpeg?resize=1050%2C600&ssl=1 3x, https:\/\/i0.wp.com\/lasprimeras.com.do\/wp-content\/uploads\/2023\/08\/Amigos-y-familiares-se-despidieron-de-Willenni-Lorenzo.jpeg?resize=1400%2C800&ssl=1 4x"},"classes":[]},{"id":69287,"url":"https:\/\/lasprimeras.com.do\/index.php\/2023\/12\/01\/parientes-de-kiko-la-quema-puestos-nueva-vez-bajo-arresto\/","url_meta":{"origin":124703,"position":5},"title":"Parientes de \u201cKiko la Quema\u201d puestos nueva vez bajo arresto","author":"BIMARY DE JES\u00daS Matos","date":"1 de diciembre de 2023","format":false,"excerpt":"Santo Domingo.-La Polic\u00eda contin\u00faa los arrestos de parientes y presuntos vinculados al fugitivo Jos\u00e9 Antonio Figuereo Bautista, alias \u201cKiko la Quema\u201d, entre ellos una hija de \u00e9ste, de 14 a\u00f1os, seg\u00fan denunciaron ante List\u00edn Diario residentes en Cambita Garabito. Ayer hab\u00eda 11 detenidos confirmados. Nueve en el destacamento de Cambita\u2026","rel":"","context":"En \u00abNACIONALES\u00bb","block_context":{"text":"NACIONALES","link":"https:\/\/lasprimeras.com.do\/index.php\/category\/nacionales\/"},"img":{"alt_text":"","src":"https:\/\/i0.wp.com\/lasprimeras.com.do\/wp-content\/uploads\/2023\/12\/Noticias-de-energia-51-1.jpg?resize=350%2C200&ssl=1","width":350,"height":200,"srcset":"https:\/\/i0.wp.com\/lasprimeras.com.do\/wp-content\/uploads\/2023\/12\/Noticias-de-energia-51-1.jpg?resize=350%2C200&ssl=1 1x, https:\/\/i0.wp.com\/lasprimeras.com.do\/wp-content\/uploads\/2023\/12\/Noticias-de-energia-51-1.jpg?resize=525%2C300&ssl=1 1.5x"},"classes":[]}],"jetpack_sharing_enabled":true,"_links":{"self":[{"href":"https:\/\/lasprimeras.com.do\/index.php\/wp-json\/wp\/v2\/posts\/124703","targetHints":{"allow":["GET"]}}],"collection":[{"href":"https:\/\/lasprimeras.com.do\/index.php\/wp-json\/wp\/v2\/posts"}],"about":[{"href":"https:\/\/lasprimeras.com.do\/index.php\/wp-json\/wp\/v2\/types\/post"}],"author":[{"embeddable":true,"href":"https:\/\/lasprimeras.com.do\/index.php\/wp-json\/wp\/v2\/users\/10"}],"replies":[{"embeddable":true,"href":"https:\/\/lasprimeras.com.do\/index.php\/wp-json\/wp\/v2\/comments?post=124703"}],"version-history":[{"count":1,"href":"https:\/\/lasprimeras.com.do\/index.php\/wp-json\/wp\/v2\/posts\/124703\/revisions"}],"predecessor-version":[{"id":124704,"href":"https:\/\/lasprimeras.com.do\/index.php\/wp-json\/wp\/v2\/posts\/124703\/revisions\/124704"}],"wp:featuredmedia":[{"embeddable":true,"href":"https:\/\/lasprimeras.com.do\/index.php\/wp-json\/wp\/v2\/media\/53050"}],"wp:attachment":[{"href":"https:\/\/lasprimeras.com.do\/index.php\/wp-json\/wp\/v2\/media?parent=124703"}],"wp:term":[{"taxonomy":"category","embeddable":true,"href":"https:\/\/lasprimeras.com.do\/index.php\/wp-json\/wp\/v2\/categories?post=124703"},{"taxonomy":"post_tag","embeddable":true,"href":"https:\/\/lasprimeras.com.do\/index.php\/wp-json\/wp\/v2\/tags?post=124703"}],"curies":[{"name":"wp","href":"https:\/\/api.w.org\/{rel}","templated":true}]}}