{"id":124705,"date":"2026-03-15T23:38:36","date_gmt":"2026-03-16T03:38:36","guid":{"rendered":"https:\/\/lasprimeras.com.do\/?p=124705"},"modified":"2026-03-15T23:38:38","modified_gmt":"2026-03-16T03:38:38","slug":"motoristas-imprudentes-protagonizan-carrera-en-la-avenida-maximo-gomez","status":"publish","type":"post","link":"https:\/\/lasprimeras.com.do\/index.php\/2026\/03\/15\/motoristas-imprudentes-protagonizan-carrera-en-la-avenida-maximo-gomez\/","title":{"rendered":"Motoristas imprudentes protagonizan carrera en la avenida M\u00e1ximo G\u00f3mez"},"content":{"rendered":"\n<p>Qued\u00f3 registrado en un audiovisual el momento en que varios j\u00f3venes protagonizaron una carrera de imprudencia en plena v\u00eda de la avenida M\u00e1ximo G\u00f3mez, en el Distrito Nacional.<\/p>\n\n\n\n<p>En las im\u00e1genes se observa como varios j\u00f3venes conducen a alta velocidad, pasan sem\u00e1foro en rojo y realizan maniobras peligrosas con sus motocicletas, lo que constituye un riesgo serio para ellos y otros conductores.<\/p>\n\n\n\n<p>Durante la acci\u00f3n, dos de los motociclistas perdieron el control y cayeron al pavimento, un incidente que pudo terminar en tragedia debido a la peligrosidad de las maniobras.<\/p>\n\n\n\n<p>El hecho evidencia la necesidad de reforzar la seguridad vial y la conciencia ciudadana en las principales avenidas de la capital.<\/p>\n\n\n\n<figure class=\"wp-block-video\"><video height=\"1280\" style=\"aspect-ratio: 720 \/ 1280;\" width=\"720\" autoplay controls muted src=\"https:\/\/lasprimeras.com.do\/wp-content\/uploads\/2026\/03\/AQNgIXkAjv3iVzx_4ZP7wCCoxmV2INWIn7iUOvi6Z8Z3BUPa2RPCrwveyLpNhGD8oG75YSjJqtQdAWNDMBj-T_Cs.mp4\" playsinline><\/video><\/figure>\n\n\n\n<p>Ampl\u00ede m\u00e1s detalles en www.ntelemicro.com<\/p>\n","protected":false},"excerpt":{"rendered":"<p>Qued\u00f3 registrado en un audiovisual el momento en que varios j\u00f3venes protagonizaron una carrera de imprudencia en plena v\u00eda de la avenida M\u00e1ximo G\u00f3mez, en el Distrito Nacional. En las&hellip;<\/p>\n","protected":false},"author":10,"featured_media":124707,"comment_status":"open","ping_status":"open","sticky":false,"template":"","format":"standard","meta":{"content-type":"","jetpack_post_was_ever_published":false,"_jetpack_newsletter_access":"","_jetpack_dont_email_post_to_subs":false,"_jetpack_newsletter_tier_id":0,"_jetpack_memberships_contains_paywalled_content":false,"_jetpack_memberships_contains_paid_content":false,"footnotes":""},"categories":[35],"tags":[5648,18252,5994,13363,31220],"class_list":["post-124705","post","type-post","status-publish","format-standard","has-post-thumbnail","hentry","category-nacionales","tag-avenida","tag-imprudentes","tag-maximo-gomez","tag-motoristas","tag-pavimento"],"jetpack_featured_media_url":"https:\/\/lasprimeras.com.do\/wp-content\/uploads\/2026\/03\/moto.jpg","jetpack-related-posts":[{"id":96242,"url":"https:\/\/lasprimeras.com.do\/index.php\/2025\/03\/28\/detienen-conductor-que-realizaba-maniobras-peligrosas-en-dajabon\/","url_meta":{"origin":124705,"position":0},"title":"Detienen conductor que realizaba maniobras peligrosas en Dajab\u00f3n","author":"Nelson Feliz","date":"28 de marzo de 2025","format":false,"excerpt":"La Direcci\u00f3n General de Seguridad de Tr\u00e1nsito y Transporte Terrestre (DIGESETT) detuvo al conductor de una motocicleta de alto cilindraje que realizaba maniobras temerarias, conocidas como \"ceritos\", y calibrando en la calle 27 de febrero, en la provincia de Dajab\u00f3n. Este incidente se hizo viral a trav\u00e9s de un video\u2026","rel":"","context":"En \u00abNACIONALES\u00bb","block_context":{"text":"NACIONALES","link":"https:\/\/lasprimeras.com.do\/index.php\/category\/nacionales\/"},"img":{"alt_text":"","src":"https:\/\/i0.wp.com\/lasprimeras.com.do\/wp-content\/uploads\/2025\/03\/heridos.jpg?resize=350%2C200&ssl=1","width":350,"height":200,"srcset":"https:\/\/i0.wp.com\/lasprimeras.com.do\/wp-content\/uploads\/2025\/03\/heridos.jpg?resize=350%2C200&ssl=1 1x, https:\/\/i0.wp.com\/lasprimeras.com.do\/wp-content\/uploads\/2025\/03\/heridos.jpg?resize=525%2C300&ssl=1 1.5x, https:\/\/i0.wp.com\/lasprimeras.com.do\/wp-content\/uploads\/2025\/03\/heridos.jpg?resize=700%2C400&ssl=1 2x"},"classes":[]},{"id":70066,"url":"https:\/\/lasprimeras.com.do\/index.php\/2023\/12\/08\/parqueo-paralelo-complica-el-megatapon-en-toda-la-capital\/","url_meta":{"origin":124705,"position":1},"title":"Parqueo paralelo complica el megatap\u00f3n en toda la capital","author":"BIMARY DE JES\u00daS Matos","date":"8 de diciembre de 2023","format":false,"excerpt":"Santo Domingo.-El tr\u00e1nsito en las avenidas de Santo Domingo, espec\u00edficamente en la zona metropolitana, se ha convertido en un caos. Desde las calles que tienen se\u00f1alizaciones en mal estado o err\u00f3neas, hasta la imprudencia de los conductores, convierten la circulaci\u00f3n vial en un callej\u00f3n sin salida. Un equipo de reporteros\u2026","rel":"","context":"En \u00abPORTADA\u00bb","block_context":{"text":"PORTADA","link":"https:\/\/lasprimeras.com.do\/index.php\/category\/portada\/"},"img":{"alt_text":"","src":"https:\/\/i0.wp.com\/lasprimeras.com.do\/wp-content\/uploads\/2023\/12\/MP-debera-entregar-a-Gonzalo-Castillo-pruebas-que-tienen-en-su-contra-por-caso-Calamar-8.jpg?resize=350%2C200&ssl=1","width":350,"height":200,"srcset":"https:\/\/i0.wp.com\/lasprimeras.com.do\/wp-content\/uploads\/2023\/12\/MP-debera-entregar-a-Gonzalo-Castillo-pruebas-que-tienen-en-su-contra-por-caso-Calamar-8.jpg?resize=350%2C200&ssl=1 1x, https:\/\/i0.wp.com\/lasprimeras.com.do\/wp-content\/uploads\/2023\/12\/MP-debera-entregar-a-Gonzalo-Castillo-pruebas-que-tienen-en-su-contra-por-caso-Calamar-8.jpg?resize=525%2C300&ssl=1 1.5x"},"classes":[]},{"id":68192,"url":"https:\/\/lasprimeras.com.do\/index.php\/2023\/11\/22\/intrant-habilitara-carril-de-contraflujo-en-la-avenida-27-de-febrero-con-maximo-gomez\/","url_meta":{"origin":124705,"position":2},"title":"Intrant habilitar\u00e1 carril de contraflujo en la avenida 27 de Febrero con M\u00e1ximo G\u00f3mez","author":"Nelson Feliz","date":"22 de noviembre de 2023","format":false,"excerpt":"-.La medida ser\u00e1 aplicada a partir de este mi\u00e9rcoles para viabilizar el tr\u00e1nsito -.Esta ma\u00f1ana se produjo un caos en el tr\u00e1nsito por el cierre de un carril en la zona del derrumbe. El Instituto Nacional de Tr\u00e1nsito Terrestre (Intrant) anunci\u00f3 este mi\u00e9rcoles, a partir de las 6:00 de la\u2026","rel":"","context":"En \u00abNACIONALES\u00bb","block_context":{"text":"NACIONALES","link":"https:\/\/lasprimeras.com.do\/index.php\/category\/nacionales\/"},"img":{"alt_text":"","src":"https:\/\/i0.wp.com\/lasprimeras.com.do\/wp-content\/uploads\/2023\/11\/Paso-a-Desnivel.jpg?resize=350%2C200&ssl=1","width":350,"height":200,"srcset":"https:\/\/i0.wp.com\/lasprimeras.com.do\/wp-content\/uploads\/2023\/11\/Paso-a-Desnivel.jpg?resize=350%2C200&ssl=1 1x, https:\/\/i0.wp.com\/lasprimeras.com.do\/wp-content\/uploads\/2023\/11\/Paso-a-Desnivel.jpg?resize=525%2C300&ssl=1 1.5x, https:\/\/i0.wp.com\/lasprimeras.com.do\/wp-content\/uploads\/2023\/11\/Paso-a-Desnivel.jpg?resize=700%2C400&ssl=1 2x"},"classes":[]},{"id":57119,"url":"https:\/\/lasprimeras.com.do\/index.php\/2023\/08\/09\/reportan-seis-heridos-durante-accidente-de-transito-en-la-avenida-maximo-gomez\/","url_meta":{"origin":124705,"position":3},"title":"Reportan seis heridos durante accidente de tr\u00e1nsito en la avenida M\u00e1ximo G\u00f3mez","author":"Nelson Feliz","date":"9 de agosto de 2023","format":false,"excerpt":"Al lugar acudieron tres unidades de bomberos y seis ambulancias. Seis personas resultaron heridas durante un accidente de tr\u00e1nsito entre una patana y una jeepeta en la avenida M\u00e1ximo G\u00f3mez, esquina San mart\u00edn, en el Distrito Nacional. El hecho ocurri\u00f3 este mi\u00e9rcoles, alrededor de las 6:45 de la ma\u00f1ana. Los\u2026","rel":"","context":"En \u00abNACIONALES\u00bb","block_context":{"text":"NACIONALES","link":"https:\/\/lasprimeras.com.do\/index.php\/category\/nacionales\/"},"img":{"alt_text":"accidente","src":"https:\/\/i0.wp.com\/lasprimeras.com.do\/wp-content\/uploads\/2023\/08\/accidente-2.jpg?resize=350%2C200&ssl=1","width":350,"height":200,"srcset":"https:\/\/i0.wp.com\/lasprimeras.com.do\/wp-content\/uploads\/2023\/08\/accidente-2.jpg?resize=350%2C200&ssl=1 1x, https:\/\/i0.wp.com\/lasprimeras.com.do\/wp-content\/uploads\/2023\/08\/accidente-2.jpg?resize=525%2C300&ssl=1 1.5x, https:\/\/i0.wp.com\/lasprimeras.com.do\/wp-content\/uploads\/2023\/08\/accidente-2.jpg?resize=700%2C400&ssl=1 2x"},"classes":[]},{"id":108426,"url":"https:\/\/lasprimeras.com.do\/index.php\/2025\/09\/07\/caasd-repara-averia-en-tuberia-de-agua-potable-en-avenida-maximo-gomez-con-nicolas-de-ovando\/","url_meta":{"origin":124705,"position":4},"title":"CAASD repara aver\u00eda en tuber\u00eda de agua potable en avenida M\u00e1ximo G\u00f3mez con Nicol\u00e1s de Ovando","author":"Nelson Feliz","date":"7 de septiembre de 2025","format":false,"excerpt":"La Corporaci\u00f3n del Acueducto y Alcantarillado de Santo Domingo (CAASD) inform\u00f3 que fue solucionada una aver\u00eda en una tuber\u00eda de 16 pulgadas de la red de agua potable, ubicada en la intersecci\u00f3n de las avenidas M\u00e1ximo G\u00f3mez y Nicol\u00e1s de Ovando, en el Distrito Nacional. En un comunicado, la entidad\u2026","rel":"","context":"En \u00abNACIONALES\u00bb","block_context":{"text":"NACIONALES","link":"https:\/\/lasprimeras.com.do\/index.php\/category\/nacionales\/"},"img":{"alt_text":"","src":"https:\/\/i0.wp.com\/lasprimeras.com.do\/wp-content\/uploads\/2025\/09\/CAASD-1-1.jpg?resize=350%2C200&ssl=1","width":350,"height":200,"srcset":"https:\/\/i0.wp.com\/lasprimeras.com.do\/wp-content\/uploads\/2025\/09\/CAASD-1-1.jpg?resize=350%2C200&ssl=1 1x, https:\/\/i0.wp.com\/lasprimeras.com.do\/wp-content\/uploads\/2025\/09\/CAASD-1-1.jpg?resize=525%2C300&ssl=1 1.5x, https:\/\/i0.wp.com\/lasprimeras.com.do\/wp-content\/uploads\/2025\/09\/CAASD-1-1.jpg?resize=700%2C400&ssl=1 2x"},"classes":[]},{"id":107079,"url":"https:\/\/lasprimeras.com.do\/index.php\/2025\/08\/22\/gabinete-de-transporte-implementara-cuarta-fase-de-restriccion-de-giros-a-la-izquierda-en-la-john-f-kennedy-y-la-27-de-febrero\/","url_meta":{"origin":124705,"position":5},"title":"Gabinete de Transporte implementar\u00e1 cuarta fase de restricci\u00f3n de giros a la izquierda en la John F. Kennedy y la 27 de Febrero","author":"Nelson Feliz","date":"22 de agosto de 2025","format":false,"excerpt":"La medida forma parte de la estrategia RD Se Mueve y ya ha reducido m\u00e1s de un 30% los tiempos de recorrido en 13 intersecciones intervenidas El Gabinete de Transporte inform\u00f3 que este domingo dar\u00e1 inicio a la Fase IV del programa de restricci\u00f3n de giros a la izquierda, como\u2026","rel":"","context":"En \u00abNACIONALES\u00bb","block_context":{"text":"NACIONALES","link":"https:\/\/lasprimeras.com.do\/index.php\/category\/nacionales\/"},"img":{"alt_text":"","src":"https:\/\/i0.wp.com\/lasprimeras.com.do\/wp-content\/uploads\/2025\/08\/giros.jpg?resize=350%2C200&ssl=1","width":350,"height":200,"srcset":"https:\/\/i0.wp.com\/lasprimeras.com.do\/wp-content\/uploads\/2025\/08\/giros.jpg?resize=350%2C200&ssl=1 1x, https:\/\/i0.wp.com\/lasprimeras.com.do\/wp-content\/uploads\/2025\/08\/giros.jpg?resize=525%2C300&ssl=1 1.5x, https:\/\/i0.wp.com\/lasprimeras.com.do\/wp-content\/uploads\/2025\/08\/giros.jpg?resize=700%2C400&ssl=1 2x"},"classes":[]}],"jetpack_sharing_enabled":true,"_links":{"self":[{"href":"https:\/\/lasprimeras.com.do\/index.php\/wp-json\/wp\/v2\/posts\/124705","targetHints":{"allow":["GET"]}}],"collection":[{"href":"https:\/\/lasprimeras.com.do\/index.php\/wp-json\/wp\/v2\/posts"}],"about":[{"href":"https:\/\/lasprimeras.com.do\/index.php\/wp-json\/wp\/v2\/types\/post"}],"author":[{"embeddable":true,"href":"https:\/\/lasprimeras.com.do\/index.php\/wp-json\/wp\/v2\/users\/10"}],"replies":[{"embeddable":true,"href":"https:\/\/lasprimeras.com.do\/index.php\/wp-json\/wp\/v2\/comments?post=124705"}],"version-history":[{"count":1,"href":"https:\/\/lasprimeras.com.do\/index.php\/wp-json\/wp\/v2\/posts\/124705\/revisions"}],"predecessor-version":[{"id":124708,"href":"https:\/\/lasprimeras.com.do\/index.php\/wp-json\/wp\/v2\/posts\/124705\/revisions\/124708"}],"wp:featuredmedia":[{"embeddable":true,"href":"https:\/\/lasprimeras.com.do\/index.php\/wp-json\/wp\/v2\/media\/124707"}],"wp:attachment":[{"href":"https:\/\/lasprimeras.com.do\/index.php\/wp-json\/wp\/v2\/media?parent=124705"}],"wp:term":[{"taxonomy":"category","embeddable":true,"href":"https:\/\/lasprimeras.com.do\/index.php\/wp-json\/wp\/v2\/categories?post=124705"},{"taxonomy":"post_tag","embeddable":true,"href":"https:\/\/lasprimeras.com.do\/index.php\/wp-json\/wp\/v2\/tags?post=124705"}],"curies":[{"name":"wp","href":"https:\/\/api.w.org\/{rel}","templated":true}]}}