{"id":124736,"date":"2026-03-16T09:43:11","date_gmt":"2026-03-16T13:43:11","guid":{"rendered":"https:\/\/lasprimeras.com.do\/?p=124736"},"modified":"2026-03-16T09:43:13","modified_gmt":"2026-03-16T13:43:13","slug":"anpa-dice-guerra-con-iran-pone-en-peligro-la-comida-de-los-dominicanos","status":"publish","type":"post","link":"https:\/\/lasprimeras.com.do\/index.php\/2026\/03\/16\/anpa-dice-guerra-con-iran-pone-en-peligro-la-comida-de-los-dominicanos\/","title":{"rendered":"ANPA dice guerra con Ir\u00e1n pone en peligro la comida de los dominicanos"},"content":{"rendered":"\n<p>_Tito Hern\u00e1ndez llama al Gobierno a tomar medidas urgentes y planificar ante el impacto que tendr\u00e1 el alza de los combustibles y fertilizantes sobre la producci\u00f3n agr\u00edcola_<\/p>\n\n\n\n<p>El presidente de la Asociaci\u00f3n Nacional de Profesionales Agropecuarios (ANPA), Tito Hern\u00e1ndez, advirti\u00f3 que la guerra con Ir\u00e1n y la creciente tensi\u00f3n en Medio Oriente pone en peligro la comida de los dominicanos, debido al fuerte impacto que tendr\u00e1 el alza de los combustibles sobre los costos de producci\u00f3n agr\u00edcola.<\/p>\n\n\n\n<p>Hern\u00e1ndez explic\u00f3 que el encarecimiento del petr\u00f3leo y del gasoil repercute directamente en la agricultura, ya que incrementa el costo de los fertilizantes, el transporte, la mecanizaci\u00f3n agr\u00edcola y el riego, factores fundamentales para la producci\u00f3n de alimentos.<\/p>\n\n\n\n<p>El dirigente agropecuario se\u00f1al\u00f3 que la Rep\u00fablica Dominicana importa cada a\u00f1o m\u00e1s de 400 millones de d\u00f3lares en fertilizantes, por lo que cualquier aumento en los precios internacionales del petr\u00f3leo o del gas natural impacta de forma inmediata los costos de producci\u00f3n del sector agropecuario.<\/p>\n\n\n\n<p>Indic\u00f3 adem\u00e1s que en el campo dominicano operan m\u00e1s de mil motobombas para irrigar las tierras agr\u00edcolas, equipos que funcionan principalmente con gasoil, por lo que el aumento de los combustibles incrementar\u00e1 significativamente los costos de producci\u00f3n y afectar\u00e1 el rendimiento de los cultivos.<\/p>\n\n\n\n<p>Advirti\u00f3 que entre los rubros que podr\u00edan resultar m\u00e1s afectados se encuentran el arroz, el pl\u00e1tano, los vegetales y la ca\u00f1a de az\u00facar, productos fundamentales para la alimentaci\u00f3n de la poblaci\u00f3n dominicana.<\/p>\n\n\n\n<p>Hern\u00e1ndez manifest\u00f3 que esta crisis internacional encuentra al sector agropecuario dominicano pr\u00e1cticamente paralizado, producto de la crisis laboral que afecta a los profesionales agropecuarios y de la falta de respuestas efectivas del Ministerio de Agricultura ante esta situaci\u00f3n.<\/p>\n\n\n\n<p>En ese sentido, llam\u00f3 al Gobierno a tomar medidas urgentes y planificar con tiempo para enfrentar esta crisis, se\u00f1alando que resolver el conflicto que afecta a los profesionales agropecuarios debe formar parte de las decisiones estrat\u00e9gicas que el pa\u00eds necesita adoptar.<\/p>\n\n\n\n<p>\u201cEl futuro alimentario del mundo y del pa\u00eds presenta un panorama preocupante. Este conflicto ya est\u00e1 afectando la cadena mundial de suministro de alimentos y todo indica que las siembras de primavera en muchas regiones del mundo ser\u00e1n severamente golpeadas\u201d, afirm\u00f3.<\/p>\n\n\n\n<p>Finalmente, el presidente de la ANPA subray\u00f3 que abordar de manera urgente los retos de esta crisis es una prioridad nacional, ya que lo que est\u00e1 en juego no es solo la producci\u00f3n agr\u00edcola, sino la seguridad alimentaria del pueblo dominicano.<\/p>\n","protected":false},"excerpt":{"rendered":"<p>_Tito Hern\u00e1ndez llama al Gobierno a tomar medidas urgentes y planificar ante el impacto que tendr\u00e1 el alza de los combustibles y fertilizantes sobre la producci\u00f3n agr\u00edcola_ El presidente de&hellip;<\/p>\n","protected":false},"author":10,"featured_media":113034,"comment_status":"open","ping_status":"open","sticky":false,"template":"","format":"standard","meta":{"content-type":"","jetpack_post_was_ever_published":false,"_jetpack_newsletter_access":"","_jetpack_dont_email_post_to_subs":false,"_jetpack_newsletter_tier_id":0,"_jetpack_memberships_contains_paywalled_content":false,"_jetpack_memberships_contains_paid_content":false,"footnotes":""},"categories":[35],"tags":[6561],"class_list":["post-124736","post","type-post","status-publish","format-standard","has-post-thumbnail","hentry","category-nacionales","tag-anpa"],"jetpack_featured_media_url":"https:\/\/lasprimeras.com.do\/wp-content\/uploads\/2025\/10\/Victor-Hugo-Tito-Hernandez.jpeg","jetpack-related-posts":[{"id":91548,"url":"https:\/\/lasprimeras.com.do\/index.php\/2024\/11\/26\/anpa-reafirma-su-compromiso-con-el-desarrollo-del-sector-agropecuario-dominicano\/","url_meta":{"origin":124736,"position":0},"title":"ANPA reafirma su compromiso con el desarrollo del sector agropecuario dominicano","author":"Nelson Feliz","date":"26 de noviembre de 2024","format":false,"excerpt":"El presidente de la Asociaci\u00f3n Nacional de Profesionales Agropecuarios (ANPA), Tito Hern\u00e1ndez, expuso los principales desaf\u00edos y prioridades del gremio para fortalecer el sector agropecuario en la Rep\u00fablica Dominicana y mejorar las condiciones de vida y trabajo de los agr\u00f3nomos dominicanos. Hern\u00e1ndez emiti\u00f3 sus consideraciones durante su participaci\u00f3n en un\u2026","rel":"","context":"En \u00abNACIONALES\u00bb","block_context":{"text":"NACIONALES","link":"https:\/\/lasprimeras.com.do\/index.php\/category\/nacionales\/"},"img":{"alt_text":"Tito Hern\u00e1ndez","src":"https:\/\/i0.wp.com\/lasprimeras.com.do\/wp-content\/uploads\/2024\/11\/Tito-Hernandez-1.jpg?resize=350%2C200&ssl=1","width":350,"height":200,"srcset":"https:\/\/i0.wp.com\/lasprimeras.com.do\/wp-content\/uploads\/2024\/11\/Tito-Hernandez-1.jpg?resize=350%2C200&ssl=1 1x, https:\/\/i0.wp.com\/lasprimeras.com.do\/wp-content\/uploads\/2024\/11\/Tito-Hernandez-1.jpg?resize=525%2C300&ssl=1 1.5x, https:\/\/i0.wp.com\/lasprimeras.com.do\/wp-content\/uploads\/2024\/11\/Tito-Hernandez-1.jpg?resize=700%2C400&ssl=1 2x"},"classes":[]},{"id":126257,"url":"https:\/\/lasprimeras.com.do\/index.php\/2026\/03\/31\/anpa-expresa-preocupacion-frente-a-cosntantes-denuncias-sobre-posibles-actos-de-corrupcion-en-el-sector-agropecuario\/","url_meta":{"origin":124736,"position":1},"title":"ANPA expresa preocupaci\u00f3n frente a cosntantes denuncias sobre posibles actos de corrupci\u00f3n en el sector agropecuario","author":"Nelson Feliz","date":"31 de marzo de 2026","format":false,"excerpt":"Llama al Ministerio P\u00fablico a intervenir. El presidente de la ANPA, Tito Hern\u00e1ndez, expres\u00f3 su preocupaci\u00f3n por las constantes denuncias de corrupci\u00f3n en el sector agropecuario, especialmente en el Ministerio de Agricultura, donde a tan solo tres meses de la designaci\u00f3n de nuevas autoridades ya se habla de situaciones escandalosas.\u2026","rel":"","context":"En \u00abNACIONALES\u00bb","block_context":{"text":"NACIONALES","link":"https:\/\/lasprimeras.com.do\/index.php\/category\/nacionales\/"},"img":{"alt_text":"V\u00edctor Hugo (Tito) Hern\u00e1ndez","src":"https:\/\/i0.wp.com\/lasprimeras.com.do\/wp-content\/uploads\/2025\/10\/Victor-Hugo-Tito-Hernandez.jpeg?resize=350%2C200&ssl=1","width":350,"height":200,"srcset":"https:\/\/i0.wp.com\/lasprimeras.com.do\/wp-content\/uploads\/2025\/10\/Victor-Hugo-Tito-Hernandez.jpeg?resize=350%2C200&ssl=1 1x, https:\/\/i0.wp.com\/lasprimeras.com.do\/wp-content\/uploads\/2025\/10\/Victor-Hugo-Tito-Hernandez.jpeg?resize=525%2C300&ssl=1 1.5x, https:\/\/i0.wp.com\/lasprimeras.com.do\/wp-content\/uploads\/2025\/10\/Victor-Hugo-Tito-Hernandez.jpeg?resize=700%2C400&ssl=1 2x, https:\/\/i0.wp.com\/lasprimeras.com.do\/wp-content\/uploads\/2025\/10\/Victor-Hugo-Tito-Hernandez.jpeg?resize=1050%2C600&ssl=1 3x"},"classes":[]},{"id":121802,"url":"https:\/\/lasprimeras.com.do\/index.php\/2026\/02\/10\/anpa-convoca-marcha-de-los-agropecuarios-hacia-el-palacio-nacional\/","url_meta":{"origin":124736,"position":2},"title":"ANPA convoca marcha de los agropecuarios hacia el Palacio Nacional","author":"Nelson Feliz","date":"10 de febrero de 2026","format":false,"excerpt":"El Comit\u00e9 Ejecutivo Nacional de la Asociaci\u00f3n Nacional de Profesionales Agropecuarios (ANPA) convoc\u00f3 hoy a la gran marcha nacional de los profesionales agropecuarios, a celebrarse este jueves 12 de febrero, a partir de las 10:00 de la ma\u00f1ana. Dicha marcha partir\u00e1 desde el Altar de la Patria hasta el Palacio\u2026","rel":"","context":"En \u00abNACIONALES\u00bb","block_context":{"text":"NACIONALES","link":"https:\/\/lasprimeras.com.do\/index.php\/category\/nacionales\/"},"img":{"alt_text":"","src":"https:\/\/i0.wp.com\/lasprimeras.com.do\/wp-content\/uploads\/2026\/02\/IMG-20260210-WA0317.jpg?resize=350%2C200&ssl=1","width":350,"height":200,"srcset":"https:\/\/i0.wp.com\/lasprimeras.com.do\/wp-content\/uploads\/2026\/02\/IMG-20260210-WA0317.jpg?resize=350%2C200&ssl=1 1x, https:\/\/i0.wp.com\/lasprimeras.com.do\/wp-content\/uploads\/2026\/02\/IMG-20260210-WA0317.jpg?resize=525%2C300&ssl=1 1.5x, https:\/\/i0.wp.com\/lasprimeras.com.do\/wp-content\/uploads\/2026\/02\/IMG-20260210-WA0317.jpg?resize=700%2C400&ssl=1 2x, https:\/\/i0.wp.com\/lasprimeras.com.do\/wp-content\/uploads\/2026\/02\/IMG-20260210-WA0317.jpg?resize=1050%2C600&ssl=1 3x"},"classes":[]},{"id":111600,"url":"https:\/\/lasprimeras.com.do\/index.php\/2025\/10\/10\/anpa-realiza-paro-nacional-agropecuario-exito-total-en-todo-el-pais\/","url_meta":{"origin":124736,"position":3},"title":"ANPA realiza Paro Nacional Agropecuario: \u00c9xito Total en Todo el Pa\u00eds","author":"Nelson Feliz","date":"10 de octubre de 2025","format":false,"excerpt":"La Asociaci\u00f3n Nacional de Profesionales Agropecuarios (ANPA) inform\u00f3 que el paro nacional de labores por 24 horas, convocado por el gremio, este viernes en todo el sector agropecuario ha sido calificado como un \u00e9xito total, con una paralizaci\u00f3n casi absoluta de las labores en todas las instituciones vinculadas a la\u2026","rel":"","context":"En \u00abNACIONALES\u00bb","block_context":{"text":"NACIONALES","link":"https:\/\/lasprimeras.com.do\/index.php\/category\/nacionales\/"},"img":{"alt_text":"","src":"https:\/\/i0.wp.com\/lasprimeras.com.do\/wp-content\/uploads\/2025\/10\/anpa.jpg?resize=350%2C200&ssl=1","width":350,"height":200,"srcset":"https:\/\/i0.wp.com\/lasprimeras.com.do\/wp-content\/uploads\/2025\/10\/anpa.jpg?resize=350%2C200&ssl=1 1x, https:\/\/i0.wp.com\/lasprimeras.com.do\/wp-content\/uploads\/2025\/10\/anpa.jpg?resize=525%2C300&ssl=1 1.5x, https:\/\/i0.wp.com\/lasprimeras.com.do\/wp-content\/uploads\/2025\/10\/anpa.jpg?resize=700%2C400&ssl=1 2x"},"classes":[]},{"id":118546,"url":"https:\/\/lasprimeras.com.do\/index.php\/2025\/12\/30\/anpa-califica-el-2025-como-un-ano-frustratorio-para-los-profesionales-agropecuarios\/","url_meta":{"origin":124736,"position":4},"title":"ANPA califica el 2025 como un a\u00f1o frustratorio para los profesionales agropecuarios","author":"Nelson Feliz","date":"30 de diciembre de 2025","format":false,"excerpt":"Tito Hern\u00e1ndez acusa al Gobierno de incumplir compromisos. La Asociaci\u00f3n Nacional de Profesionales Agropecuarios (ANPA) calific\u00f3 el a\u00f1o 2025 como un a\u00f1o frustratorio, decepcionante y de profundas frustraciones para los profesionales agropecuarios del pa\u00eds, al tiempo que acus\u00f3 al Gobierno de no cumplir los compromisos asumidos con este sector estrat\u00e9gico\u2026","rel":"","context":"En \u00abNACIONALES\u00bb","block_context":{"text":"NACIONALES","link":"https:\/\/lasprimeras.com.do\/index.php\/category\/nacionales\/"},"img":{"alt_text":"Tito Hern\u00e1ndez","src":"https:\/\/i0.wp.com\/lasprimeras.com.do\/wp-content\/uploads\/2025\/12\/Tito-Hernandez.jpg?resize=350%2C200&ssl=1","width":350,"height":200,"srcset":"https:\/\/i0.wp.com\/lasprimeras.com.do\/wp-content\/uploads\/2025\/12\/Tito-Hernandez.jpg?resize=350%2C200&ssl=1 1x, https:\/\/i0.wp.com\/lasprimeras.com.do\/wp-content\/uploads\/2025\/12\/Tito-Hernandez.jpg?resize=525%2C300&ssl=1 1.5x, https:\/\/i0.wp.com\/lasprimeras.com.do\/wp-content\/uploads\/2025\/12\/Tito-Hernandez.jpg?resize=700%2C400&ssl=1 2x"},"classes":[]},{"id":98346,"url":"https:\/\/lasprimeras.com.do\/index.php\/2025\/05\/06\/anpa-anuncia-aumento-salarial-de-42-para-los-agropecuarios\/","url_meta":{"origin":124736,"position":5},"title":"ANPA anuncia aumento salarial de 42% para los agropecuarios","author":"Nelson Feliz","date":"6 de mayo de 2025","format":false,"excerpt":"Presidente de la ANPA destaca compromiso del Gobierno con el sector y anuncia alza del salario m\u00ednimo de RD$35,000 a RD$50,000 El presidente de la Asociaci\u00f3n Nacional de Profesionales Agropecuarios (ANPA), ingeniero Tito Hern\u00e1ndez, anunci\u00f3 que los profesionales agropecuarios recibir\u00e1n un aumento salarial de un 42%, superior al 27% anunciado\u2026","rel":"","context":"En \u00abECONOM\u00cdA\u00bb","block_context":{"text":"ECONOM\u00cdA","link":"https:\/\/lasprimeras.com.do\/index.php\/category\/economia\/"},"img":{"alt_text":"","src":"https:\/\/i0.wp.com\/lasprimeras.com.do\/wp-content\/uploads\/2025\/05\/ANPA.jpg?resize=350%2C200&ssl=1","width":350,"height":200,"srcset":"https:\/\/i0.wp.com\/lasprimeras.com.do\/wp-content\/uploads\/2025\/05\/ANPA.jpg?resize=350%2C200&ssl=1 1x, https:\/\/i0.wp.com\/lasprimeras.com.do\/wp-content\/uploads\/2025\/05\/ANPA.jpg?resize=525%2C300&ssl=1 1.5x, https:\/\/i0.wp.com\/lasprimeras.com.do\/wp-content\/uploads\/2025\/05\/ANPA.jpg?resize=700%2C400&ssl=1 2x"},"classes":[]}],"jetpack_sharing_enabled":true,"_links":{"self":[{"href":"https:\/\/lasprimeras.com.do\/index.php\/wp-json\/wp\/v2\/posts\/124736","targetHints":{"allow":["GET"]}}],"collection":[{"href":"https:\/\/lasprimeras.com.do\/index.php\/wp-json\/wp\/v2\/posts"}],"about":[{"href":"https:\/\/lasprimeras.com.do\/index.php\/wp-json\/wp\/v2\/types\/post"}],"author":[{"embeddable":true,"href":"https:\/\/lasprimeras.com.do\/index.php\/wp-json\/wp\/v2\/users\/10"}],"replies":[{"embeddable":true,"href":"https:\/\/lasprimeras.com.do\/index.php\/wp-json\/wp\/v2\/comments?post=124736"}],"version-history":[{"count":1,"href":"https:\/\/lasprimeras.com.do\/index.php\/wp-json\/wp\/v2\/posts\/124736\/revisions"}],"predecessor-version":[{"id":124737,"href":"https:\/\/lasprimeras.com.do\/index.php\/wp-json\/wp\/v2\/posts\/124736\/revisions\/124737"}],"wp:featuredmedia":[{"embeddable":true,"href":"https:\/\/lasprimeras.com.do\/index.php\/wp-json\/wp\/v2\/media\/113034"}],"wp:attachment":[{"href":"https:\/\/lasprimeras.com.do\/index.php\/wp-json\/wp\/v2\/media?parent=124736"}],"wp:term":[{"taxonomy":"category","embeddable":true,"href":"https:\/\/lasprimeras.com.do\/index.php\/wp-json\/wp\/v2\/categories?post=124736"},{"taxonomy":"post_tag","embeddable":true,"href":"https:\/\/lasprimeras.com.do\/index.php\/wp-json\/wp\/v2\/tags?post=124736"}],"curies":[{"name":"wp","href":"https:\/\/api.w.org\/{rel}","templated":true}]}}