{"id":124739,"date":"2026-03-16T12:18:18","date_gmt":"2026-03-16T16:18:18","guid":{"rendered":"https:\/\/lasprimeras.com.do\/?p=124739"},"modified":"2026-03-16T12:18:21","modified_gmt":"2026-03-16T16:18:21","slug":"robert-polanco-destaca-eficiencia-de-jce-en-proceso-de-emision-de-la-nueva-cedula","status":"publish","type":"post","link":"https:\/\/lasprimeras.com.do\/index.php\/2026\/03\/16\/robert-polanco-destaca-eficiencia-de-jce-en-proceso-de-emision-de-la-nueva-cedula\/","title":{"rendered":"Robert Polanco destaca eficiencia de JCE en proceso de emisi\u00f3n de la nueva c\u00e9dula"},"content":{"rendered":"\n<p>_Director de Propeep valora agilidad y calidad del servicio ofrecido por la Junta Central Electoral_<\/p>\n\n\n\n<p>El director de Proyectos Estrat\u00e9gicos y Especiales de la Presidencia (Propeep), Robert Polanco, recibi\u00f3 este lunes su nueva c\u00e9dula de identidad y electoral, acto donde destac\u00f3 la eficiencia con que la Junta Central Electoral (JCE) desarrolla la entrega del documento.<\/p>\n\n\n\n<p>Tras completar el procedimiento y recibir su c\u00e9dula de manos de Prado L\u00f3pez Cornielle, suplente del presidente del organismo, Polanco resalt\u00f3 la rapidez del proceso y el trato del personal responsable de tomar los datos a los ciudadanos y de la entrega de las c\u00e9dulas.<\/p>\n\n\n\n<p>\u201cEs un proceso \u00e1gil, r\u00e1pido y con atenciones de primera del personal que tiene la responsabilidad de tomar las huellas y entregar las c\u00e9dulas\u201d, expres\u00f3 el funcionario al referirse a su experiencia durante la obtenci\u00f3n del nuevo documento de identidad.<\/p>\n\n\n\n<p>El funcionario felicit\u00f3 a las autoridades del organismo electoral por la organizaci\u00f3n del proceso y a todo su equipo de trabajo por tanta eficiencia y la rapidez con que entregan la nueva c\u00e9dula.<\/p>\n\n\n\n<p>Polanco exhort\u00f3 a la ciudadan\u00eda a que tan pronto inicie la entrega general, a partir de este 12 de abrir, acudir a los centros habilitados para realizar el tr\u00e1mite de renovaci\u00f3n del documento, ya que considera es de suma importancia de contar con una identificaci\u00f3n actualizada.<\/p>\n\n\n\n<p>\u201cInsto a los dominicanos y dominicanas a que obtengan su nueva c\u00e9dula de identidad y electoral. As\u00ed que ya yo tengo la m\u00eda\u201d, expuso.<\/p>\n","protected":false},"excerpt":{"rendered":"<p>_Director de Propeep valora agilidad y calidad del servicio ofrecido por la Junta Central Electoral_ El director de Proyectos Estrat\u00e9gicos y Especiales de la Presidencia (Propeep), Robert Polanco, recibi\u00f3 este&hellip;<\/p>\n","protected":false},"author":10,"featured_media":124740,"comment_status":"open","ping_status":"open","sticky":false,"template":"","format":"standard","meta":{"content-type":"","jetpack_post_was_ever_published":false,"_jetpack_newsletter_access":"","_jetpack_dont_email_post_to_subs":false,"_jetpack_newsletter_tier_id":0,"_jetpack_memberships_contains_paywalled_content":false,"_jetpack_memberships_contains_paid_content":false,"footnotes":""},"categories":[35,25],"tags":[14648,183,17326],"class_list":["post-124739","post","type-post","status-publish","format-standard","has-post-thumbnail","hentry","category-nacionales","category-portada","tag-cedula","tag-jce","tag-robert-polanco"],"jetpack_featured_media_url":"https:\/\/lasprimeras.com.do\/wp-content\/uploads\/2026\/03\/IMG-20260316-WA0401.jpg","jetpack-related-posts":[{"id":122699,"url":"https:\/\/lasprimeras.com.do\/index.php\/2026\/02\/20\/pleno-de-la-camara-de-cuentas-obtiene-nueva-cedula-de-identidad-y-electoral-en-la-jce\/","url_meta":{"origin":124739,"position":0},"title":"Pleno de la C\u00e1mara de Cuentas obtiene nueva c\u00e9dula de identidad y electoral en la JCE","author":"Nelson Feliz","date":"20 de febrero de 2026","format":false,"excerpt":"La presidenta y los miembros del Pleno de la C\u00e1mara de Cuentas de la Rep\u00fablica Dominicana (CCRD) realizaron el proceso de renovaci\u00f3n de la c\u00e9dula de identidad y electoral en la sede central de la Junta Central Electoral (JCE). Emma Polanco y los dem\u00e1s ejecutivos de la CCRD completaron los\u2026","rel":"","context":"En \u00abNACIONALES\u00bb","block_context":{"text":"NACIONALES","link":"https:\/\/lasprimeras.com.do\/index.php\/category\/nacionales\/"},"img":{"alt_text":"","src":"https:\/\/i0.wp.com\/lasprimeras.com.do\/wp-content\/uploads\/2026\/02\/IMG-20260220-WA0314-scaled.jpg?resize=350%2C200&ssl=1","width":350,"height":200,"srcset":"https:\/\/i0.wp.com\/lasprimeras.com.do\/wp-content\/uploads\/2026\/02\/IMG-20260220-WA0314-scaled.jpg?resize=350%2C200&ssl=1 1x, https:\/\/i0.wp.com\/lasprimeras.com.do\/wp-content\/uploads\/2026\/02\/IMG-20260220-WA0314-scaled.jpg?resize=525%2C300&ssl=1 1.5x, https:\/\/i0.wp.com\/lasprimeras.com.do\/wp-content\/uploads\/2026\/02\/IMG-20260220-WA0314-scaled.jpg?resize=700%2C400&ssl=1 2x, https:\/\/i0.wp.com\/lasprimeras.com.do\/wp-content\/uploads\/2026\/02\/IMG-20260220-WA0314-scaled.jpg?resize=1050%2C600&ssl=1 3x, https:\/\/i0.wp.com\/lasprimeras.com.do\/wp-content\/uploads\/2026\/02\/IMG-20260220-WA0314-scaled.jpg?resize=1400%2C800&ssl=1 4x"},"classes":[]},{"id":123863,"url":"https:\/\/lasprimeras.com.do\/index.php\/2026\/03\/06\/jce-entrega-nueva-cedula-a-integrantes-de-la-seleccion-dominicana-del-clasico-mundial-de-beisbol-2026\/","url_meta":{"origin":124739,"position":1},"title":"JCE entrega nueva c\u00e9dula a integrantes de la selecci\u00f3n dominicana del Cl\u00e1sico Mundial de B\u00e9isbol 2026","author":"Nelson Feliz","date":"6 de marzo de 2026","format":false,"excerpt":"Manny Machado y Austin Wells obtuvieron por primera vez la c\u00e9dula dominicana La Junta Central Electoral (JCE) realiz\u00f3 una jornada especial de captura de datos y entrega inmediata de la nueva c\u00e9dula a los integrantes de la selecci\u00f3n dominicana del Cl\u00e1sico Mundial de B\u00e9isbol previo a los jugadores partir a\u2026","rel":"","context":"En \u00abNACIONALES\u00bb","block_context":{"text":"NACIONALES","link":"https:\/\/lasprimeras.com.do\/index.php\/category\/nacionales\/"},"img":{"alt_text":"","src":"https:\/\/i0.wp.com\/lasprimeras.com.do\/wp-content\/uploads\/2026\/03\/Clasico-12.jpeg?resize=350%2C200&ssl=1","width":350,"height":200,"srcset":"https:\/\/i0.wp.com\/lasprimeras.com.do\/wp-content\/uploads\/2026\/03\/Clasico-12.jpeg?resize=350%2C200&ssl=1 1x, https:\/\/i0.wp.com\/lasprimeras.com.do\/wp-content\/uploads\/2026\/03\/Clasico-12.jpeg?resize=525%2C300&ssl=1 1.5x, https:\/\/i0.wp.com\/lasprimeras.com.do\/wp-content\/uploads\/2026\/03\/Clasico-12.jpeg?resize=700%2C400&ssl=1 2x, https:\/\/i0.wp.com\/lasprimeras.com.do\/wp-content\/uploads\/2026\/03\/Clasico-12.jpeg?resize=1050%2C600&ssl=1 3x"},"classes":[]},{"id":120588,"url":"https:\/\/lasprimeras.com.do\/index.php\/2026\/01\/26\/jce-entregara-hoy-la-nueva-cedula-de-identidad-y-electoral-al-presidente-luis-abinader\/","url_meta":{"origin":124739,"position":2},"title":"JCE entregar\u00e1 hoy la nueva c\u00e9dula de identidad y electoral al presidente Luis Abinader","author":"Nelson Feliz","date":"26 de enero de 2026","format":false,"excerpt":"Este lunes 26 de enero, en el marco de la conmemoraci\u00f3n del natalicio del patricio Juan Pablo Duarte, el Pleno de la Junta Central Electoral (JCE) realiza la entrega oficial de la nueva c\u00e9dula de identidad y electoral al presidente de la Rep\u00fablica, Luis Abinader, convirti\u00e9ndolo en el primer ciudadano\u2026","rel":"","context":"En \u00abNACIONALES\u00bb","block_context":{"text":"NACIONALES","link":"https:\/\/lasprimeras.com.do\/index.php\/category\/nacionales\/"},"img":{"alt_text":"","src":"https:\/\/i0.wp.com\/lasprimeras.com.do\/wp-content\/uploads\/2026\/01\/Luis-Abinader-1-1.jpg?resize=350%2C200&ssl=1","width":350,"height":200,"srcset":"https:\/\/i0.wp.com\/lasprimeras.com.do\/wp-content\/uploads\/2026\/01\/Luis-Abinader-1-1.jpg?resize=350%2C200&ssl=1 1x, https:\/\/i0.wp.com\/lasprimeras.com.do\/wp-content\/uploads\/2026\/01\/Luis-Abinader-1-1.jpg?resize=525%2C300&ssl=1 1.5x, https:\/\/i0.wp.com\/lasprimeras.com.do\/wp-content\/uploads\/2026\/01\/Luis-Abinader-1-1.jpg?resize=700%2C400&ssl=1 2x"},"classes":[]},{"id":122344,"url":"https:\/\/lasprimeras.com.do\/index.php\/2026\/02\/16\/luis-miguel-de-camps-recibe-la-nueva-cedula-de-identidad-y-electoral\/","url_meta":{"origin":124739,"position":3},"title":"Luis Miguel De Camps recibe la nueva c\u00e9dula de Identidad y electoral","author":"Nelson Feliz","date":"16 de febrero de 2026","format":false,"excerpt":"Estuvo acompa\u00f1ado Rafael Gamundi Cordero, fundador del Partido del Toro y presidente Nacional de Estrategia ; Juan Est\u00e9vez, secretario general; Juli\u00e1n Mateo, delegado pol\u00edtico; Jos\u00e9 Mar\u00eda G\u00f3mez, delegado t\u00e9cnico; entre otros dirigentes. Por Emmanuel Solano El presidente del Partido Revolucionario Social Dem\u00f3crata (PRSD), Luis Miguel De Camps, recibi\u00f3 y destac\u00f3\u2026","rel":"","context":"En \u00abPOLITICA\u00bb","block_context":{"text":"POLITICA","link":"https:\/\/lasprimeras.com.do\/index.php\/category\/politica\/"},"img":{"alt_text":"JCE","src":"https:\/\/i0.wp.com\/lasprimeras.com.do\/wp-content\/uploads\/2026\/02\/Foto-JCE-1.jpg?resize=350%2C200&ssl=1","width":350,"height":200,"srcset":"https:\/\/i0.wp.com\/lasprimeras.com.do\/wp-content\/uploads\/2026\/02\/Foto-JCE-1.jpg?resize=350%2C200&ssl=1 1x, https:\/\/i0.wp.com\/lasprimeras.com.do\/wp-content\/uploads\/2026\/02\/Foto-JCE-1.jpg?resize=525%2C300&ssl=1 1.5x, https:\/\/i0.wp.com\/lasprimeras.com.do\/wp-content\/uploads\/2026\/02\/Foto-JCE-1.jpg?resize=700%2C400&ssl=1 2x"},"classes":[]},{"id":121811,"url":"https:\/\/lasprimeras.com.do\/index.php\/2026\/02\/10\/danilo-medina-renovara-este-miercoles-su-cedula-de-identidad-y-electoral\/","url_meta":{"origin":124739,"position":4},"title":"Danilo Medina renovar\u00e1 este mi\u00e9rcoles su c\u00e9dula de identidad y electoral","author":"Nelson Feliz","date":"10 de febrero de 2026","format":false,"excerpt":"El ex presidente de la Rep\u00fablica, Danilo Medina, presidente del Partido de la Liberaci\u00f3n Dominicana (PLD), asistir\u00e1 este mi\u00e9rcoles (11 febrero) a la sede nacional de la Junta Central Electoral (JCE), para agotar el proceso de renovaci\u00f3n de su c\u00e9dula de identidad y electoral. El secretario general del PLD, Johnny\u2026","rel":"","context":"En \u00abPOLITICA\u00bb","block_context":{"text":"POLITICA","link":"https:\/\/lasprimeras.com.do\/index.php\/category\/politica\/"},"img":{"alt_text":"Danilo Medina renovar\u00e1 este mi\u00e9rcoles su c\u00e9dula de identidad y electoral","src":"https:\/\/i0.wp.com\/lasprimeras.com.do\/wp-content\/uploads\/2026\/02\/Danilo-Medina-1.jpg?resize=350%2C200&ssl=1","width":350,"height":200,"srcset":"https:\/\/i0.wp.com\/lasprimeras.com.do\/wp-content\/uploads\/2026\/02\/Danilo-Medina-1.jpg?resize=350%2C200&ssl=1 1x, https:\/\/i0.wp.com\/lasprimeras.com.do\/wp-content\/uploads\/2026\/02\/Danilo-Medina-1.jpg?resize=525%2C300&ssl=1 1.5x, https:\/\/i0.wp.com\/lasprimeras.com.do\/wp-content\/uploads\/2026\/02\/Danilo-Medina-1.jpg?resize=700%2C400&ssl=1 2x"},"classes":[]},{"id":120950,"url":"https:\/\/lasprimeras.com.do\/index.php\/2026\/01\/29\/jce-dejara-de-emitir-cedulas-actuales-desde-febrero-2026\/","url_meta":{"origin":124739,"position":5},"title":"JCE dejar\u00e1 de emitir c\u00e9dulas actuales desde febrero 2026","author":"Nelson Feliz","date":"29 de enero de 2026","format":false,"excerpt":"La Junta Central Electoral (JCE) inform\u00f3 este jueves que a partir del 1 de febrero de 2026 dejar\u00e1 de emitir c\u00e9dulas en el formato actual, como parte del proceso de transici\u00f3n hacia el nuevo modelo de c\u00e9dula de identidad y electoral. De acuerdo con un comunicado oficial difundido por la\u2026","rel":"","context":"En \u00abNACIONALES\u00bb","block_context":{"text":"NACIONALES","link":"https:\/\/lasprimeras.com.do\/index.php\/category\/nacionales\/"},"img":{"alt_text":"","src":"https:\/\/i0.wp.com\/lasprimeras.com.do\/wp-content\/uploads\/2025\/10\/JCE-1.jpg?resize=350%2C200&ssl=1","width":350,"height":200,"srcset":"https:\/\/i0.wp.com\/lasprimeras.com.do\/wp-content\/uploads\/2025\/10\/JCE-1.jpg?resize=350%2C200&ssl=1 1x, https:\/\/i0.wp.com\/lasprimeras.com.do\/wp-content\/uploads\/2025\/10\/JCE-1.jpg?resize=525%2C300&ssl=1 1.5x, https:\/\/i0.wp.com\/lasprimeras.com.do\/wp-content\/uploads\/2025\/10\/JCE-1.jpg?resize=700%2C400&ssl=1 2x"},"classes":[]}],"jetpack_sharing_enabled":true,"_links":{"self":[{"href":"https:\/\/lasprimeras.com.do\/index.php\/wp-json\/wp\/v2\/posts\/124739","targetHints":{"allow":["GET"]}}],"collection":[{"href":"https:\/\/lasprimeras.com.do\/index.php\/wp-json\/wp\/v2\/posts"}],"about":[{"href":"https:\/\/lasprimeras.com.do\/index.php\/wp-json\/wp\/v2\/types\/post"}],"author":[{"embeddable":true,"href":"https:\/\/lasprimeras.com.do\/index.php\/wp-json\/wp\/v2\/users\/10"}],"replies":[{"embeddable":true,"href":"https:\/\/lasprimeras.com.do\/index.php\/wp-json\/wp\/v2\/comments?post=124739"}],"version-history":[{"count":1,"href":"https:\/\/lasprimeras.com.do\/index.php\/wp-json\/wp\/v2\/posts\/124739\/revisions"}],"predecessor-version":[{"id":124741,"href":"https:\/\/lasprimeras.com.do\/index.php\/wp-json\/wp\/v2\/posts\/124739\/revisions\/124741"}],"wp:featuredmedia":[{"embeddable":true,"href":"https:\/\/lasprimeras.com.do\/index.php\/wp-json\/wp\/v2\/media\/124740"}],"wp:attachment":[{"href":"https:\/\/lasprimeras.com.do\/index.php\/wp-json\/wp\/v2\/media?parent=124739"}],"wp:term":[{"taxonomy":"category","embeddable":true,"href":"https:\/\/lasprimeras.com.do\/index.php\/wp-json\/wp\/v2\/categories?post=124739"},{"taxonomy":"post_tag","embeddable":true,"href":"https:\/\/lasprimeras.com.do\/index.php\/wp-json\/wp\/v2\/tags?post=124739"}],"curies":[{"name":"wp","href":"https:\/\/api.w.org\/{rel}","templated":true}]}}