{"id":124742,"date":"2026-03-16T12:27:30","date_gmt":"2026-03-16T16:27:30","guid":{"rendered":"https:\/\/lasprimeras.com.do\/?p=124742"},"modified":"2026-03-16T12:27:33","modified_gmt":"2026-03-16T16:27:33","slug":"tiempos-duros-doctrina-nacional-para-un-pais-vulnerable-en-un-mundo-incierto","status":"publish","type":"post","link":"https:\/\/lasprimeras.com.do\/index.php\/2026\/03\/16\/tiempos-duros-doctrina-nacional-para-un-pais-vulnerable-en-un-mundo-incierto\/","title":{"rendered":"Tiempos duros: doctrina nacional para un pa\u00eds vulnerable en un mundo incierto"},"content":{"rendered":"\n<p>Dr. Isa\u00edas Ramos<\/p>\n\n\n\n<p>La Rep\u00fablica Dominicana no puede seguir financiando su vulnerabilidad energ\u00e9tica como si fuera una pol\u00edtica transitoria.<\/p>\n\n\n\n<p>Solo en 2025, el subsidio al sector el\u00e9ctrico ascendi\u00f3 a RD$105,849.1 millones, una cifra superior al presupuesto conjunto de Obras P\u00fablicas, Agricultura y Vivienda.<\/p>\n\n\n\n<p>Y a esa carga estructural se a\u00f1ade el repunte del subsidio a los combustibles, que solo para la semana del 14 al 20 de marzo de 2026 oblig\u00f3 al Estado a destinar RD$1,189.8 millones adicionales.<\/p>\n\n\n\n<p>Despu\u00e9s de m\u00e1s de dos d\u00e9cadas de subsidios al sector el\u00e9ctrico, que seg\u00fan distintas estimaciones han absorbido recursos equivalentes a decenas de miles de millones de d\u00f3lares sin corregir las fallas estructurales del sistema, la Rep\u00fablica Dominicana sigue sosteniendo un modelo que ha probado su insostenibilidad.<\/p>\n\n\n\n<p>Que esto ocurra, adem\u00e1s, sin una auditor\u00eda integral e independiente desde la generaci\u00f3n hasta la distribuci\u00f3n, mientras el Estado contin\u00faa asumiendo nuevos subsidios extraordinarios, revela que el problema ya no es \u00fanicamente de sostenibilidad fiscal: tambi\u00e9n es de seriedad institucional.<\/p>\n\n\n\n<p>Los subsidios no focalizados, opacos y escasamente auditables crean un terreno f\u00e9rtil para la discrecionalidad, la ineficiencia y el riesgo de desv\u00edo de fondos p\u00fablicos.<\/p>\n\n\n\n<p>Cuando el Estado subsidia sin focalizaci\u00f3n clara, sin trazabilidad y sin evaluaci\u00f3n verificable, termina destinando recursos de todos a esquemas que no necesariamente protegen mejor a quienes m\u00e1s lo necesitan.<\/p>\n\n\n\n<p>Por eso, la correcci\u00f3n no debe consistir en abandonar a los sectores vulnerables, sino en sustituir subsidios generalizados por apoyos directos, transparentes y auditables, preservando de manera expresa un subsidio focalizado al GLP dom\u00e9stico para los hogares de menores ingresos.<\/p>\n\n\n\n<p>Pero el problema no termina ah\u00ed. El mundo atraviesa una etapa de desorden e incertidumbre marcada por guerras, rivalidades geopol\u00edticas y tensiones sobre rutas energ\u00e9ticas estrat\u00e9gicas.<\/p>\n\n\n\n<p>Para una econom\u00eda abierta y dependiente de importaciones como la dominicana, esos choques externos no son noticias lejanas: se traducen en inflaci\u00f3n, presi\u00f3n fiscal, encarecimiento del transporte y aumento del costo de vida.<\/p>\n\n\n\n<p>Las crisis internacionales rara vez llegan sin aviso. Antes de convertirse en emergencia, suelen anunciarse durante a\u00f1os.<\/p>\n\n\n\n<p>En tiempos inciertos, la esperanza sin previsi\u00f3n no es una estrategia. La verdadera prudencia consiste en prepararse para lo peor mientras se trabaja por lo mejor. Gobernar, en tiempos dif\u00edciles, es anticipar.<\/p>\n\n\n\n<p>Por eso, la Rep\u00fablica Dominicana necesita algo m\u00e1s que administraci\u00f3n cotidiana del Estado.<\/p>\n\n\n\n<p>Necesita una doctrina nacional sobria, realista y sostenida, capaz de ordenar prioridades, reducir vulnerabilidades y garantizar continuidad estrat\u00e9gica m\u00e1s all\u00e1 de los ciclos pol\u00edticos.<\/p>\n\n\n\n<p>Esa doctrina deber\u00eda comenzar, al menos, por tres prioridades: seguridad energ\u00e9tica, soberan\u00eda alimentaria y fortaleza institucional.<\/p>\n\n\n\n<p>La primera es la seguridad energ\u00e9tica. Persistir indefinidamente en un esquema de subsidios generalizados ser\u00eda una temeridad fiscal y estrat\u00e9gica.<\/p>\n\n\n\n<p>Un pa\u00eds vulnerable no puede darse el lujo de subsidiar su propia fragilidad. Un pa\u00eds que subsidia el consumo sin corregir las fallas estructurales del sistema no est\u00e1 protegiendo su futuro: est\u00e1 hipotecando su propia estabilidad.<\/p>\n\n\n\n<p>La segunda es la soberan\u00eda alimentaria. Cuando sube la energ\u00eda, no solo se tensionan las cuentas p\u00fablicas: se encarece el transporte, aumenta el costo de producci\u00f3n y suben los alimentos que llegan a la mesa de las familias dominicanas.<\/p>\n\n\n\n<p>Por eso, fortalecer la producci\u00f3n nacional de alimentos no es \u00fanicamente una pol\u00edtica agr\u00edcola. Es una pol\u00edtica de estabilidad econ\u00f3mica y seguridad nacional.<\/p>\n\n\n\n<p>La tercera es la fortaleza institucional. La Rep\u00fablica Dominicana ha preservado una estabilidad democr\u00e1tica relativa, pero todav\u00eda no puede darse por sentada.<\/p>\n\n\n\n<p>Existen reglas y \u00f3rganos de control en el plano formal; sin embargo, persiste con demasiada frecuencia una distancia inc\u00f3moda entre la norma y su aplicaci\u00f3n efectiva.<\/p>\n\n\n\n<p>Cuando esa brecha se ampl\u00eda, la confianza se resiente, la seguridad jur\u00eddica se debilita y la estabilidad deja de ser una fortaleza para convertirse en una vulnerabilidad.<\/p>\n\n\n\n<p>Corregir estas vulnerabilidades no deber\u00eda ser materia de improvisaci\u00f3n ni de c\u00e1lculo partidario.<\/p>\n\n\n\n<p>Deber\u00eda convertirse en un acuerdo m\u00ednimo de Estado sobre lo que la Rep\u00fablica Dominicana debe proteger primero en un mundo cada vez m\u00e1s caro, m\u00e1s vol\u00e1til y m\u00e1s incierto.<\/p>\n\n\n\n<p>La pregunta ya no es si el mundo seguir\u00e1 siendo incierto, sino si la Rep\u00fablica Dominicana corregir\u00e1 a tiempo sus vulnerabilidades antes de que esa incertidumbre la obligue a hacerlo bajo presi\u00f3n.<\/p>\n\n\n\n<p>Porque en tiempos de desorden global, los pa\u00edses que llegan a puerto seguro no son los que improvisan el rumbo, sino los que protegen con claridad aquello que consideran esencial.<\/p>\n","protected":false},"excerpt":{"rendered":"<p>Dr. Isa\u00edas Ramos La Rep\u00fablica Dominicana no puede seguir financiando su vulnerabilidad energ\u00e9tica como si fuera una pol\u00edtica transitoria. Solo en 2025, el subsidio al sector el\u00e9ctrico ascendi\u00f3 a RD$105,849.1&hellip;<\/p>\n","protected":false},"author":10,"featured_media":111320,"comment_status":"open","ping_status":"open","sticky":false,"template":"","format":"standard","meta":{"content-type":"","jetpack_post_was_ever_published":false,"_jetpack_newsletter_access":"","_jetpack_dont_email_post_to_subs":false,"_jetpack_newsletter_tier_id":0,"_jetpack_memberships_contains_paywalled_content":false,"_jetpack_memberships_contains_paid_content":false,"footnotes":""},"categories":[95],"tags":[31227],"class_list":["post-124742","post","type-post","status-publish","format-standard","has-post-thumbnail","hentry","category-opinion","tag-tiempos-duros"],"jetpack_featured_media_url":"https:\/\/lasprimeras.com.do\/wp-content\/uploads\/2025\/10\/Isaias-Ramos.jpg","jetpack-related-posts":[{"id":108865,"url":"https:\/\/lasprimeras.com.do\/index.php\/2025\/09\/11\/pc-destaca-deterioro-del-sector-electrico-y-demanda-acciones-eficaces-con-transparencia\/","url_meta":{"origin":124742,"position":0},"title":"PC destaca deterioro del sector el\u00e9ctrico y demanda acciones eficaces con transparencia","author":"Nelson Feliz","date":"11 de septiembre de 2025","format":false,"excerpt":"Participaci\u00f3n Ciudadana, cap\u00edtulo dominicano de Transparencia Internacional, expresa su preocupaci\u00f3n ante la crisis persistente del sector el\u00e9ctrico nacional. Desde agosto a la fecha, el pa\u00eds ha sufrido apagones de hasta 12 horas diarias, convirtiendo este verano en un infierno para las familias y la econom\u00eda popular, generando da\u00f1os cuantiosos y\u2026","rel":"","context":"En \u00abECONOM\u00cdA\u00bb","block_context":{"text":"ECONOM\u00cdA","link":"https:\/\/lasprimeras.com.do\/index.php\/category\/economia\/"},"img":{"alt_text":"","src":"https:\/\/i0.wp.com\/lasprimeras.com.do\/wp-content\/uploads\/2024\/05\/PC.jpg?resize=350%2C200&ssl=1","width":350,"height":200,"srcset":"https:\/\/i0.wp.com\/lasprimeras.com.do\/wp-content\/uploads\/2024\/05\/PC.jpg?resize=350%2C200&ssl=1 1x, https:\/\/i0.wp.com\/lasprimeras.com.do\/wp-content\/uploads\/2024\/05\/PC.jpg?resize=525%2C300&ssl=1 1.5x, https:\/\/i0.wp.com\/lasprimeras.com.do\/wp-content\/uploads\/2024\/05\/PC.jpg?resize=700%2C400&ssl=1 2x"},"classes":[]},{"id":122324,"url":"https:\/\/lasprimeras.com.do\/index.php\/2026\/02\/16\/gobierno-gasto-mas-cubriendo-perdidas-electricas-que-en-inversion-publica\/","url_meta":{"origin":124742,"position":1},"title":"Gobierno gast\u00f3 m\u00e1s cubriendo p\u00e9rdidas el\u00e9ctricas que en inversi\u00f3n p\u00fablica","author":"Nelson Feliz","date":"16 de febrero de 2026","format":false,"excerpt":"El Partido de la Liberaci\u00f3n Dominicana (PLD) considera una verg\u00fcenza que el gobierno haya gastado en el 2025, cubriendo p\u00e9rdidas el\u00e9ctricas, mucho m\u00e1s que invirtiendo en el futuro del pa\u00eds, con un subsidio el\u00e9ctrico de 1.6% del Producto Interno Bruto y una inversi\u00f3n p\u00fablica total de 1.4 por ciento del\u2026","rel":"","context":"En \u00abPOLITICA\u00bb","block_context":{"text":"POLITICA","link":"https:\/\/lasprimeras.com.do\/index.php\/category\/politica\/"},"img":{"alt_text":"","src":"https:\/\/i0.wp.com\/lasprimeras.com.do\/wp-content\/uploads\/2026\/02\/bc7a70b0-f0c0-475e-bd04-545de8df4f06.jpg?resize=350%2C200&ssl=1","width":350,"height":200,"srcset":"https:\/\/i0.wp.com\/lasprimeras.com.do\/wp-content\/uploads\/2026\/02\/bc7a70b0-f0c0-475e-bd04-545de8df4f06.jpg?resize=350%2C200&ssl=1 1x, https:\/\/i0.wp.com\/lasprimeras.com.do\/wp-content\/uploads\/2026\/02\/bc7a70b0-f0c0-475e-bd04-545de8df4f06.jpg?resize=525%2C300&ssl=1 1.5x, https:\/\/i0.wp.com\/lasprimeras.com.do\/wp-content\/uploads\/2026\/02\/bc7a70b0-f0c0-475e-bd04-545de8df4f06.jpg?resize=700%2C400&ssl=1 2x, https:\/\/i0.wp.com\/lasprimeras.com.do\/wp-content\/uploads\/2026\/02\/bc7a70b0-f0c0-475e-bd04-545de8df4f06.jpg?resize=1050%2C600&ssl=1 3x, https:\/\/i0.wp.com\/lasprimeras.com.do\/wp-content\/uploads\/2026\/02\/bc7a70b0-f0c0-475e-bd04-545de8df4f06.jpg?resize=1400%2C800&ssl=1 4x"},"classes":[]},{"id":109417,"url":"https:\/\/lasprimeras.com.do\/index.php\/2025\/09\/17\/advierte-sobre-retos-fiscales-y-politicas-de-subsidios-en-gestion-del-prm-tras-informe-del-fmi\/","url_meta":{"origin":124742,"position":2},"title":"Advierte sobre retos fiscales y pol\u00edticas de subsidios en gesti\u00f3n del PRM, tras informe del FMI","author":"Nelson Feliz","date":"17 de septiembre de 2025","format":false,"excerpt":"Richard Medina declar\u00f3 que \u201cAntes de aumentar la tarifa el\u00e9ctrica, hay que reducir las p\u00e9rdidas. Si se sube la tarifa, muchos hogares y negocios van a buscar c\u00f3mo dejar de pagar.\u201d El miembro del Comit\u00e9 Pol\u00edtico del Partido de la Liberaci\u00f3n Dominicana (PLD), Richard Medina, asegur\u00f3 que las recomendaciones del\u2026","rel":"","context":"En \u00abECONOM\u00cdA\u00bb","block_context":{"text":"ECONOM\u00cdA","link":"https:\/\/lasprimeras.com.do\/index.php\/category\/economia\/"},"img":{"alt_text":"","src":"https:\/\/i0.wp.com\/lasprimeras.com.do\/wp-content\/uploads\/2025\/09\/richard.jpg?resize=350%2C200&ssl=1","width":350,"height":200,"srcset":"https:\/\/i0.wp.com\/lasprimeras.com.do\/wp-content\/uploads\/2025\/09\/richard.jpg?resize=350%2C200&ssl=1 1x, https:\/\/i0.wp.com\/lasprimeras.com.do\/wp-content\/uploads\/2025\/09\/richard.jpg?resize=525%2C300&ssl=1 1.5x, https:\/\/i0.wp.com\/lasprimeras.com.do\/wp-content\/uploads\/2025\/09\/richard.jpg?resize=700%2C400&ssl=1 2x"},"classes":[]},{"id":57020,"url":"https:\/\/lasprimeras.com.do\/index.php\/2023\/08\/07\/politica-de-subsidios-sociales-del-gobierno-contribuyo-a-contener-la-inflacion-importada\/","url_meta":{"origin":124742,"position":3},"title":"Pol\u00edtica de subsidios sociales del Gobierno contribuy\u00f3 a contener la inflaci\u00f3n importada","author":"Nelson Feliz","date":"7 de agosto de 2023","format":false,"excerpt":"Entre los factores determinantes para llegar al mes de julio de 2023 con una inflaci\u00f3n interanual de 3.95%, una de las m\u00e1s bajas del continente, se encuentran los programas de subsidios a los alimentos, los combustibles y la pol\u00edtica monetaria del Gobierno, destac\u00f3 una nota de la Direcci\u00f3n General del\u2026","rel":"","context":"En \u00abECONOM\u00cdA\u00bb","block_context":{"text":"ECONOM\u00cdA","link":"https:\/\/lasprimeras.com.do\/index.php\/category\/economia\/"},"img":{"alt_text":"Banco Central de la Rep\u00fablica Dominicana.","src":"https:\/\/i0.wp.com\/lasprimeras.com.do\/wp-content\/uploads\/2023\/06\/Banco-Central-de-la-Republica-Dominicana.jpeg?resize=350%2C200&ssl=1","width":350,"height":200,"srcset":"https:\/\/i0.wp.com\/lasprimeras.com.do\/wp-content\/uploads\/2023\/06\/Banco-Central-de-la-Republica-Dominicana.jpeg?resize=350%2C200&ssl=1 1x, https:\/\/i0.wp.com\/lasprimeras.com.do\/wp-content\/uploads\/2023\/06\/Banco-Central-de-la-Republica-Dominicana.jpeg?resize=525%2C300&ssl=1 1.5x, https:\/\/i0.wp.com\/lasprimeras.com.do\/wp-content\/uploads\/2023\/06\/Banco-Central-de-la-Republica-Dominicana.jpeg?resize=700%2C400&ssl=1 2x"},"classes":[]},{"id":125431,"url":"https:\/\/lasprimeras.com.do\/index.php\/2026\/03\/23\/afirma-abinader-protege-a-los-dominicanos-ante-alza-internacional-del-petroleo-todos-debemos-esforzarnos\/","url_meta":{"origin":124742,"position":4},"title":"Afirma Abinader protege a los dominicanos ante alza internacional del petr\u00f3leo; todos debemos esforzarnos","author":"Nelson Feliz","date":"23 de marzo de 2026","format":false,"excerpt":"Por Ram\u00f3n Mercedes NUEVA YORK.- El presidente Luis Abinader est\u00e1 protegiendo a los dominicanos, principalmente a los m\u00e1s pobres, ante el alza internacional del petr\u00f3leo por el conflicto b\u00e9lico en Medio Oriente, pero el esfuerzo debe ser de todos, porque el pa\u00eds nos pertenece a todos. La afirmaci\u00f3n la hizo\u2026","rel":"","context":"En \u00abINTERNACIONALES\u00bb","block_context":{"text":"INTERNACIONALES","link":"https:\/\/lasprimeras.com.do\/index.php\/category\/sin-categoria\/internacionales\/"},"img":{"alt_text":"","src":"https:\/\/i0.wp.com\/lasprimeras.com.do\/wp-content\/uploads\/2026\/03\/IMG-20260323-WA0105.jpg?resize=350%2C200&ssl=1","width":350,"height":200,"srcset":"https:\/\/i0.wp.com\/lasprimeras.com.do\/wp-content\/uploads\/2026\/03\/IMG-20260323-WA0105.jpg?resize=350%2C200&ssl=1 1x, https:\/\/i0.wp.com\/lasprimeras.com.do\/wp-content\/uploads\/2026\/03\/IMG-20260323-WA0105.jpg?resize=525%2C300&ssl=1 1.5x"},"classes":[]},{"id":115063,"url":"https:\/\/lasprimeras.com.do\/index.php\/2025\/11\/18\/fmi-indicios-de-repunte-economico-en-rd-sustentado-por-politicas-monetaria-fiscal-y-credito\/","url_meta":{"origin":124742,"position":5},"title":"FMI: Indicios de repunte econ\u00f3mico en RD, sustentado por pol\u00edticas monetaria, fiscal y cr\u00e9dito","author":"Nelson Feliz","date":"18 de noviembre de 2025","format":false,"excerpt":"En su evaluaci\u00f3n plantea que las reformas fiscales y estructurales, sobre todo en el sector el\u00e9ctrico, son esenciales para mejorar las perspectivas de crecimiento de mediano-largo plazo y continuar fortaleciendo la resiliencia econ\u00f3mica, incluyendo a desastres naturales. El Directorio Ejecutivo del Fondo Monetario Internacional (FMI) reconoci\u00f3 la resiliencia y el\u2026","rel":"","context":"En \u00abECONOM\u00cdA\u00bb","block_context":{"text":"ECONOM\u00cdA","link":"https:\/\/lasprimeras.com.do\/index.php\/category\/economia\/"},"img":{"alt_text":"","src":"https:\/\/i0.wp.com\/lasprimeras.com.do\/wp-content\/uploads\/2025\/11\/FMI.jpg?resize=350%2C200&ssl=1","width":350,"height":200,"srcset":"https:\/\/i0.wp.com\/lasprimeras.com.do\/wp-content\/uploads\/2025\/11\/FMI.jpg?resize=350%2C200&ssl=1 1x, https:\/\/i0.wp.com\/lasprimeras.com.do\/wp-content\/uploads\/2025\/11\/FMI.jpg?resize=525%2C300&ssl=1 1.5x"},"classes":[]}],"jetpack_sharing_enabled":true,"_links":{"self":[{"href":"https:\/\/lasprimeras.com.do\/index.php\/wp-json\/wp\/v2\/posts\/124742","targetHints":{"allow":["GET"]}}],"collection":[{"href":"https:\/\/lasprimeras.com.do\/index.php\/wp-json\/wp\/v2\/posts"}],"about":[{"href":"https:\/\/lasprimeras.com.do\/index.php\/wp-json\/wp\/v2\/types\/post"}],"author":[{"embeddable":true,"href":"https:\/\/lasprimeras.com.do\/index.php\/wp-json\/wp\/v2\/users\/10"}],"replies":[{"embeddable":true,"href":"https:\/\/lasprimeras.com.do\/index.php\/wp-json\/wp\/v2\/comments?post=124742"}],"version-history":[{"count":1,"href":"https:\/\/lasprimeras.com.do\/index.php\/wp-json\/wp\/v2\/posts\/124742\/revisions"}],"predecessor-version":[{"id":124743,"href":"https:\/\/lasprimeras.com.do\/index.php\/wp-json\/wp\/v2\/posts\/124742\/revisions\/124743"}],"wp:featuredmedia":[{"embeddable":true,"href":"https:\/\/lasprimeras.com.do\/index.php\/wp-json\/wp\/v2\/media\/111320"}],"wp:attachment":[{"href":"https:\/\/lasprimeras.com.do\/index.php\/wp-json\/wp\/v2\/media?parent=124742"}],"wp:term":[{"taxonomy":"category","embeddable":true,"href":"https:\/\/lasprimeras.com.do\/index.php\/wp-json\/wp\/v2\/categories?post=124742"},{"taxonomy":"post_tag","embeddable":true,"href":"https:\/\/lasprimeras.com.do\/index.php\/wp-json\/wp\/v2\/tags?post=124742"}],"curies":[{"name":"wp","href":"https:\/\/api.w.org\/{rel}","templated":true}]}}