{"id":124771,"date":"2026-03-16T20:20:27","date_gmt":"2026-03-17T00:20:27","guid":{"rendered":"https:\/\/lasprimeras.com.do\/?p=124771"},"modified":"2026-03-16T20:20:28","modified_gmt":"2026-03-17T00:20:28","slug":"cncp-sin-comercio-organizado-no-hay-abastecimiento","status":"publish","type":"post","link":"https:\/\/lasprimeras.com.do\/index.php\/2026\/03\/16\/cncp-sin-comercio-organizado-no-hay-abastecimiento\/","title":{"rendered":"CNCP: &#8220;Sin comercio organizado no hay abastecimiento&#8221;"},"content":{"rendered":"\n<p>El Consejo Nacional del Comercio en Provisiones (CNCP) respald\u00f3 el llamado realizado por el presidente de la Asociaci\u00f3n de Industrias de la Rep\u00fablica Dominicana (AIRD), Julio Virgilio Brache, sobre la necesidad de que el pa\u00eds, adopte medidas preventivas para garantizar el abastecimiento de alimentos ante posibles interrupciones en el comercio internacional, advirtiendo que \u201csin comercio organizado no hay abastecimiento de alimentos en los hogares dominicanos\u201d.<\/p>\n\n\n\n<p>El presidente del CNCP, Jorge Jerez, destac\u00f3 que la seguridad alimentaria del pa\u00eds no solo depende de la producci\u00f3n y procesamiento de alimentos, sino tambi\u00e9n de la fortaleza de la red de distribuci\u00f3n comercial que permite que esos productos lleguen diariamente a millones de familias en todo el territorio nacional.<\/p>\n\n\n\n<p>\u201cEl comercio de provisiones constituye el \u00faltimo eslab\u00f3n de la cadena de abastecimiento. Somos quienes garantizamos que los productos b\u00e1sicos lleguen de manera permanente a los barrios, comunidades y ciudades del pa\u00eds a trav\u00e9s de colmados, supermercados y establecimientos detallistas\u201d, se\u00f1al\u00f3 Jerez.<\/p>\n\n\n\n<p>Explic\u00f3 que la red nacional de comercios de provisiones representa uno de los principales canales de distribuci\u00f3n de alimentos y productos de consumo masivo en la Rep\u00fablica Dominicana, permitiendo que bienes esenciales como el arroz, las habichuelas, aceite, leche, caf\u00e9 y otros productos b\u00e1sicos est\u00e9n disponibles de manera continua para la poblaci\u00f3n.<\/p>\n\n\n\n<p>El representante del Comercio en Proviciones, coincidi\u00f3 en la importancia de fortalecer los mecanismos de coordinaci\u00f3n entre el sector p\u00fablico y privado para anticipar posibles impactos derivados de las tensiones geopol\u00edticas internacionales y sus efectos sobre el transporte mar\u00edtimo, los costos log\u00edsticos y la disponibilidad de materias primas.<\/p>\n\n\n\n<p>Jorge Jerez, indic\u00f3 que, ante escenarios de incertidumbre global, resulta fundamental fortalecer las cadenas de suministro, promover la producci\u00f3n nacional y garantizar condiciones que permitan al comercio continuar cumpliendo su rol estrat\u00e9gico en la distribuci\u00f3n de alimentos y bienes de consumo.<\/p>\n\n\n\n<p>Asimismo, reiter\u00f3 su disposici\u00f3n de participar en los espacios de di\u00e1logo y coordinaci\u00f3n que se establezcan entre las autoridades y los sectores productivos, con el objetivo de contribuir a la implementaci\u00f3n de estrategias que permitan preservar la estabilidad del abastecimiento alimentario y evitar distorsiones en los mercados.<\/p>\n\n\n\n<p>Finalmente, el presidente del Consejo Nacional del Comercio en Provisiones,Jorge Jerez, subray\u00f3 que la seguridad alimentaria del pa\u00eds descansa en la articulaci\u00f3n de toda la cadena productiva y comercial, desde la producci\u00f3n agr\u00edcola y la agroindustria hasta el comercio que conecta esos productos con los hogares dominicanos.<\/p>\n","protected":false},"excerpt":{"rendered":"<p>El Consejo Nacional del Comercio en Provisiones (CNCP) respald\u00f3 el llamado realizado por el presidente de la Asociaci\u00f3n de Industrias de la Rep\u00fablica Dominicana (AIRD), Julio Virgilio Brache, sobre la&hellip;<\/p>\n","protected":false},"author":10,"featured_media":124772,"comment_status":"open","ping_status":"open","sticky":false,"template":"","format":"standard","meta":{"content-type":"","jetpack_post_was_ever_published":false,"_jetpack_newsletter_access":"","_jetpack_dont_email_post_to_subs":false,"_jetpack_newsletter_tier_id":0,"_jetpack_memberships_contains_paywalled_content":false,"_jetpack_memberships_contains_paid_content":false,"footnotes":""},"categories":[39,25],"tags":[11573,2899,1143,3295],"class_list":["post-124771","post","type-post","status-publish","format-standard","has-post-thumbnail","hentry","category-economia","category-portada","tag-abastecimiento","tag-cncp","tag-comercio","tag-seguridad-alimentaria"],"jetpack_featured_media_url":"https:\/\/lasprimeras.com.do\/wp-content\/uploads\/2026\/03\/Jorge-Jerez.jpg","jetpack-related-posts":[{"id":125422,"url":"https:\/\/lasprimeras.com.do\/index.php\/2026\/03\/23\/cncp-valora-medidas-del-gobierno-y-destaca-rol-del-comercio-para-contener-impacto-en-precios-de-alimentos\/","url_meta":{"origin":124771,"position":0},"title":"CNCP valora medidas del Gobierno y destaca rol del comercio para contener impacto en precios de alimentos","author":"Nelson Feliz","date":"23 de marzo de 2026","format":false,"excerpt":"El Consejo Nacional del Comercio en Provisiones (CNCP) valor\u00f3 las medidas anunciadas por el presidente Luis Abinader para mitigar el impacto de la crisis internacional del petr\u00f3leo, provocada por el conflicto en Medio Oriente, en la econom\u00eda dominicana, especialmente aquellas orientadas a proteger la seguridad alimentaria y el poder adquisitivo\u2026","rel":"","context":"En \u00abECONOM\u00cdA\u00bb","block_context":{"text":"ECONOM\u00cdA","link":"https:\/\/lasprimeras.com.do\/index.php\/category\/economia\/"},"img":{"alt_text":"COLMADOS","src":"https:\/\/i0.wp.com\/lasprimeras.com.do\/wp-content\/uploads\/2024\/08\/COLMADOS-1.jpg?resize=350%2C200&ssl=1","width":350,"height":200,"srcset":"https:\/\/i0.wp.com\/lasprimeras.com.do\/wp-content\/uploads\/2024\/08\/COLMADOS-1.jpg?resize=350%2C200&ssl=1 1x, https:\/\/i0.wp.com\/lasprimeras.com.do\/wp-content\/uploads\/2024\/08\/COLMADOS-1.jpg?resize=525%2C300&ssl=1 1.5x, https:\/\/i0.wp.com\/lasprimeras.com.do\/wp-content\/uploads\/2024\/08\/COLMADOS-1.jpg?resize=700%2C400&ssl=1 2x"},"classes":[]},{"id":125972,"url":"https:\/\/lasprimeras.com.do\/index.php\/2026\/03\/28\/cncp-apoya-medidas-del-gobierno-ante-precios-de-canasta-basica\/","url_meta":{"origin":124771,"position":1},"title":"CNCP apoya medidas del Gobierno ante precios de canasta b\u00e1sica","author":"Nelson Feliz","date":"28 de marzo de 2026","format":false,"excerpt":"El Consejo Nacional del Comercio en Provisiones (CNCP) valor\u00f3 las medidas anunciadas por el presidente Luis Abinader para mitigar el impacto de la crisis internacional del petr\u00f3leo, provocada por el conflicto en Medio Oriente, en la econom\u00eda dominicana, especialmente aquellas orientadas a proteger la seguridad alimentaria y el poder adquisitivo\u2026","rel":"","context":"En \u00abECONOM\u00cdA\u00bb","block_context":{"text":"ECONOM\u00cdA","link":"https:\/\/lasprimeras.com.do\/index.php\/category\/economia\/"},"img":{"alt_text":"","src":"https:\/\/i0.wp.com\/lasprimeras.com.do\/wp-content\/uploads\/2026\/03\/CNCP-2.jpg?resize=350%2C200&ssl=1","width":350,"height":200,"srcset":"https:\/\/i0.wp.com\/lasprimeras.com.do\/wp-content\/uploads\/2026\/03\/CNCP-2.jpg?resize=350%2C200&ssl=1 1x, https:\/\/i0.wp.com\/lasprimeras.com.do\/wp-content\/uploads\/2026\/03\/CNCP-2.jpg?resize=525%2C300&ssl=1 1.5x, https:\/\/i0.wp.com\/lasprimeras.com.do\/wp-content\/uploads\/2026\/03\/CNCP-2.jpg?resize=700%2C400&ssl=1 2x"},"classes":[]},{"id":118067,"url":"https:\/\/lasprimeras.com.do\/index.php\/2025\/12\/21\/cncp-garantiza-abastecimiento-total-de-productos-durante-navidad-y-ano-nuevo\/","url_meta":{"origin":124771,"position":2},"title":"CNCP garantiza abastecimiento total de productos durante Navidad y A\u00f1o Nuevo","author":"Nelson Feliz","date":"21 de diciembre de 2025","format":false,"excerpt":"El Consejo Nacional del Comercio en Provisiones (CNCP) asegur\u00f3 que el abastecimiento de productos en todo el territorio nacional est\u00e1 plenamente garantizado durante las festividades de Navidad y A\u00f1o Nuevo, despejando cualquier inquietud sobre posibles escaseces en el mercado. El presidente del CNCP, Jorge Jerez, inform\u00f3 que en la actualidad\u2026","rel":"","context":"En \u00abECONOM\u00cdA\u00bb","block_context":{"text":"ECONOM\u00cdA","link":"https:\/\/lasprimeras.com.do\/index.php\/category\/economia\/"},"img":{"alt_text":"Jorge Jerez","src":"https:\/\/i0.wp.com\/lasprimeras.com.do\/wp-content\/uploads\/2025\/12\/Jorge-Jerez-5.jpg?resize=350%2C200&ssl=1","width":350,"height":200,"srcset":"https:\/\/i0.wp.com\/lasprimeras.com.do\/wp-content\/uploads\/2025\/12\/Jorge-Jerez-5.jpg?resize=350%2C200&ssl=1 1x, https:\/\/i0.wp.com\/lasprimeras.com.do\/wp-content\/uploads\/2025\/12\/Jorge-Jerez-5.jpg?resize=525%2C300&ssl=1 1.5x, https:\/\/i0.wp.com\/lasprimeras.com.do\/wp-content\/uploads\/2025\/12\/Jorge-Jerez-5.jpg?resize=700%2C400&ssl=1 2x"},"classes":[]},{"id":129412,"url":"https:\/\/lasprimeras.com.do\/index.php\/2026\/05\/02\/cncp-fortalece-rol-de-estabilidad-del-comercio-con-ruta-hacia-expo-provisiones-2026\/","url_meta":{"origin":124771,"position":3},"title":"CNCP fortalece rol de estabilidad del comercio con ruta hacia &#8220;Expo Provisiones 2026&#8221;","author":"Nelson Feliz","date":"2 de mayo de 2026","format":false,"excerpt":"El gremio resalta en La Romana la importancia del comercio organizado para garantizar el abastecimiento y dinamizar la econom\u00eda nacional. El Consejo Nacional del Comercio en Provisiones (CNCP) reafirm\u00f3 en la regi\u00f3n Este su papel estrat\u00e9gico en la estabilidad del mercado y el abastecimiento de bienes esenciales, durante un encuentro\u2026","rel":"","context":"En \u00abECONOM\u00cdA\u00bb","block_context":{"text":"ECONOM\u00cdA","link":"https:\/\/lasprimeras.com.do\/index.php\/category\/economia\/"},"img":{"alt_text":"","src":"https:\/\/i0.wp.com\/lasprimeras.com.do\/wp-content\/uploads\/2026\/05\/CNCP-1.jpg?resize=350%2C200&ssl=1","width":350,"height":200,"srcset":"https:\/\/i0.wp.com\/lasprimeras.com.do\/wp-content\/uploads\/2026\/05\/CNCP-1.jpg?resize=350%2C200&ssl=1 1x, https:\/\/i0.wp.com\/lasprimeras.com.do\/wp-content\/uploads\/2026\/05\/CNCP-1.jpg?resize=525%2C300&ssl=1 1.5x, https:\/\/i0.wp.com\/lasprimeras.com.do\/wp-content\/uploads\/2026\/05\/CNCP-1.jpg?resize=700%2C400&ssl=1 2x"},"classes":[]},{"id":110088,"url":"https:\/\/lasprimeras.com.do\/index.php\/2025\/09\/25\/celebran-combate-del-hambre-y-pobreza-presentados-por-abinader-en-la-onu\/","url_meta":{"origin":124771,"position":4},"title":"Celebran combate del hambre y pobreza presentados por Abinader en la ONU","author":"Nelson Feliz","date":"25 de septiembre de 2025","format":false,"excerpt":"El presidente del Consejo Nacional del Comercio en Provisiones (CNCP), Jorge Jerez, respald\u00f3 las declaraciones del presidente Luis Abinader en la 80\u00aa Asamblea General de la ONU, donde se destacaron los avances de la Rep\u00fablica Dominicana en la reducci\u00f3n del hambre y la subalimentaci\u00f3n. Jerez subray\u00f3 que los resultados expuestos\u2026","rel":"","context":"En \u00abECONOM\u00cdA\u00bb","block_context":{"text":"ECONOM\u00cdA","link":"https:\/\/lasprimeras.com.do\/index.php\/category\/economia\/"},"img":{"alt_text":"","src":"https:\/\/i0.wp.com\/lasprimeras.com.do\/wp-content\/uploads\/2025\/09\/Jorge-Jerez.jpg?resize=350%2C200&ssl=1","width":350,"height":200,"srcset":"https:\/\/i0.wp.com\/lasprimeras.com.do\/wp-content\/uploads\/2025\/09\/Jorge-Jerez.jpg?resize=350%2C200&ssl=1 1x, https:\/\/i0.wp.com\/lasprimeras.com.do\/wp-content\/uploads\/2025\/09\/Jorge-Jerez.jpg?resize=525%2C300&ssl=1 1.5x, https:\/\/i0.wp.com\/lasprimeras.com.do\/wp-content\/uploads\/2025\/09\/Jorge-Jerez.jpg?resize=700%2C400&ssl=1 2x"},"classes":[]},{"id":123848,"url":"https:\/\/lasprimeras.com.do\/index.php\/2026\/03\/05\/comerciantes-de-provisiones-advierten-aumento-en-costos-logisticos-por-conflicto-en-medio-oriente\/","url_meta":{"origin":124771,"position":5},"title":"Comerciantes de provisiones advierten aumento en costos log\u00edsticos por conflicto en Medio Oriente","author":"Nelson Feliz","date":"5 de marzo de 2026","format":false,"excerpt":"CNCP se\u00f1ala que el incremento en fletes mar\u00edtimos y seguros internacionales podr\u00eda presionar los precios de algunos productos importados en el pa\u00eds. El Consejo Nacional del Comercio de Provisiones (CNCP) expres\u00f3 su preocupaci\u00f3n por el incremento que ya comienza a registrarse en los costos de fletes internacionales y servicios log\u00edsticos\u2026","rel":"","context":"En \u00abECONOM\u00cdA\u00bb","block_context":{"text":"ECONOM\u00cdA","link":"https:\/\/lasprimeras.com.do\/index.php\/category\/economia\/"},"img":{"alt_text":"Comerciantes de provisiones","src":"https:\/\/i0.wp.com\/lasprimeras.com.do\/wp-content\/uploads\/2026\/03\/Comerciantes-de-provisiones-1.jpg?resize=350%2C200&ssl=1","width":350,"height":200,"srcset":"https:\/\/i0.wp.com\/lasprimeras.com.do\/wp-content\/uploads\/2026\/03\/Comerciantes-de-provisiones-1.jpg?resize=350%2C200&ssl=1 1x, https:\/\/i0.wp.com\/lasprimeras.com.do\/wp-content\/uploads\/2026\/03\/Comerciantes-de-provisiones-1.jpg?resize=525%2C300&ssl=1 1.5x, https:\/\/i0.wp.com\/lasprimeras.com.do\/wp-content\/uploads\/2026\/03\/Comerciantes-de-provisiones-1.jpg?resize=700%2C400&ssl=1 2x"},"classes":[]}],"jetpack_sharing_enabled":true,"_links":{"self":[{"href":"https:\/\/lasprimeras.com.do\/index.php\/wp-json\/wp\/v2\/posts\/124771","targetHints":{"allow":["GET"]}}],"collection":[{"href":"https:\/\/lasprimeras.com.do\/index.php\/wp-json\/wp\/v2\/posts"}],"about":[{"href":"https:\/\/lasprimeras.com.do\/index.php\/wp-json\/wp\/v2\/types\/post"}],"author":[{"embeddable":true,"href":"https:\/\/lasprimeras.com.do\/index.php\/wp-json\/wp\/v2\/users\/10"}],"replies":[{"embeddable":true,"href":"https:\/\/lasprimeras.com.do\/index.php\/wp-json\/wp\/v2\/comments?post=124771"}],"version-history":[{"count":1,"href":"https:\/\/lasprimeras.com.do\/index.php\/wp-json\/wp\/v2\/posts\/124771\/revisions"}],"predecessor-version":[{"id":124773,"href":"https:\/\/lasprimeras.com.do\/index.php\/wp-json\/wp\/v2\/posts\/124771\/revisions\/124773"}],"wp:featuredmedia":[{"embeddable":true,"href":"https:\/\/lasprimeras.com.do\/index.php\/wp-json\/wp\/v2\/media\/124772"}],"wp:attachment":[{"href":"https:\/\/lasprimeras.com.do\/index.php\/wp-json\/wp\/v2\/media?parent=124771"}],"wp:term":[{"taxonomy":"category","embeddable":true,"href":"https:\/\/lasprimeras.com.do\/index.php\/wp-json\/wp\/v2\/categories?post=124771"},{"taxonomy":"post_tag","embeddable":true,"href":"https:\/\/lasprimeras.com.do\/index.php\/wp-json\/wp\/v2\/tags?post=124771"}],"curies":[{"name":"wp","href":"https:\/\/api.w.org\/{rel}","templated":true}]}}