{"id":124781,"date":"2026-03-17T01:40:00","date_gmt":"2026-03-17T05:40:00","guid":{"rendered":"https:\/\/lasprimeras.com.do\/?p=124781"},"modified":"2026-03-16T23:49:40","modified_gmt":"2026-03-17T03:49:40","slug":"victor-terrero-pld-moviliza-dirigencia-por-la-contundente-victoria-de-gonzalo","status":"publish","type":"post","link":"https:\/\/lasprimeras.com.do\/index.php\/2026\/03\/17\/victor-terrero-pld-moviliza-dirigencia-por-la-contundente-victoria-de-gonzalo\/","title":{"rendered":"V\u00edctor Terrero: PLD moviliza dirigencia por la contundente victoria de Gonzalo"},"content":{"rendered":"\n<p>El miembro del Comit\u00e9 Central y Asesor de la secretaria de Salud del Partido de la Liberaci\u00f3n Dominicana (PLD), doctor V\u00edctor Manuel Terrero, manifest\u00f3 su firme respaldo a la candidatura presidencial de Gonzalo Castillo, destacando la importancia de consolidar la unidad partidaria de cara a los pr\u00f3ximos compromisos electorales.<\/p>\n\n\n\n<p>El dirigente pol\u00edtico anunci\u00f3 la celebraci\u00f3n de un &#8220;Gran Encuentro&#8221; en la provincia de Barahona, dise\u00f1ado para agrupar a las fuerzas vivas del partido morado en la regi\u00f3n sur. Este evento busca reafirmar el compromiso de la dirigencia local con el proyecto presidencial que encabeza Castillo.<\/p>\n\n\n\n<p>La actividad contar\u00e1 con la participaci\u00f3n de los miembros del Comit\u00e9 Central de la provincia, as\u00ed como de los presidentes de intermedio, municipales, de distritos municipales y dirigentes medios. Este respaldo unificado pretende demostrar la solidez de la estructura pelede\u00edsta en toda la zona costera y de la cuenca.<\/p>\n\n\n<div class=\"wp-block-image\">\n<figure class=\"alignleft size-full is-resized\"><img decoding=\"async\" width=\"1024\" height=\"1024\" src=\"https:\/\/lasprimeras.com.do\/wp-content\/uploads\/2026\/03\/WhatsApp-Image-2026-03-16-at-7.01.14-PM.jpeg\" alt=\"\" class=\"wp-image-124782\" style=\"width:430px;height:auto\" srcset=\"https:\/\/lasprimeras.com.do\/wp-content\/uploads\/2026\/03\/WhatsApp-Image-2026-03-16-at-7.01.14-PM.jpeg 1024w, https:\/\/lasprimeras.com.do\/wp-content\/uploads\/2026\/03\/WhatsApp-Image-2026-03-16-at-7.01.14-PM-300x300.jpeg 300w, https:\/\/lasprimeras.com.do\/wp-content\/uploads\/2026\/03\/WhatsApp-Image-2026-03-16-at-7.01.14-PM-150x150.jpeg 150w, https:\/\/lasprimeras.com.do\/wp-content\/uploads\/2026\/03\/WhatsApp-Image-2026-03-16-at-7.01.14-PM-768x768.jpeg 768w\" sizes=\"(max-width: 1024px) 100vw, 1024px\" \/><\/figure>\n<\/div>\n\n\n<p>Terrero hizo una invitaci\u00f3n formal y entusiasta a todos los dirigentes del PLD para que asistan masivamente al evento. Seg\u00fan explic\u00f3, la intenci\u00f3n es brindar un apoyo decisivo a quien define como la opci\u00f3n de triunfo para el partido en el nivel presidencial.<\/p>\n\n\n\n<p>La cita est\u00e1 programada para este pr\u00f3ximo domingo 22 de marzo a las 9:00 de la ma\u00f1ana. El escenario elegido es el Hotel Costa Larimar de Barahona, un punto de encuentro emblem\u00e1tico que recibir\u00e1 a la militancia para iniciar la jornada de apoyo.<\/p>\n\n\n\n<p>El exdiputado resalt\u00f3 que este encuentro no es solo un acto protocolar, sino una manifestaci\u00f3n de fuerza. Terrero motiv\u00f3 a los l\u00edderes de base a trabajar con determinaci\u00f3n para garantizar que Gonzalo Castillo alcance la presidencia de la Rep\u00fablica.<\/p>\n\n\n\n<p>Durante la convocatoria, el Dr. Terrero enfatiz\u00f3 que el evento contar\u00e1 con la presencia de figuras de alto nivel dentro de la estructura pol\u00edtica nacional del PLD. Entre los invitados confirmados se encuentra el arquitecto Andr\u00e9s Navarro, quien ha estado recorriendo el pa\u00eds en labores de coordinaci\u00f3n estrat\u00e9gica para la campa\u00f1a.<\/p>\n\n\n\n<p>Asimismo, se confirm\u00f3 la asistencia del diputado Gustavo S\u00e1nchez, cuya presencia refuerza el apoyo legislativo y pol\u00edtico al proyecto presidencial en la provincia de Barahona, sumando experiencia y liderazgo a la convocatoria nacional.<\/p>\n\n\n\n<p>Finalmente, el l\u00edder pelede\u00edsta asegur\u00f3 que Barahona se convertir\u00e1 este domingo en el epicentro del entusiasmo morado. Inst\u00f3 a la familia pelede\u00edsta a no faltar a este compromiso hist\u00f3rico que definir\u00e1 la victoria electoral en la regi\u00f3n Enriquillo y en todo el pa\u00eds.<\/p>\n","protected":false},"excerpt":{"rendered":"<p>El miembro del Comit\u00e9 Central y Asesor de la secretaria de Salud del Partido de la Liberaci\u00f3n Dominicana (PLD), doctor V\u00edctor Manuel Terrero, manifest\u00f3 su firme respaldo a la candidatura&hellip;<\/p>\n","protected":false},"author":10,"featured_media":81408,"comment_status":"open","ping_status":"open","sticky":false,"template":"","format":"standard","meta":{"content-type":"","jetpack_post_was_ever_published":false,"_jetpack_newsletter_access":"","_jetpack_dont_email_post_to_subs":false,"_jetpack_newsletter_tier_id":0,"_jetpack_memberships_contains_paywalled_content":false,"_jetpack_memberships_contains_paid_content":false,"footnotes":""},"categories":[16559,25],"tags":[11327,615,17524,4466,269,2301,2779],"class_list":["post-124781","post","type-post","status-publish","format-standard","has-post-thumbnail","hentry","category-politica","category-portada","tag-contundente","tag-dirigencia","tag-gonzalo-castillo","tag-moviliza","tag-pld","tag-victor-terrero-2","tag-victoria"],"jetpack_featured_media_url":"https:\/\/lasprimeras.com.do\/wp-content\/uploads\/2024\/04\/Victor-Manuel-Terrero.jpg","jetpack-related-posts":[{"id":116573,"url":"https:\/\/lasprimeras.com.do\/index.php\/2025\/12\/02\/dirigentes-del-pld-lanzaran-formalmente-la-candidatura-presidencial-de-gonzalo-castillo\/","url_meta":{"origin":124781,"position":0},"title":"Dirigentes del PLD lanzar\u00e1n formalmente la candidatura presidencial de Gonzalo Castillo","author":"Nelson Feliz","date":"2 de diciembre de 2025","format":false,"excerpt":"El Partido de la Liberaci\u00f3n Dominicana (PLD) se prepara para un acto de trascendencia pol\u00edtica con el lanzamiento oficial de la candidatura presidencial de Gonzalo Castillo Terrero, conocido popularmente como \"El Penco\". El evento, que se espera congregue a una nutrida representaci\u00f3n de la dirigencia y militancia del partido, busca\u2026","rel":"","context":"En \u00abPOLITICA\u00bb","block_context":{"text":"POLITICA","link":"https:\/\/lasprimeras.com.do\/index.php\/category\/politica\/"},"img":{"alt_text":"Gonzalo Castillo","src":"https:\/\/i0.wp.com\/lasprimeras.com.do\/wp-content\/uploads\/2025\/12\/Gonzalo-Castillo.jpg?resize=350%2C200&ssl=1","width":350,"height":200,"srcset":"https:\/\/i0.wp.com\/lasprimeras.com.do\/wp-content\/uploads\/2025\/12\/Gonzalo-Castillo.jpg?resize=350%2C200&ssl=1 1x, https:\/\/i0.wp.com\/lasprimeras.com.do\/wp-content\/uploads\/2025\/12\/Gonzalo-Castillo.jpg?resize=525%2C300&ssl=1 1.5x, https:\/\/i0.wp.com\/lasprimeras.com.do\/wp-content\/uploads\/2025\/12\/Gonzalo-Castillo.jpg?resize=700%2C400&ssl=1 2x"},"classes":[]},{"id":125414,"url":"https:\/\/lasprimeras.com.do\/index.php\/2026\/03\/23\/miembros-de-la-dirigencia-del-pld-que-respaldan-a-gonzalo-castillo-se-unifican-en-barahona\/","url_meta":{"origin":124781,"position":1},"title":"Miembros de la dirigencia del PLD que respaldan a Gonzalo Castillo se unifican en Barahona","author":"Nelson Feliz","date":"23 de marzo de 2026","format":false,"excerpt":"Miembros de la dirigencia del Partido de la Liberaci\u00f3n Dominicana (PLD) en Barahona que apoyan la precandidatura presidencial de Gonzalo Castillo se reunieron este domingo en una asamblea celebrada en uno de los salones del Hotel Costa Larimar. Durante el encuentro, los participantes reafirmaron su respaldo al proyecto pol\u00edtico del\u2026","rel":"","context":"En \u00abPOLITICA\u00bb","block_context":{"text":"POLITICA","link":"https:\/\/lasprimeras.com.do\/index.php\/category\/politica\/"},"img":{"alt_text":"","src":"https:\/\/i0.wp.com\/lasprimeras.com.do\/wp-content\/uploads\/2026\/03\/Miembros-de-la-dirigencia-del-PLD-que-respaldan-a-Gonzalo-Castillo-1.jpeg?resize=350%2C200&ssl=1","width":350,"height":200,"srcset":"https:\/\/i0.wp.com\/lasprimeras.com.do\/wp-content\/uploads\/2026\/03\/Miembros-de-la-dirigencia-del-PLD-que-respaldan-a-Gonzalo-Castillo-1.jpeg?resize=350%2C200&ssl=1 1x, https:\/\/i0.wp.com\/lasprimeras.com.do\/wp-content\/uploads\/2026\/03\/Miembros-de-la-dirigencia-del-PLD-que-respaldan-a-Gonzalo-Castillo-1.jpeg?resize=525%2C300&ssl=1 1.5x"},"classes":[]},{"id":104718,"url":"https:\/\/lasprimeras.com.do\/index.php\/2025\/07\/26\/muere-la-madre-del-excandidato-presidencial-del-pld-gonzalo-castillo\/","url_meta":{"origin":124781,"position":2},"title":"Muere la madre del excandidato presidencial del PLD Gonzalo Castillo","author":"Nelson Feliz","date":"26 de julio de 2025","format":false,"excerpt":"Los restos de la se\u00f1ora Terrero ser\u00e1n velados este s\u00e1bado en el Jard\u00edn Memorial. Falleci\u00f3 anoche la se\u00f1ora Miriam Terrero, madre del excandidato presidencial del Partido de la Liberaci\u00f3n Dominicana (PLD), Gonzalo Castillo. \"Con profundo dolor, informo el fallecimiento de mi madre, Miriam Terrero, la noche del 25 de julio\",\u2026","rel":"","context":"En \u00abNACIONALES\u00bb","block_context":{"text":"NACIONALES","link":"https:\/\/lasprimeras.com.do\/index.php\/category\/nacionales\/"},"img":{"alt_text":"","src":"https:\/\/i0.wp.com\/lasprimeras.com.do\/wp-content\/uploads\/2025\/07\/gonzalo.jpg?resize=350%2C200&ssl=1","width":350,"height":200,"srcset":"https:\/\/i0.wp.com\/lasprimeras.com.do\/wp-content\/uploads\/2025\/07\/gonzalo.jpg?resize=350%2C200&ssl=1 1x, https:\/\/i0.wp.com\/lasprimeras.com.do\/wp-content\/uploads\/2025\/07\/gonzalo.jpg?resize=525%2C300&ssl=1 1.5x"},"classes":[]},{"id":121875,"url":"https:\/\/lasprimeras.com.do\/index.php\/2026\/02\/11\/victor-terrero-respalda-postura-de-danilo-medina-sobre-alianzas-el-voto-del-pld-es-solo-para-la-boleta-morada\/","url_meta":{"origin":124781,"position":3},"title":"V\u00edctor Terrero respalda postura de Danilo Medina sobre alianzas: &#8220;El voto del PLD es solo para la boleta morada&#8221;","author":"Nelson Feliz","date":"11 de febrero de 2026","format":false,"excerpt":"El miembro del Comit\u00e9 Central del Partido de la Liberaci\u00f3n Dominicana (PLD), doctor V\u00edctor Manuel Terrero, manifest\u00f3 su total respaldo a las recientes declaraciones del presidente de la organizaci\u00f3n, Danilo Medina, respecto a la estrategia electoral de cara a los pr\u00f3ximos comicios. Terrero enfatiz\u00f3 que la militancia se mantiene firme\u2026","rel":"","context":"En \u00abPOLITICA\u00bb","block_context":{"text":"POLITICA","link":"https:\/\/lasprimeras.com.do\/index.php\/category\/politica\/"},"img":{"alt_text":"V\u00edctor Terrero","src":"https:\/\/i0.wp.com\/lasprimeras.com.do\/wp-content\/uploads\/2023\/07\/Victor-Terrero.jpeg?resize=350%2C200&ssl=1","width":350,"height":200,"srcset":"https:\/\/i0.wp.com\/lasprimeras.com.do\/wp-content\/uploads\/2023\/07\/Victor-Terrero.jpeg?resize=350%2C200&ssl=1 1x, https:\/\/i0.wp.com\/lasprimeras.com.do\/wp-content\/uploads\/2023\/07\/Victor-Terrero.jpeg?resize=525%2C300&ssl=1 1.5x, https:\/\/i0.wp.com\/lasprimeras.com.do\/wp-content\/uploads\/2023\/07\/Victor-Terrero.jpeg?resize=700%2C400&ssl=1 2x"},"classes":[]},{"id":105369,"url":"https:\/\/lasprimeras.com.do\/index.php\/2025\/08\/03\/gonzalo-castillo-valida-su-comite-de-base\/","url_meta":{"origin":124781,"position":4},"title":"Gonzalo Castillo valida su Comit\u00e9 de Base","author":"Nelson Feliz","date":"3 de agosto de 2025","format":false,"excerpt":"\u201cLa mayor parte de mi vida ha estado dedicada a militar en este partido\u201d. El excandidato presidencial del Partido de la Liberaci\u00f3n Dominicana (PLD), Gonzalo Castillo, realiz\u00f3 la validaci\u00f3n de su Comit\u00e9 de Base, en un acto celebrado en la Casa Nacional del PLD. Durante su intervenci\u00f3n, Castillo agradeci\u00f3 el\u2026","rel":"","context":"En \u00abPOLITICA\u00bb","block_context":{"text":"POLITICA","link":"https:\/\/lasprimeras.com.do\/index.php\/category\/politica\/"},"img":{"alt_text":"","src":"https:\/\/i0.wp.com\/lasprimeras.com.do\/wp-content\/uploads\/2025\/08\/gonzalo.jpg?resize=350%2C200&ssl=1","width":350,"height":200,"srcset":"https:\/\/i0.wp.com\/lasprimeras.com.do\/wp-content\/uploads\/2025\/08\/gonzalo.jpg?resize=350%2C200&ssl=1 1x, https:\/\/i0.wp.com\/lasprimeras.com.do\/wp-content\/uploads\/2025\/08\/gonzalo.jpg?resize=525%2C300&ssl=1 1.5x, https:\/\/i0.wp.com\/lasprimeras.com.do\/wp-content\/uploads\/2025\/08\/gonzalo.jpg?resize=700%2C400&ssl=1 2x"},"classes":[]},{"id":129263,"url":"https:\/\/lasprimeras.com.do\/index.php\/2026\/05\/01\/victor-terrero-llama-al-pueblo-a-sumarse-a-la-movilizacion-contra-la-explotacion-minera-en-san-juan\/","url_meta":{"origin":124781,"position":5},"title":"V\u00edctor Terrero llama al pueblo a sumarse a la movilizaci\u00f3n contra la explotaci\u00f3n minera en San Juan","author":"Nelson Feliz","date":"1 de mayo de 2026","format":false,"excerpt":"BARAHONA-El miembro del Comit\u00e9 Central del Partido de la Liberaci\u00f3n Dominicana (PLD), doctor V\u00edctor Manuel Terrero, manifest\u00f3 hoy su firme rechazo a los estudios t\u00e9cnicos que la empresa Gold Quest Mining pretende ejecutar en la provincia de San Juan, advirtiendo sobre las consecuencias irreversibles de la megaminer\u00eda en la zona.\u2026","rel":"","context":"En \u00abPOLITICA\u00bb","block_context":{"text":"POLITICA","link":"https:\/\/lasprimeras.com.do\/index.php\/category\/politica\/"},"img":{"alt_text":"V\u00edctor Manuel Terrero","src":"https:\/\/i0.wp.com\/lasprimeras.com.do\/wp-content\/uploads\/2024\/04\/Victor-Manuel-Terrero.jpg?resize=350%2C200&ssl=1","width":350,"height":200,"srcset":"https:\/\/i0.wp.com\/lasprimeras.com.do\/wp-content\/uploads\/2024\/04\/Victor-Manuel-Terrero.jpg?resize=350%2C200&ssl=1 1x, https:\/\/i0.wp.com\/lasprimeras.com.do\/wp-content\/uploads\/2024\/04\/Victor-Manuel-Terrero.jpg?resize=525%2C300&ssl=1 1.5x"},"classes":[]}],"jetpack_sharing_enabled":true,"_links":{"self":[{"href":"https:\/\/lasprimeras.com.do\/index.php\/wp-json\/wp\/v2\/posts\/124781","targetHints":{"allow":["GET"]}}],"collection":[{"href":"https:\/\/lasprimeras.com.do\/index.php\/wp-json\/wp\/v2\/posts"}],"about":[{"href":"https:\/\/lasprimeras.com.do\/index.php\/wp-json\/wp\/v2\/types\/post"}],"author":[{"embeddable":true,"href":"https:\/\/lasprimeras.com.do\/index.php\/wp-json\/wp\/v2\/users\/10"}],"replies":[{"embeddable":true,"href":"https:\/\/lasprimeras.com.do\/index.php\/wp-json\/wp\/v2\/comments?post=124781"}],"version-history":[{"count":1,"href":"https:\/\/lasprimeras.com.do\/index.php\/wp-json\/wp\/v2\/posts\/124781\/revisions"}],"predecessor-version":[{"id":124783,"href":"https:\/\/lasprimeras.com.do\/index.php\/wp-json\/wp\/v2\/posts\/124781\/revisions\/124783"}],"wp:featuredmedia":[{"embeddable":true,"href":"https:\/\/lasprimeras.com.do\/index.php\/wp-json\/wp\/v2\/media\/81408"}],"wp:attachment":[{"href":"https:\/\/lasprimeras.com.do\/index.php\/wp-json\/wp\/v2\/media?parent=124781"}],"wp:term":[{"taxonomy":"category","embeddable":true,"href":"https:\/\/lasprimeras.com.do\/index.php\/wp-json\/wp\/v2\/categories?post=124781"},{"taxonomy":"post_tag","embeddable":true,"href":"https:\/\/lasprimeras.com.do\/index.php\/wp-json\/wp\/v2\/tags?post=124781"}],"curies":[{"name":"wp","href":"https:\/\/api.w.org\/{rel}","templated":true}]}}