{"id":124784,"date":"2026-03-16T23:55:12","date_gmt":"2026-03-17T03:55:12","guid":{"rendered":"https:\/\/lasprimeras.com.do\/?p=124784"},"modified":"2026-03-16T23:55:14","modified_gmt":"2026-03-17T03:55:14","slug":"luis-el-gallo-dominicanos-deben-apartarse-de-la-crisis-haitiana","status":"publish","type":"post","link":"https:\/\/lasprimeras.com.do\/index.php\/2026\/03\/16\/luis-el-gallo-dominicanos-deben-apartarse-de-la-crisis-haitiana\/","title":{"rendered":"Luis \u201cEl Gallo\u201d: Dominicanos deben apartarse de la crisis haitiana"},"content":{"rendered":"\n<p>El presidente de la Uni\u00f3n Dem\u00f3\u00e7rata Cristiana \u2013UDC-, Luis Acosta Moreta, \u201cLuis El Gallo\u201d, consider\u00f3 hoy que los dominicanos se deben mantener apartados de la crisis interna de Hait\u00ed, y seguir aplicando la pol\u00edtica de deportaci\u00f3n de migrantes indocumentados.<\/p>\n\n\n\n<p>Dijo que cualquier conversaci\u00f3n que tenga lugar entre las autoridades haitianas y las dominicanas, para tratar sobre la situaci\u00f3n del vecino pa\u00eds, debe ser tratada con la mayor claridad posible.<\/p>\n\n\n\n<p>Destac\u00f3 que con los problemas haitianos se tiene que mantener el esp\u00edritu de que bajo ninguna circunstancia los dominicanos deben ser parte de las soluciones a la crisis del vecino pa\u00eds.<\/p>\n\n\n\n<p>Lo que si tenemos es que ampliar la vigilancia en la frontera, para de esa forma evitar que se contin\u00fae con la invasi\u00f3n de indocumentados, que tanto da\u00f1o hace al pa\u00eds.<\/p>\n\n\n\n<p>Enfatiz\u00f3 que desde hace a\u00f1os representantes de los Estados Unidos, Canad\u00e1 y Francia quieren doblar el pulso a las autoridades dominicanas, en lo que se refiere al control fronterizo, que permitir\u00eda la llegada de gran cantidad de indocumentados.<\/p>\n\n\n\n<p>Hoy de lo que se trata es de mantener fuera al pa\u00eds de una crisis que se eterniza por la dejadez de las grandes potencias, y las irresponsabilidades de los organismos internacionales.<\/p>\n\n\n\n<p>Asimismo, rechaz\u00f3 cualquier planteamiento donde se quiera que el pa\u00eds sirva de centro de acopio para tropas que eventualmente ir\u00edan a Hait\u00ed para combatir a las pandillas.<\/p>\n\n\n\n<p>Resalt\u00f3 que bajo ninguna circunstancia se deben establecer en suelo dominicano campamentos de refugiados, para albergar a todos los haitianos que se encuentran perjudicados por la lucha civil de baja intensidad que tiene lugar all\u00ed.<\/p>\n\n\n\n<p>Pidi\u00f3 tambi\u00e9n que se aclare todo lo referente al comercio binacional, para que el pa\u00eds no sea v\u00edctima de chantajes y cargar con obligaciones fuera de su \u00e1mbito de solidaridad.<\/p>\n\n\n\n<p>Resalt\u00f3 que la pol\u00edtica m\u00e1s correcta con Hait\u00ed es ser solidario hasta donde se pueda sin causar problemas institucionales y humanos a la Rep\u00fablica Dominicana, mientras sigue adelante la inmediata deportaci\u00f3n de todos los indocumentados.<\/p>\n","protected":false},"excerpt":{"rendered":"<p>El presidente de la Uni\u00f3n Dem\u00f3\u00e7rata Cristiana \u2013UDC-, Luis Acosta Moreta, \u201cLuis El Gallo\u201d, consider\u00f3 hoy que los dominicanos se deben mantener apartados de la crisis interna de Hait\u00ed, y&hellip;<\/p>\n","protected":false},"author":10,"featured_media":102448,"comment_status":"open","ping_status":"open","sticky":false,"template":"","format":"standard","meta":{"content-type":"","jetpack_post_was_ever_published":false,"_jetpack_newsletter_access":"","_jetpack_dont_email_post_to_subs":false,"_jetpack_newsletter_tier_id":0,"_jetpack_memberships_contains_paywalled_content":false,"_jetpack_memberships_contains_paid_content":false,"footnotes":""},"categories":[16559],"tags":[31242,264,487,1208,2447],"class_list":["post-124784","post","type-post","status-publish","format-standard","has-post-thumbnail","hentry","category-politica","tag-apartados","tag-crisis-haitiana","tag-dominicanos","tag-luis-el-gallo","tag-soluciones"],"jetpack_featured_media_url":"https:\/\/lasprimeras.com.do\/wp-content\/uploads\/2025\/07\/Luis-Acosta-Moreta.png","jetpack-related-posts":[{"id":105715,"url":"https:\/\/lasprimeras.com.do\/index.php\/2025\/08\/06\/luis-el-gallo-pide-a-rd-alerta-maxima-ante-la-ampliacion-de-la-crisis-haitiana\/","url_meta":{"origin":124784,"position":0},"title":"Luis \u201cEl Gallo\u201d pide a RD alerta m\u00e1xima ante la ampliaci\u00f3n de la crisis haitiana","author":"Nelson Feliz","date":"6 de agosto de 2025","format":false,"excerpt":"El presidente de la Uni\u00f3n Dem\u00f3crata Cristiana \u2013UDC-, Luis Acosta Moreta, Luis \u201cEl Gallo\u201d, pidi\u00f3 hoy que el pa\u00eds se mantenga en alerta m\u00e1xima, cuando se acrecienta la guerra civil de baja intensidad de Hait\u00ed, que ha llevado hasta el cierre de la embajada norteamericana. Enfatiz\u00f3 que el momento es\u2026","rel":"","context":"En \u00abPOLITICA\u00bb","block_context":{"text":"POLITICA","link":"https:\/\/lasprimeras.com.do\/index.php\/category\/politica\/"},"img":{"alt_text":"Luis Acosta Moreta","src":"https:\/\/i0.wp.com\/lasprimeras.com.do\/wp-content\/uploads\/2025\/07\/Luis-Acosta-Moreta.png?resize=350%2C200&ssl=1","width":350,"height":200},"classes":[]},{"id":112002,"url":"https:\/\/lasprimeras.com.do\/index.php\/2025\/10\/16\/advierten-crisis-alimenticia-haitiana-tiene-que-ser-resuelta-por-eeuu-y-la-onu-no-por-rd\/","url_meta":{"origin":124784,"position":1},"title":"Advierten crisis alimenticia haitiana, tiene que ser resuelta por EEUU y la ONU no por RD","author":"Nelson Feliz","date":"16 de octubre de 2025","format":false,"excerpt":"El presidente de la Uni\u00f3n Dem\u00f3crata Cristiana \u2013UDC-, Luis Acosta Moreta, Luis \u201cEl Gallo\u201d, advirti\u00f3 hoy que la crisis alimenticia que padece m\u00e1s de la mitad del pueblo haitiano debe ser resuelta por las grandes potencias, y no por la Rep\u00fablica Dominicana. Adem\u00e1s, destac\u00f3, esa crisis es ocasionada por la\u2026","rel":"","context":"En \u00abPOLITICA\u00bb","block_context":{"text":"POLITICA","link":"https:\/\/lasprimeras.com.do\/index.php\/category\/politica\/"},"img":{"alt_text":"","src":"https:\/\/i0.wp.com\/lasprimeras.com.do\/wp-content\/uploads\/2025\/10\/crisis-alimenticia-haitiana.jpeg?resize=350%2C200&ssl=1","width":350,"height":200,"srcset":"https:\/\/i0.wp.com\/lasprimeras.com.do\/wp-content\/uploads\/2025\/10\/crisis-alimenticia-haitiana.jpeg?resize=350%2C200&ssl=1 1x, https:\/\/i0.wp.com\/lasprimeras.com.do\/wp-content\/uploads\/2025\/10\/crisis-alimenticia-haitiana.jpeg?resize=525%2C300&ssl=1 1.5x, https:\/\/i0.wp.com\/lasprimeras.com.do\/wp-content\/uploads\/2025\/10\/crisis-alimenticia-haitiana.jpeg?resize=700%2C400&ssl=1 2x, https:\/\/i0.wp.com\/lasprimeras.com.do\/wp-content\/uploads\/2025\/10\/crisis-alimenticia-haitiana.jpeg?resize=1050%2C600&ssl=1 3x, https:\/\/i0.wp.com\/lasprimeras.com.do\/wp-content\/uploads\/2025\/10\/crisis-alimenticia-haitiana.jpeg?resize=1400%2C800&ssl=1 4x"},"classes":[]},{"id":103250,"url":"https:\/\/lasprimeras.com.do\/index.php\/2025\/07\/13\/luis-el-gallo-ve-preocupante-posicion-de-los-obispos-y-amnistia-internacional\/","url_meta":{"origin":124784,"position":2},"title":"Luis \u201cEl Gallo\u201d ve preocupante posici\u00f3n de los obispos y Amnist\u00eda Internacional","author":"Nelson Feliz","date":"13 de julio de 2025","format":false,"excerpt":"El presidente de la Uni\u00f3n Dem\u00f3crata Cristiana \u2013UDC-, Luis Acosta Moreta, Luis \u201cEl Gallo\u201d, pidi\u00f3 hoy el rechazo a las presiones para la fijaci\u00f3n de cuotas de braceros haitianos, que hacen los obispos cat\u00f3licos y Amnist\u00eda Internacional. Afirm\u00f3 que llama la atenci\u00f3n que al tratar el problema haitiano en el\u2026","rel":"","context":"En \u00abPOLITICA\u00bb","block_context":{"text":"POLITICA","link":"https:\/\/lasprimeras.com.do\/index.php\/category\/politica\/"},"img":{"alt_text":"","src":"https:\/\/i0.wp.com\/lasprimeras.com.do\/wp-content\/uploads\/2025\/07\/OBISPO.jpg?resize=350%2C200&ssl=1","width":350,"height":200,"srcset":"https:\/\/i0.wp.com\/lasprimeras.com.do\/wp-content\/uploads\/2025\/07\/OBISPO.jpg?resize=350%2C200&ssl=1 1x, https:\/\/i0.wp.com\/lasprimeras.com.do\/wp-content\/uploads\/2025\/07\/OBISPO.jpg?resize=525%2C300&ssl=1 1.5x, https:\/\/i0.wp.com\/lasprimeras.com.do\/wp-content\/uploads\/2025\/07\/OBISPO.jpg?resize=700%2C400&ssl=1 2x"},"classes":[]},{"id":110091,"url":"https:\/\/lasprimeras.com.do\/index.php\/2025\/09\/25\/udc-respalda-a-presidente-abinader-al-pedir-comunidad-internacional-acuda-en-auxilio-de-haiti\/","url_meta":{"origin":124784,"position":3},"title":"UDC respalda a presidente Abinader, al pedir comunidad internacional acuda en auxilio de Hait\u00ed","author":"Nelson Feliz","date":"25 de septiembre de 2025","format":false,"excerpt":"El presidente de la Uni\u00f3n Dem\u00f3crata Cristiana \u2013UDC-, Luis Acosta Moreta, Luis \u201cEl Gallo\u201d salud\u00f3 y apoy\u00f3 hoy los pronunciamientos hechos por el presidente Luis Abinader de que una fuerza multinacional es la que debe buscar la paz y la soluci\u00f3n de los problemas haitianos. Tambi\u00e9n se\u00f1al\u00f3 como trascendente la\u2026","rel":"","context":"En \u00abPOLITICA\u00bb","block_context":{"text":"POLITICA","link":"https:\/\/lasprimeras.com.do\/index.php\/category\/politica\/"},"img":{"alt_text":"","src":"https:\/\/i0.wp.com\/lasprimeras.com.do\/wp-content\/uploads\/2025\/09\/Luis-Abinader-3-1.jpg?resize=350%2C200&ssl=1","width":350,"height":200,"srcset":"https:\/\/i0.wp.com\/lasprimeras.com.do\/wp-content\/uploads\/2025\/09\/Luis-Abinader-3-1.jpg?resize=350%2C200&ssl=1 1x, https:\/\/i0.wp.com\/lasprimeras.com.do\/wp-content\/uploads\/2025\/09\/Luis-Abinader-3-1.jpg?resize=525%2C300&ssl=1 1.5x, https:\/\/i0.wp.com\/lasprimeras.com.do\/wp-content\/uploads\/2025\/09\/Luis-Abinader-3-1.jpg?resize=700%2C400&ssl=1 2x"},"classes":[]},{"id":100262,"url":"https:\/\/lasprimeras.com.do\/index.php\/2025\/06\/04\/luis-el-gallo-felicita-a-migracion-por-deportar-a-cientos-de-miles-de-haitianos\/","url_meta":{"origin":124784,"position":4},"title":"Luis \u201cEl Gallo\u201d felicita a Migraci\u00f3n por deportar a cientos de miles de haitianos","author":"Nelson Feliz","date":"4 de junio de 2025","format":false,"excerpt":"El presidente de la Uni\u00f3n Dem\u00f3crata Cristiana \u2013UDC-, Luis Acosta Moreta, Luis \u201cEl Gallo\u201d, dio hoy su respaldo a la Direcci\u00f3n General de Migraci\u00f3n, por el excelente trabajo que realiza con la deportaci\u00f3n de indocumentados. Destac\u00f3 que el vicealmirante Luis Rafael Lee Ballester ejecuta una gran labor al frente de\u2026","rel":"","context":"En \u00abPOLITICA\u00bb","block_context":{"text":"POLITICA","link":"https:\/\/lasprimeras.com.do\/index.php\/category\/politica\/"},"img":{"alt_text":"Luis Acosta Moreta","src":"https:\/\/i0.wp.com\/lasprimeras.com.do\/wp-content\/uploads\/2025\/06\/Luis-Acosta-Moreta.jpg?resize=350%2C200&ssl=1","width":350,"height":200,"srcset":"https:\/\/i0.wp.com\/lasprimeras.com.do\/wp-content\/uploads\/2025\/06\/Luis-Acosta-Moreta.jpg?resize=350%2C200&ssl=1 1x, https:\/\/i0.wp.com\/lasprimeras.com.do\/wp-content\/uploads\/2025\/06\/Luis-Acosta-Moreta.jpg?resize=525%2C300&ssl=1 1.5x, https:\/\/i0.wp.com\/lasprimeras.com.do\/wp-content\/uploads\/2025\/06\/Luis-Acosta-Moreta.jpg?resize=700%2C400&ssl=1 2x"},"classes":[]},{"id":108960,"url":"https:\/\/lasprimeras.com.do\/index.php\/2025\/09\/12\/luis-el-gallo-rechaza-cuotas-de-indocumentados-para-regularizar-el-trabajo-de-los-haitianos\/","url_meta":{"origin":124784,"position":5},"title":"Luis \u201cEl Gallo\u201d rechaza cuotas de indocumentados para regularizar el trabajo de los haitianos","author":"Nelson Feliz","date":"12 de septiembre de 2025","format":false,"excerpt":"El presidente de la Uni\u00f3n Dem\u00f3crata Cristiana -UDC-, Luis Acosta Moreta, Luis \u201cEl Gallo\u201d, plante\u00f3 hoy que es inaceptable el establecimiento de cuotas de trabajo para haitianos indocumentados, y favoreci\u00f3 que sigan las deportaciones. Dijo que el Consejo Econ\u00f3mico y Social \u2013CIES- plantea entre las conclusiones de su trabajo sobre\u2026","rel":"","context":"En \u00abPOLITICA\u00bb","block_context":{"text":"POLITICA","link":"https:\/\/lasprimeras.com.do\/index.php\/category\/politica\/"},"img":{"alt_text":"Luis Acosta Moreta","src":"https:\/\/i0.wp.com\/lasprimeras.com.do\/wp-content\/uploads\/2025\/07\/WhatsApp-Image-2025-07-25-at-9.01.49-AM.jpeg?resize=350%2C200&ssl=1","width":350,"height":200,"srcset":"https:\/\/i0.wp.com\/lasprimeras.com.do\/wp-content\/uploads\/2025\/07\/WhatsApp-Image-2025-07-25-at-9.01.49-AM.jpeg?resize=350%2C200&ssl=1 1x, https:\/\/i0.wp.com\/lasprimeras.com.do\/wp-content\/uploads\/2025\/07\/WhatsApp-Image-2025-07-25-at-9.01.49-AM.jpeg?resize=525%2C300&ssl=1 1.5x, https:\/\/i0.wp.com\/lasprimeras.com.do\/wp-content\/uploads\/2025\/07\/WhatsApp-Image-2025-07-25-at-9.01.49-AM.jpeg?resize=700%2C400&ssl=1 2x"},"classes":[]}],"jetpack_sharing_enabled":true,"_links":{"self":[{"href":"https:\/\/lasprimeras.com.do\/index.php\/wp-json\/wp\/v2\/posts\/124784","targetHints":{"allow":["GET"]}}],"collection":[{"href":"https:\/\/lasprimeras.com.do\/index.php\/wp-json\/wp\/v2\/posts"}],"about":[{"href":"https:\/\/lasprimeras.com.do\/index.php\/wp-json\/wp\/v2\/types\/post"}],"author":[{"embeddable":true,"href":"https:\/\/lasprimeras.com.do\/index.php\/wp-json\/wp\/v2\/users\/10"}],"replies":[{"embeddable":true,"href":"https:\/\/lasprimeras.com.do\/index.php\/wp-json\/wp\/v2\/comments?post=124784"}],"version-history":[{"count":1,"href":"https:\/\/lasprimeras.com.do\/index.php\/wp-json\/wp\/v2\/posts\/124784\/revisions"}],"predecessor-version":[{"id":124785,"href":"https:\/\/lasprimeras.com.do\/index.php\/wp-json\/wp\/v2\/posts\/124784\/revisions\/124785"}],"wp:featuredmedia":[{"embeddable":true,"href":"https:\/\/lasprimeras.com.do\/index.php\/wp-json\/wp\/v2\/media\/102448"}],"wp:attachment":[{"href":"https:\/\/lasprimeras.com.do\/index.php\/wp-json\/wp\/v2\/media?parent=124784"}],"wp:term":[{"taxonomy":"category","embeddable":true,"href":"https:\/\/lasprimeras.com.do\/index.php\/wp-json\/wp\/v2\/categories?post=124784"},{"taxonomy":"post_tag","embeddable":true,"href":"https:\/\/lasprimeras.com.do\/index.php\/wp-json\/wp\/v2\/tags?post=124784"}],"curies":[{"name":"wp","href":"https:\/\/api.w.org\/{rel}","templated":true}]}}