{"id":124803,"date":"2026-03-17T08:18:51","date_gmt":"2026-03-17T12:18:51","guid":{"rendered":"https:\/\/lasprimeras.com.do\/?p=124803"},"modified":"2026-03-17T08:18:54","modified_gmt":"2026-03-17T12:18:54","slug":"debil-vaguada-al-norte-provocara-chubascos-debiles-segun-informa-indomet","status":"publish","type":"post","link":"https:\/\/lasprimeras.com.do\/index.php\/2026\/03\/17\/debil-vaguada-al-norte-provocara-chubascos-debiles-segun-informa-indomet\/","title":{"rendered":"D\u00e9bil vaguada al norte provocar\u00e1 chubascos d\u00e9biles, seg\u00fan informa Indomet"},"content":{"rendered":"\n<p>Las condiciones del tiempo est\u00e1n dominadas por un sistema de alta presi\u00f3n que favorece un ambiente mayormente estable y con pocas lluvias.<\/p>\n\n\n\n<p>No obstante, una d\u00e9bil vaguada al norte y el arrastre del viento del este\/sureste, provocaran algunos chubascos d\u00e9biles y pasajeros durante la ma\u00f1ana en Saman\u00e1, San Crist\u00f3bal, Peravia, Barahona y Pedernales.<\/p>\n\n\n\n<p>En la tarde, tendremos buen tiempo en la mayor\u00eda de las provincias, aunque podr\u00edan presentarse chubascos aislados y de corta duraci\u00f3n en localidades del este\/sureste, noreste, suroeste sin descartar el gran Santo Domingo.<\/p>\n\n\n\n<p>En ambas costas del pa\u00eds, se recomienda a los operadores de embarcaciones peque\u00f1as, medianas y fr\u00e1giles permanecer en puerto debido a oleaje peligroso y vientos moderados a fuertes.<\/p>\n\n\n\n<p>Las temperaturas estar\u00e1n ligeramente calurosas durante el d\u00eda, torn\u00e1ndose agradables durante la noche y la madrugada, especialmente en zonas de monta\u00f1as y valles del interior, donde podr\u00edan ocurrir nieblas o neblinas nocturnas y matutinas.<\/p>\n\n\n\n<p>Para ma\u00f1ana mi\u00e9rcoles, durante la madrugada, la d\u00e9bil vaguada al norte de Puerto Rico estar\u00e1 provocando algunos aumentos de nubosidad que podr\u00edan generar lluvias d\u00e9biles y pasajeras en provincias &nbsp;como: La Altagracia, El Seibo y Saman\u00e1.<\/p>\n\n\n\n<p>En el resto del pa\u00eds tendremos buen tiempo meteorol\u00f3gico.<\/p>\n\n\n\n<p>En la tarde, el viento c\u00e1lido del sureste, podr\u00eda provocar &nbsp;algunas lluvias pasajeras en: La Romana, San Pedro de Macor\u00eds, Hato Mayor, el Gran Santo Domingo, San Crist\u00f3bal, Peravia, Azua, Barahona y Pedernales, pudiendo afectar la Cordillera Central y el valle del Cibao hasta las primeras horas de la noche, luego pasamos a nubes dispersas.<\/p>\n\n\n\n<p>Distrito Nacional:escasas nubes.<\/p>\n\n\n\n<p>Santo Domingo Norte:nubes dispersas.<\/p>\n\n\n\n<p>Santo Domingo Este:nubes aisladas.<\/p>\n\n\n\n<p>Santo Domingo Oeste:posibles chubascos pasajeros.<\/p>\n\n\n\n<p>Temperaturas:m\u00ednimas entre20 \u00b0C y 22 \u00b0C, y m\u00e1ximas entre29 \u00b0C y 31 \u00b0C.<\/p>\n","protected":false},"excerpt":{"rendered":"<p>Las condiciones del tiempo est\u00e1n dominadas por un sistema de alta presi\u00f3n que favorece un ambiente mayormente estable y con pocas lluvias. No obstante, una d\u00e9bil vaguada al norte y&hellip;<\/p>\n","protected":false},"author":10,"featured_media":112716,"comment_status":"open","ping_status":"open","sticky":false,"template":"","format":"standard","meta":{"content-type":"","jetpack_post_was_ever_published":false,"_jetpack_newsletter_access":"","_jetpack_dont_email_post_to_subs":false,"_jetpack_newsletter_tier_id":0,"_jetpack_memberships_contains_paywalled_content":false,"_jetpack_memberships_contains_paid_content":false,"footnotes":""},"categories":[23530,25],"tags":[13553],"class_list":["post-124803","post","type-post","status-publish","format-standard","has-post-thumbnail","hentry","category-clima","category-portada","tag-indomet"],"jetpack_featured_media_url":"https:\/\/lasprimeras.com.do\/wp-content\/uploads\/2025\/10\/indomet-1.jpg","jetpack-related-posts":[{"id":122301,"url":"https:\/\/lasprimeras.com.do\/index.php\/2026\/02\/16\/indomet-vaticina-chubascos-dispersos-en-algunas-provincias-del-pais\/","url_meta":{"origin":124803,"position":0},"title":"Indomet vaticina chubascos dispersos en algunas provincias del pa\u00eds","author":"Nelson Feliz","date":"16 de febrero de 2026","format":false,"excerpt":"El Instituto Dominicano de Meteorogia inform\u00f3 que las condiciones del tiempo estar\u00e1n influenciadas, por la interacci\u00f3n del viento c\u00e1lido y h\u00famedo del este\/sureste, la incidencia indirecta de una d\u00e9bil vaguada y la orograf\u00eda local del pa\u00eds. El Indomet afirma que este sistema inducir\u00e1 que desde tempranas horas y en el\u2026","rel":"","context":"En \u00abCLIMA\u00bb","block_context":{"text":"CLIMA","link":"https:\/\/lasprimeras.com.do\/index.php\/category\/clima\/"},"img":{"alt_text":"","src":"https:\/\/i0.wp.com\/lasprimeras.com.do\/wp-content\/uploads\/2025\/10\/Indomet.jpg?resize=350%2C200&ssl=1","width":350,"height":200,"srcset":"https:\/\/i0.wp.com\/lasprimeras.com.do\/wp-content\/uploads\/2025\/10\/Indomet.jpg?resize=350%2C200&ssl=1 1x, https:\/\/i0.wp.com\/lasprimeras.com.do\/wp-content\/uploads\/2025\/10\/Indomet.jpg?resize=525%2C300&ssl=1 1.5x, https:\/\/i0.wp.com\/lasprimeras.com.do\/wp-content\/uploads\/2025\/10\/Indomet.jpg?resize=700%2C400&ssl=1 2x"},"classes":[]},{"id":119630,"url":"https:\/\/lasprimeras.com.do\/index.php\/2026\/01\/15\/vaguada-asociada-a-sistema-frontal-provocara-chubascos-matutinos-en-horas-de-la-tarde\/","url_meta":{"origin":124803,"position":1},"title":"Vaguada asociada a sistema frontal provocar\u00e1 chubascos matutinos en horas de la tarde","author":"Nelson Feliz","date":"15 de enero de 2026","format":false,"excerpt":"El Instituto Dominicano de Meteorogia inform\u00f3 que este jueves, el viento del sureste traer\u00e1 algo de humedad desde el mar Caribe, que junto a una d\u00e9bil vaguada asociada a un sistema frontal, provocar\u00e1n chubascos matutinos en provincias como La Altagracia, La Romana, San Pedro de Macor\u00eds, Santo Domingo, San Crist\u00f3bal,\u2026","rel":"","context":"En \u00abCLIMA\u00bb","block_context":{"text":"CLIMA","link":"https:\/\/lasprimeras.com.do\/index.php\/category\/clima\/"},"img":{"alt_text":"","src":"https:\/\/i0.wp.com\/lasprimeras.com.do\/wp-content\/uploads\/2025\/06\/Lluvias.jpg?resize=350%2C200&ssl=1","width":350,"height":200},"classes":[]},{"id":126952,"url":"https:\/\/lasprimeras.com.do\/index.php\/2026\/04\/07\/continuaran-los-aguaceros-por-la-incidencia-de-la-vaguada-se-mantienen-los-niveles-de-alertas\/","url_meta":{"origin":124803,"position":2},"title":"Continuar\u00e1n los aguaceros por la incidencia de la vaguada, se mantienen los niveles de alertas","author":"Nelson Feliz","date":"7 de abril de 2026","format":false,"excerpt":"El Instituto Dominicano de Meteorogia inform\u00f3 que desde la madrugada, se han estado generando lluvias de moderadas a fuertes, sobre localidades de La Romana, San Pedro de Macor\u00eds, Santo Domingo, San Crist\u00f3bal, Peravia, Azua y Barahona, se prev\u00e9 que esta actividad contin\u00fae hasta primeras horas de la ma\u00f1ana, ya que\u2026","rel":"","context":"En \u00abCLIMA\u00bb","block_context":{"text":"CLIMA","link":"https:\/\/lasprimeras.com.do\/index.php\/category\/clima\/"},"img":{"alt_text":"","src":"https:\/\/i0.wp.com\/lasprimeras.com.do\/wp-content\/uploads\/2023\/07\/lluvias-1.jpg?resize=350%2C200&ssl=1","width":350,"height":200,"srcset":"https:\/\/i0.wp.com\/lasprimeras.com.do\/wp-content\/uploads\/2023\/07\/lluvias-1.jpg?resize=350%2C200&ssl=1 1x, https:\/\/i0.wp.com\/lasprimeras.com.do\/wp-content\/uploads\/2023\/07\/lluvias-1.jpg?resize=525%2C300&ssl=1 1.5x"},"classes":[]},{"id":118062,"url":"https:\/\/lasprimeras.com.do\/index.php\/2025\/12\/21\/debil-vaguada-incidira-en-algunas-provincias-del-territorio-nacional-segun-el-informe-del-indomet\/","url_meta":{"origin":124803,"position":3},"title":"D\u00e9bil vaguada incidir\u00e1 en algunas provincias del territorio nacional, seg\u00fan el informe del Indomet","author":"Nelson Feliz","date":"21 de diciembre de 2025","format":false,"excerpt":"El Instituto Dominicano de Meteorolog\u00eda inform\u00f3 que una d\u00e9bil vaguada y la influenciada del viento predominante del este, han estado ocurriendo precipitaciones d\u00e9biles sobre algunas provincias del territorio nacional, como son: La Altagracia, el Gran Santo Domingo, (principalmente la parte norte), Saman\u00e1, Mar\u00eda Trinidad S\u00e1nchez, Duarte, S\u00e1nchez Ram\u00edrez, Puerto Plata,\u2026","rel":"","context":"En \u00abCLIMA\u00bb","block_context":{"text":"CLIMA","link":"https:\/\/lasprimeras.com.do\/index.php\/category\/clima\/"},"img":{"alt_text":"","src":"","width":0,"height":0},"classes":[]},{"id":121016,"url":"https:\/\/lasprimeras.com.do\/index.php\/2026\/01\/30\/se-aleja-sistema-frontal-y-vaguada-de-nuestra-area-no-habra-lluvias\/","url_meta":{"origin":124803,"position":4},"title":"Se aleja sistema frontal y vaguada de nuestra \u00e1rea &#8221; no habr\u00e1 lluvias &#8220;","author":"Nelson Feliz","date":"30 de enero de 2026","format":false,"excerpt":"El Instituto Dominicano de Meteorogia inform\u00f3 Hoy que contin\u00faan alej\u00e1ndose gradualmente tanto el d\u00e9bil sistema frontal como la vaguada de nuestra \u00e1rea, permitiendo el ingreso de una masa de aire m\u00e1s seca y estable, que provocar\u00e1 un ambiente con pocas nubes y escasas precipitaciones sobre gran parte del pa\u00eds durante\u2026","rel":"","context":"En \u00abNACIONALES\u00bb","block_context":{"text":"NACIONALES","link":"https:\/\/lasprimeras.com.do\/index.php\/category\/nacionales\/"},"img":{"alt_text":"Dia-Soleado","src":"https:\/\/i0.wp.com\/lasprimeras.com.do\/wp-content\/uploads\/2023\/12\/Dia-Soleado.jpg?resize=350%2C200&ssl=1","width":350,"height":200,"srcset":"https:\/\/i0.wp.com\/lasprimeras.com.do\/wp-content\/uploads\/2023\/12\/Dia-Soleado.jpg?resize=350%2C200&ssl=1 1x, https:\/\/i0.wp.com\/lasprimeras.com.do\/wp-content\/uploads\/2023\/12\/Dia-Soleado.jpg?resize=525%2C300&ssl=1 1.5x, https:\/\/i0.wp.com\/lasprimeras.com.do\/wp-content\/uploads\/2023\/12\/Dia-Soleado.jpg?resize=700%2C400&ssl=1 2x"},"classes":[]},{"id":123133,"url":"https:\/\/lasprimeras.com.do\/index.php\/2026\/02\/26\/indomet-informa-que-disminuyen-las-lluvias-y-temperaturas-calurosas\/","url_meta":{"origin":124803,"position":5},"title":"Indomet informa que disminuyen las lluvias y temperaturas calurosas","author":"Nelson Feliz","date":"26 de febrero de 2026","format":false,"excerpt":"Recomendaci\u00f3n por oleaje anormales se mantienen los niveles de alerta y aviso meteorol\u00f3gico. El Instituto Dominicano de Meteorogia inform\u00f3 hoy, jueves el sistema frontal contin\u00faa alej\u00e1ndose de nuestra \u00e1rea, lo que provocar\u00e1 una disminuci\u00f3n gradual de las precipitaciones, debido a la incidencia de una masa de aire con menor contenido\u2026","rel":"","context":"En \u00abCLIMA\u00bb","block_context":{"text":"CLIMA","link":"https:\/\/lasprimeras.com.do\/index.php\/category\/clima\/"},"img":{"alt_text":"","src":"","width":0,"height":0},"classes":[]}],"jetpack_sharing_enabled":true,"_links":{"self":[{"href":"https:\/\/lasprimeras.com.do\/index.php\/wp-json\/wp\/v2\/posts\/124803","targetHints":{"allow":["GET"]}}],"collection":[{"href":"https:\/\/lasprimeras.com.do\/index.php\/wp-json\/wp\/v2\/posts"}],"about":[{"href":"https:\/\/lasprimeras.com.do\/index.php\/wp-json\/wp\/v2\/types\/post"}],"author":[{"embeddable":true,"href":"https:\/\/lasprimeras.com.do\/index.php\/wp-json\/wp\/v2\/users\/10"}],"replies":[{"embeddable":true,"href":"https:\/\/lasprimeras.com.do\/index.php\/wp-json\/wp\/v2\/comments?post=124803"}],"version-history":[{"count":1,"href":"https:\/\/lasprimeras.com.do\/index.php\/wp-json\/wp\/v2\/posts\/124803\/revisions"}],"predecessor-version":[{"id":124804,"href":"https:\/\/lasprimeras.com.do\/index.php\/wp-json\/wp\/v2\/posts\/124803\/revisions\/124804"}],"wp:featuredmedia":[{"embeddable":true,"href":"https:\/\/lasprimeras.com.do\/index.php\/wp-json\/wp\/v2\/media\/112716"}],"wp:attachment":[{"href":"https:\/\/lasprimeras.com.do\/index.php\/wp-json\/wp\/v2\/media?parent=124803"}],"wp:term":[{"taxonomy":"category","embeddable":true,"href":"https:\/\/lasprimeras.com.do\/index.php\/wp-json\/wp\/v2\/categories?post=124803"},{"taxonomy":"post_tag","embeddable":true,"href":"https:\/\/lasprimeras.com.do\/index.php\/wp-json\/wp\/v2\/tags?post=124803"}],"curies":[{"name":"wp","href":"https:\/\/api.w.org\/{rel}","templated":true}]}}