{"id":124842,"date":"2026-03-17T15:31:46","date_gmt":"2026-03-17T19:31:46","guid":{"rendered":"https:\/\/lasprimeras.com.do\/?p=124842"},"modified":"2026-03-17T15:33:25","modified_gmt":"2026-03-17T19:33:25","slug":"presidente-abinader-visita-finca-tabacalera-la-milagrosa-de-arturo-fuente-en-monte-plata","status":"publish","type":"post","link":"https:\/\/lasprimeras.com.do\/index.php\/2026\/03\/17\/presidente-abinader-visita-finca-tabacalera-la-milagrosa-de-arturo-fuente-en-monte-plata\/","title":{"rendered":"Presidente Abinader visita finca tabacalera \u201cLa Milagrosa\u201d de Arturo Fuente en Monte Plata"},"content":{"rendered":"\n<p><strong>CEO de la empresa, Ciro Cascella valora el respaldo del Gobierno al sector tabacalero, se\u00f1alando que las pol\u00edticas p\u00fablicas han sido determinantes para su crecimiento.<\/strong><\/p>\n\n\n\n<p><strong>Director de INTABACO, Iv\u00e1n Hern\u00e1ndez, resalta que aproximadamente 1,385 millones de d\u00f3lares en divisas y produce cerca de 40,000 empleos directos en el sector de zonas francas.<\/strong><\/p>\n\n\n\n<p>El presidente Luis Abinader visit\u00f3 este martes la finca tabacalera \u201cLa Milagrosa\u201d, propiedad de la empresa Arturo Fuente, con el objetivo de replicar su moderna y avanzada tecnolog\u00eda en otras partes del pa\u00eds, a fin de seguir fortaleciendo la producci\u00f3n de capa, considerada la hoja m\u00e1s fina utilizada en la elaboraci\u00f3n de cigarros.<\/p>\n\n\n\n<p>Durante el recorrido, el CEO de la empresa, Ciro Cascella, en compa\u00f1\u00eda del presidente del consejo, Carlos Fuente, mostr\u00f3 al mandatario los avances tecnol\u00f3gicos, la inversi\u00f3n y el impacto econ\u00f3mico de este proyecto clave para el fortalecimiento de la producci\u00f3n de tabaco premium en el pa\u00eds.<\/p>\n\n\n\n<p>El CEO de Arturo Fuente tambi\u00e9n valor\u00f3 el respaldo del Gobierno al sector tabacalero, se\u00f1alando que las pol\u00edticas p\u00fablicas han sido determinantes para su crecimiento. \u201cM\u00e1s que apoyo, ha sido la ausencia de trabas lo que ha permitido que proyectos como este avancen y se consoliden\u201d, expres\u00f3.<\/p>\n\n\n\n<p>Cascella explic\u00f3 que la finca abarca unas mil tareas de tierra y representa una inversi\u00f3n superior a los RD$350 millones de pesos, consolid\u00e1ndose como una de las iniciativas m\u00e1s innovadoras del sector tabacalero dominicano gracias a la irrefutable calidad, tanto en sabor como en fabricaci\u00f3n, de sus productos.<\/p>\n\n\n\n<p>Asimismo, destac\u00f3 que el proyecto es continuidad de la visi\u00f3n iniciada hace m\u00e1s de 30 a\u00f1os por la familia Fuente, pionera en la siembra de capa de tabaco en el pa\u00eds.<\/p>\n\n\n\n<p>Tambi\u00e9n detall\u00f3 que \u201cLa Milagrosa\u201d cuenta con tecnolog\u00eda de \u00faltima generaci\u00f3n, incluyendo sistemas de irrigaci\u00f3n avanzados que permiten un riego y fertilizaci\u00f3n precisos, as\u00ed como el uso de paneles solares que aportan sostenibilidad al proceso productivo. Adem\u00e1s, dispone de seis ranchos de curado con capacidad para 50 mil libras cada uno.<\/p>\n\n\n\n<p>En el \u00e1mbito social, el ejecutivo resalt\u00f3 que la finca genera alrededor de 400 empleos directos en esta comunidad, contribuyendo significativamente al dinamismo econ\u00f3mico de la zona.<\/p>\n\n\n\n<figure class=\"wp-block-image size-full\"><img decoding=\"async\" width=\"900\" height=\"600\" src=\"https:\/\/lasprimeras.com.do\/wp-content\/uploads\/2026\/03\/Luis-Abinader-4-1.jpg\" alt=\"\" class=\"wp-image-124844\" srcset=\"https:\/\/lasprimeras.com.do\/wp-content\/uploads\/2026\/03\/Luis-Abinader-4-1.jpg 900w, https:\/\/lasprimeras.com.do\/wp-content\/uploads\/2026\/03\/Luis-Abinader-4-1-300x200.jpg 300w, https:\/\/lasprimeras.com.do\/wp-content\/uploads\/2026\/03\/Luis-Abinader-4-1-768x512.jpg 768w\" sizes=\"(max-width: 900px) 100vw, 900px\" \/><\/figure>\n\n\n\n<p><strong>Industria tabacalera impulsa empleo femenino en zonas francas<\/strong><\/p>\n\n\n\n<p>De su lado, el director del Instituto del Tabaco de la Rep\u00fablica Dominicana (INTABACO), Iv\u00e1n Hern\u00e1ndez, destac\u00f3 que el tabaco contin\u00faa siendo el principal rubro agropecuario de exportaci\u00f3n de la Rep\u00fablica Dominicana, generando aproximadamente 1,385 millones de d\u00f3lares en divisas, posicionando al pa\u00eds como l\u00edder mundial del sector.<\/p>\n\n\n\n<p>Hern\u00e1ndez, indic\u00f3 que la industria tabacalera genera cerca de 40,000 empleos directos en zonas francas, consolid\u00e1ndose como uno de los pilares fundamentales para la dinamizaci\u00f3n econ\u00f3mica y el desarrollo social del pa\u00eds.<\/p>\n\n\n\n<p>Destac\u00f3 que un 62% de estos puestos de trabajo son ocupados por mujeres, lo que evidencia el papel protag\u00f3nico del sector en la inclusi\u00f3n laboral femenina y en la promoci\u00f3n de la equidad de g\u00e9nero en este sector.<\/p>\n\n\n\n<p>Resalta transformaci\u00f3n social impulsada por la fundaci\u00f3n en comunidad tabacalera<\/p>\n\n\n\n<p>Carlos Fuente, presidente del consejo, afirm\u00f3 que un proyecto de siembra de tabaco iniciado en 1991 dio origen a una fundaci\u00f3n que ha transformado una comunidad marcada por la pobreza en un modelo de desarrollo.<\/p>\n\n\n\n<p>En ese sentido explic\u00f3 que la falta de educaci\u00f3n y el trabajo infantil lo motivaron a crear una peque\u00f1a escuela, que con el tiempo creci\u00f3 hasta convertirse en una fundaci\u00f3n que incluye centro de salud, preescolar, primaria, bachillerato t\u00e9cnico, formaci\u00f3n en enfermer\u00eda y computaci\u00f3n, adem\u00e1s de un campo de baloncesto y una academia de arte.<\/p>\n\n\n\n<p>Estuvieron presentes el ministro de Medio Ambiente y Recursos Naturales, Pa\u00edno Henr\u00edquez; los se\u00f1ores Jos\u00e9 P. Monegro; Roberto Cavada; Luisin Mej\u00eda y el ingeniero Edwin Guzm\u00e1n.<\/p>\n\n\n\n<figure class=\"wp-block-video\"><video height=\"464\" style=\"aspect-ratio: 832 \/ 464;\" width=\"832\" controls src=\"https:\/\/lasprimeras.com.do\/wp-content\/uploads\/2026\/03\/WhatsApp-Video-2026-03-17-at-3.24.32-PM.mp4\"><\/video><\/figure>\n","protected":false},"excerpt":{"rendered":"<p>CEO de la empresa, Ciro Cascella valora el respaldo del Gobierno al sector tabacalero, se\u00f1alando que las pol\u00edticas p\u00fablicas han sido determinantes para su crecimiento. Director de INTABACO, Iv\u00e1n Hern\u00e1ndez,&hellip;<\/p>\n","protected":false},"author":10,"featured_media":124843,"comment_status":"open","ping_status":"open","sticky":false,"template":"","format":"standard","meta":{"content-type":"","jetpack_post_was_ever_published":false,"_jetpack_newsletter_access":"","_jetpack_dont_email_post_to_subs":false,"_jetpack_newsletter_tier_id":0,"_jetpack_memberships_contains_paywalled_content":false,"_jetpack_memberships_contains_paid_content":false,"footnotes":""},"categories":[39,25],"tags":[31259,31258,31260,67,1298,843],"class_list":["post-124842","post","type-post","status-publish","format-standard","has-post-thumbnail","hentry","category-economia","category-portada","tag-arturo-fuente","tag-finca-tabacalera","tag-la-milagrosa","tag-luis-abinader","tag-monte-plata","tag-visita"],"jetpack_featured_media_url":"https:\/\/lasprimeras.com.do\/wp-content\/uploads\/2026\/03\/Luis-Abinader-3-3.jpg","jetpack-related-posts":[{"id":112424,"url":"https:\/\/lasprimeras.com.do\/index.php\/2025\/10\/22\/intabaco-inicia-cosecha-tabacalera-2025-2026-con-siembra-de-mas-de-160-mil-tareas\/","url_meta":{"origin":124842,"position":0},"title":"INTABACO inicia &#8220;Cosecha Tabacalera 2025-2026&#8221; con siembra de m\u00e1s de 160 mil tareas","author":"Nelson Feliz","date":"22 de octubre de 2025","format":false,"excerpt":"El Instituto del Tabaco de la Rep\u00fablica Dominicana (INTABACO) inici\u00f3 la Cosecha Tabacalera 2025-2026 con la siembra de m\u00e1s de 160 mil tareas de tabaco en Jacagua, provincia Santiago en un evento encabezado por el ministro de Industria y Comercio y Mipymes y presidente de la Mesa del Relanzamiento del\u2026","rel":"","context":"En \u00abECONOM\u00cdA\u00bb","block_context":{"text":"ECONOM\u00cdA","link":"https:\/\/lasprimeras.com.do\/index.php\/category\/economia\/"},"img":{"alt_text":"","src":"https:\/\/i0.wp.com\/lasprimeras.com.do\/wp-content\/uploads\/2025\/10\/INTABACO.jpg?resize=350%2C200&ssl=1","width":350,"height":200,"srcset":"https:\/\/i0.wp.com\/lasprimeras.com.do\/wp-content\/uploads\/2025\/10\/INTABACO.jpg?resize=350%2C200&ssl=1 1x, https:\/\/i0.wp.com\/lasprimeras.com.do\/wp-content\/uploads\/2025\/10\/INTABACO.jpg?resize=525%2C300&ssl=1 1.5x"},"classes":[]},{"id":99174,"url":"https:\/\/lasprimeras.com.do\/index.php\/2025\/05\/18\/intabaco-y-15-empresas-tabacaleras-participaran-en-feria-agroalimentaria-2025\/","url_meta":{"origin":124842,"position":1},"title":"INTABACO y 15 empresas tabacaleras participar\u00e1n en Feria Agroalimentaria 2025","author":"Nelson Feliz","date":"18 de mayo de 2025","format":false,"excerpt":"Ha sido habilitado un sal\u00f3n de Tabaco y Ron en donde ser\u00e1n exhibidos cigarros premium dominicanos y otros productos. El Instituto del Tabaco de la Rep\u00fablica Dominicana (INTABACO) junto a 15 empresas tabacaleras participar\u00e1n en la Feria Agroalimentaria 2025, que se celebrar\u00e1 desde el mi\u00e9rcoles 28 al s\u00e1bado 31 de\u2026","rel":"","context":"En \u00abECONOM\u00cdA\u00bb","block_context":{"text":"ECONOM\u00cdA","link":"https:\/\/lasprimeras.com.do\/index.php\/category\/economia\/"},"img":{"alt_text":"Iv\u00e1n Hern\u00e1ndez Guzm\u00e1n","src":"https:\/\/i0.wp.com\/lasprimeras.com.do\/wp-content\/uploads\/2025\/05\/Ivan-Hernandez-Guzman-2.jpg?resize=350%2C200&ssl=1","width":350,"height":200,"srcset":"https:\/\/i0.wp.com\/lasprimeras.com.do\/wp-content\/uploads\/2025\/05\/Ivan-Hernandez-Guzman-2.jpg?resize=350%2C200&ssl=1 1x, https:\/\/i0.wp.com\/lasprimeras.com.do\/wp-content\/uploads\/2025\/05\/Ivan-Hernandez-Guzman-2.jpg?resize=525%2C300&ssl=1 1.5x, https:\/\/i0.wp.com\/lasprimeras.com.do\/wp-content\/uploads\/2025\/05\/Ivan-Hernandez-Guzman-2.jpg?resize=700%2C400&ssl=1 2x"},"classes":[]},{"id":101965,"url":"https:\/\/lasprimeras.com.do\/index.php\/2025\/06\/29\/abinader-enumera-obras-que-ha-estado-construyendo-su-gobierno-en-santiago\/","url_meta":{"origin":124842,"position":2},"title":"Abinader enumera obras que ha estado construyendo su gobierno en Santiago","author":"Nelson Feliz","date":"29 de junio de 2025","format":false,"excerpt":"Dice choferes ser\u00e1n incluidos en plan de transporte y asegura tendr\u00e1n m\u00e1s beneficios Inaugura obras de agua potable, recorre centro hist\u00f3rico y asiste a inauguraci\u00f3n nueva f\u00e1brica tabacalera El presidente Luis Abinader enumer\u00f3 este domingo las obras transformadoras que est\u00e1 llevando a cabo su Gobierno en la ciudad de Santiago,\u2026","rel":"","context":"En \u00abECONOM\u00cdA\u00bb","block_context":{"text":"ECONOM\u00cdA","link":"https:\/\/lasprimeras.com.do\/index.php\/category\/economia\/"},"img":{"alt_text":"","src":"https:\/\/i0.wp.com\/lasprimeras.com.do\/wp-content\/uploads\/2025\/06\/Luis-Abinader-y.jpg?resize=350%2C200&ssl=1","width":350,"height":200,"srcset":"https:\/\/i0.wp.com\/lasprimeras.com.do\/wp-content\/uploads\/2025\/06\/Luis-Abinader-y.jpg?resize=350%2C200&ssl=1 1x, https:\/\/i0.wp.com\/lasprimeras.com.do\/wp-content\/uploads\/2025\/06\/Luis-Abinader-y.jpg?resize=525%2C300&ssl=1 1.5x, https:\/\/i0.wp.com\/lasprimeras.com.do\/wp-content\/uploads\/2025\/06\/Luis-Abinader-y.jpg?resize=700%2C400&ssl=1 2x"},"classes":[]},{"id":104130,"url":"https:\/\/lasprimeras.com.do\/index.php\/2025\/07\/21\/abinader-el-tabaco-dominicano-supera-los-us1340-millones-en-exportaciones-y-122-mil-empleos\/","url_meta":{"origin":124842,"position":3},"title":"Abinader : &#8220;El tabaco dominicano supera los US$1,340 millones en exportaciones y 122 mil empleos&#8221;","author":"Nelson Feliz","date":"21 de julio de 2025","format":false,"excerpt":"El mandatario tambi\u00e9n explic\u00f3 el sector tabacalero representa el 10\u202f% de todas las exportaciones nacionales, con m\u00e1s de 330 mil quintales producidos y liderazgo mundial en cigarros premium; motor clave de desarrollo en 15 provincias del pa\u00eds, siendo l\u00edderes mundiales en calidad y el mejor cigarro del mundo. El presidente\u2026","rel":"","context":"En \u00abECONOM\u00cdA\u00bb","block_context":{"text":"ECONOM\u00cdA","link":"https:\/\/lasprimeras.com.do\/index.php\/category\/economia\/"},"img":{"alt_text":"","src":"https:\/\/i0.wp.com\/lasprimeras.com.do\/wp-content\/uploads\/2025\/07\/Luis-Abinader-1-4.jpg?resize=350%2C200&ssl=1","width":350,"height":200,"srcset":"https:\/\/i0.wp.com\/lasprimeras.com.do\/wp-content\/uploads\/2025\/07\/Luis-Abinader-1-4.jpg?resize=350%2C200&ssl=1 1x, https:\/\/i0.wp.com\/lasprimeras.com.do\/wp-content\/uploads\/2025\/07\/Luis-Abinader-1-4.jpg?resize=525%2C300&ssl=1 1.5x, https:\/\/i0.wp.com\/lasprimeras.com.do\/wp-content\/uploads\/2025\/07\/Luis-Abinader-1-4.jpg?resize=700%2C400&ssl=1 2x"},"classes":[]},{"id":123574,"url":"https:\/\/lasprimeras.com.do\/index.php\/2026\/03\/02\/industria-del-tabaco-impulsa-la-economia-afirma-la-vicepresidenta-raquel-pena\/","url_meta":{"origin":124842,"position":4},"title":"Industria del tabaco impulsa la econom\u00eda, afirma la vicepresidenta Raquel Pe\u00f1a","author":"Nelson Feliz","date":"2 de marzo de 2026","format":false,"excerpt":"-Destac\u00f3 que los EE.UU. es el principal socio comercial a donde se exporta 1,066 millones de d\u00f3lares. El producto llega a 142 pa\u00edses. La vicepresidenta de la Rep\u00fablica, Raquel Pe\u00f1a, destac\u00f3 que la industria del tabaco genera 1,359 millones de d\u00f3lares anuales en exportaciones, posicion\u00e1ndose como un motor clave de\u2026","rel":"","context":"En \u00abECONOM\u00cdA\u00bb","block_context":{"text":"ECONOM\u00cdA","link":"https:\/\/lasprimeras.com.do\/index.php\/category\/economia\/"},"img":{"alt_text":"Industria del tabaco","src":"https:\/\/i0.wp.com\/lasprimeras.com.do\/wp-content\/uploads\/2026\/03\/Industria-del-tabaco-1.jpg?resize=350%2C200&ssl=1","width":350,"height":200,"srcset":"https:\/\/i0.wp.com\/lasprimeras.com.do\/wp-content\/uploads\/2026\/03\/Industria-del-tabaco-1.jpg?resize=350%2C200&ssl=1 1x, https:\/\/i0.wp.com\/lasprimeras.com.do\/wp-content\/uploads\/2026\/03\/Industria-del-tabaco-1.jpg?resize=525%2C300&ssl=1 1.5x, https:\/\/i0.wp.com\/lasprimeras.com.do\/wp-content\/uploads\/2026\/03\/Industria-del-tabaco-1.jpg?resize=700%2C400&ssl=1 2x"},"classes":[]},{"id":128478,"url":"https:\/\/lasprimeras.com.do\/index.php\/2026\/04\/23\/rd-mantiene-liderazgo-mundial-en-elaboracion-y-exportacion-de-cigarros-premium\/","url_meta":{"origin":124842,"position":5},"title":"RD mantiene liderazgo mundial en elaboraci\u00f3n y exportaci\u00f3n de cigarros premium","author":"Nelson Feliz","date":"23 de abril de 2026","format":false,"excerpt":"En el pa\u00eds se elaboran m\u00e1s de 196 millones de cigarros premium al a\u00f1o, seg\u00fan inform\u00f3 el director de la entidad, al participar en una convenci\u00f3n internacional de cigarros en los Estados Unidos. NEW ORLEANS, Estados Unidos. \u2013El director del Instituto del Tabaco de la Rep\u00fablica Dominicana (INTABACO), Iv\u00e1n Hern\u00e1ndez\u2026","rel":"","context":"En \u00abECONOM\u00cdA\u00bb","block_context":{"text":"ECONOM\u00cdA","link":"https:\/\/lasprimeras.com.do\/index.php\/category\/economia\/"},"img":{"alt_text":"","src":"https:\/\/i0.wp.com\/lasprimeras.com.do\/wp-content\/uploads\/2026\/04\/ivan-Guzman.jpg?resize=350%2C200&ssl=1","width":350,"height":200,"srcset":"https:\/\/i0.wp.com\/lasprimeras.com.do\/wp-content\/uploads\/2026\/04\/ivan-Guzman.jpg?resize=350%2C200&ssl=1 1x, https:\/\/i0.wp.com\/lasprimeras.com.do\/wp-content\/uploads\/2026\/04\/ivan-Guzman.jpg?resize=525%2C300&ssl=1 1.5x, https:\/\/i0.wp.com\/lasprimeras.com.do\/wp-content\/uploads\/2026\/04\/ivan-Guzman.jpg?resize=700%2C400&ssl=1 2x"},"classes":[]}],"jetpack_sharing_enabled":true,"_links":{"self":[{"href":"https:\/\/lasprimeras.com.do\/index.php\/wp-json\/wp\/v2\/posts\/124842","targetHints":{"allow":["GET"]}}],"collection":[{"href":"https:\/\/lasprimeras.com.do\/index.php\/wp-json\/wp\/v2\/posts"}],"about":[{"href":"https:\/\/lasprimeras.com.do\/index.php\/wp-json\/wp\/v2\/types\/post"}],"author":[{"embeddable":true,"href":"https:\/\/lasprimeras.com.do\/index.php\/wp-json\/wp\/v2\/users\/10"}],"replies":[{"embeddable":true,"href":"https:\/\/lasprimeras.com.do\/index.php\/wp-json\/wp\/v2\/comments?post=124842"}],"version-history":[{"count":2,"href":"https:\/\/lasprimeras.com.do\/index.php\/wp-json\/wp\/v2\/posts\/124842\/revisions"}],"predecessor-version":[{"id":124848,"href":"https:\/\/lasprimeras.com.do\/index.php\/wp-json\/wp\/v2\/posts\/124842\/revisions\/124848"}],"wp:featuredmedia":[{"embeddable":true,"href":"https:\/\/lasprimeras.com.do\/index.php\/wp-json\/wp\/v2\/media\/124843"}],"wp:attachment":[{"href":"https:\/\/lasprimeras.com.do\/index.php\/wp-json\/wp\/v2\/media?parent=124842"}],"wp:term":[{"taxonomy":"category","embeddable":true,"href":"https:\/\/lasprimeras.com.do\/index.php\/wp-json\/wp\/v2\/categories?post=124842"},{"taxonomy":"post_tag","embeddable":true,"href":"https:\/\/lasprimeras.com.do\/index.php\/wp-json\/wp\/v2\/tags?post=124842"}],"curies":[{"name":"wp","href":"https:\/\/api.w.org\/{rel}","templated":true}]}}