{"id":125263,"date":"2026-03-20T22:38:58","date_gmt":"2026-03-21T02:38:58","guid":{"rendered":"https:\/\/lasprimeras.com.do\/?p=125263"},"modified":"2026-03-20T22:39:00","modified_gmt":"2026-03-21T02:39:00","slug":"mitur-presenta-estrategias-de-innovacion-turistica-a-estudiantes-de-la-university-of-pennsylvania","status":"publish","type":"post","link":"https:\/\/lasprimeras.com.do\/index.php\/2026\/03\/20\/mitur-presenta-estrategias-de-innovacion-turistica-a-estudiantes-de-la-university-of-pennsylvania\/","title":{"rendered":"MITUR presenta estrategias de innovaci\u00f3n tur\u00edstica a estudiantes de la University of Pennsylvania"},"content":{"rendered":"\n<p class=\"wp-block-paragraph\"><strong>Los j\u00f3venes participaron en una conferencia sobre inteligencia de datos aplicada al turismo.<\/strong><\/p>\n\n\n\n<p class=\"wp-block-paragraph\">El Ministerio de Turismo acogi\u00f3 la visita acad\u00e9mica, compuesta por 14 estudiantes del The Lauder Institute de la University of Pennsylvania (Wharton School &amp; School of Arts and Sciences).<\/p>\n\n\n\n<p class=\"wp-block-paragraph\">Durante esta jornada de intercambio, los participantes tuvieron la oportunidad de profundizar en las estrategias e iniciativas que han consolidado al pa\u00eds como un referente tur\u00edstico en la regi\u00f3n.<\/p>\n\n\n\n<p class=\"wp-block-paragraph\">La actividad, realizada en el sal\u00f3n multiusos del MITUR y coordinada por la Direcci\u00f3n de Formaci\u00f3n y Extensi\u00f3n Comunitaria, permiti\u00f3 a los estudiantes conocer de manera integral el funcionamiento del sector tur\u00edstico dominicano, con \u00e9nfasis en el uso de la innovaci\u00f3n y la inteligencia de datos para la toma de decisiones.<\/p>\n\n\n\n<p class=\"wp-block-paragraph\">Durante el encuentro, los participantes asistieron a la conferencia \u201cData Intelligence in the Tourism Sector\u201d, impartida por Liliana Cruz, directora de Inteligencia del MITUR, quien explic\u00f3 c\u00f3mo el an\u00e1lisis de datos permite identificar tendencias, optimizar estrategias y fortalecer la competitividad de los destinos tur\u00edsticos.<\/p>\n\n\n\n<p class=\"wp-block-paragraph\">Asimismo, destac\u00f3 los altos niveles de satisfacci\u00f3n de los visitantes como un indicador clave del desempe\u00f1o del sector. En la jornada tambi\u00e9n participaron Sakeydi de Jes\u00fas, de la Direcci\u00f3n de Estudios Econ\u00f3micos, y Melissa Mercedes, encargada del Departamento de An\u00e1lisis de la Oferta de la Direcci\u00f3n de Inteligencia.<\/p>\n\n\n\n<p class=\"wp-block-paragraph\">Las palabras de bienvenida estuvieron a cargo de Manuel Pacheco, analista de la Direcci\u00f3n de Formaci\u00f3n y Extensi\u00f3n Comunitaria, quien subray\u00f3 la importancia de estos espacios para fomentar el aprendizaje y el inter\u00e9s en el turismo como motor de desarrollo.<\/p>\n\n\n\n<p class=\"wp-block-paragraph\">Como parte de la experiencia, los visitantes disfrutaron de una muestra cultural a cargo del ballet folkl\u00f3rico del MITUR, as\u00ed como de una degustaci\u00f3n de dulces t\u00edpicos dominicanos, resaltando la riqueza cultural y gastron\u00f3mica del pa\u00eds como pilares de su identidad tur\u00edstica.<\/p>\n\n\n\n<p class=\"wp-block-paragraph\">Esta visita fortalece los v\u00ednculos acad\u00e9micos con instituciones internacionales y reafirma el posicionamiento de Rep\u00fablica Dominicana como un destino que integra innovaci\u00f3n, cultura y desarrollo sostenible en su estrategia tur\u00edstica.<\/p>\n","protected":false},"excerpt":{"rendered":"<p>Los j\u00f3venes participaron en una conferencia sobre inteligencia de datos aplicada al turismo. El Ministerio de Turismo acogi\u00f3 la visita acad\u00e9mica, compuesta por 14 estudiantes del The Lauder Institute de&hellip;<\/p>\n","protected":false},"author":10,"featured_media":125264,"comment_status":"open","ping_status":"open","sticky":false,"template":"","format":"standard","meta":{"content-type":"","_jetpack_newsletter_access":"","_jetpack_dont_email_post_to_subs":false,"_jetpack_newsletter_tier_id":0,"_jetpack_memberships_contains_paywalled_content":false,"_jetpack_feature_clip_id":0,"_jetpack_memberships_contains_paid_content":false,"footnotes":"","jetpack_post_was_ever_published":false},"categories":[376],"tags":[3566,524,645,973,2216,31391],"class_list":["post-125263","post","type-post","status-publish","format-standard","has-post-thumbnail","hentry","category-turismo","tag-estrategias","tag-estudiantes","tag-innovacion","tag-mitur","tag-turistica","tag-university-of-pennsylvania"],"jetpack-related-posts":[{"id":50020,"url":"https:\/\/lasprimeras.com.do\/index.php\/2023\/05\/16\/mitur-y-omt-buscan-desarrollar-un-turismo-mas-amigable-con-el-medio-ambiente-en-rd\/","url_meta":{"origin":125263,"position":0},"title":"Mitur y OMT buscan desarrollar un turismo \u201cm\u00e1s amigable\u201d con el medio ambiente en RD","author":"prenxa100","date":"16 de mayo de 2023","format":false,"excerpt":"La Altagracia.-.Luego de 15 a\u00f1os, el Ministerio de Turismo dominicano volvi\u00f3 a participar en un foro internacional realizado por la Organizaci\u00f3n Mundial de Turismo (OMT). As\u00ed lo expresaron el ministro David Collado y el secretario general de la OMT, Zurab Pololikashvili, quienes encabezaron este martes el primer foro internacional \u201cTurismo\u2026","rel":"","context":"En \u00abTURISMO\u00bb","block_context":{"text":"TURISMO","link":"https:\/\/lasprimeras.com.do\/index.php\/category\/turismo\/"},"img":{"alt_text":"","src":"","width":0,"height":0},"classes":[]},{"id":49286,"url":"https:\/\/lasprimeras.com.do\/index.php\/2023\/05\/09\/fallece-orfila-salazar-encargada-de-cruceros-del-mitur\/","url_meta":{"origin":125263,"position":1},"title":"Fallece Orfila Salazar, encargada de Cruceros del MITUR","author":"prenxa100","date":"9 de mayo de 2023","format":false,"excerpt":"Santo Domingo. - El Ministerio de Turismo (MITUR) lamenta profundamente el sorpresivo fallecimiento de la encargada del departamento de Cruceros de esta instituci\u00f3n, Orfila Salazar Sim\u00f3, tras padecer quebrantos de salud en una cl\u00ednica privada de la capital. Sus restos ser\u00e1n velados en la funeraria Blandino de la avenida Abraham\u2026","rel":"","context":"En \u00abNACIONALES\u00bb","block_context":{"text":"NACIONALES","link":"https:\/\/lasprimeras.com.do\/index.php\/category\/nacionales\/"},"img":{"alt_text":"","src":"","width":0,"height":0},"classes":[]},{"id":86963,"url":"https:\/\/lasprimeras.com.do\/index.php\/2024\/08\/04\/viceministro-de-turismo-llama-a-eliminar-el-plastico-de-pedernales-para-tener-un-turismo-sostenible\/","url_meta":{"origin":125263,"position":2},"title":"Viceministro de Turismo llama a eliminar el pl\u00e1stico de Pedernales para tener un turismo sostenible","author":"Nelson Feliz","date":"4 de agosto de 2024","format":false,"excerpt":"El viceministro de Turismo, Carlos Peguero, dice que desde el MITUR hay una clara visi\u00f3n para enfrentar ese desaf\u00edo. M\u00e9xico. -El viceministro de Turismo, Carlos Peguero dijo que hacer de Pedernales un destino tur\u00edstico verdaderamente sostenido, con programas tan puntuales como la eliminaci\u00f3n del pl\u00e1stico es una prioridad para tener\u2026","rel":"","context":"En \u00abTURISMO\u00bb","block_context":{"text":"TURISMO","link":"https:\/\/lasprimeras.com.do\/index.php\/category\/turismo\/"},"img":{"alt_text":"Carlos Peguero, viceministro Turismo RD","src":"https:\/\/i0.wp.com\/lasprimeras.com.do\/wp-content\/uploads\/2024\/08\/Carlos-Peguero-viceministro-Turismo-RD.jpg?resize=350%2C200&ssl=1","width":350,"height":200,"srcset":"https:\/\/i0.wp.com\/lasprimeras.com.do\/wp-content\/uploads\/2024\/08\/Carlos-Peguero-viceministro-Turismo-RD.jpg?resize=350%2C200&ssl=1 1x, https:\/\/i0.wp.com\/lasprimeras.com.do\/wp-content\/uploads\/2024\/08\/Carlos-Peguero-viceministro-Turismo-RD.jpg?resize=525%2C300&ssl=1 1.5x, https:\/\/i0.wp.com\/lasprimeras.com.do\/wp-content\/uploads\/2024\/08\/Carlos-Peguero-viceministro-Turismo-RD.jpg?resize=700%2C400&ssl=1 2x"},"classes":[]},{"id":136177,"url":"https:\/\/lasprimeras.com.do\/index.php\/2026\/07\/31\/presidente-abinader-entrega-la-nueva-playa-el-faro-en-san-pedro-de-macoris\/","url_meta":{"origin":125263,"position":3},"title":"Presidente Abinader entrega la nueva playa El Faro en San Pedro de Macor\u00eds","author":"Nelson Feliz","date":"31 de julio de 2026","format":false,"excerpt":"El proyecto, ejecutado por el Ministerio de Turismo, represent\u00f3 una inversi\u00f3n de RD 67 millones y revitaliza el litoral petromacorisano. San Pedro de Macor\u00eds.\u2013 El presidente Luis Abinader inaugur\u00f3 este viernes el remozamiento y acondicionamiento de la playa El Faro, una obra reclamada por a\u00f1os y ejecutada por el Ministerio\u2026","rel":"","context":"En \u00abTURISMO\u00bb","block_context":{"text":"TURISMO","link":"https:\/\/lasprimeras.com.do\/index.php\/category\/turismo\/"},"img":{"alt_text":"Zonas Tur\u00edsticas","src":"https:\/\/i0.wp.com\/lasprimeras.com.do\/wp-content\/uploads\/2026\/07\/Zonas-Turisticas.jpg?resize=350%2C200&ssl=1","width":350,"height":200,"srcset":"https:\/\/i0.wp.com\/lasprimeras.com.do\/wp-content\/uploads\/2026\/07\/Zonas-Turisticas.jpg?resize=350%2C200&ssl=1 1x, https:\/\/i0.wp.com\/lasprimeras.com.do\/wp-content\/uploads\/2026\/07\/Zonas-Turisticas.jpg?resize=525%2C300&ssl=1 1.5x, https:\/\/i0.wp.com\/lasprimeras.com.do\/wp-content\/uploads\/2026\/07\/Zonas-Turisticas.jpg?resize=700%2C400&ssl=1 2x"},"classes":[]},{"id":129393,"url":"https:\/\/lasprimeras.com.do\/index.php\/2026\/05\/02\/denuncian-retrasos-de-hasta-cuatro-meses-en-pagos-del-mitur-a-medios-de-comunicacion\/","url_meta":{"origin":125263,"position":4},"title":"Denuncian retrasos de hasta cuatro meses en pagos del MiTur a medios de comunicaci\u00f3n","author":"Nelson Feliz","date":"2 de mayo de 2026","format":false,"excerpt":"El comunicador Robert Gonel denunci\u00f3 p\u00fablicamente que el Ministerio de Turismo de la Rep\u00fablica Dominicana estar\u00eda incurriendo en retrasos de hasta cuatro meses en el pago de facturas por concepto de publicidad a medios de comunicaci\u00f3n. Seg\u00fan Gonel, la situaci\u00f3n ha generado una crisis financiera en numerosas empresas medi\u00e1ticas que\u2026","rel":"","context":"En \u00abECONOM\u00cdA\u00bb","block_context":{"text":"ECONOM\u00cdA","link":"https:\/\/lasprimeras.com.do\/index.php\/category\/economia\/"},"img":{"alt_text":"","src":"https:\/\/i0.wp.com\/lasprimeras.com.do\/wp-content\/uploads\/2026\/05\/David-Collado.jpg?resize=350%2C200&ssl=1","width":350,"height":200,"srcset":"https:\/\/i0.wp.com\/lasprimeras.com.do\/wp-content\/uploads\/2026\/05\/David-Collado.jpg?resize=350%2C200&ssl=1 1x, https:\/\/i0.wp.com\/lasprimeras.com.do\/wp-content\/uploads\/2026\/05\/David-Collado.jpg?resize=525%2C300&ssl=1 1.5x, https:\/\/i0.wp.com\/lasprimeras.com.do\/wp-content\/uploads\/2026\/05\/David-Collado.jpg?resize=700%2C400&ssl=1 2x"},"classes":[]},{"id":69254,"url":"https:\/\/lasprimeras.com.do\/index.php\/2023\/11\/30\/realizan-primera-mesa-intersectorial-viajes-y-turismo-en-rd-como-entorno-protector-de-la-ninez-y-adolescencia\/","url_meta":{"origin":125263,"position":5},"title":"Realizan primera Mesa Intersectorial \u201cViajes y Turismo en RD como entorno protector de la ni\u00f1ez y adolescencia\u201d","author":"Nelson Feliz","date":"30 de noviembre de 2023","format":false,"excerpt":"El Ministerio de Turismo de Rep\u00fablica Dominicana celebra por primera vez, junto a UNICEF, UNIBE y ECPAT Internacional, la mesa de trabajo que tiene por objetivo abordar temas de inter\u00e9s y establecer acciones y buenas pr\u00e1cticas para proteger la ni\u00f1ez y adolescencia en el sector tur\u00edstico. El evento se desarrolla\u2026","rel":"","context":"En \u00abTURISMO\u00bb","block_context":{"text":"TURISMO","link":"https:\/\/lasprimeras.com.do\/index.php\/category\/turismo\/"},"img":{"alt_text":"Angelita Duarte, ministra Turismo Paraguay","src":"https:\/\/i0.wp.com\/lasprimeras.com.do\/wp-content\/uploads\/2023\/11\/Angelita-Duarte-ministra-Turismo-Paraguay.jpg?resize=350%2C200&ssl=1","width":350,"height":200,"srcset":"https:\/\/i0.wp.com\/lasprimeras.com.do\/wp-content\/uploads\/2023\/11\/Angelita-Duarte-ministra-Turismo-Paraguay.jpg?resize=350%2C200&ssl=1 1x, https:\/\/i0.wp.com\/lasprimeras.com.do\/wp-content\/uploads\/2023\/11\/Angelita-Duarte-ministra-Turismo-Paraguay.jpg?resize=525%2C300&ssl=1 1.5x, https:\/\/i0.wp.com\/lasprimeras.com.do\/wp-content\/uploads\/2023\/11\/Angelita-Duarte-ministra-Turismo-Paraguay.jpg?resize=700%2C400&ssl=1 2x"},"classes":[]}],"jetpack_sharing_enabled":true,"jetpack_featured_media_url":"https:\/\/lasprimeras.com.do\/wp-content\/uploads\/2026\/03\/mitur-1.jpg","_links":{"self":[{"href":"https:\/\/lasprimeras.com.do\/index.php\/wp-json\/wp\/v2\/posts\/125263","targetHints":{"allow":["GET"]}}],"collection":[{"href":"https:\/\/lasprimeras.com.do\/index.php\/wp-json\/wp\/v2\/posts"}],"about":[{"href":"https:\/\/lasprimeras.com.do\/index.php\/wp-json\/wp\/v2\/types\/post"}],"author":[{"embeddable":true,"href":"https:\/\/lasprimeras.com.do\/index.php\/wp-json\/wp\/v2\/users\/10"}],"replies":[{"embeddable":true,"href":"https:\/\/lasprimeras.com.do\/index.php\/wp-json\/wp\/v2\/comments?post=125263"}],"version-history":[{"count":1,"href":"https:\/\/lasprimeras.com.do\/index.php\/wp-json\/wp\/v2\/posts\/125263\/revisions"}],"predecessor-version":[{"id":125265,"href":"https:\/\/lasprimeras.com.do\/index.php\/wp-json\/wp\/v2\/posts\/125263\/revisions\/125265"}],"wp:featuredmedia":[{"embeddable":true,"href":"https:\/\/lasprimeras.com.do\/index.php\/wp-json\/wp\/v2\/media\/125264"}],"wp:attachment":[{"href":"https:\/\/lasprimeras.com.do\/index.php\/wp-json\/wp\/v2\/media?parent=125263"}],"wp:term":[{"taxonomy":"category","embeddable":true,"href":"https:\/\/lasprimeras.com.do\/index.php\/wp-json\/wp\/v2\/categories?post=125263"},{"taxonomy":"post_tag","embeddable":true,"href":"https:\/\/lasprimeras.com.do\/index.php\/wp-json\/wp\/v2\/tags?post=125263"}],"curies":[{"name":"wp","href":"https:\/\/api.w.org\/{rel}","templated":true}]}}