{"id":125542,"date":"2026-03-24T07:48:58","date_gmt":"2026-03-24T11:48:58","guid":{"rendered":"https:\/\/lasprimeras.com.do\/?p=125542"},"modified":"2026-03-24T07:49:00","modified_gmt":"2026-03-24T11:49:00","slug":"abinader-reafirma-la-integridad-como-eje-estrategico-del-estado-en-foro-global-anticorrupcion-en-paris","status":"publish","type":"post","link":"https:\/\/lasprimeras.com.do\/index.php\/2026\/03\/24\/abinader-reafirma-la-integridad-como-eje-estrategico-del-estado-en-foro-global-anticorrupcion-en-paris\/","title":{"rendered":"Abinader reafirma la integridad como eje estrat\u00e9gico del Estado en Foro Global Anticorrupci\u00f3n en Par\u00eds"},"content":{"rendered":"\n<p class=\"wp-block-paragraph\">_Asegura integridad fortalece la confianza ciudadana, la estabilidad institucional y el desarrollo econ\u00f3mico_<\/p>\n\n\n\n<p class=\"wp-block-paragraph\">*Par\u00eds, Francia. \u2013* El presidente Luis Abinader afirm\u00f3 que la integridad constituye un principio fundamental de su gobierno y un pilar esencial para el desarrollo econ\u00f3mico y democr\u00e1tico del pa\u00eds, implement\u00e1ndose con un enfoque basado en cuatro pilares: prevenci\u00f3n, transparencia, coordinaci\u00f3n y cumplimiento.<\/p>\n\n\n\n<p class=\"wp-block-paragraph\">Estas consideraciones las pronunci\u00f3 durante su intervenci\u00f3n en el Foro Global Anticorrupci\u00f3n e Integridad de la&nbsp;Organizaci\u00f3n para la Cooperaci\u00f3n y el Desarrollo Econ\u00f3mico&nbsp;(OCDE), en Par\u00eds.<\/p>\n\n\n\n<p class=\"wp-block-paragraph\">Con estas palabras se busca posicionar a Rep\u00fablica Dominicana como actor comprometido con la integridad, la transparencia y la buena gobernanza, presentando los avances y prioridades nacionales en la materia y reafirmando el compromiso del pa\u00eds con la cooperaci\u00f3n internacional.<\/p>\n\n\n\n<p class=\"wp-block-paragraph\">Al destacar que la integridad \u201cno es un eslogan\u201d, sino un sistema de gobernanza basado en el estado de derecho, la transparencia y la rendici\u00f3n de cuentas universal, subray\u00f3 que esta fortalece la confianza ciudadana y la estabilidad institucional; pero cuando falla, erosiona la legitimidad del Estado y distorsiona el ejercicio del poder.<\/p>\n\n\n\n<p class=\"wp-block-paragraph\">\u201cLa corrupci\u00f3n act\u00faa como un impuesto invisible que aumenta los costos, distorsiona la competencia, desalienta la inversi\u00f3n y reduce la productividad\u201d, expres\u00f3 el jefe de Estado.<\/p>\n\n\n\n<p class=\"wp-block-paragraph\">Al ampliar los cuatro pilares mencionados anteriormente, Abinader dijo que en materia de prevenci\u00f3n se han establecido Comisiones de Integridad y Cumplimiento en todo el gobierno para identificar riesgos y fortalecer controles internos.<\/p>\n\n\n\n<p class=\"wp-block-paragraph\">Sobre la transparencia, enfatiz\u00f3 que no basta con publicar informaci\u00f3n, sino que esta debe ser accesible, estructurada y \u00fatil para los ciudadanos.<\/p>\n\n\n\n<p class=\"wp-block-paragraph\">Asimismo, destac\u00f3 que la coordinaci\u00f3n es el mecanismo central para alinear las pol\u00edticas de prevenci\u00f3n, transparencia y lucha anticorrupci\u00f3n en todo el Estado.<\/p>\n\n\n\n<p class=\"wp-block-paragraph\">Finalmente, el cuarto eje, siendo este el cumplimiento, es la aplicaci\u00f3n de la ley de manera indiscriminada.<\/p>\n\n\n\n<p class=\"wp-block-paragraph\">En ese contexto, resalt\u00f3 la designaci\u00f3n de una Procuradora General independiente y la posterior reforma constitucional que elimina la facultad del presidente de nombrar directamente a esa autoridad, porque \u201cla justicia no es un instrumento del gobierno\u201d.<\/p>\n\n\n\n<p class=\"wp-block-paragraph\">Adem\u00e1s, se\u00f1al\u00f3 que en el pa\u00eds actualmente existen procesos judiciales en curso relacionados con casos de presunta gran corrupci\u00f3n, permitiendo a los ciudadanos creer en investigaciones que avanzan y que nadie est\u00e1 por encima de la ley.<\/p>\n\n\n\n<p class=\"wp-block-paragraph\">*Compromiso a largo plazo y cultura institucional*<\/p>\n\n\n\n<p class=\"wp-block-paragraph\">En su intervenci\u00f3n, el presidente Abinader reconoci\u00f3 el liderazgo de Milagros Ortiz Bosch, directora de \u00c9tica e Integridad Gubernamental, y sus esfuerzos a nivel nacional alineando la Rep\u00fablica Dominicana con los est\u00e1ndares de la OCDE, al dedicar su vida al servicio p\u00fablico transparente.<\/p>\n\n\n\n<p class=\"wp-block-paragraph\">Finalmente, el presidente concluy\u00f3 que la integridad es un activo estrat\u00e9gico para el desarrollo, al generar confianza, fomentar la inversi\u00f3n y la innovaci\u00f3n y fortalecer las instituciones democr\u00e1ticas.<\/p>\n","protected":false},"excerpt":{"rendered":"<p>_Asegura integridad fortalece la confianza ciudadana, la estabilidad institucional y el desarrollo econ\u00f3mico_ *Par\u00eds, Francia. \u2013* El presidente Luis Abinader afirm\u00f3 que la integridad constituye un principio fundamental de su&hellip;<\/p>\n","protected":false},"author":10,"featured_media":125543,"comment_status":"open","ping_status":"open","sticky":false,"template":"","format":"standard","meta":{"content-type":"","_jetpack_newsletter_access":"","_jetpack_dont_email_post_to_subs":false,"_jetpack_newsletter_tier_id":0,"_jetpack_memberships_contains_paywalled_content":false,"_jetpack_feature_clip_id":0,"_jetpack_memberships_contains_paid_content":false,"footnotes":"","jetpack_post_was_ever_published":false},"categories":[35,25],"tags":[31501,1068,31500,31499,10064],"class_list":["post-125542","post","type-post","status-publish","format-standard","has-post-thumbnail","hentry","category-nacionales","category-portada","tag-eje-estrategico","tag-estado","tag-foro-global-anticorrupcion","tag-luis-abinader-integridad","tag-paris"],"jetpack-related-posts":[{"id":125503,"url":"https:\/\/lasprimeras.com.do\/index.php\/2026\/03\/23\/abinader-arriba-a-francia-para-encuentro-con-macron-y-cumbre-de-la-ocde\/","url_meta":{"origin":125542,"position":0},"title":"Abinader arriba a Francia para encuentro con Macron y cumbre de la OCDE","author":"Nelson Feliz","date":"23 de marzo de 2026","format":false,"excerpt":"Secretario General OCDE invita al presidente Abinader a participar en el 18.\u00ba Foro Econ\u00f3mico Internacional sobre Am\u00e9rica Latina y el Caribe en junio de 2026 Visita estrecha lazos de confianza y colaboraci\u00f3n entre ambos pa\u00edses; se promover\u00e1n inversiones en sectores clave como infraestructura, transporte, log\u00edstica, zonas francas y energ\u00edas renovables\u2026","rel":"","context":"En \u00abNACIONALES\u00bb","block_context":{"text":"NACIONALES","link":"https:\/\/lasprimeras.com.do\/index.php\/category\/nacionales\/"},"img":{"alt_text":"Luis Abinader","src":"https:\/\/i0.wp.com\/lasprimeras.com.do\/wp-content\/uploads\/2026\/03\/Luis-Abinader-12.jpg?resize=350%2C200&ssl=1","width":350,"height":200,"srcset":"https:\/\/i0.wp.com\/lasprimeras.com.do\/wp-content\/uploads\/2026\/03\/Luis-Abinader-12.jpg?resize=350%2C200&ssl=1 1x, https:\/\/i0.wp.com\/lasprimeras.com.do\/wp-content\/uploads\/2026\/03\/Luis-Abinader-12.jpg?resize=525%2C300&ssl=1 1.5x, https:\/\/i0.wp.com\/lasprimeras.com.do\/wp-content\/uploads\/2026\/03\/Luis-Abinader-12.jpg?resize=700%2C400&ssl=1 2x"},"classes":[]},{"id":125387,"url":"https:\/\/lasprimeras.com.do\/index.php\/2026\/03\/22\/presidente-abinader-viaja-este-lunes-a-paris-se-reunira-con-su-homologo-emmanuel-macron\/","url_meta":{"origin":125542,"position":1},"title":"Presidente Abinader viaja este lunes a Par\u00eds se reunir\u00e1 con su hom\u00f3logo Emmanuel Macron","author":"Nelson Feliz","date":"22 de marzo de 2026","format":false,"excerpt":"Mandatario participar\u00e1 en Foro Global Anticorrupci\u00f3n de la OCDE y promover\u00e1 nuevas oportunidades de inversi\u00f3n con empresas francesas; se reunir\u00e1 con dominicanos organizados en diversos sectores en ese pa\u00eds Par\u00eds, Francia.\u2013 El presidente Luis Abinader viaja este lunes a Par\u00eds para desarrollar una agenda oficial de dos d\u00edas que incluye\u2026","rel":"","context":"En \u00abNACIONALES\u00bb","block_context":{"text":"NACIONALES","link":"https:\/\/lasprimeras.com.do\/index.php\/category\/nacionales\/"},"img":{"alt_text":"Luis Abinader","src":"https:\/\/i0.wp.com\/lasprimeras.com.do\/wp-content\/uploads\/2023\/07\/Luis-Abinader-viaja.jpg?resize=350%2C200&ssl=1","width":350,"height":200,"srcset":"https:\/\/i0.wp.com\/lasprimeras.com.do\/wp-content\/uploads\/2023\/07\/Luis-Abinader-viaja.jpg?resize=350%2C200&ssl=1 1x, https:\/\/i0.wp.com\/lasprimeras.com.do\/wp-content\/uploads\/2023\/07\/Luis-Abinader-viaja.jpg?resize=525%2C300&ssl=1 1.5x, https:\/\/i0.wp.com\/lasprimeras.com.do\/wp-content\/uploads\/2023\/07\/Luis-Abinader-viaja.jpg?resize=700%2C400&ssl=1 2x"},"classes":[]},{"id":125944,"url":"https:\/\/lasprimeras.com.do\/index.php\/2026\/03\/27\/rd-en-el-escaparate-global-el-eje-paris-santo-domingo-y-la-ruta-hacia-el-unicornio-del-caribe\/","url_meta":{"origin":125542,"position":2},"title":"RD en el Escaparate Global: El Eje Par\u00eds-Santo Domingo y la Ruta hacia el &#8220;Unicornio del Caribe&#8221;","author":"Nelson Feliz","date":"27 de marzo de 2026","format":false,"excerpt":"Por Antonio Jos\u00e9 G\u00f3mez Pe\u00f1a En estos tiempos, en un mundo hiperconectado y competitivo, la visi\u00f3n de Estado requiere visi\u00f3n ultramar, no s\u00f3lo fijada en ideales de modelos sociales, sino tambi\u00e9n en consolidar nuestra escalabilidad econ\u00f3mica, atraer capital de alto impacto y blindar la seguridad jur\u00eddica en el tablero global.\u2026","rel":"","context":"En \u00abOPINI\u00d3N\u00bb","block_context":{"text":"OPINI\u00d3N","link":"https:\/\/lasprimeras.com.do\/index.php\/category\/opinion\/"},"img":{"alt_text":"Antonio Jos\u00e9 G\u00f3mez Pe\u00f1a","src":"https:\/\/i0.wp.com\/lasprimeras.com.do\/wp-content\/uploads\/2026\/03\/Antonio-Jose-Gomez-Pena.jpg?resize=350%2C200&ssl=1","width":350,"height":200,"srcset":"https:\/\/i0.wp.com\/lasprimeras.com.do\/wp-content\/uploads\/2026\/03\/Antonio-Jose-Gomez-Pena.jpg?resize=350%2C200&ssl=1 1x, https:\/\/i0.wp.com\/lasprimeras.com.do\/wp-content\/uploads\/2026\/03\/Antonio-Jose-Gomez-Pena.jpg?resize=525%2C300&ssl=1 1.5x, https:\/\/i0.wp.com\/lasprimeras.com.do\/wp-content\/uploads\/2026\/03\/Antonio-Jose-Gomez-Pena.jpg?resize=700%2C400&ssl=1 2x"},"classes":[]},{"id":125571,"url":"https:\/\/lasprimeras.com.do\/index.php\/2026\/03\/24\/rd-formaliza-acercamiento-a-la-ocde-con-firma-de-memorando-de-entendimiento\/","url_meta":{"origin":125542,"position":3},"title":"RD formaliza acercamiento a la OCDE con firma de Memorando de Entendimiento","author":"Nelson Feliz","date":"24 de marzo de 2026","format":false,"excerpt":"_Es un primer paso hacia nuestra adhesi\u00f3n como pa\u00eds miembro_ *Par\u00eds, Francia. -* En presencia del presidente Luis Abinader, el canciller Roberto \u00c1lvarez y el secretario general de la Organizaci\u00f3n para la Cooperaci\u00f3n y el Desarrollo Econ\u00f3mico (OCDE), Mathias Cormann, firmaron un Memorando de Entendimiento con el que las partes\u2026","rel":"","context":"En \u00abNACIONALES\u00bb","block_context":{"text":"NACIONALES","link":"https:\/\/lasprimeras.com.do\/index.php\/category\/nacionales\/"},"img":{"alt_text":"","src":"https:\/\/i0.wp.com\/lasprimeras.com.do\/wp-content\/uploads\/2026\/03\/IMG-20260324-WA0332-scaled.jpg?resize=350%2C200&ssl=1","width":350,"height":200,"srcset":"https:\/\/i0.wp.com\/lasprimeras.com.do\/wp-content\/uploads\/2026\/03\/IMG-20260324-WA0332-scaled.jpg?resize=350%2C200&ssl=1 1x, https:\/\/i0.wp.com\/lasprimeras.com.do\/wp-content\/uploads\/2026\/03\/IMG-20260324-WA0332-scaled.jpg?resize=525%2C300&ssl=1 1.5x, https:\/\/i0.wp.com\/lasprimeras.com.do\/wp-content\/uploads\/2026\/03\/IMG-20260324-WA0332-scaled.jpg?resize=700%2C400&ssl=1 2x, https:\/\/i0.wp.com\/lasprimeras.com.do\/wp-content\/uploads\/2026\/03\/IMG-20260324-WA0332-scaled.jpg?resize=1050%2C600&ssl=1 3x, https:\/\/i0.wp.com\/lasprimeras.com.do\/wp-content\/uploads\/2026\/03\/IMG-20260324-WA0332-scaled.jpg?resize=1400%2C800&ssl=1 4x"},"classes":[]},{"id":93752,"url":"https:\/\/lasprimeras.com.do\/index.php\/2025\/02\/19\/abinader-encabeza-primera-reunion-de-la-comision-presidencial-de-transparencia-y-anticorrupcion-cpta\/","url_meta":{"origin":125542,"position":4},"title":"Abinader encabeza primera reuni\u00f3n de la Comisi\u00f3n Presidencial de Transparencia y Anticorrupci\u00f3n (CPTA)","author":"Nelson Feliz","date":"19 de febrero de 2025","format":false,"excerpt":"La comisi\u00f3n estar\u00e1 encabezada por los directores de DIGEIG, Milagros Ort\u00edz Bosch y de Contrataciones P\u00fablicas, Carlos Pimentel para seguir avanzando en la lucha contra la corrupci\u00f3n y la impunidad. El presidente Luis Abinader encabez\u00f3 este mi\u00e9rcoles la primera reuni\u00f3n de integraci\u00f3n de la Comisi\u00f3n Presidencial de Transparencia y Anticorrupci\u00f3n\u2026","rel":"","context":"En \u00abNACIONALES\u00bb","block_context":{"text":"NACIONALES","link":"https:\/\/lasprimeras.com.do\/index.php\/category\/nacionales\/"},"img":{"alt_text":"","src":"https:\/\/i0.wp.com\/lasprimeras.com.do\/wp-content\/uploads\/2025\/02\/REUNION-1.jpg?resize=350%2C200&ssl=1","width":350,"height":200,"srcset":"https:\/\/i0.wp.com\/lasprimeras.com.do\/wp-content\/uploads\/2025\/02\/REUNION-1.jpg?resize=350%2C200&ssl=1 1x, https:\/\/i0.wp.com\/lasprimeras.com.do\/wp-content\/uploads\/2025\/02\/REUNION-1.jpg?resize=525%2C300&ssl=1 1.5x"},"classes":[]},{"id":70506,"url":"https:\/\/lasprimeras.com.do\/index.php\/2023\/12\/12\/abinader-reitera-firmeza-en-lucha-anticorrupcion\/","url_meta":{"origin":125542,"position":5},"title":"Abinader reitera firmeza en lucha anticorrupci\u00f3n","author":"BIMARY DE JES\u00daS Matos","date":"12 de diciembre de 2023","format":false,"excerpt":"Santo Domingo.\u2013El presidente Luis Abinader resalt\u00f3 ayer los esfuerzos que ha hecho el Gobierno para luchar con firmeza y determinaci\u00f3n contra de la corrupci\u00f3n. Esto lo dijo el mandatario durante el desarrollo de la Conferencia de los Estados Partes en la Convenci\u00f3n de las Naciones Unidas, v\u00eda un video. \u201cQuiero\u2026","rel":"","context":"En \u00abPORTADA\u00bb","block_context":{"text":"PORTADA","link":"https:\/\/lasprimeras.com.do\/index.php\/category\/portada\/"},"img":{"alt_text":"","src":"https:\/\/i0.wp.com\/lasprimeras.com.do\/wp-content\/uploads\/2023\/12\/juegos-sde-9.jpg?resize=350%2C200&ssl=1","width":350,"height":200,"srcset":"https:\/\/i0.wp.com\/lasprimeras.com.do\/wp-content\/uploads\/2023\/12\/juegos-sde-9.jpg?resize=350%2C200&ssl=1 1x, https:\/\/i0.wp.com\/lasprimeras.com.do\/wp-content\/uploads\/2023\/12\/juegos-sde-9.jpg?resize=525%2C300&ssl=1 1.5x"},"classes":[]}],"jetpack_sharing_enabled":true,"jetpack_featured_media_url":"https:\/\/lasprimeras.com.do\/wp-content\/uploads\/2026\/03\/IMG-20260324-WA0097.jpg","_links":{"self":[{"href":"https:\/\/lasprimeras.com.do\/index.php\/wp-json\/wp\/v2\/posts\/125542","targetHints":{"allow":["GET"]}}],"collection":[{"href":"https:\/\/lasprimeras.com.do\/index.php\/wp-json\/wp\/v2\/posts"}],"about":[{"href":"https:\/\/lasprimeras.com.do\/index.php\/wp-json\/wp\/v2\/types\/post"}],"author":[{"embeddable":true,"href":"https:\/\/lasprimeras.com.do\/index.php\/wp-json\/wp\/v2\/users\/10"}],"replies":[{"embeddable":true,"href":"https:\/\/lasprimeras.com.do\/index.php\/wp-json\/wp\/v2\/comments?post=125542"}],"version-history":[{"count":1,"href":"https:\/\/lasprimeras.com.do\/index.php\/wp-json\/wp\/v2\/posts\/125542\/revisions"}],"predecessor-version":[{"id":125544,"href":"https:\/\/lasprimeras.com.do\/index.php\/wp-json\/wp\/v2\/posts\/125542\/revisions\/125544"}],"wp:featuredmedia":[{"embeddable":true,"href":"https:\/\/lasprimeras.com.do\/index.php\/wp-json\/wp\/v2\/media\/125543"}],"wp:attachment":[{"href":"https:\/\/lasprimeras.com.do\/index.php\/wp-json\/wp\/v2\/media?parent=125542"}],"wp:term":[{"taxonomy":"category","embeddable":true,"href":"https:\/\/lasprimeras.com.do\/index.php\/wp-json\/wp\/v2\/categories?post=125542"},{"taxonomy":"post_tag","embeddable":true,"href":"https:\/\/lasprimeras.com.do\/index.php\/wp-json\/wp\/v2\/tags?post=125542"}],"curies":[{"name":"wp","href":"https:\/\/api.w.org\/{rel}","templated":true}]}}