{"id":126412,"date":"2026-03-27T17:27:32","date_gmt":"2026-03-27T21:27:32","guid":{"rendered":"https:\/\/lasprimeras.com.do\/?p=126412"},"modified":"2026-04-01T17:31:30","modified_gmt":"2026-04-01T21:31:30","slug":"clinica-donde-murio-mujer-en-santiago-tenia-prohibido-hacer-procedimientos-esteticos","status":"publish","type":"post","link":"https:\/\/lasprimeras.com.do\/index.php\/2026\/03\/27\/clinica-donde-murio-mujer-en-santiago-tenia-prohibido-hacer-procedimientos-esteticos\/","title":{"rendered":"Cl\u00ednica donde muri\u00f3 mujer en Santiago ten\u00eda prohibido hacer procedimientos est\u00e9ticos"},"content":{"rendered":"\n<p>El ministro de Salud P\u00fablica, V\u00edctor Atallah, inform\u00f3 este viernes que la cl\u00ednica est\u00e9tica Diosa, donde falleci\u00f3 una mujer en Santiago, ya hab\u00eda sido clausurada anteriormente por irregularidades en sus operaciones.<\/p>\n\n\n\n<p>De acuerdo con el funcionario, la clausura anterior obedeci\u00f3 a razones similares, relacionadas con situaciones que pusieron en riesgo la vida de pacientes.<\/p>\n\n\n\n<p>Detall\u00f3 que el centro \u00fanicamente ten\u00eda autorizaci\u00f3n para ofrecer consultas m\u00e9dicas.<\/p>\n\n\n\n<p>Se\u00f1al\u00f3 que al violar los protocolos establecidos al realizar procedimientos est\u00e9ticos, motiv\u00f3 una nueva intervenci\u00f3n.<\/p>\n","protected":false},"excerpt":{"rendered":"<p>El ministro de Salud P\u00fablica, V\u00edctor Atallah, inform\u00f3 este viernes que la cl\u00ednica est\u00e9tica Diosa, donde falleci\u00f3 una mujer en Santiago, ya hab\u00eda sido clausurada anteriormente por irregularidades en sus&hellip;<\/p>\n","protected":false},"author":10,"featured_media":109027,"comment_status":"open","ping_status":"open","sticky":false,"template":"","format":"standard","meta":{"content-type":"","jetpack_post_was_ever_published":false,"_jetpack_newsletter_access":"","_jetpack_dont_email_post_to_subs":false,"_jetpack_newsletter_tier_id":0,"_jetpack_memberships_contains_paywalled_content":false,"_jetpack_memberships_contains_paid_content":false,"footnotes":""},"categories":[1],"tags":[956,31799,429,4927,11330,31798,1049],"class_list":["post-126412","post","type-post","status-publish","format-standard","has-post-thumbnail","hentry","category-sin-categoria","tag-clinica","tag-esteticos","tag-mujer","tag-murio","tag-procedimientos","tag-prohibido","tag-santiago"],"jetpack_featured_media_url":"https:\/\/lasprimeras.com.do\/wp-content\/uploads\/2025\/09\/Victor-Atallah.jpg","jetpack-related-posts":[{"id":126268,"url":"https:\/\/lasprimeras.com.do\/index.php\/2026\/03\/31\/denuncian-falta-de-supervision-permitio-operar-centro-estetico-de-santiago-donde-murio-mujer\/","url_meta":{"origin":126412,"position":0},"title":"Denuncian falta de supervisi\u00f3n permiti\u00f3 operar centro est\u00e9tico de Santiago donde muri\u00f3 mujer","author":"Nelson Feliz","date":"31 de marzo de 2026","format":false,"excerpt":"El ministro de Salud inform\u00f3 que la cl\u00ednica ya hab\u00eda sido clausurada anteriormente por irregularidades en sus operaciones Familiares de Ang\u00e9lica Geraldine Hern\u00e1ndez denunciaron este martes que la falta de supervisi\u00f3n por parte de las autoridades en permiti\u00f3 que elcentrode est\u00e9tica donde falleci\u00f3 la joven continuara operando, pese a que\u2026","rel":"","context":"En \u00abNACIONALES\u00bb","block_context":{"text":"NACIONALES","link":"https:\/\/lasprimeras.com.do\/index.php\/category\/nacionales\/"},"img":{"alt_text":"","src":"","width":0,"height":0},"classes":[]},{"id":126882,"url":"https:\/\/lasprimeras.com.do\/index.php\/2026\/04\/06\/salud-publica-ordena-el-cierre-definitivo-de-centro-estetico-diosa-los-jardines-en-santiago\/","url_meta":{"origin":126412,"position":1},"title":"Salud P\u00fablica ordena el cierre definitivo de centro est\u00e9tico Diosa Los Jardines en Santiago","author":"Nelson Feliz","date":"6 de abril de 2026","format":false,"excerpt":"El Centro de Cirug\u00eda Est\u00e9tica y Reconstructiva Diosa Los Jardines no se encontraba habilitado para la realizaci\u00f3n de procedimientos quir\u00fargicos. El Ministerio de Salud, a trav\u00e9s de la Direcci\u00f3n de Habilitaci\u00f3n de Establecimientos de Servicios de Salud, orden\u00f3 el cierre definitivo del Centro de Cirug\u00eda Est\u00e9tica y Reconstructiva Diosa Los\u2026","rel":"","context":"En \u00abPORTADA\u00bb","block_context":{"text":"PORTADA","link":"https:\/\/lasprimeras.com.do\/index.php\/category\/portada\/"},"img":{"alt_text":"Centro Est\u00e9tico Diosa Los Jardines","src":"https:\/\/i0.wp.com\/lasprimeras.com.do\/wp-content\/uploads\/2026\/04\/Centro-Estetico-Diosa-Los-Jardines.png?resize=350%2C200&ssl=1","width":350,"height":200,"srcset":"https:\/\/i0.wp.com\/lasprimeras.com.do\/wp-content\/uploads\/2026\/04\/Centro-Estetico-Diosa-Los-Jardines.png?resize=350%2C200&ssl=1 1x, https:\/\/i0.wp.com\/lasprimeras.com.do\/wp-content\/uploads\/2026\/04\/Centro-Estetico-Diosa-Los-Jardines.png?resize=525%2C300&ssl=1 1.5x, https:\/\/i0.wp.com\/lasprimeras.com.do\/wp-content\/uploads\/2026\/04\/Centro-Estetico-Diosa-Los-Jardines.png?resize=700%2C400&ssl=1 2x"},"classes":[]},{"id":89794,"url":"https:\/\/lasprimeras.com.do\/index.php\/2024\/10\/05\/empresaria-brasilena-muere-luego-de-someterse-a-seis-cirugias-esteticas-en-ocho-horas\/","url_meta":{"origin":126412,"position":2},"title":"Empresaria brasile\u00f1a muere luego de someterse a seis cirug\u00edas est\u00e9ticas en ocho horas","author":"Nelson Feliz","date":"5 de octubre de 2024","format":false,"excerpt":"LA NACION Viviane Lira Monte, una empresaria brasile\u00f1a de 24 a\u00f1os oriunda del estado de Cear\u00e1, muri\u00f3 luego de someterse a seis cirug\u00edas pl\u00e1sticas en ocho horas. La mujer hab\u00eda sido diagnosticada con embolia pulmonar tras los procedimientos est\u00e9ticos. Su familia cree que hubo negligencia m\u00e9dica y denunciaron a los\u2026","rel":"","context":"En \u00abSin categor\u00eda\u00bb","block_context":{"text":"Sin categor\u00eda","link":"https:\/\/lasprimeras.com.do\/index.php\/category\/sin-categoria\/"},"img":{"alt_text":"Viviane Lira Monte","src":"https:\/\/i0.wp.com\/lasprimeras.com.do\/wp-content\/uploads\/2024\/10\/Viviane-Lira-Monte.jpg?resize=350%2C200&ssl=1","width":350,"height":200,"srcset":"https:\/\/i0.wp.com\/lasprimeras.com.do\/wp-content\/uploads\/2024\/10\/Viviane-Lira-Monte.jpg?resize=350%2C200&ssl=1 1x, https:\/\/i0.wp.com\/lasprimeras.com.do\/wp-content\/uploads\/2024\/10\/Viviane-Lira-Monte.jpg?resize=525%2C300&ssl=1 1.5x, https:\/\/i0.wp.com\/lasprimeras.com.do\/wp-content\/uploads\/2024\/10\/Viviane-Lira-Monte.jpg?resize=700%2C400&ssl=1 2x"},"classes":[]},{"id":92263,"url":"https:\/\/lasprimeras.com.do\/index.php\/2024\/12\/27\/fallece-joven-tras-procedimientos-esteticos-realizados-por-el-doctor-edgar-contreras\/","url_meta":{"origin":126412,"position":3},"title":"Fallece joven tras procedimientos est\u00e9ticos realizados por el Doctor Edgar Contreras","author":"Nelson Feliz","date":"27 de diciembre de 2024","format":false,"excerpt":"Familiares exigen justicia. Pamela Alm\u00e1nzar, una joven que se someti\u00f3 a varias cirug\u00edas est\u00e9ticas realizadas por el doctor Edgar Contreras, falleci\u00f3 el pasado viernes 27 de diciembre en una cl\u00ednica de la capital, dejando a familiares y amigos devastados. Seg\u00fan declaraciones de sus familiares, Pamela acudi\u00f3 el 16 de diciembre\u2026","rel":"","context":"En \u00abNACIONALES\u00bb","block_context":{"text":"NACIONALES","link":"https:\/\/lasprimeras.com.do\/index.php\/category\/nacionales\/"},"img":{"alt_text":"Pamela Alm\u00e1nzar","src":"https:\/\/i0.wp.com\/lasprimeras.com.do\/wp-content\/uploads\/2025\/01\/Pamela-Almanzar.jpg?resize=350%2C200&ssl=1","width":350,"height":200,"srcset":"https:\/\/i0.wp.com\/lasprimeras.com.do\/wp-content\/uploads\/2025\/01\/Pamela-Almanzar.jpg?resize=350%2C200&ssl=1 1x, https:\/\/i0.wp.com\/lasprimeras.com.do\/wp-content\/uploads\/2025\/01\/Pamela-Almanzar.jpg?resize=525%2C300&ssl=1 1.5x"},"classes":[]},{"id":56463,"url":"https:\/\/lasprimeras.com.do\/index.php\/2023\/08\/01\/boricua-acusa-medico-de-lesionarle-los-senos-en-una-liposuccion-en-rd\/","url_meta":{"origin":126412,"position":4},"title":"Boricua acusa m\u00e9dico de lesionarle los senos en una liposucci\u00f3n en RD","author":"Nelson Feliz","date":"1 de agosto de 2023","format":false,"excerpt":"En vez de la satisfacci\u00f3n que esperaba sentir con su tercera cirug\u00eda pl\u00e1stica, una boricua de 54 a\u00f1os casi pierde la vida y ha vivido un \"cuadro t\u00e9trico\" y \"d\u00edas de calamidad\" con \"mucho dolor\" despu\u00e9s del \u00faltimo procedimiento quir\u00fargico en el que, durante la liposucci\u00f3n, seg\u00fan la paciente, el\u2026","rel":"","context":"En \u00abNACIONALES\u00bb","block_context":{"text":"NACIONALES","link":"https:\/\/lasprimeras.com.do\/index.php\/category\/nacionales\/"},"img":{"alt_text":"La se\u00f1ora Ivonne Lucila Madera, de nacionalidad puertorrique\u00f1a.","src":"https:\/\/i0.wp.com\/lasprimeras.com.do\/wp-content\/uploads\/2023\/08\/Ivonne-Lucila-Madera.jpg?resize=350%2C200&ssl=1","width":350,"height":200,"srcset":"https:\/\/i0.wp.com\/lasprimeras.com.do\/wp-content\/uploads\/2023\/08\/Ivonne-Lucila-Madera.jpg?resize=350%2C200&ssl=1 1x, https:\/\/i0.wp.com\/lasprimeras.com.do\/wp-content\/uploads\/2023\/08\/Ivonne-Lucila-Madera.jpg?resize=525%2C300&ssl=1 1.5x, https:\/\/i0.wp.com\/lasprimeras.com.do\/wp-content\/uploads\/2023\/08\/Ivonne-Lucila-Madera.jpg?resize=700%2C400&ssl=1 2x"},"classes":[]},{"id":74949,"url":"https:\/\/lasprimeras.com.do\/index.php\/2024\/01\/27\/sociedad-de-cirugia-plastica-afirma-rd-es-un-destino-seguro-para-procedimientos\/","url_meta":{"origin":126412,"position":5},"title":"Sociedad de Cirug\u00eda Pl\u00e1stica afirma RD es un destino seguro para procedimientos","author":"Nelson Feliz","date":"27 de enero de 2024","format":false,"excerpt":"Rep\u00fablica Dominicana se ha convertido r\u00e1pidamente en un punto clave para el aumento y desarrollo de procedimientos est\u00e9ticos en el Caribe y Latinoam\u00e9rica. El presidente de la Sociedad Dominicana de Cirug\u00eda Pl\u00e1stica, Reconstructiva y Est\u00e9tica (Sodocipre), Sergio Guzm\u00e1n Padilla, defendi\u00f3 este viernes al pa\u00eds y asegur\u00f3 que Rep\u00fablica Dominicana es\u2026","rel":"","context":"En \u00abSin categor\u00eda\u00bb","block_context":{"text":"Sin categor\u00eda","link":"https:\/\/lasprimeras.com.do\/index.php\/category\/sin-categoria\/"},"img":{"alt_text":"Sergio Guzm\u00e1n Padilla","src":"https:\/\/i0.wp.com\/lasprimeras.com.do\/wp-content\/uploads\/2024\/01\/Sergio-Guzman-Padilla.jpg?resize=350%2C200&ssl=1","width":350,"height":200},"classes":[]}],"jetpack_sharing_enabled":true,"_links":{"self":[{"href":"https:\/\/lasprimeras.com.do\/index.php\/wp-json\/wp\/v2\/posts\/126412","targetHints":{"allow":["GET"]}}],"collection":[{"href":"https:\/\/lasprimeras.com.do\/index.php\/wp-json\/wp\/v2\/posts"}],"about":[{"href":"https:\/\/lasprimeras.com.do\/index.php\/wp-json\/wp\/v2\/types\/post"}],"author":[{"embeddable":true,"href":"https:\/\/lasprimeras.com.do\/index.php\/wp-json\/wp\/v2\/users\/10"}],"replies":[{"embeddable":true,"href":"https:\/\/lasprimeras.com.do\/index.php\/wp-json\/wp\/v2\/comments?post=126412"}],"version-history":[{"count":1,"href":"https:\/\/lasprimeras.com.do\/index.php\/wp-json\/wp\/v2\/posts\/126412\/revisions"}],"predecessor-version":[{"id":126413,"href":"https:\/\/lasprimeras.com.do\/index.php\/wp-json\/wp\/v2\/posts\/126412\/revisions\/126413"}],"wp:featuredmedia":[{"embeddable":true,"href":"https:\/\/lasprimeras.com.do\/index.php\/wp-json\/wp\/v2\/media\/109027"}],"wp:attachment":[{"href":"https:\/\/lasprimeras.com.do\/index.php\/wp-json\/wp\/v2\/media?parent=126412"}],"wp:term":[{"taxonomy":"category","embeddable":true,"href":"https:\/\/lasprimeras.com.do\/index.php\/wp-json\/wp\/v2\/categories?post=126412"},{"taxonomy":"post_tag","embeddable":true,"href":"https:\/\/lasprimeras.com.do\/index.php\/wp-json\/wp\/v2\/tags?post=126412"}],"curies":[{"name":"wp","href":"https:\/\/api.w.org\/{rel}","templated":true}]}}