{"id":126572,"date":"2026-03-29T12:05:05","date_gmt":"2026-03-29T16:05:05","guid":{"rendered":"https:\/\/lasprimeras.com.do\/?p=126572"},"modified":"2026-04-03T12:07:44","modified_gmt":"2026-04-03T16:07:44","slug":"pareja-de-esposos-pierde-la-vida-en-accidente-de-transito-en-higuey","status":"publish","type":"post","link":"https:\/\/lasprimeras.com.do\/index.php\/2026\/03\/29\/pareja-de-esposos-pierde-la-vida-en-accidente-de-transito-en-higuey\/","title":{"rendered":"Pareja de esposos pierde la vida en accidente de tr\u00e1nsito en Hig\u00fcey"},"content":{"rendered":"\n<p><strong>Las autoridades a\u00fan investigan las causas del accidente, que preliminarmente se atribuyen a la p\u00e9rdida de control del veh\u00edculo.<\/strong><\/p>\n\n\n\n<p>Una pareja de esposos perdi\u00f3 la vida el s\u00e1bado, tras el veh\u00edculo en el que transitaban se volcara en la calle Pedro Castillo del sector San Pedro de de Hig\u00fcey, provincia La Altagracia.<\/p>\n\n\n\n<p>Las v\u00edctimas fueron identificadas como Darlin Rafael Mart\u00ednez Santana, &#8220;Kiko&#8221;, de 28 a\u00f1os de edad, y Crisleidy Elizabeth Matos Florian, &#8220;Cris&#8221;, de 19, quienes se trasladaban en un veh\u00edculo Nissan, modelo Sentra, color negro.<\/p>\n\n\n\n<p>Los j\u00f3venes fallecieron en el mismo lugar del accidente tras los fuertes golpes que recibieron en parte de su cuerpo.<\/p>\n\n\n\n<p>Las autoridades a\u00fan no han informado con exactitud las causas exactas del accidente, pero de forma preliminar se ha informado que el conductor perdi\u00f3 el control del veh\u00edculo, provocando que se saliera de la v\u00eda y terminara volc\u00e1ndose.<\/p>\n\n\n\n<p><strong>Investigaci\u00f3n del accidente<\/strong><\/p>\n\n\n\n<p>Al lugar acudieron miembros del Sistema Nacional de Atenci\u00f3n a Emergencias 9-1-1, agentes de tr\u00e1nsito, Polic\u00eda Nacional y un m\u00e9dico legista para los levantamientos correspondientes.<\/p>\n","protected":false},"excerpt":{"rendered":"<p>Las autoridades a\u00fan investigan las causas del accidente, que preliminarmente se atribuyen a la p\u00e9rdida de control del veh\u00edculo. Una pareja de esposos perdi\u00f3 la vida el s\u00e1bado, tras el&hellip;<\/p>\n","protected":false},"author":10,"featured_media":126573,"comment_status":"open","ping_status":"open","sticky":false,"template":"","format":"standard","meta":{"content-type":"","jetpack_post_was_ever_published":false,"_jetpack_newsletter_access":"","_jetpack_dont_email_post_to_subs":false,"_jetpack_newsletter_tier_id":0,"_jetpack_memberships_contains_paywalled_content":false,"_jetpack_memberships_contains_paid_content":false,"footnotes":""},"categories":[35],"tags":[2211,1080,31858,31857,2049],"class_list":["post-126572","post","type-post","status-publish","format-standard","has-post-thumbnail","hentry","category-nacionales","tag-accidente","tag-higuey","tag-pareja-de-esposos","tag-pierde-la-vida","tag-transito"],"jetpack_featured_media_url":"https:\/\/lasprimeras.com.do\/wp-content\/uploads\/2026\/04\/accidente-higuey.jpg","jetpack-related-posts":[{"id":106446,"url":"https:\/\/lasprimeras.com.do\/index.php\/2025\/08\/15\/digesett-garantiza-la-seguridad-vial-busca-reducir-accidentes-de-transito-en-higuey\/","url_meta":{"origin":126572,"position":0},"title":"DIGESETT garantiza la seguridad vial , busca reducir accidentes de tr\u00e1nsito en Hig\u00fcey","author":"Nelson Feliz","date":"15 de agosto de 2025","format":false,"excerpt":"La Direcci\u00f3n General de Seguridad de Tr\u00e1nsito y Transporte Terrestre (DIGESETT) realiz\u00f3 un amplio operativo de prevenci\u00f3n y correcci\u00f3n de infracciones a la Ley 63-17, de Movilidad, Transporte Terrestre, Tr\u00e1nsito y Seguridad Vial, en la provincia La Altagracia, municipio Hig\u00fcey. Durante la jornada, agentes de la DIGESETT fiscalizaron 1,054 conductores,\u2026","rel":"","context":"En \u00abNACIONALES\u00bb","block_context":{"text":"NACIONALES","link":"https:\/\/lasprimeras.com.do\/index.php\/category\/nacionales\/"},"img":{"alt_text":"","src":"https:\/\/i0.wp.com\/lasprimeras.com.do\/wp-content\/uploads\/2025\/08\/se.jpg?resize=350%2C200&ssl=1","width":350,"height":200,"srcset":"https:\/\/i0.wp.com\/lasprimeras.com.do\/wp-content\/uploads\/2025\/08\/se.jpg?resize=350%2C200&ssl=1 1x, https:\/\/i0.wp.com\/lasprimeras.com.do\/wp-content\/uploads\/2025\/08\/se.jpg?resize=525%2C300&ssl=1 1.5x, https:\/\/i0.wp.com\/lasprimeras.com.do\/wp-content\/uploads\/2025\/08\/se.jpg?resize=700%2C400&ssl=1 2x"},"classes":[]},{"id":98677,"url":"https:\/\/lasprimeras.com.do\/index.php\/2025\/05\/11\/dos-hermanos-pierden-la-vida-en-accidente-en-la-carretera-hato-mayor-spm\/","url_meta":{"origin":126572,"position":1},"title":"Dos hermanos pierden la vida en accidente en la carretera Hato Mayor-SPM","author":"Nelson Feliz","date":"11 de mayo de 2025","format":false,"excerpt":"Los residentes culpan a la falta de iluminaci\u00f3n por los siniestros frecuentes en esa v\u00eda Dos hermanos perdieron la vida la noche del s\u00e1bado 10 de mayo en un hecho ocurrido en el kil\u00f3metro 24 de la carretera Hato Mayor-San Pedro de Macor\u00eds, pr\u00f3ximo a la comunidad de Jalonga. Los\u2026","rel":"","context":"En \u00abNACIONALES\u00bb","block_context":{"text":"NACIONALES","link":"https:\/\/lasprimeras.com.do\/index.php\/category\/nacionales\/"},"img":{"alt_text":"","src":"https:\/\/i0.wp.com\/lasprimeras.com.do\/wp-content\/uploads\/2025\/05\/EMERGEMCIA-OSCURA.jpg?resize=350%2C200&ssl=1","width":350,"height":200,"srcset":"https:\/\/i0.wp.com\/lasprimeras.com.do\/wp-content\/uploads\/2025\/05\/EMERGEMCIA-OSCURA.jpg?resize=350%2C200&ssl=1 1x, https:\/\/i0.wp.com\/lasprimeras.com.do\/wp-content\/uploads\/2025\/05\/EMERGEMCIA-OSCURA.jpg?resize=525%2C300&ssl=1 1.5x, https:\/\/i0.wp.com\/lasprimeras.com.do\/wp-content\/uploads\/2025\/05\/EMERGEMCIA-OSCURA.jpg?resize=700%2C400&ssl=1 2x"},"classes":[]},{"id":99340,"url":"https:\/\/lasprimeras.com.do\/index.php\/2025\/05\/20\/dos-personas-pierden-la-vida-en-accidentes-separados-en-la-altagracia\/","url_meta":{"origin":126572,"position":2},"title":"Dos personas pierden la vida en accidentes separados en La Altagracia","author":"Nelson Feliz","date":"20 de mayo de 2025","format":false,"excerpt":"Por Irentoni Vega Al menos dos personas perdieron la vida en accidentes de tr\u00e1nsito con motocicletas, durante hechos registrados en la provincia La Altagracia. La primera v\u00edctima fue identificada como Adams Mart\u00ednez, quien falleci\u00f3 en un accidente donde tambi\u00e9n otra persona result\u00f3 con heridas de gravedad en el municipio San\u2026","rel":"","context":"En \u00abNACIONALES\u00bb","block_context":{"text":"NACIONALES","link":"https:\/\/lasprimeras.com.do\/index.php\/category\/nacionales\/"},"img":{"alt_text":"","src":"https:\/\/i0.wp.com\/lasprimeras.com.do\/wp-content\/uploads\/2025\/05\/mueren.jpg?resize=350%2C200&ssl=1","width":350,"height":200,"srcset":"https:\/\/i0.wp.com\/lasprimeras.com.do\/wp-content\/uploads\/2025\/05\/mueren.jpg?resize=350%2C200&ssl=1 1x, https:\/\/i0.wp.com\/lasprimeras.com.do\/wp-content\/uploads\/2025\/05\/mueren.jpg?resize=525%2C300&ssl=1 1.5x"},"classes":[]},{"id":128919,"url":"https:\/\/lasprimeras.com.do\/index.php\/2026\/04\/28\/identifican-victima-de-choque-entre-camion-de-basura-y-un-carro-en-la-carretera-la-otra-banda-la-altagracia\/","url_meta":{"origin":126572,"position":3},"title":"Identifican v\u00edctima de choque entre cami\u00f3n de basura y un carro en la carretera La Otra Banda, La Altagracia\u00a0","author":"Nelson Feliz","date":"28 de abril de 2026","format":false,"excerpt":"Se trata de Misael Santana, de 25 a\u00f1os de edad, quien era empleado hotelero Por\u00a0Irentoni Vega Las autoridades identificaron al joven que perdi\u00f3 la vida la tarde de este lunes, luego de que el veh\u00edculo que conduc\u00eda sufriera un aparatoso accidente de tr\u00e1nsito con un cami\u00f3n recolector de desechos s\u00f3lidos\u2026","rel":"","context":"En \u00abNACIONALES\u00bb","block_context":{"text":"NACIONALES","link":"https:\/\/lasprimeras.com.do\/index.php\/category\/nacionales\/"},"img":{"alt_text":"","src":"https:\/\/i0.wp.com\/lasprimeras.com.do\/wp-content\/uploads\/2026\/04\/Misael-fallecido-en-accidente-3.jpg?resize=350%2C200&ssl=1","width":350,"height":200,"srcset":"https:\/\/i0.wp.com\/lasprimeras.com.do\/wp-content\/uploads\/2026\/04\/Misael-fallecido-en-accidente-3.jpg?resize=350%2C200&ssl=1 1x, https:\/\/i0.wp.com\/lasprimeras.com.do\/wp-content\/uploads\/2026\/04\/Misael-fallecido-en-accidente-3.jpg?resize=525%2C300&ssl=1 1.5x, https:\/\/i0.wp.com\/lasprimeras.com.do\/wp-content\/uploads\/2026\/04\/Misael-fallecido-en-accidente-3.jpg?resize=700%2C400&ssl=1 2x, https:\/\/i0.wp.com\/lasprimeras.com.do\/wp-content\/uploads\/2026\/04\/Misael-fallecido-en-accidente-3.jpg?resize=1050%2C600&ssl=1 3x"},"classes":[]},{"id":48956,"url":"https:\/\/lasprimeras.com.do\/index.php\/2023\/05\/05\/apresan-hombre-que-se-atrinchero-tras-accidente-de-transito-en-villa-mella\/","url_meta":{"origin":126572,"position":4},"title":"Apresan hombre que se atrincher\u00f3 tras accidente de tr\u00e1nsito en Villa Mella","author":"prenxa100","date":"5 de mayo de 2023","format":false,"excerpt":"Santo Domingo Norte, RD.-.La ma\u00f1ana de este viernes un accidente vehicular se torn\u00f3 en un incidente violento que termin\u00f3 con el apresamiento de Jorge Francisco Heredia, quien tras colisionar contra el carro de F\u00e9lix Manuel Soriano realiz\u00f3 varios disparos y se atrincher\u00f3 por m\u00e1s de una hora. El choque que\u2026","rel":"","context":"En \u00abNACIONALES\u00bb","block_context":{"text":"NACIONALES","link":"https:\/\/lasprimeras.com.do\/index.php\/category\/nacionales\/"},"img":{"alt_text":"","src":"","width":0,"height":0},"classes":[]},{"id":59957,"url":"https:\/\/lasprimeras.com.do\/index.php\/2023\/09\/09\/imagenes-fuertes-asistencia-del-9-1-1-a-accidente-de-transito-entre-dos-autobuses-de-transporte-de-personal\/","url_meta":{"origin":126572,"position":5},"title":"Im\u00e1genes Fuertes: Asistencia del 9-1-1 a accidente de tr\u00e1nsito entre dos autobuses de transporte de personal","author":"Nelson Feliz","date":"9 de septiembre de 2023","format":false,"excerpt":"Accidente en Hig\u00fcey deja cuatro muertos y 17 heridos Al menos cuatro personas murieron y 17 resultaron heridas durante un accidente de tr\u00e1nsito entre dos dos autobuses que transportaban empleados de dos cadenas hoteleras de B\u00e1varo. El fatal accidente se registr\u00f3 pasadas las 6:00 de la ma\u00f1ana de este s\u00e1bado\u2026","rel":"","context":"En \u00abNACIONALES\u00bb","block_context":{"text":"NACIONALES","link":"https:\/\/lasprimeras.com.do\/index.php\/category\/nacionales\/"},"img":{"alt_text":"","src":"https:\/\/i0.wp.com\/lasprimeras.com.do\/wp-content\/uploads\/2023\/09\/accidentes-2.jpg?resize=350%2C200&ssl=1","width":350,"height":200,"srcset":"https:\/\/i0.wp.com\/lasprimeras.com.do\/wp-content\/uploads\/2023\/09\/accidentes-2.jpg?resize=350%2C200&ssl=1 1x, https:\/\/i0.wp.com\/lasprimeras.com.do\/wp-content\/uploads\/2023\/09\/accidentes-2.jpg?resize=525%2C300&ssl=1 1.5x, https:\/\/i0.wp.com\/lasprimeras.com.do\/wp-content\/uploads\/2023\/09\/accidentes-2.jpg?resize=700%2C400&ssl=1 2x"},"classes":[]}],"jetpack_sharing_enabled":true,"_links":{"self":[{"href":"https:\/\/lasprimeras.com.do\/index.php\/wp-json\/wp\/v2\/posts\/126572","targetHints":{"allow":["GET"]}}],"collection":[{"href":"https:\/\/lasprimeras.com.do\/index.php\/wp-json\/wp\/v2\/posts"}],"about":[{"href":"https:\/\/lasprimeras.com.do\/index.php\/wp-json\/wp\/v2\/types\/post"}],"author":[{"embeddable":true,"href":"https:\/\/lasprimeras.com.do\/index.php\/wp-json\/wp\/v2\/users\/10"}],"replies":[{"embeddable":true,"href":"https:\/\/lasprimeras.com.do\/index.php\/wp-json\/wp\/v2\/comments?post=126572"}],"version-history":[{"count":1,"href":"https:\/\/lasprimeras.com.do\/index.php\/wp-json\/wp\/v2\/posts\/126572\/revisions"}],"predecessor-version":[{"id":126574,"href":"https:\/\/lasprimeras.com.do\/index.php\/wp-json\/wp\/v2\/posts\/126572\/revisions\/126574"}],"wp:featuredmedia":[{"embeddable":true,"href":"https:\/\/lasprimeras.com.do\/index.php\/wp-json\/wp\/v2\/media\/126573"}],"wp:attachment":[{"href":"https:\/\/lasprimeras.com.do\/index.php\/wp-json\/wp\/v2\/media?parent=126572"}],"wp:term":[{"taxonomy":"category","embeddable":true,"href":"https:\/\/lasprimeras.com.do\/index.php\/wp-json\/wp\/v2\/categories?post=126572"},{"taxonomy":"post_tag","embeddable":true,"href":"https:\/\/lasprimeras.com.do\/index.php\/wp-json\/wp\/v2\/tags?post=126572"}],"curies":[{"name":"wp","href":"https:\/\/api.w.org\/{rel}","templated":true}]}}