{"id":126740,"date":"2026-04-04T19:57:01","date_gmt":"2026-04-04T23:57:01","guid":{"rendered":"https:\/\/lasprimeras.com.do\/?p=126740"},"modified":"2026-04-04T19:57:03","modified_gmt":"2026-04-04T23:57:03","slug":"policia-investiga-rapto-y-muerte-de-joven-en-puerto-plata-cuerpo-fue-hallado-en-la-vega","status":"publish","type":"post","link":"https:\/\/lasprimeras.com.do\/index.php\/2026\/04\/04\/policia-investiga-rapto-y-muerte-de-joven-en-puerto-plata-cuerpo-fue-hallado-en-la-vega\/","title":{"rendered":"Polic\u00eda investiga rapto y muerte de joven en Puerto Plata; cuerpo fue hallado en La Vega"},"content":{"rendered":"\n<p>La Polic\u00eda Nacional, a trav\u00e9s de la Direcci\u00f3n Central de Investigaci\u00f3n (DICRIM), mantiene una activa investigaci\u00f3n en torno al rapto y posterior hallazgo sin vida de un joven, en un hecho ocurrido entre las provincias Puerto Plata y La Vega.<\/p>\n\n\n\n<p>La v\u00edctima fue identificada como Anser Stephan Almonte, alias \u201cEl Brujo\u201d, de 24 a\u00f1os, quien hab\u00eda sido reportado como raptado la madrugada del pasado 3 de abril en el sector La Viara, en Puerto Plata.<\/p>\n\n\n\n<p>Seg\u00fan los relatos, el joven se encontraba junto a otras personas cuando fueron interceptados por varios individuos armados, a\u00fan no identificados, quienes lo obligaron a subir a un veh\u00edculo bajo amenaza de arma de fuego, realizando adem\u00e1s un disparo antes de huir del lugar con rumbo desconocido.<\/p>\n\n\n\n<p>Como resultado de la r\u00e1pida coordinaci\u00f3n entre las direcciones regionales de investigaci\u00f3n, fue localizado el cuerpo sin vida del joven en el sector Cabirmota, en la provincia La Vega, presentando m\u00faltiples heridas de bala.<\/p>\n\n\n\n<p>Miembros de la Polic\u00eda Cient\u00edfica se presentaron en la escena, donde recolectaron evidencias, adem\u00e1s de ocupar dispositivos electr\u00f3nicos pertenecientes a la v\u00edctima, los cuales forman parte del proceso investigativo.<\/p>\n\n\n\n<p>La Polic\u00eda Nacional inform\u00f3 que profundiza las investigaciones para identificar y apresar a los responsables de este hecho, al tiempo que reiter\u00f3 su compromiso de esclarecer el caso y llevar a los implicados ante la justicia.<\/p>\n","protected":false},"excerpt":{"rendered":"<p>La Polic\u00eda Nacional, a trav\u00e9s de la Direcci\u00f3n Central de Investigaci\u00f3n (DICRIM), mantiene una activa investigaci\u00f3n en torno al rapto y posterior hallazgo sin vida de un joven, en un&hellip;<\/p>\n","protected":false},"author":10,"featured_media":126741,"comment_status":"open","ping_status":"open","sticky":false,"template":"","format":"standard","meta":{"content-type":"","jetpack_post_was_ever_published":false,"_jetpack_newsletter_access":"","_jetpack_dont_email_post_to_subs":false,"_jetpack_newsletter_tier_id":0,"_jetpack_memberships_contains_paywalled_content":false,"_jetpack_memberships_contains_paid_content":false,"footnotes":""},"categories":[3057],"tags":[938,11101,3809,1127,940,330,48,687,3798],"class_list":["post-126740","post","type-post","status-publish","format-standard","has-post-thumbnail","hentry","category-militares","tag-cuerpo","tag-hallado","tag-investiga","tag-joven","tag-la-vega","tag-muerte","tag-policia","tag-puerto-plata","tag-rapto"],"jetpack_featured_media_url":"https:\/\/lasprimeras.com.do\/wp-content\/uploads\/2026\/04\/muerto.jpg","jetpack-related-posts":[{"id":126601,"url":"https:\/\/lasprimeras.com.do\/index.php\/2026\/04\/03\/autoridades-investigan-muerte-de-joven-de-puerto-plata-en-la-vega\/","url_meta":{"origin":126740,"position":0},"title":"Autoridades investigan muerte de joven de Puerto Plata en La Vega","author":"Nelson Feliz","date":"3 de abril de 2026","format":false,"excerpt":"Un joven de 24 a\u00f1os fue encontrado sin vida en el sector La Sidra, en Burende, municipio de La Vega, durante las primeras horas de la madrugada del viernes. La v\u00edctima fue identificada como Anser Stephen Almonte, conocido por el alias \u201cEl Brujo\u201d, de nacionalidad dominicana y oriundo de Puerto\u2026","rel":"","context":"En \u00abNACIONALES\u00bb","block_context":{"text":"NACIONALES","link":"https:\/\/lasprimeras.com.do\/index.php\/category\/nacionales\/"},"img":{"alt_text":"Anser Stephen Almonte","src":"https:\/\/i0.wp.com\/lasprimeras.com.do\/wp-content\/uploads\/2026\/04\/Anser-Stephen-Almonte.jpg?resize=350%2C200&ssl=1","width":350,"height":200,"srcset":"https:\/\/i0.wp.com\/lasprimeras.com.do\/wp-content\/uploads\/2026\/04\/Anser-Stephen-Almonte.jpg?resize=350%2C200&ssl=1 1x, https:\/\/i0.wp.com\/lasprimeras.com.do\/wp-content\/uploads\/2026\/04\/Anser-Stephen-Almonte.jpg?resize=525%2C300&ssl=1 1.5x, https:\/\/i0.wp.com\/lasprimeras.com.do\/wp-content\/uploads\/2026\/04\/Anser-Stephen-Almonte.jpg?resize=700%2C400&ssl=1 2x"},"classes":[]},{"id":60263,"url":"https:\/\/lasprimeras.com.do\/index.php\/2023\/09\/12\/matan-a-una-joven-durante-confuso-incidente-en-playa-de-puerto-plata\/","url_meta":{"origin":126740,"position":1},"title":"Matan a una joven durante confuso incidente en playa de Puerto Plata","author":"Nelson Feliz","date":"12 de septiembre de 2023","format":false,"excerpt":"Su deceso se produjo a causa de una herida de proyectil en el pecho. Una joven de 19 a\u00f1os falleci\u00f3 la madrugada de este martes durante un confuso incidente en la playa Acapulco, ubicada en el Malec\u00f3n de Puerto Plata. La fallecida fue identificada como Jorgenis Mart\u00ednez Montero, de 19\u2026","rel":"","context":"En \u00abNACIONALES\u00bb","block_context":{"text":"NACIONALES","link":"https:\/\/lasprimeras.com.do\/index.php\/category\/nacionales\/"},"img":{"alt_text":"Jorgenis Mart\u00ednez Montero muerta por un disparo en el pecho","src":"https:\/\/i0.wp.com\/lasprimeras.com.do\/wp-content\/uploads\/2023\/09\/Jorgenis-Martinez-Montero.jpg?resize=350%2C200&ssl=1","width":350,"height":200,"srcset":"https:\/\/i0.wp.com\/lasprimeras.com.do\/wp-content\/uploads\/2023\/09\/Jorgenis-Martinez-Montero.jpg?resize=350%2C200&ssl=1 1x, https:\/\/i0.wp.com\/lasprimeras.com.do\/wp-content\/uploads\/2023\/09\/Jorgenis-Martinez-Montero.jpg?resize=525%2C300&ssl=1 1.5x, https:\/\/i0.wp.com\/lasprimeras.com.do\/wp-content\/uploads\/2023\/09\/Jorgenis-Martinez-Montero.jpg?resize=700%2C400&ssl=1 2x"},"classes":[]},{"id":116633,"url":"https:\/\/lasprimeras.com.do\/index.php\/2025\/12\/02\/pn-identifica-a-responsables-del-rapto-y-asesinato-de-hombre-desaparecido-en-san-cristobal\/","url_meta":{"origin":126740,"position":2},"title":"PN identifica a &#8220;responsables&#8221; del rapto y asesinato de hombre desaparecido en San Crist\u00f3bal","author":"Nelson Feliz","date":"2 de diciembre de 2025","format":false,"excerpt":"La Polic\u00eda Nacional inform\u00f3 este martes que identific\u00f3 a los \"responsables\" del rapto y posterior asesinato de Jos\u00e9 Ignacio Mel\u00e9ndez Medrano, alias \"Satan\u00e1s\", cuyo cuerpo fue encontrado con heridas de arma de fuego en la comunidad Los Novas, provincia San Crist\u00f3bal, tras ser reportado como desaparecido el 19 de noviembre.\u2026","rel":"","context":"En \u00abMILITARES\u00bb","block_context":{"text":"MILITARES","link":"https:\/\/lasprimeras.com.do\/index.php\/category\/militares\/"},"img":{"alt_text":"","src":"https:\/\/i0.wp.com\/lasprimeras.com.do\/wp-content\/uploads\/2025\/07\/PN-1.jpg?resize=350%2C200&ssl=1","width":350,"height":200,"srcset":"https:\/\/i0.wp.com\/lasprimeras.com.do\/wp-content\/uploads\/2025\/07\/PN-1.jpg?resize=350%2C200&ssl=1 1x, https:\/\/i0.wp.com\/lasprimeras.com.do\/wp-content\/uploads\/2025\/07\/PN-1.jpg?resize=525%2C300&ssl=1 1.5x, https:\/\/i0.wp.com\/lasprimeras.com.do\/wp-content\/uploads\/2025\/07\/PN-1.jpg?resize=700%2C400&ssl=1 2x"},"classes":[]},{"id":53140,"url":"https:\/\/lasprimeras.com.do\/index.php\/2023\/06\/23\/manzanillo-apresan-tres-personas-raptaron-hombre-para-llevarlos-a-puerto-rico\/","url_meta":{"origin":126740,"position":3},"title":"Manzanillo: Apresan tres personas raptaron hombre para llevarlos a Puerto Rico","author":"Nelson Feliz","date":"23 de junio de 2023","format":false,"excerpt":"Tres personas fueron detenidas en el municipio de Pepillo Salcedo (Manzanillo), a quien previamente obligaron subirse a un veh\u00edculo con el supuesto fin de cobrarle doscientos mil pesos que alegadamente le hab\u00edan pagado para llevarlos a la isla de Puerto Rico. Los detenidos son Nicol\u00e1s S\u00e1nchez Almonte, de 26 a\u00f1os;\u2026","rel":"","context":"En \u00abMILITARES\u00bb","block_context":{"text":"MILITARES","link":"https:\/\/lasprimeras.com.do\/index.php\/category\/militares\/"},"img":{"alt_text":"","src":"https:\/\/i0.wp.com\/lasprimeras.com.do\/wp-content\/uploads\/2023\/06\/presos.jpg?resize=350%2C200&ssl=1","width":350,"height":200,"srcset":"https:\/\/i0.wp.com\/lasprimeras.com.do\/wp-content\/uploads\/2023\/06\/presos.jpg?resize=350%2C200&ssl=1 1x, https:\/\/i0.wp.com\/lasprimeras.com.do\/wp-content\/uploads\/2023\/06\/presos.jpg?resize=525%2C300&ssl=1 1.5x, https:\/\/i0.wp.com\/lasprimeras.com.do\/wp-content\/uploads\/2023\/06\/presos.jpg?resize=700%2C400&ssl=1 2x"},"classes":[]},{"id":110488,"url":"https:\/\/lasprimeras.com.do\/index.php\/2025\/09\/29\/verdugo-del-nino-yostin-lo-engano-con-un-helado-para-raptarlo-abusarlo-y-asesinarlo\/","url_meta":{"origin":126740,"position":4},"title":"Verdugo del ni\u00f1o Yost\u00edn lo enga\u00f1\u00f3 con un helado para raptarlo, abusarlo y asesinarlo","author":"Nelson Feliz","date":"29 de septiembre de 2025","format":false,"excerpt":"Mayelin Peralta preparaba la tarde del s\u00e1bado la cena y un jugo que hab\u00eda comprado dos horas antes, cuando recibi\u00f3 la noticia de que un hombre se hab\u00eda llevado a Yost\u00edn Peralta, su hijo de 10 a\u00f1os, con quien viv\u00eda en el barrio Puerto Rico de Los Mina, en Santo\u2026","rel":"","context":"En \u00abNACIONALES\u00bb","block_context":{"text":"NACIONALES","link":"https:\/\/lasprimeras.com.do\/index.php\/category\/nacionales\/"},"img":{"alt_text":"","src":"https:\/\/i0.wp.com\/lasprimeras.com.do\/wp-content\/uploads\/2025\/09\/Familiares-y-vecinos-consternados-por-el-asesinato-del-nino-Yostin-Peralta-en-el-barrio-Puerto-Rico-de-Los-Mina.jpg?resize=350%2C200&ssl=1","width":350,"height":200,"srcset":"https:\/\/i0.wp.com\/lasprimeras.com.do\/wp-content\/uploads\/2025\/09\/Familiares-y-vecinos-consternados-por-el-asesinato-del-nino-Yostin-Peralta-en-el-barrio-Puerto-Rico-de-Los-Mina.jpg?resize=350%2C200&ssl=1 1x, https:\/\/i0.wp.com\/lasprimeras.com.do\/wp-content\/uploads\/2025\/09\/Familiares-y-vecinos-consternados-por-el-asesinato-del-nino-Yostin-Peralta-en-el-barrio-Puerto-Rico-de-Los-Mina.jpg?resize=525%2C300&ssl=1 1.5x, https:\/\/i0.wp.com\/lasprimeras.com.do\/wp-content\/uploads\/2025\/09\/Familiares-y-vecinos-consternados-por-el-asesinato-del-nino-Yostin-Peralta-en-el-barrio-Puerto-Rico-de-Los-Mina.jpg?resize=700%2C400&ssl=1 2x, https:\/\/i0.wp.com\/lasprimeras.com.do\/wp-content\/uploads\/2025\/09\/Familiares-y-vecinos-consternados-por-el-asesinato-del-nino-Yostin-Peralta-en-el-barrio-Puerto-Rico-de-Los-Mina.jpg?resize=1050%2C600&ssl=1 3x"},"classes":[]},{"id":59294,"url":"https:\/\/lasprimeras.com.do\/index.php\/2023\/09\/01\/regional-norte-de-la-policia-investiga-muerte-de-joven-nativo-de-nagua\/","url_meta":{"origin":126740,"position":5},"title":"Regional Norte de la Polic\u00eda investiga muerte de joven nativo de Nagua","author":"Nelson Feliz","date":"1 de septiembre de 2023","format":false,"excerpt":"Agentes del Departamento de Investigaciones Criminales (Dicrim), bajo la coordinaci\u00f3n del teniente coronel Aneurys Ruiz \u00c1lvarez de la Regional Norte de la Polic\u00eda que dirige el coronel Jorge Luis Gal\u00e1n Guerrero, investigan la muerte de un hombre nativo del municipio de Nagua, provincia Mar\u00eda Trinidad S\u00e1nchez, cuyo cuerpo fue encontrado\u2026","rel":"","context":"En \u00abMILITARES\u00bb","block_context":{"text":"MILITARES","link":"https:\/\/lasprimeras.com.do\/index.php\/category\/militares\/"},"img":{"alt_text":"","src":"https:\/\/i0.wp.com\/lasprimeras.com.do\/wp-content\/uploads\/2023\/09\/WA.jpg?resize=350%2C200&ssl=1","width":350,"height":200,"srcset":"https:\/\/i0.wp.com\/lasprimeras.com.do\/wp-content\/uploads\/2023\/09\/WA.jpg?resize=350%2C200&ssl=1 1x, https:\/\/i0.wp.com\/lasprimeras.com.do\/wp-content\/uploads\/2023\/09\/WA.jpg?resize=525%2C300&ssl=1 1.5x"},"classes":[]}],"jetpack_sharing_enabled":true,"_links":{"self":[{"href":"https:\/\/lasprimeras.com.do\/index.php\/wp-json\/wp\/v2\/posts\/126740","targetHints":{"allow":["GET"]}}],"collection":[{"href":"https:\/\/lasprimeras.com.do\/index.php\/wp-json\/wp\/v2\/posts"}],"about":[{"href":"https:\/\/lasprimeras.com.do\/index.php\/wp-json\/wp\/v2\/types\/post"}],"author":[{"embeddable":true,"href":"https:\/\/lasprimeras.com.do\/index.php\/wp-json\/wp\/v2\/users\/10"}],"replies":[{"embeddable":true,"href":"https:\/\/lasprimeras.com.do\/index.php\/wp-json\/wp\/v2\/comments?post=126740"}],"version-history":[{"count":1,"href":"https:\/\/lasprimeras.com.do\/index.php\/wp-json\/wp\/v2\/posts\/126740\/revisions"}],"predecessor-version":[{"id":126742,"href":"https:\/\/lasprimeras.com.do\/index.php\/wp-json\/wp\/v2\/posts\/126740\/revisions\/126742"}],"wp:featuredmedia":[{"embeddable":true,"href":"https:\/\/lasprimeras.com.do\/index.php\/wp-json\/wp\/v2\/media\/126741"}],"wp:attachment":[{"href":"https:\/\/lasprimeras.com.do\/index.php\/wp-json\/wp\/v2\/media?parent=126740"}],"wp:term":[{"taxonomy":"category","embeddable":true,"href":"https:\/\/lasprimeras.com.do\/index.php\/wp-json\/wp\/v2\/categories?post=126740"},{"taxonomy":"post_tag","embeddable":true,"href":"https:\/\/lasprimeras.com.do\/index.php\/wp-json\/wp\/v2\/tags?post=126740"}],"curies":[{"name":"wp","href":"https:\/\/api.w.org\/{rel}","templated":true}]}}