{"id":126801,"date":"2026-04-05T20:28:08","date_gmt":"2026-04-06T00:28:08","guid":{"rendered":"https:\/\/lasprimeras.com.do\/?p=126801"},"modified":"2026-04-05T21:04:26","modified_gmt":"2026-04-06T01:04:26","slug":"abinader-convoca-acuerdo-nacional-ante-crisis-global","status":"publish","type":"post","link":"https:\/\/lasprimeras.com.do\/index.php\/2026\/04\/05\/abinader-convoca-acuerdo-nacional-ante-crisis-global\/","title":{"rendered":"Abinader convoca acuerdo nacional ante crisis global"},"content":{"rendered":"\n<p class=\"wp-block-paragraph\"><strong>Anuncia medidas ante nueva realidad en Hait\u00ed tras encabezar reuni\u00f3n del Consejo de Seguridad y Defensa Nacional.<\/strong><\/p>\n\n\n\n<p class=\"wp-block-paragraph\">El presidente Luis Abinader instruy\u00f3 a los ministros de la presidencia; Hacienda y Econom\u00eda; Industria, Comercio y MiPymes, a realizar consultas con los diversos sectores, productivos, pol\u00edticos y sociales nacionales para alcanzar un consenso que lleve a un gran acuerdo nacional para enfrentar la crisis global actual.<\/p>\n\n\n\n<p class=\"wp-block-paragraph\"><a><\/a>Dijo que en las conversaciones se socializaran planes y medidas dise\u00f1adas por el gobierno, con miras a mantener las estimaciones de crecimiento econ\u00f3mico y mitigar el impacto negativo sobre las familias dominicanas de una crisis global, que se desconoce cu\u00e1ndo terminar\u00e1.<\/p>\n\n\n\n<p class=\"wp-block-paragraph\">Record\u00f3 que en el \u00e1mbito mundial se vive una situaci\u00f3n de\u00a0incertidumbre generada por el conflicto b\u00e9lico en el medio oriente.<\/p>\n\n\n\n<p class=\"wp-block-paragraph\">La informaci\u00f3n la ofreci\u00f3 el gobernante tras encabezar, la tarde de este domingo, una reuni\u00f3n del Consejo de Seguridad y Defensa Nacional&nbsp;para evaluar la situaci\u00f3n regional e internacional y adoptar las medidas necesarias ante la realidad que vive el mundo.<\/p>\n\n\n\n<p class=\"wp-block-paragraph\">El mandatario tambi\u00e9n anunci\u00f3&nbsp;que dispuso el reforzamiento de la vigilancia en toda la frontera para garantizar la seguridad de nacional ante la llegada, el pasado 1ro. de abril, del primer contingente de la Fuerza de Supresi\u00f3n de Bandas (GSF), establecida por el Consejo de Seguridad de las Naciones Unidas para contribuir a la estabilizaci\u00f3n de Hait\u00ed.<\/p>\n\n\n\n<p class=\"wp-block-paragraph\">El mandatario record\u00f3 que la defensa del territorio nacional, la protecci\u00f3n de la poblaci\u00f3n y la preservaci\u00f3n del orden p\u00fablico son responsabilidades irrenunciables para lo que &#8220;nuestras Fuerzas Armadas est\u00e1n preparadas, desplegadas y en alerta para responder a cualquier contingencia&#8221;.<\/p>\n\n\n\n<p class=\"wp-block-paragraph\">El dignatario explic\u00f3 que el contexto internacional actual es complejo &#8220;y ante la evoluci\u00f3n de la situaci\u00f3n en Hait\u00ed, Rep\u00fablica Dominicana act\u00faa con responsabilidad y prudencia&#8221;.&nbsp;<\/p>\n\n\n\n<p class=\"wp-block-paragraph\">Manifest\u00f3 que en el proceso de estabilizaci\u00f3n en Hait\u00ed se requerir\u00e1n esfuerzos sostenidos de la comunidad internacional para apoyar al gobierno de la vecina naci\u00f3n en su labor de fortalecer la seguridad y las instituciones en ese pa\u00eds.<\/p>\n\n\n\n<p class=\"wp-block-paragraph\">_*Reconoce civismo de la poblaci\u00f3n durante el asueto de Semana Santa y la labor realizada durante el operativo coordinador por el COE*_<\/p>\n\n\n\n<p class=\"wp-block-paragraph\">El mandatario aprovech\u00f3 para&nbsp;reconocer el comportamiento civilizado de la mayor\u00eda del pueblo dominicano durante el asueto de Semana Santa, con un desplazamiento r\u00e9cord de personas en todo el territorio nacional y la &#8220;extraordinaria labor realizada por los organismos que integran el Centro de Operaciones de Emergencia y todas las entidades de rescate, asistencia a emergencias y de seguridad, as\u00ed como a los miles de voluntarios que se integran tradicionalmente en estos operativos&#8221;.<\/p>\n\n\n\n<p class=\"wp-block-paragraph\">&#8220;En este domingo de resurrecci\u00f3n, albergamos la esperanza del retorno a sus hogares de los dominicanos que se desplazaron en todo el pa\u00eds y a aquellos que a\u00fan vienen en camino, reiterarle el llamado al retorno con prudencia, siguiendo las recomendaciones de las autoridades&#8221;, expres\u00f3 el presidente Abinader.<\/p>\n\n\n\n<p class=\"wp-block-paragraph\">De la reuni\u00f3n, realizada en el Ministerio de Defensa, participaron el titular de Defensa, teniente general Carlos Antonio Fern\u00e1ndez Onofre; de anterior y Polic\u00eda, Faride Raful; el comandante general del Ej\u00e9rcito de Rep\u00fablica Dominicana, mayor general Jorge Iv\u00e1n Camino P\u00e9rez el presidente de la Direcci\u00f3n Nacional de Control de Drogas, vicealmirante Jos\u00e9 Manuel Cabrera Ulloa y el director general de la Polic\u00eda Nacional, mayor general Andr\u00e9s Modesto Cruz Cruz.<\/p>\n","protected":false},"excerpt":{"rendered":"<p>Anuncia medidas ante nueva realidad en Hait\u00ed tras encabezar reuni\u00f3n del Consejo de Seguridad y Defensa Nacional. El presidente Luis Abinader instruy\u00f3 a los ministros de la presidencia; Hacienda y&hellip;<\/p>\n","protected":false},"author":10,"featured_media":126820,"comment_status":"open","ping_status":"open","sticky":false,"template":"","format":"standard","meta":{"content-type":"","_jetpack_newsletter_access":"","_jetpack_dont_email_post_to_subs":false,"_jetpack_newsletter_tier_id":0,"_jetpack_memberships_contains_paywalled_content":false,"_jetpack_feature_clip_id":0,"_jetpack_memberships_contains_paid_content":false,"footnotes":"","jetpack_post_was_ever_published":false},"categories":[39,25],"tags":[2509,31959,1185,31958,67,22358,1905,24518],"class_list":["post-126801","post","type-post","status-publish","format-standard","has-post-thumbnail","hentry","category-economia","category-portada","tag-convoca","tag-crisis-global","tag-enfrentar","tag-gran-acuerdo-nacional","tag-luis-abinader","tag-organizaciones-sociales","tag-politicas","tag-sectores-productivos"],"jetpack-related-posts":[{"id":48941,"url":"https:\/\/lasprimeras.com.do\/index.php\/2023\/05\/05\/avanza-pacto-de-nacion-frente-crisis-haitiana-convocado-por-presidente-abinader\/","url_meta":{"origin":126801,"position":0},"title":"Avanza Pacto de Naci\u00f3n frente crisis haitiana convocado por presidente Abinader","author":"prenxa100","date":"5 de mayo de 2023","format":false,"excerpt":"El funcionario precis\u00f3 que los trabajos se han estado desarroll\u00e1ndose de manera amplia, plural y participativa durante las \u00faltimas semanas. Por Wilson P\u00e9rez Santo Domingo.- El viceministro Administrativo de la Presidencia, Andr\u00e9s Lugo Risk, inform\u00f3 este viernes que avanzan los trabajos para la firma de un gran Pacto de Naci\u00f3n\u2026","rel":"","context":"En \u00abNACIONALES\u00bb","block_context":{"text":"NACIONALES","link":"https:\/\/lasprimeras.com.do\/index.php\/category\/nacionales\/"},"img":{"alt_text":"","src":"","width":0,"height":0},"classes":[]},{"id":98344,"url":"https:\/\/lasprimeras.com.do\/index.php\/2025\/05\/06\/antonio-marte-solo-con-medidas-serias-y-contundentes-se-soluciona-la-crisis-migratoria\/","url_meta":{"origin":126801,"position":1},"title":"Antonio Marte: \u201cSolo con medidas serias y contundentes se soluciona la crisis migratoria\u201d","author":"Nelson Feliz","date":"6 de mayo de 2025","format":false,"excerpt":"El presidente del Partido Primero la Gente (PPG) favorece reuni\u00f3n entre el presidente Luis Abinader, Leonel Fern\u00e1ndez, Danilo Medina e Hip\u00f3lito Mej\u00eda, pero cree necesario escuchar a todos los sectores que han hecho propuestas sobre el tema. El presidente del Partido Primero la Gente (PPG), Antonio Marte, consider\u00f3 que solo\u2026","rel":"","context":"En \u00abPOLITICA\u00bb","block_context":{"text":"POLITICA","link":"https:\/\/lasprimeras.com.do\/index.php\/category\/politica\/"},"img":{"alt_text":"Antonio Marte","src":"https:\/\/i0.wp.com\/lasprimeras.com.do\/wp-content\/uploads\/2023\/09\/Antonio-Marte.jpeg?resize=350%2C200&ssl=1","width":350,"height":200,"srcset":"https:\/\/i0.wp.com\/lasprimeras.com.do\/wp-content\/uploads\/2023\/09\/Antonio-Marte.jpeg?resize=350%2C200&ssl=1 1x, https:\/\/i0.wp.com\/lasprimeras.com.do\/wp-content\/uploads\/2023\/09\/Antonio-Marte.jpeg?resize=525%2C300&ssl=1 1.5x, https:\/\/i0.wp.com\/lasprimeras.com.do\/wp-content\/uploads\/2023\/09\/Antonio-Marte.jpeg?resize=700%2C400&ssl=1 2x"},"classes":[]},{"id":60254,"url":"https:\/\/lasprimeras.com.do\/index.php\/2023\/09\/12\/luis-el-gallo-da-respaldo-a-presidente-abinader-en-crisis-haitiana-y-pide-cierre-total-de-frontera\/","url_meta":{"origin":126801,"position":2},"title":"Luis \u201cEl Gallo\u201d da respaldo a presidente Abinader en crisis haitiana y pide cierre total de frontera","author":"Nelson Feliz","date":"12 de septiembre de 2023","format":false,"excerpt":"El presidente de la Uni\u00f3n Dem\u00f3crata Cristiana -UDC-, Luis Acosta Moreta, Luis \u201cEl Gallo\u201d, pidi\u00f3 hoy un gran bloque unitario nacional de respaldo al presidente Luis Abinader por la forma en que enfrenta la crisis del represamiento del r\u00edo Masacre. Se\u00f1al\u00f3 que est\u00e1 de acuerdo con el presidente Abinader cuando\u2026","rel":"","context":"En \u00abNACIONALES\u00bb","block_context":{"text":"NACIONALES","link":"https:\/\/lasprimeras.com.do\/index.php\/category\/nacionales\/"},"img":{"alt_text":"Luis Abinader","src":"https:\/\/i0.wp.com\/lasprimeras.com.do\/wp-content\/uploads\/2023\/09\/Luis-Abinader-1-2.jpg?resize=350%2C200&ssl=1","width":350,"height":200,"srcset":"https:\/\/i0.wp.com\/lasprimeras.com.do\/wp-content\/uploads\/2023\/09\/Luis-Abinader-1-2.jpg?resize=350%2C200&ssl=1 1x, https:\/\/i0.wp.com\/lasprimeras.com.do\/wp-content\/uploads\/2023\/09\/Luis-Abinader-1-2.jpg?resize=525%2C300&ssl=1 1.5x, https:\/\/i0.wp.com\/lasprimeras.com.do\/wp-content\/uploads\/2023\/09\/Luis-Abinader-1-2.jpg?resize=700%2C400&ssl=1 2x"},"classes":[]},{"id":98973,"url":"https:\/\/lasprimeras.com.do\/index.php\/2025\/05\/14\/conclusiones-del-dialogo-del-presidente-abinader-y-expresidentes\/","url_meta":{"origin":126801,"position":3},"title":"Conclusiones del Di\u00e1logo del presidente Abinader y expresidentes","author":"Nelson Feliz","date":"14 de mayo de 2025","format":false,"excerpt":"Presidente Luis Abinader y expresidentes acuerdan una pol\u00edtica exterior unificada y conjunta sobre las implicaciones de la situaci\u00f3n haitiana. En el di\u00e1logo sostenido por el Presidente Luis Abinader con los expresidentes Danilo Medina, Leonel Fern\u00e1ndez e Hip\u00f3lito Mej\u00eda en la sede del Ministerio de Defensa de la Rep\u00fablica Dominicana, se\u2026","rel":"","context":"En \u00abPOLITICA\u00bb","block_context":{"text":"POLITICA","link":"https:\/\/lasprimeras.com.do\/index.php\/category\/politica\/"},"img":{"alt_text":"","src":"https:\/\/i0.wp.com\/lasprimeras.com.do\/wp-content\/uploads\/2025\/05\/homero.jpg?resize=350%2C200&ssl=1","width":350,"height":200,"srcset":"https:\/\/i0.wp.com\/lasprimeras.com.do\/wp-content\/uploads\/2025\/05\/homero.jpg?resize=350%2C200&ssl=1 1x, https:\/\/i0.wp.com\/lasprimeras.com.do\/wp-content\/uploads\/2025\/05\/homero.jpg?resize=525%2C300&ssl=1 1.5x, https:\/\/i0.wp.com\/lasprimeras.com.do\/wp-content\/uploads\/2025\/05\/homero.jpg?resize=700%2C400&ssl=1 2x"},"classes":[]},{"id":55151,"url":"https:\/\/lasprimeras.com.do\/index.php\/2023\/07\/18\/presidente-abinader-republica-dominicana-no-puede-cansarse-del-tema-haitiano\/","url_meta":{"origin":126801,"position":4},"title":"Presidente Abinader: Rep\u00fablica Dominicana no puede cansarse del tema haitiano","author":"Nelson Feliz","date":"18 de julio de 2023","format":false,"excerpt":"Califica de valiente al primer ministro de Hait\u00ed, Ariel Henry por enfrentar los problemas de esa naci\u00f3n, pero dice necesita la ayuda de la comunidad internacional. El presidente Luis Abinader se refiri\u00f3 nuevamente a la situaci\u00f3n que afecta a Hait\u00ed y reiter\u00f3 que todos los pa\u00edses y la comunidad internacional\u2026","rel":"","context":"En \u00abNACIONALES\u00bb","block_context":{"text":"NACIONALES","link":"https:\/\/lasprimeras.com.do\/index.php\/category\/nacionales\/"},"img":{"alt_text":"Luis Abinader","src":"https:\/\/i0.wp.com\/lasprimeras.com.do\/wp-content\/uploads\/2023\/07\/Luis-Abinader-Haiti.jpg?resize=350%2C200&ssl=1","width":350,"height":200},"classes":[]},{"id":100380,"url":"https:\/\/lasprimeras.com.do\/index.php\/2025\/06\/06\/abinader-convoca-a-la-unidad-nacional-ante-crisis-de-haiti\/","url_meta":{"origin":126801,"position":5},"title":"Abinader convoca a la unidad nacional ante crisis de Hait\u00ed","author":"Nelson Feliz","date":"6 de junio de 2025","format":false,"excerpt":"\u201cEste es un deber que trasciende generaciones y colores pol\u00edticos\u201d. Expresa que debe alcanzarse un consenso nacional en temas migratorios, de comercio bilateral, seguridad nacional, desarrollo fronterizo, relaciones internacionales y asuntos laborales El presidente Luis Abinader convoc\u00f3 nueva vez a la unidad nacional para enfrentar la crisis de Hait\u00ed, estableciendo\u2026","rel":"","context":"En \u00abPOLITICA\u00bb","block_context":{"text":"POLITICA","link":"https:\/\/lasprimeras.com.do\/index.php\/category\/politica\/"},"img":{"alt_text":"","src":"https:\/\/i0.wp.com\/lasprimeras.com.do\/wp-content\/uploads\/2025\/06\/presidentes-1.jpg?resize=350%2C200&ssl=1","width":350,"height":200,"srcset":"https:\/\/i0.wp.com\/lasprimeras.com.do\/wp-content\/uploads\/2025\/06\/presidentes-1.jpg?resize=350%2C200&ssl=1 1x, https:\/\/i0.wp.com\/lasprimeras.com.do\/wp-content\/uploads\/2025\/06\/presidentes-1.jpg?resize=525%2C300&ssl=1 1.5x, https:\/\/i0.wp.com\/lasprimeras.com.do\/wp-content\/uploads\/2025\/06\/presidentes-1.jpg?resize=700%2C400&ssl=1 2x"},"classes":[]}],"jetpack_sharing_enabled":true,"jetpack_featured_media_url":"https:\/\/lasprimeras.com.do\/wp-content\/uploads\/2026\/04\/Luis-1.jpg","_links":{"self":[{"href":"https:\/\/lasprimeras.com.do\/index.php\/wp-json\/wp\/v2\/posts\/126801","targetHints":{"allow":["GET"]}}],"collection":[{"href":"https:\/\/lasprimeras.com.do\/index.php\/wp-json\/wp\/v2\/posts"}],"about":[{"href":"https:\/\/lasprimeras.com.do\/index.php\/wp-json\/wp\/v2\/types\/post"}],"author":[{"embeddable":true,"href":"https:\/\/lasprimeras.com.do\/index.php\/wp-json\/wp\/v2\/users\/10"}],"replies":[{"embeddable":true,"href":"https:\/\/lasprimeras.com.do\/index.php\/wp-json\/wp\/v2\/comments?post=126801"}],"version-history":[{"count":1,"href":"https:\/\/lasprimeras.com.do\/index.php\/wp-json\/wp\/v2\/posts\/126801\/revisions"}],"predecessor-version":[{"id":126802,"href":"https:\/\/lasprimeras.com.do\/index.php\/wp-json\/wp\/v2\/posts\/126801\/revisions\/126802"}],"wp:featuredmedia":[{"embeddable":true,"href":"https:\/\/lasprimeras.com.do\/index.php\/wp-json\/wp\/v2\/media\/126820"}],"wp:attachment":[{"href":"https:\/\/lasprimeras.com.do\/index.php\/wp-json\/wp\/v2\/media?parent=126801"}],"wp:term":[{"taxonomy":"category","embeddable":true,"href":"https:\/\/lasprimeras.com.do\/index.php\/wp-json\/wp\/v2\/categories?post=126801"},{"taxonomy":"post_tag","embeddable":true,"href":"https:\/\/lasprimeras.com.do\/index.php\/wp-json\/wp\/v2\/tags?post=126801"}],"curies":[{"name":"wp","href":"https:\/\/api.w.org\/{rel}","templated":true}]}}