{"id":126822,"date":"2026-04-06T07:32:35","date_gmt":"2026-04-06T11:32:35","guid":{"rendered":"https:\/\/lasprimeras.com.do\/?p=126822"},"modified":"2026-04-06T07:32:37","modified_gmt":"2026-04-06T11:32:37","slug":"vaguada-continuara-generando-fuertes-aguaceros-esta-tarde-sobre-el-pais","status":"publish","type":"post","link":"https:\/\/lasprimeras.com.do\/index.php\/2026\/04\/06\/vaguada-continuara-generando-fuertes-aguaceros-esta-tarde-sobre-el-pais\/","title":{"rendered":"Vaguada continuar\u00e1 generando fuertes aguaceros esta tarde sobre el pa\u00eds"},"content":{"rendered":"\n<p>Durante las horas matutinas, esperamos un cielo con nubes dispersas en gran parte del territorio nacional e incrementos nubosos aislados que dar\u00e1n lugar a chubascos pasajeros y d\u00e9biles en poblados de la costa Sur del pa\u00eds.<\/p>\n\n\n\n<p>En horas de la tarde, los efectos de la vaguada que aun afecta las condiciones del tiempo sobre la naci\u00f3n y la humedad aportada por el viento del este\/sureste, ocasionar\u00e1n incrementos nubosos notables que descargar\u00e1n fuertes aguaceros acompa\u00f1ados tormentas el\u00e9ctricas y posibles r\u00e1fagas de viento en provincias como: El Seibo, Hato Mayor, Monte Plata, S\u00e1nchez Ram\u00edrez, Duarte, Saman\u00e1, Mar\u00eda Trinidad S\u00e1nchez, Hermanas Mirabal, La Vega, Monse\u00f1or Nouel, Espaillat, Puerto Plata, Santiago, Valverde, Santiago Rodr\u00edguez, San Juan, El\u00edas Pi\u00f1a y Dajab\u00f3n.<\/p>\n\n\n\n<p>Estas precipitaciones disminuir\u00e1n al iniciar la noche, cuando se prev\u00e9n aguaceros dispersos en poblados pr\u00f3ximos a la costa Sur del pa\u00eds.<\/p>\n\n\n\n<p>Para ma\u00f1ana&nbsp;martes, continuaremos bajo los efectos de la vaguada y la humedad aportada por el viento hacia la naci\u00f3n, en tal sentido, desde primeras horas del d\u00eda, se observar\u00e1n algunos nublados con aguaceros dispersos y posibles tronadas en poblados como La Altagracia, La Romana, San Pedro de Macor\u00eds, San Crist\u00f3bal, Peravia, Azua, Barahona y EL Gran Santo Domingo.<\/p>\n\n\n\n<p>Durante la tarde, a estas condiciones se sumar\u00e1n los efectos asociados al ciclo diurno, generando nueva vez incrementos significativos de la nubosidad acompa\u00f1ados de fuertes aguaceros, tormentas el\u00e9ctricas y r\u00e1fagas de viento, tambi\u00e9n en las provincias: El Seibo, Hato Mayor, Monte Plata, S\u00e1nchez Ram\u00edrez, Duarte, Saman\u00e1, Mar\u00eda Trinidad S\u00e1nchez, Hermanas Mirabal, La Vega, Monse\u00f1or Nouel, Espaillat, Puerto Plata, Santiago, Valverde, Santiago Rodr\u00edguez, El\u00edas Pi\u00f1a, San Juan, Azua, Dajab\u00f3n y El Gran Santo Domingo.<\/p>\n\n\n\n<p>Se espera que estas precipitaciones contin\u00faen en la noche, pudiendo ser especialmente intensas en poblados del sureste y noreste del pa\u00eds, incluyendo el Gran Santo Domingo.<\/p>\n\n\n\n<p>En la costaatl\u00e1ntica,desde Cabo Cabr\u00f3n (Saman\u00e1) hasta Cabo San Rafael (La Altagracia), se recomienda a los operadores de fr\u00e1giles, peque\u00f1as y medianas embarcaciones permanecer en puerto debido a oleaje bastante peligroso y vientos fuertes.<\/p>\n\n\n\n<p>Para el resto de la costa atl\u00e1ntica, desde Cabo Cabr\u00f3n (Saman\u00e1) hasta Monte Cristi, recomendamos navegar cerca del per\u00edmetro costero sin aventurarse mar adentro, debido a estas mismas condiciones.<\/p>\n\n\n\n<p>Adem\u00e1s, a los usuarios de las playas en dicha zona, les advertimos sobre el peligro de corrientes de resaca, por lo que deben consultar los organismos de protecci\u00f3n civil locales, antes de hacer uso de las mismas.<\/p>\n\n\n\n<p>El Centro Nacional de Pron\u00f3sticos del INDOMET, mantiene &nbsp;los niveles de ALERTA y Aviso meteorol\u00f3gico, ante el riesgo de inundaciones urbanas, as\u00ed como crecidas de r\u00edos, arroyos, ca\u00f1adas y deslizamientos de tierra, tal y como mostramos en la siguiente tabla:<\/p>\n\n\n\n<p>A<\/p>\n\n\n\n<p>B<\/p>\n\n\n\n<p>C<\/p>\n\n\n\n<p>D<\/p>\n\n\n\n<figure class=\"wp-block-table\"><table class=\"has-fixed-layout\"><tbody><tr><td colspan=\"4\">NIVELES DE AVISOS Y ALERTAS METEOROL\u00d3GICAS<\/td><\/tr><tr><td colspan=\"2\">ALERTAS&nbsp;&nbsp;&nbsp;&nbsp;&nbsp;&nbsp;&nbsp;&nbsp;&nbsp;&nbsp;&nbsp;&nbsp;&nbsp;&nbsp;&nbsp;&nbsp;&nbsp;&nbsp; &nbsp;&nbsp;&nbsp;&nbsp;&nbsp;&nbsp;&nbsp;&nbsp;&nbsp;&nbsp;&nbsp;&nbsp;&nbsp;&nbsp;&nbsp;&nbsp;&nbsp;&nbsp;&nbsp;&nbsp;&nbsp;&nbsp;&nbsp;&nbsp;&nbsp;&nbsp;&nbsp;&nbsp;&nbsp;&nbsp;&nbsp;&nbsp;&nbsp;&nbsp;&nbsp;&nbsp;&nbsp;&nbsp;&nbsp;&nbsp;&nbsp;&nbsp;&nbsp;&nbsp;&nbsp;&nbsp;&nbsp;&nbsp;&nbsp;&nbsp;&nbsp;&nbsp;&nbsp;&nbsp;&nbsp;&nbsp;&nbsp;&nbsp;&nbsp;&nbsp;&nbsp;&nbsp;&nbsp;&nbsp;&nbsp;&nbsp;&nbsp;&nbsp;&nbsp;&nbsp;&nbsp;&nbsp;&nbsp;<\/td><td>AVISOS<\/td><td>DESCONTINUADAS<\/td><\/tr><tr><td>San Crist\u00f3bal<\/td><td>Duarte<\/td><td>Monse\u00f1or Nouel<\/td><td><\/td><\/tr><tr><td>El Gran Santo Domingo<\/td><td>La Vega<\/td><td>San Jos\u00e9 de Ocoa<\/td><td><\/td><\/tr><tr><td>Espaillat<\/td><td>Puerto Plata<\/td><td><\/td><td><\/td><\/tr><tr><td>Santiago<\/td><td>Monte Plata<\/td><td><\/td><td><\/td><\/tr><tr><td>Hermanas Mirabal<\/td><td>Saman\u00e1<\/td><td><\/td><td><\/td><\/tr><tr><td>Hato Mayor<\/td><td>La Altagracia<\/td><td><\/td><td><\/td><\/tr><tr><td>El Seibo<\/td><td><\/td><td><\/td><td><\/td><\/tr><tr><td colspan=\"2\">Total: 13<\/td><td>Total: 2<\/td><td>Total: 0<\/td><\/tr><\/tbody><\/table><\/figure>\n\n\n\n<p>1<\/p>\n\n\n\n<p>2<\/p>\n\n\n\n<p>3<\/p>\n\n\n\n<p>4<\/p>\n\n\n\n<p>5<\/p>\n\n\n\n<p>6<\/p>\n\n\n\n<p>7<\/p>\n\n\n\n<p>8<\/p>\n\n\n\n<p>9<\/p>\n\n\n\n<p>10<\/p>\n\n\n\n<p>Resumen: vaguada continuar\u00e1 generando fuertes aguaceros, tormentas el\u00e9ctricas y r\u00e1fagas de viento en varias provincias del pa\u00eds durante esta tarde.<\/p>\n\n\n\n<p>Se espera que estas condiciones se mantengan en las pr\u00f3ximas 48 horas.<\/p>\n\n\n\n<p>Debido a estas condiciones, siguen vigentes los AVISOS y ALERTAS meteorol\u00f3gicos ante posible inundaciones.<\/p>\n\n\n\n<p>El estado del mar en la costa Atl\u00e1ntica retorna gradualmente a la normalidad.<\/p>\n\n\n\n<p>Distrito Nacional:incrementos nubosos ocasionales con aguaceros dispersos.<\/p>\n\n\n\n<p>Santo Domingo Norte:incrementos nubosos ocasionales con aguaceros dispersos.<\/p>\n\n\n\n<p>Santo Domingo Este:incrementos nubosos ocasionales con aguaceros dispersos.<\/p>\n\n\n\n<p>Santo Domingo Oeste:incrementos nubosos ocasionales con aguaceros dispersos.<\/p>\n\n\n\n<p>Temperaturas. m\u00ednimas entre 20 \u00b0C y 22 \u00b0C, y m\u00e1ximas entre 27 \u00b0C y 29 \u00b0C.El D\u00eda mi\u00e9rcoles, la vaguada continuar\u00e1 aportando condiciones favorables para que se presenten incrementos nubosos ocasionales, acompa\u00f1ados de aguaceros y tronadas hasta horas de la noche en provincias pertenecientes a las regiones noreste, sureste, norte, cordillera Central y zona fronteriza.<\/p>\n\n\n\n<p>El Distrito Nacional:incrementos nubosos ocasionales con aguaceros dispersos y tronadas hasta primeras horas de la noche.<\/p>\n\n\n\n<p>El Gran Santo Domingo: incrementos nubosos ocasionales con aguaceros dispersos y tronadas hasta primeras horas de la noche.<\/p>\n","protected":false},"excerpt":{"rendered":"<p>Durante las horas matutinas, esperamos un cielo con nubes dispersas en gran parte del territorio nacional e incrementos nubosos aislados que dar\u00e1n lugar a chubascos pasajeros y d\u00e9biles en poblados&hellip;<\/p>\n","protected":false},"author":10,"featured_media":62436,"comment_status":"open","ping_status":"open","sticky":false,"template":"","format":"standard","meta":{"content-type":"","jetpack_post_was_ever_published":false,"_jetpack_newsletter_access":"","_jetpack_dont_email_post_to_subs":false,"_jetpack_newsletter_tier_id":0,"_jetpack_memberships_contains_paywalled_content":false,"_jetpack_memberships_contains_paid_content":false,"footnotes":""},"categories":[23530,25],"tags":[13553,1518],"class_list":["post-126822","post","type-post","status-publish","format-standard","has-post-thumbnail","hentry","category-clima","category-portada","tag-indomet","tag-vaguada"],"jetpack_featured_media_url":"https:\/\/lasprimeras.com.do\/wp-content\/uploads\/2023\/10\/WhatsApp-Image-2023-10-04-at-5.20.12-PM-2.webp","jetpack-related-posts":[{"id":123779,"url":"https:\/\/lasprimeras.com.do\/index.php\/2026\/03\/05\/vaguada-y-viento-del-este-provocaran-aguaceros-con-tronadas-y-rafagas-de-viento-dice-indomet\/","url_meta":{"origin":126822,"position":0},"title":"Vaguada y viento del Este provocar\u00e1n aguaceros con tronadas y r\u00e1fagas de viento, dice Indomet","author":"Nelson Feliz","date":"5 de marzo de 2026","format":false,"excerpt":"El Instituto Dominicano de Meteorogia inform\u00f3 este jueves, desde horas matutinas, se presentar\u00e1n chubascos aislados sobre poblados del litoral costero del Atl\u00e1ntico, generados por el viento moderado del este y la incidencia de una vaguada. Durante la tarde y hasta primeras horas de la noche, se prev\u00e9n incrementos nubosos con\u2026","rel":"","context":"En \u00abCLIMA\u00bb","block_context":{"text":"CLIMA","link":"https:\/\/lasprimeras.com.do\/index.php\/category\/clima\/"},"img":{"alt_text":"","src":"","width":0,"height":0},"classes":[]},{"id":118948,"url":"https:\/\/lasprimeras.com.do\/index.php\/2026\/01\/05\/indomet-vigila-una-vaguada-que-se-ubica-al-noroeste-de-las-bahamas\/","url_meta":{"origin":126822,"position":1},"title":"INDOMET vigila una vaguada, que se ubica al noroeste de las Bahamas","author":"Nelson Feliz","date":"5 de enero de 2026","format":false,"excerpt":"Alertas ante posibles inundaciones. El Instituto Dominicano de Meteorolog\u00eda ((INDOMET)) vigila una vaguada que se ubica sobre la porci\u00f3n noroeste del pa\u00eds, mientras el sistema frontal se encuentra sobre las Bahamas. El INDOMET informa que estos fen\u00f3menos generan desde tempranas horas del d\u00eda nublados con aguaceros, tormentas el\u00e9ctricas y r\u00e1fagas\u2026","rel":"","context":"En \u00abCLIMA\u00bb","block_context":{"text":"CLIMA","link":"https:\/\/lasprimeras.com.do\/index.php\/category\/clima\/"},"img":{"alt_text":"INDOMET vigila una vaguada","src":"https:\/\/i0.wp.com\/lasprimeras.com.do\/wp-content\/uploads\/2026\/01\/vagauada.jpg?resize=350%2C200&ssl=1","width":350,"height":200,"srcset":"https:\/\/i0.wp.com\/lasprimeras.com.do\/wp-content\/uploads\/2026\/01\/vagauada.jpg?resize=350%2C200&ssl=1 1x, https:\/\/i0.wp.com\/lasprimeras.com.do\/wp-content\/uploads\/2026\/01\/vagauada.jpg?resize=525%2C300&ssl=1 1.5x, https:\/\/i0.wp.com\/lasprimeras.com.do\/wp-content\/uploads\/2026\/01\/vagauada.jpg?resize=700%2C400&ssl=1 2x"},"classes":[]},{"id":128237,"url":"https:\/\/lasprimeras.com.do\/index.php\/2026\/04\/21\/aumento-de-las-lluvias-en-las-proximas-24-a-72-horas-por-vaguada-y-sistema-frontal\/","url_meta":{"origin":126822,"position":2},"title":"Aumento de las lluvias en las pr\u00f3ximas 24 a 72 horas por vaguada y sistema frontal","author":"Nelson Feliz","date":"21 de abril de 2026","format":false,"excerpt":"- Se mantienen los niveles de alertas meteorol\u00f3gicas El Instituto Dominicano de Meteorogia inform\u00f3 hoy que desde tempranas horas se han estado presentando precipitaciones dispersas en algunos poblados de la costa caribe\u00f1a y en otras localidades como Saman\u00e1 y Mar\u00eda Trinidad S\u00e1nchez, debido al viento del sureste. Para la tarde,\u2026","rel":"","context":"En \u00abCLIMA\u00bb","block_context":{"text":"CLIMA","link":"https:\/\/lasprimeras.com.do\/index.php\/category\/clima\/"},"img":{"alt_text":"","src":"https:\/\/i0.wp.com\/lasprimeras.com.do\/wp-content\/uploads\/2025\/08\/LLUVIAS.jpg?resize=350%2C200&ssl=1","width":350,"height":200,"srcset":"https:\/\/i0.wp.com\/lasprimeras.com.do\/wp-content\/uploads\/2025\/08\/LLUVIAS.jpg?resize=350%2C200&ssl=1 1x, https:\/\/i0.wp.com\/lasprimeras.com.do\/wp-content\/uploads\/2025\/08\/LLUVIAS.jpg?resize=525%2C300&ssl=1 1.5x, https:\/\/i0.wp.com\/lasprimeras.com.do\/wp-content\/uploads\/2025\/08\/LLUVIAS.jpg?resize=700%2C400&ssl=1 2x"},"classes":[]},{"id":127628,"url":"https:\/\/lasprimeras.com.do\/index.php\/2026\/04\/14\/lluvias-matutinas-en-el-norte-y-tormentas-locales-en-la-tarde-por-vaguada\/","url_meta":{"origin":126822,"position":3},"title":"Lluvias matutinas en el Norte y tormentas locales en la tarde por vaguada","author":"Nelson Feliz","date":"14 de abril de 2026","format":false,"excerpt":"-Avisos y alertas Meteorogicas vigentes oleaje anormal en la Costa Atl\u00e1ntica El Instituto Dominicano de Meteorogia (INDOMET) inform\u00f3 Durante la ma\u00f1ana, se espera que contin\u00fae lloviendo en Puerto Plata, Monte Cristi, Espaillat, Hermanas Mirabal, Duarte, Santiago, Mar\u00eda Trinidad S\u00e1nchez y Saman\u00e1. En la tarde, prevemos que estas precipitaciones disminuyan paulatinamente.\u2026","rel":"","context":"En \u00abCLIMA\u00bb","block_context":{"text":"CLIMA","link":"https:\/\/lasprimeras.com.do\/index.php\/category\/clima\/"},"img":{"alt_text":"","src":"https:\/\/i0.wp.com\/lasprimeras.com.do\/wp-content\/uploads\/2025\/10\/lluvias-1.jpg?resize=350%2C200&ssl=1","width":350,"height":200,"srcset":"https:\/\/i0.wp.com\/lasprimeras.com.do\/wp-content\/uploads\/2025\/10\/lluvias-1.jpg?resize=350%2C200&ssl=1 1x, https:\/\/i0.wp.com\/lasprimeras.com.do\/wp-content\/uploads\/2025\/10\/lluvias-1.jpg?resize=525%2C300&ssl=1 1.5x, https:\/\/i0.wp.com\/lasprimeras.com.do\/wp-content\/uploads\/2025\/10\/lluvias-1.jpg?resize=700%2C400&ssl=1 2x"},"classes":[]},{"id":91124,"url":"https:\/\/lasprimeras.com.do\/index.php\/2024\/11\/10\/onda-tropical-y-vaguada-produciran-aguaceros-tormentas-electricas-en-las-proximas-24-a-48-horas\/","url_meta":{"origin":126822,"position":4},"title":"Onda Tropical y Vaguada producir\u00e1n aguaceros, tormentas el\u00e9ctricas en las pr\u00f3ximas 24 a 48 horas","author":"Nelson Feliz","date":"10 de noviembre de 2024","format":false,"excerpt":"Varias provincias en alertas y avisos meteorol\u00f3gicos. El Instituto Dominicano de Meteorolog\u00eda (INDOMET) informo hoy producto de la inestabilidad de la vaguada y la humedad de la onda tropical, desde la madrugada ocurren nublados con lluvias, tronadas y aisladas r\u00e1fagas de viento, en puntos del sureste caribe\u00f1o y nordeste Atl\u00e1ntico;\u2026","rel":"","context":"En \u00abNACIONALES\u00bb","block_context":{"text":"NACIONALES","link":"https:\/\/lasprimeras.com.do\/index.php\/category\/nacionales\/"},"img":{"alt_text":"","src":"https:\/\/i0.wp.com\/lasprimeras.com.do\/wp-content\/uploads\/2023\/07\/lluvias-1.jpg?resize=350%2C200&ssl=1","width":350,"height":200,"srcset":"https:\/\/i0.wp.com\/lasprimeras.com.do\/wp-content\/uploads\/2023\/07\/lluvias-1.jpg?resize=350%2C200&ssl=1 1x, https:\/\/i0.wp.com\/lasprimeras.com.do\/wp-content\/uploads\/2023\/07\/lluvias-1.jpg?resize=525%2C300&ssl=1 1.5x"},"classes":[]},{"id":127713,"url":"https:\/\/lasprimeras.com.do\/index.php\/2026\/04\/15\/vaguada-y-efectos-del-viento-provocaran-aguaceros-con-tormentas-electricas-y-rafagas-de-viento-informa-indomet\/","url_meta":{"origin":126822,"position":5},"title":"Vaguada y efectos del viento provocar\u00e1n aguaceros con tormentas el\u00e9ctricas y r\u00e1fagas de viento, informa Indomet","author":"Nelson Feliz","date":"15 de abril de 2026","format":false,"excerpt":"-Se mantienen los avisos y alertas meteorol\u00f3gicos, oleaje anormales en la costa atl\u00e1ntica - El Instituto Dominicano de Meteorogia (INDOMET) inform\u00f3 que este mi\u00e9rcoles se pronostica que los efectos del viento, en combinaci\u00f3n con una vaguada en varios niveles de la troposfera, generen lluvias d\u00e9biles a moderadas hacia poblados cercanos\u2026","rel":"","context":"En \u00abCLIMA\u00bb","block_context":{"text":"CLIMA","link":"https:\/\/lasprimeras.com.do\/index.php\/category\/clima\/"},"img":{"alt_text":"","src":"https:\/\/i0.wp.com\/lasprimeras.com.do\/wp-content\/uploads\/2025\/10\/lluvias-1.jpg?resize=350%2C200&ssl=1","width":350,"height":200,"srcset":"https:\/\/i0.wp.com\/lasprimeras.com.do\/wp-content\/uploads\/2025\/10\/lluvias-1.jpg?resize=350%2C200&ssl=1 1x, https:\/\/i0.wp.com\/lasprimeras.com.do\/wp-content\/uploads\/2025\/10\/lluvias-1.jpg?resize=525%2C300&ssl=1 1.5x, https:\/\/i0.wp.com\/lasprimeras.com.do\/wp-content\/uploads\/2025\/10\/lluvias-1.jpg?resize=700%2C400&ssl=1 2x"},"classes":[]}],"jetpack_sharing_enabled":true,"_links":{"self":[{"href":"https:\/\/lasprimeras.com.do\/index.php\/wp-json\/wp\/v2\/posts\/126822","targetHints":{"allow":["GET"]}}],"collection":[{"href":"https:\/\/lasprimeras.com.do\/index.php\/wp-json\/wp\/v2\/posts"}],"about":[{"href":"https:\/\/lasprimeras.com.do\/index.php\/wp-json\/wp\/v2\/types\/post"}],"author":[{"embeddable":true,"href":"https:\/\/lasprimeras.com.do\/index.php\/wp-json\/wp\/v2\/users\/10"}],"replies":[{"embeddable":true,"href":"https:\/\/lasprimeras.com.do\/index.php\/wp-json\/wp\/v2\/comments?post=126822"}],"version-history":[{"count":1,"href":"https:\/\/lasprimeras.com.do\/index.php\/wp-json\/wp\/v2\/posts\/126822\/revisions"}],"predecessor-version":[{"id":126823,"href":"https:\/\/lasprimeras.com.do\/index.php\/wp-json\/wp\/v2\/posts\/126822\/revisions\/126823"}],"wp:featuredmedia":[{"embeddable":true,"href":"https:\/\/lasprimeras.com.do\/index.php\/wp-json\/wp\/v2\/media\/62436"}],"wp:attachment":[{"href":"https:\/\/lasprimeras.com.do\/index.php\/wp-json\/wp\/v2\/media?parent=126822"}],"wp:term":[{"taxonomy":"category","embeddable":true,"href":"https:\/\/lasprimeras.com.do\/index.php\/wp-json\/wp\/v2\/categories?post=126822"},{"taxonomy":"post_tag","embeddable":true,"href":"https:\/\/lasprimeras.com.do\/index.php\/wp-json\/wp\/v2\/tags?post=126822"}],"curies":[{"name":"wp","href":"https:\/\/api.w.org\/{rel}","templated":true}]}}