{"id":126824,"date":"2026-04-06T07:45:49","date_gmt":"2026-04-06T11:45:49","guid":{"rendered":"https:\/\/lasprimeras.com.do\/?p=126824"},"modified":"2026-04-06T07:45:51","modified_gmt":"2026-04-06T11:45:51","slug":"en-tres-meses-en-usa-van-3024-fallecimientos-y-5142-personas-heridas-por-balas-entre-victimas-figuran-dominicanos","status":"publish","type":"post","link":"https:\/\/lasprimeras.com.do\/index.php\/2026\/04\/06\/en-tres-meses-en-usa-van-3024-fallecimientos-y-5142-personas-heridas-por-balas-entre-victimas-figuran-dominicanos\/","title":{"rendered":"En tres meses en USA van 3,024 fallecimientos y 5,142 personas heridas por balas; entre v\u00edctimas figuran dominicanos"},"content":{"rendered":"\n<p>Por Ram\u00f3n Mercedes<\/p>\n\n\n\n<p>NUEVA YORK.- Durante los primeros tres meses de este a\u00f1o, en Estados Unidos se han registrado 3,024 fallecimientos y 5,142 heridos por arma de fuego, muchos de ellos en estado grave.<\/p>\n\n\n\n<p>Entre las v\u00edctimas figuran varios dominicanos.<\/p>\n\n\n\n<p>De los fallecidos, 47 eran menores de entre 0 y 11 a\u00f1os, y 102 resultaron heridos.<\/p>\n\n\n\n<p>Entre los adolescentes de 12 a 17 a\u00f1os, hubo 201 fallecidos y 563 heridos.<\/p>\n\n\n\n<p>Adem\u00e1s, 12 agentes policiales fallecieron y 76 resultaron heridos, algunos en estado cr\u00edtico.<\/p>\n\n\n\n<p>Las estad\u00edsticas provienen de la organizaci\u00f3n Archivo de Violencia Armada (GVA), con sede en Washington, D.C., cuyo objetivo es documentar incidentes de violencia armada y delitos con armas de fuego a nivel nacional.<\/p>\n\n\n\n<p>Durante el 2025, en EUA registraron 14,488 fallecidos y 26,050 heridos.<\/p>\n\n\n\n<p>Adem\u00e1s, se reportaron un poco m\u00e1s de 24 mil suicidios, seg\u00fan el GVA.<\/p>\n\n\n\n<p>La cultura de las armas est\u00e1 profundamente arraigada en EE. UU., respaldada por la Segunda Enmienda de la Constituci\u00f3n, que protege el derecho del pueblo a poseer y portar armas, justific\u00e1ndolo en la necesidad de una milicia bien organizada para la seguridad de un Estado libre.<\/p>\n\n\n\n<p>EE. UU. es el \u00fanico pa\u00eds del mundo con m\u00e1s armas de fuego que habitantes, con un promedio de aproximadamente 120 armas por cada 100 personas, seg\u00fan datos de Small Arms Survey, con sede en Ginebra, Suiza.<\/p>\n","protected":false},"excerpt":{"rendered":"<p>Por Ram\u00f3n Mercedes NUEVA YORK.- Durante los primeros tres meses de este a\u00f1o, en Estados Unidos se han registrado 3,024 fallecimientos y 5,142 heridos por arma de fuego, muchos de&hellip;<\/p>\n","protected":false},"author":10,"featured_media":103644,"comment_status":"open","ping_status":"open","sticky":false,"template":"","format":"standard","meta":{"content-type":"","jetpack_post_was_ever_published":false,"_jetpack_newsletter_access":"","_jetpack_dont_email_post_to_subs":false,"_jetpack_newsletter_tier_id":0,"_jetpack_memberships_contains_paywalled_content":false,"_jetpack_memberships_contains_paid_content":false,"footnotes":""},"categories":[16289],"tags":[17844,487,8360,2612,4670,2034],"class_list":["post-126824","post","type-post","status-publish","format-standard","has-post-thumbnail","hentry","category-internacionales","tag-balas","tag-dominicanos","tag-fallecimientos","tag-heridas","tag-usa","tag-victimas"],"jetpack_featured_media_url":"https:\/\/lasprimeras.com.do\/wp-content\/uploads\/2025\/07\/WhatsApp-Image-2025-07-17-at-6.40.32-AM-2.jpeg","jetpack-related-posts":[{"id":94733,"url":"https:\/\/lasprimeras.com.do\/index.php\/2025\/03\/04\/en-primeros-dos-meses-2025-en-usa-van-2224-fallecidos-por-balas-y-3688-heridos\/","url_meta":{"origin":126824,"position":0},"title":"En primeros dos meses 2025 en USA van 2,224 fallecidos por balas y 3,688 heridos","author":"Nelson Feliz","date":"4 de marzo de 2025","format":false,"excerpt":"Por Ram\u00f3n Mercedes NUEVA YORK.- Durante los 59 d\u00edas transcurridos entre los meses de enero y febrero del presente a\u00f1o, la cantidad de 2,224 personas han fallecidos a causas de balas en Estados Unidos y 3,688 heridas, muchas de ellas quedando en estado de gravedad. Entre las v\u00edctimas figuran 196\u2026","rel":"","context":"En \u00abINTERNACIONALES\u00bb","block_context":{"text":"INTERNACIONALES","link":"https:\/\/lasprimeras.com.do\/index.php\/category\/sin-categoria\/internacionales\/"},"img":{"alt_text":"","src":"https:\/\/i0.wp.com\/lasprimeras.com.do\/wp-content\/uploads\/2025\/03\/WhatsApp-Image-2025-03-04-at-6.26.30-AM-1.jpeg?resize=350%2C200&ssl=1","width":350,"height":200,"srcset":"https:\/\/i0.wp.com\/lasprimeras.com.do\/wp-content\/uploads\/2025\/03\/WhatsApp-Image-2025-03-04-at-6.26.30-AM-1.jpeg?resize=350%2C200&ssl=1 1x, https:\/\/i0.wp.com\/lasprimeras.com.do\/wp-content\/uploads\/2025\/03\/WhatsApp-Image-2025-03-04-at-6.26.30-AM-1.jpeg?resize=525%2C300&ssl=1 1.5x"},"classes":[]},{"id":123636,"url":"https:\/\/lasprimeras.com.do\/index.php\/2026\/03\/03\/en-59-dias-1995-personas-fallecidas-por-balas-en-usa-y-3351-heridas-figuran-dominicanos\/","url_meta":{"origin":126824,"position":1},"title":"En 59 d\u00edas 1,995 personas fallecidas por balas en USA y 3,351 heridas; figuran dominicanos","author":"Nelson Feliz","date":"3 de marzo de 2026","format":false,"excerpt":"Por Ram\u00f3n Mercedes NUEVA YORK.- Estad\u00edsticas de la entidad \u201cArchivo de Violencia Armada\u201d (GVA), con sede en Washington DC, establece que durante los meses de enero y febrero (59 d\u00edas) en los Estados Unidos han fallecido a causa de balas la cantidad de 1,995 personas y 3,351 heridas, algunas de\u2026","rel":"","context":"En \u00abINTERNACIONALES\u00bb","block_context":{"text":"INTERNACIONALES","link":"https:\/\/lasprimeras.com.do\/index.php\/category\/sin-categoria\/internacionales\/"},"img":{"alt_text":"","src":"https:\/\/i0.wp.com\/lasprimeras.com.do\/wp-content\/uploads\/2026\/03\/En-59-dias-1995-personas-fallecidas-por-balas-en-USA-y-3351-heridas_-figuran-dominicanos.jpg?resize=350%2C200&ssl=1","width":350,"height":200},"classes":[]},{"id":121441,"url":"https:\/\/lasprimeras.com.do\/index.php\/2026\/02\/04\/primer-mes-2026-en-usa-hubo-981-fallecidos-por-balas-y-mil-655-heridos-difentes-nacionalidades\/","url_meta":{"origin":126824,"position":2},"title":"Primer mes 2026 en USA hubo 981 fallecidos por balas y mil 655 heridos difentes nacionalidades","author":"Nelson Feliz","date":"4 de febrero de 2026","format":false,"excerpt":"Por Ram\u00f3n Mercedes NUEVA YORK.- En Estados Unidos hubo 981 personas fallecidas por balas y 1,655 heridas desde el 1 al 31 de enero del presente a\u00f1o. Muchas de ellas quedando en estado de gravedad, y pertenecen a diferentes nacionales. Entre las v\u00edctimas figuran 14 ni\u00f1os y 36 heridos, entre\u2026","rel":"","context":"En \u00abINTERNACIONALES\u00bb","block_context":{"text":"INTERNACIONALES","link":"https:\/\/lasprimeras.com.do\/index.php\/category\/sin-categoria\/internacionales\/"},"img":{"alt_text":"","src":"https:\/\/i0.wp.com\/lasprimeras.com.do\/wp-content\/uploads\/2026\/02\/Primer-mes-2026-en-USA-hubo-981-fallecidos-por-balas-y-mil-655-heridos-de-difentes-nacionalidades.jpg?resize=350%2C200&ssl=1","width":350,"height":200,"srcset":"https:\/\/i0.wp.com\/lasprimeras.com.do\/wp-content\/uploads\/2026\/02\/Primer-mes-2026-en-USA-hubo-981-fallecidos-por-balas-y-mil-655-heridos-de-difentes-nacionalidades.jpg?resize=350%2C200&ssl=1 1x, https:\/\/i0.wp.com\/lasprimeras.com.do\/wp-content\/uploads\/2026\/02\/Primer-mes-2026-en-USA-hubo-981-fallecidos-por-balas-y-mil-655-heridos-de-difentes-nacionalidades.jpg?resize=525%2C300&ssl=1 1.5x, https:\/\/i0.wp.com\/lasprimeras.com.do\/wp-content\/uploads\/2026\/02\/Primer-mes-2026-en-USA-hubo-981-fallecidos-por-balas-y-mil-655-heridos-de-difentes-nacionalidades.jpg?resize=700%2C400&ssl=1 2x"},"classes":[]},{"id":129251,"url":"https:\/\/lasprimeras.com.do\/index.php\/2026\/05\/01\/en-2026-van-4103-personas-fallecidas-y-7157-heridas-de-balas-en-ee-uu\/","url_meta":{"origin":126824,"position":3},"title":"En 2026 van 4,103 personas fallecidas y 7,157 heridas de balas en EE. UU.","author":"Nelson Feliz","date":"1 de mayo de 2026","format":false,"excerpt":"Por Ram\u00f3n Mercedes NUEVA YORK.- En lo que va del presente a\u00f1o, en Estados Unidos han fallecido 4,103 personas por balas y 7,157 heridas, algunas de gravedad, seg\u00fan las estad\u00edsticas de la entidad Archivo de Violencia Armada (GVA), con sede en Washington DC. Entre los fallecidos se incluyen 71 menores\u2026","rel":"","context":"En \u00abLA VOZ DE LA DIASPORA\u00bb","block_context":{"text":"LA VOZ DE LA DIASPORA","link":"https:\/\/lasprimeras.com.do\/index.php\/category\/la-voz-de-la-diaspora\/"},"img":{"alt_text":"","src":"https:\/\/i0.wp.com\/lasprimeras.com.do\/wp-content\/uploads\/2026\/04\/En-2026-van-4103-personas-fallecidas-y-7157-heridas-de-balas-en-EE.-UU.-1.jpg?resize=350%2C200&ssl=1","width":350,"height":200,"srcset":"https:\/\/i0.wp.com\/lasprimeras.com.do\/wp-content\/uploads\/2026\/04\/En-2026-van-4103-personas-fallecidas-y-7157-heridas-de-balas-en-EE.-UU.-1.jpg?resize=350%2C200&ssl=1 1x, https:\/\/i0.wp.com\/lasprimeras.com.do\/wp-content\/uploads\/2026\/04\/En-2026-van-4103-personas-fallecidas-y-7157-heridas-de-balas-en-EE.-UU.-1.jpg?resize=525%2C300&ssl=1 1.5x"},"classes":[]},{"id":128318,"url":"https:\/\/lasprimeras.com.do\/index.php\/2026\/04\/21\/aumentan-los-fallecimientos-de-menores-en-ee-uu-por-balas-algunos-hechos-han-sucedido-en-nyc\/","url_meta":{"origin":126824,"position":4},"title":"Aumentan los fallecimientos de menores en EE. UU. por balas; algunos hechos han sucedido en NYC","author":"Nelson Feliz","date":"21 de abril de 2026","format":false,"excerpt":"Por Ram\u00f3n Mercedes NUEVA YORK.- Los fallecimientos de menores de edad a causa de balas en Estados Unidos contin\u00faan aumentando cada d\u00eda. Tras el asesinato de ocho menores en la ciudad de Shreveport, en el estado de Luisiana, se reportaban 307 menores fallecidos y 824 heridos, algunos de gravedad. Para\u2026","rel":"","context":"En \u00abINTERNACIONALES\u00bb","block_context":{"text":"INTERNACIONALES","link":"https:\/\/lasprimeras.com.do\/index.php\/category\/sin-categoria\/internacionales\/"},"img":{"alt_text":"","src":"https:\/\/i0.wp.com\/lasprimeras.com.do\/wp-content\/uploads\/2026\/03\/En-59-dias-1995-personas-fallecidas-por-balas-en-USA-y-3351-heridas_-figuran-dominicanos.jpg?resize=350%2C200&ssl=1","width":350,"height":200},"classes":[]},{"id":102848,"url":"https:\/\/lasprimeras.com.do\/index.php\/2025\/07\/09\/comprar-un-arma-de-fuego-en-usa-ahora-resultaria-mas-facil-dominicanos-portan-con-permiso\/","url_meta":{"origin":126824,"position":5},"title":"Comprar un arma de fuego en USA ahora resultar\u00eda m\u00e1s f\u00e1cil; dominicanos portan con permiso","author":"Nelson Feliz","date":"9 de julio de 2025","format":false,"excerpt":"Por Ram\u00f3n Mercedes NUEVA YORK.- Comprar un alma de fuego en los Estados Unidos ahora resultar\u00eda m\u00e1s f\u00e1cil, debido a que el presidente Donald Trump impulsa cambios que facilitar\u00e1n su adquisici\u00f3n al reducir el formulario que se exige para iniciar el proceso. Miles de dominicanos en territorio estadounidense, generalmente propietario\u2026","rel":"","context":"En \u00abINTERNACIONALES\u00bb","block_context":{"text":"INTERNACIONALES","link":"https:\/\/lasprimeras.com.do\/index.php\/category\/sin-categoria\/internacionales\/"},"img":{"alt_text":"Comprar un arma de fuego en USA ahora resultar\u00eda m\u00e1s f\u00e1cil; dominicanos portan con permiso","src":"https:\/\/i0.wp.com\/lasprimeras.com.do\/wp-content\/uploads\/2025\/07\/WhatsApp-Image-2025-07-09-at-5.35.19-AM.jpeg?resize=350%2C200&ssl=1","width":350,"height":200,"srcset":"https:\/\/i0.wp.com\/lasprimeras.com.do\/wp-content\/uploads\/2025\/07\/WhatsApp-Image-2025-07-09-at-5.35.19-AM.jpeg?resize=350%2C200&ssl=1 1x, https:\/\/i0.wp.com\/lasprimeras.com.do\/wp-content\/uploads\/2025\/07\/WhatsApp-Image-2025-07-09-at-5.35.19-AM.jpeg?resize=525%2C300&ssl=1 1.5x, https:\/\/i0.wp.com\/lasprimeras.com.do\/wp-content\/uploads\/2025\/07\/WhatsApp-Image-2025-07-09-at-5.35.19-AM.jpeg?resize=700%2C400&ssl=1 2x"},"classes":[]}],"jetpack_sharing_enabled":true,"_links":{"self":[{"href":"https:\/\/lasprimeras.com.do\/index.php\/wp-json\/wp\/v2\/posts\/126824","targetHints":{"allow":["GET"]}}],"collection":[{"href":"https:\/\/lasprimeras.com.do\/index.php\/wp-json\/wp\/v2\/posts"}],"about":[{"href":"https:\/\/lasprimeras.com.do\/index.php\/wp-json\/wp\/v2\/types\/post"}],"author":[{"embeddable":true,"href":"https:\/\/lasprimeras.com.do\/index.php\/wp-json\/wp\/v2\/users\/10"}],"replies":[{"embeddable":true,"href":"https:\/\/lasprimeras.com.do\/index.php\/wp-json\/wp\/v2\/comments?post=126824"}],"version-history":[{"count":1,"href":"https:\/\/lasprimeras.com.do\/index.php\/wp-json\/wp\/v2\/posts\/126824\/revisions"}],"predecessor-version":[{"id":126825,"href":"https:\/\/lasprimeras.com.do\/index.php\/wp-json\/wp\/v2\/posts\/126824\/revisions\/126825"}],"wp:featuredmedia":[{"embeddable":true,"href":"https:\/\/lasprimeras.com.do\/index.php\/wp-json\/wp\/v2\/media\/103644"}],"wp:attachment":[{"href":"https:\/\/lasprimeras.com.do\/index.php\/wp-json\/wp\/v2\/media?parent=126824"}],"wp:term":[{"taxonomy":"category","embeddable":true,"href":"https:\/\/lasprimeras.com.do\/index.php\/wp-json\/wp\/v2\/categories?post=126824"},{"taxonomy":"post_tag","embeddable":true,"href":"https:\/\/lasprimeras.com.do\/index.php\/wp-json\/wp\/v2\/tags?post=126824"}],"curies":[{"name":"wp","href":"https:\/\/api.w.org\/{rel}","templated":true}]}}