{"id":126838,"date":"2026-04-06T09:38:04","date_gmt":"2026-04-06T13:38:04","guid":{"rendered":"https:\/\/lasprimeras.com.do\/?p=126838"},"modified":"2026-04-06T09:45:15","modified_gmt":"2026-04-06T13:45:15","slug":"video-muestra-patrulla-de-la-pn-llevandose-dos-motores-de-un-parqueo-en-moca","status":"publish","type":"post","link":"https:\/\/lasprimeras.com.do\/index.php\/2026\/04\/06\/video-muestra-patrulla-de-la-pn-llevandose-dos-motores-de-un-parqueo-en-moca\/","title":{"rendered":"Video muestra patrulla de la PN llev\u00e1ndose dos motores de un parqueo en Moca"},"content":{"rendered":"\n<p><strong>Moca, Espaillat.<\/strong>&nbsp;\u2014 Una situaci\u00f3n que genera preocupaci\u00f3n ocurri\u00f3 en&nbsp;<strong>Cayetano Germos\u00e9n<\/strong>, cuando una patrulla de la&nbsp;<strong>Polic\u00eda Nacional<\/strong>&nbsp;retir\u00f3 una motocicleta que se encontraba estacionada en el parqueo de su propietario.<\/p>\n\n\n\n<p>El due\u00f1o del veh\u00edculo denunci\u00f3 el hecho y asegur\u00f3 que el incidente qued\u00f3 registrado por una c\u00e1mara de seguridad instalada en el residencial donde ocurri\u00f3. <\/p>\n\n\n\n<p>En las im\u00e1genes, aparentemente se observa a los agentes retirando la motocicleta sin autorizaci\u00f3n.<\/p>\n\n\n\n<figure class=\"wp-block-video\"><video height=\"480\" style=\"aspect-ratio: 860 \/ 480;\" width=\"860\" controls src=\"https:\/\/lasprimeras.com.do\/wp-content\/uploads\/2026\/04\/1003917851.mp4\"><\/video><\/figure>\n","protected":false},"excerpt":{"rendered":"<p>Moca, Espaillat.&nbsp;\u2014 Una situaci\u00f3n que genera preocupaci\u00f3n ocurri\u00f3 en&nbsp;Cayetano Germos\u00e9n, cuando una patrulla de la&nbsp;Polic\u00eda Nacional&nbsp;retir\u00f3 una motocicleta que se encontraba estacionada en el parqueo de su propietario. El due\u00f1o&hellip;<\/p>\n","protected":false},"author":10,"featured_media":81683,"comment_status":"open","ping_status":"open","sticky":false,"template":"","format":"standard","meta":{"content-type":"","jetpack_post_was_ever_published":false,"_jetpack_newsletter_access":"","_jetpack_dont_email_post_to_subs":false,"_jetpack_newsletter_tier_id":0,"_jetpack_memberships_contains_paywalled_content":false,"_jetpack_memberships_contains_paid_content":false,"footnotes":""},"categories":[35,25],"tags":[31966,2030,8855,10404,31965,477],"class_list":["post-126838","post","type-post","status-publish","format-standard","has-post-thumbnail","hentry","category-nacionales","category-portada","tag-llevandose","tag-moca","tag-motores","tag-parqueo","tag-patrlla","tag-pn"],"jetpack_featured_media_url":"https:\/\/lasprimeras.com.do\/wp-content\/uploads\/2024\/04\/Patrulla-PN.jpg","jetpack-related-posts":[{"id":89740,"url":"https:\/\/lasprimeras.com.do\/index.php\/2024\/10\/03\/pn-y-mp-allanan-y-detienen-dos-personas-en-moca\/","url_meta":{"origin":126838,"position":0},"title":"PN y MP allanan y detienen dos personas en Moca","author":"Nelson Feliz","date":"3 de octubre de 2024","format":false,"excerpt":"Miembros de la Polic\u00eda Nacional, a trav\u00e9s de la Direcci\u00f3n Regional Espaillat y adscritos a la Subdirecci\u00f3n de Investigaci\u00f3n (DICRIM), Inteligencia (DINTEL) y de Prevenci\u00f3n, en coordinaci\u00f3n con el Ministerio P\u00fablico, ejecutaron la orden de allanamiento No. 598-1-2024-SAUT-00354 en un establecimiento de repuestos, resultando en la detenci\u00f3n de dos personas\u2026","rel":"","context":"En \u00abMILITARES\u00bb","block_context":{"text":"MILITARES","link":"https:\/\/lasprimeras.com.do\/index.php\/category\/militares\/"},"img":{"alt_text":"","src":"https:\/\/i0.wp.com\/lasprimeras.com.do\/wp-content\/uploads\/2024\/10\/WhatsApp-Image-2024-10-03-at-1.12.08-PM.jpeg?resize=350%2C200&ssl=1","width":350,"height":200,"srcset":"https:\/\/i0.wp.com\/lasprimeras.com.do\/wp-content\/uploads\/2024\/10\/WhatsApp-Image-2024-10-03-at-1.12.08-PM.jpeg?resize=350%2C200&ssl=1 1x, https:\/\/i0.wp.com\/lasprimeras.com.do\/wp-content\/uploads\/2024\/10\/WhatsApp-Image-2024-10-03-at-1.12.08-PM.jpeg?resize=525%2C300&ssl=1 1.5x, https:\/\/i0.wp.com\/lasprimeras.com.do\/wp-content\/uploads\/2024\/10\/WhatsApp-Image-2024-10-03-at-1.12.08-PM.jpeg?resize=700%2C400&ssl=1 2x"},"classes":[]},{"id":89186,"url":"https:\/\/lasprimeras.com.do\/index.php\/2024\/09\/19\/apresa-hombre-por-intentar-retirar-una-motocicleta-con-matricula-falsa-en-moca\/","url_meta":{"origin":126838,"position":1},"title":"Apresa hombre por intentar retirar una motocicleta con matr\u00edcula falsa en Moca","author":"Paola Castillo","date":"19 de septiembre de 2024","format":false,"excerpt":"De manera oportuna, la Polic\u00eda Nacional, a trav\u00e9s del encargado de procedimientos de la Direcci\u00f3n Regional Espaillat, apres\u00f3 a un hombre que intent\u00f3 retirar una motocicleta retenida en esa sede policial, la cual ten\u00eda una matr\u00edcula falsa. El detenido es Jos\u00e9 Rafael Camacho Familia, domiciliado en el barrio Puerto Rico\u2026","rel":"","context":"En \u00abNACIONALES\u00bb","block_context":{"text":"NACIONALES","link":"https:\/\/lasprimeras.com.do\/index.php\/category\/nacionales\/"},"img":{"alt_text":"","src":"https:\/\/i0.wp.com\/lasprimeras.com.do\/wp-content\/uploads\/2024\/09\/apresan-hombre.jpg?resize=350%2C200&ssl=1","width":350,"height":200,"srcset":"https:\/\/i0.wp.com\/lasprimeras.com.do\/wp-content\/uploads\/2024\/09\/apresan-hombre.jpg?resize=350%2C200&ssl=1 1x, https:\/\/i0.wp.com\/lasprimeras.com.do\/wp-content\/uploads\/2024\/09\/apresan-hombre.jpg?resize=525%2C300&ssl=1 1.5x"},"classes":[]},{"id":100832,"url":"https:\/\/lasprimeras.com.do\/index.php\/2025\/06\/12\/pn-y-mp-ocupan-siete-armas-de-fuego-cargadores-y-municiones-en-moca\/","url_meta":{"origin":126838,"position":2},"title":"PN y MP ocupan siete armas de fuego, cargadores y municiones en Moca","author":"Nelson Feliz","date":"12 de junio de 2025","format":false,"excerpt":"-Un hombre de 62 a\u00f1os resulta detenido durante el allanamiento. La Polic\u00eda Nacional, en coordinaci\u00f3n con el Ministerio P\u00fablico, ocup\u00f3 un total de siete armas de fuego (un fusil, dos escopetas y cuatro pistolas), adem\u00e1s de m\u00faltiples cargadores, municiones y otras evidencias, durante un allanamiento realizado en una residencia del\u2026","rel":"","context":"En \u00abMILITARES\u00bb","block_context":{"text":"MILITARES","link":"https:\/\/lasprimeras.com.do\/index.php\/category\/militares\/"},"img":{"alt_text":"","src":"https:\/\/i0.wp.com\/lasprimeras.com.do\/wp-content\/uploads\/2025\/06\/dos.jpg?resize=350%2C200&ssl=1","width":350,"height":200,"srcset":"https:\/\/i0.wp.com\/lasprimeras.com.do\/wp-content\/uploads\/2025\/06\/dos.jpg?resize=350%2C200&ssl=1 1x, https:\/\/i0.wp.com\/lasprimeras.com.do\/wp-content\/uploads\/2025\/06\/dos.jpg?resize=525%2C300&ssl=1 1.5x, https:\/\/i0.wp.com\/lasprimeras.com.do\/wp-content\/uploads\/2025\/06\/dos.jpg?resize=700%2C400&ssl=1 2x"},"classes":[]},{"id":48849,"url":"https:\/\/lasprimeras.com.do\/index.php\/2023\/05\/04\/gobierno-prometio-20-parqueos-y-hasta-ahora-solo-hay-1-construido\/","url_meta":{"origin":126838,"position":3},"title":"Gobierno prometi\u00f3 20 parqueos y hasta ahora solo hay 1 construido","author":"prenxa100","date":"4 de mayo de 2023","format":false,"excerpt":"Santo Domingo. \u2013 El 12 de enero de 2021 -hace m\u00e1s de dos a\u00f1os-,\u00a0el Gobierno anunci\u00f3 20 parqueos p\u00fablicos para el pa\u00eds. Diecis\u00e9is para el Gran Santo Domingo y cuatro para la provincia Santiago. Esto como parte del Plan Nacional de Parqueo\u00a0\u201cParqu\u00e9aTRD\u201d, que la Direcci\u00f3n General de Alianzas P\u00fablico Privadas\u2026","rel":"","context":"En \u00abSin categor\u00eda\u00bb","block_context":{"text":"Sin categor\u00eda","link":"https:\/\/lasprimeras.com.do\/index.php\/category\/sin-categoria\/"},"img":{"alt_text":"","src":"","width":0,"height":0},"classes":[]},{"id":50540,"url":"https:\/\/lasprimeras.com.do\/index.php\/2023\/05\/21\/varios-muertos-y-al-menos-un-herido-tras-tiroteo-en-punto-de-drogas-en-moca\/","url_meta":{"origin":126838,"position":4},"title":"Varios muertos y al menos un herido tras tiroteo en punto de drogas en Moca","author":"prenxa100","date":"21 de mayo de 2023","format":false,"excerpt":"El hecho habr\u00eda ocurrido en un supuesto punto de drogas. MIGUEL ANGEL ARROYO Moca, Espaillat, RD.-.Varias personas fallecieron y al menos una result\u00f3 herida en un confuso incidente en Moca, provincia Espaillat. Seg\u00fan informes preliminares, un tiroteo ocurri\u00f3 en un aparente punto de drogas ubicado en La Espa\u00f1ola, de la\u2026","rel":"","context":"En \u00abNACIONALES\u00bb","block_context":{"text":"NACIONALES","link":"https:\/\/lasprimeras.com.do\/index.php\/category\/nacionales\/"},"img":{"alt_text":"","src":"","width":0,"height":0},"classes":[]},{"id":105233,"url":"https:\/\/lasprimeras.com.do\/index.php\/2025\/07\/31\/usuarios-del-parqueo-plaza-colonial-tendran-hasta-dos-horas-gratis-al-consumir-en-restaurantes-o-bar\/","url_meta":{"origin":126838,"position":5},"title":"Usuarios del Parqueo Plaza Colonial tendr\u00e1n hasta dos horas gratis al consumir en restaurantes o bar","author":"Nelson Feliz","date":"31 de julio de 2025","format":false,"excerpt":"En cuanto a las motocicletas, este aparcamiento limitar\u00e1 su acceso al interior por razones de seguridad. Solo se permitir\u00e1 la entrada de motocicletas de lujo, mientras que el resto deber\u00e1 utilizar un espacio habilitado de manera externa. El nuevo Parqueo Plaza Colonial, ubicado en el Distrito Nacional, ofrecer\u00e1 hasta dos\u2026","rel":"","context":"En \u00abECONOM\u00cdA\u00bb","block_context":{"text":"ECONOM\u00cdA","link":"https:\/\/lasprimeras.com.do\/index.php\/category\/economia\/"},"img":{"alt_text":"","src":"https:\/\/i0.wp.com\/lasprimeras.com.do\/wp-content\/uploads\/2025\/07\/unaa.jpg?resize=350%2C200&ssl=1","width":350,"height":200},"classes":[]}],"jetpack_sharing_enabled":true,"_links":{"self":[{"href":"https:\/\/lasprimeras.com.do\/index.php\/wp-json\/wp\/v2\/posts\/126838","targetHints":{"allow":["GET"]}}],"collection":[{"href":"https:\/\/lasprimeras.com.do\/index.php\/wp-json\/wp\/v2\/posts"}],"about":[{"href":"https:\/\/lasprimeras.com.do\/index.php\/wp-json\/wp\/v2\/types\/post"}],"author":[{"embeddable":true,"href":"https:\/\/lasprimeras.com.do\/index.php\/wp-json\/wp\/v2\/users\/10"}],"replies":[{"embeddable":true,"href":"https:\/\/lasprimeras.com.do\/index.php\/wp-json\/wp\/v2\/comments?post=126838"}],"version-history":[{"count":3,"href":"https:\/\/lasprimeras.com.do\/index.php\/wp-json\/wp\/v2\/posts\/126838\/revisions"}],"predecessor-version":[{"id":126845,"href":"https:\/\/lasprimeras.com.do\/index.php\/wp-json\/wp\/v2\/posts\/126838\/revisions\/126845"}],"wp:featuredmedia":[{"embeddable":true,"href":"https:\/\/lasprimeras.com.do\/index.php\/wp-json\/wp\/v2\/media\/81683"}],"wp:attachment":[{"href":"https:\/\/lasprimeras.com.do\/index.php\/wp-json\/wp\/v2\/media?parent=126838"}],"wp:term":[{"taxonomy":"category","embeddable":true,"href":"https:\/\/lasprimeras.com.do\/index.php\/wp-json\/wp\/v2\/categories?post=126838"},{"taxonomy":"post_tag","embeddable":true,"href":"https:\/\/lasprimeras.com.do\/index.php\/wp-json\/wp\/v2\/tags?post=126838"}],"curies":[{"name":"wp","href":"https:\/\/api.w.org\/{rel}","templated":true}]}}