{"id":127010,"date":"2026-04-07T19:40:58","date_gmt":"2026-04-07T23:40:58","guid":{"rendered":"https:\/\/lasprimeras.com.do\/?p=127010"},"modified":"2026-04-07T19:41:00","modified_gmt":"2026-04-07T23:41:00","slug":"trump-derrotado-suspende-su-ultimatum-y-decreta-un-alto-el-fuego-de-dos-semanas","status":"publish","type":"post","link":"https:\/\/lasprimeras.com.do\/index.php\/2026\/04\/07\/trump-derrotado-suspende-su-ultimatum-y-decreta-un-alto-el-fuego-de-dos-semanas\/","title":{"rendered":"Trump derrotado: suspende su ultim\u00e1tum y decreta un alto el fuego de dos semanas"},"content":{"rendered":"\n<p><strong>El presidente de los Estados Unidos demuestra una vez m\u00e1s que es un bocal\u00e1n que se tiene que tragar sus amenazas en cuanto sus oponentes no caen en la coacci\u00f3n y el chantaje tan habitual en Trump<\/strong><\/p>\n\n\n\n<p>Por Jos\u00e9 Antonio G\u00f3mez<\/p>\n\n\n\n<p>La decisi\u00f3n de Donald Trump de conceder una nueva pr\u00f3rroga a Ir\u00e1n no es un simple gesto t\u00e1ctico en el marco de una negociaci\u00f3n. Es, en realidad, la manifestaci\u00f3n de una estrategia geopol\u00edtica basada en la presi\u00f3n m\u00e1xima, la imprevisibilidad y la diplomacia coercitiva, donde el tiempo se convierte en un instrumento de poder.<\/p>\n\n\n\n<p>La ampliaci\u00f3n de dos semanas del ultim\u00e1tum, solicitada por Shehbaz Sharif y respaldada por el estamento militar pakistan\u00ed, introduce adem\u00e1s un actor clave en el tablero regional: Pakist\u00e1n como mediador indirecto en una de las crisis m\u00e1s vol\u00e1tiles del sistema internacional.<\/p>\n\n\n\n<p>Sin embargo, dentro del mundo de mat\u00f3n de instituto del presidente estadounidense, esta decisi\u00f3n supone una derrota.<\/p>\n\n\n\n<p>El epicentro de esta tensi\u00f3n no es otro que el estrecho de Ormuz, uno de los corredores energ\u00e9ticos m\u00e1s estrat\u00e9gicos del planeta.<\/p>\n\n\n\n<p>Por esta v\u00eda transita aproximadamente una quinta parte del petr\u00f3leo mundial, lo que convierte cualquier alteraci\u00f3n en su operatividad en un factor de riesgo sist\u00e9mico para la econom\u00eda global.<\/p>\n\n\n\n<p>La exigencia estadounidense de su apertura \u201ccompleta, inmediata y segura\u201d revela que, m\u00e1s all\u00e1 del conflicto militar, lo que est\u00e1 en juego es el control de las rutas energ\u00e9ticas y, por extensi\u00f3n, la estabilidad del mercado internacional.<\/p>\n\n\n\n<p>La pr\u00f3rroga anunciada por Trump a trav\u00e9s de su red Truth Social se produce en un contexto de extrema tensi\u00f3n, apenas horas antes de la expiraci\u00f3n de un ultim\u00e1tum que inclu\u00eda amenazas expl\u00edcitas de destrucci\u00f3n masiva.<\/p>\n\n\n\n<p>Este elemento es clave para entender la l\u00f3gica de la actual pol\u00edtica exterior estadounidense: una combinaci\u00f3n de escalada ret\u00f3rica y repliegue t\u00e1ctico que busca maximizar concesiones sin llegar necesariamente al enfrentamiento directo.<\/p>\n\n\n\n<p>En este sentido, la decisi\u00f3n de suspender el ataque no implica una desescalada estructural, sino m\u00e1s bien una reconfiguraci\u00f3n temporal del conflicto.<\/p>\n\n\n\n<p>El papel de Pakist\u00e1n en esta ecuaci\u00f3n resulta especialmente significativo. Hist\u00f3ricamente alineado con intereses occidentales pero con v\u00ednculos complejos con el mundo isl\u00e1mico, Islamabad emerge como un intermediario capaz de dialogar tanto con Washington como con Teher\u00e1n.<\/p>\n\n\n\n<p>Esta mediaci\u00f3n refuerza la posici\u00f3n de Pakist\u00e1n como actor geopol\u00edtico relevante en un escenario donde las alianzas tradicionales se encuentran en transformaci\u00f3n.<\/p>\n\n\n\n<p>La intervenci\u00f3n de Sharif y del jefe del Estado Mayor, Asim Munir, sugiere una diplomacia de seguridad donde los actores militares adquieren protagonismo en la gesti\u00f3n de crisis internacionales.<\/p>\n\n\n\n<p>Por su parte, Trump presenta la pr\u00f3rroga como un acuerdo de \u201cdoble v\u00eda\u201d, en el que ambas partes obtienen beneficios.<\/p>\n\n\n\n<p>Sin embargo, esta narrativa encierra una l\u00f3gica asim\u00e9trica. Estados Unidos afirma haber alcanzado sus objetivos militares, mientras que Ir\u00e1n se ve presionado a realizar concesiones estrat\u00e9gicas sin garant\u00edas claras de reciprocidad a largo plazo.<\/p>\n\n\n\n<p>La referencia a una supuesta propuesta iran\u00ed de diez puntos apunta a la existencia de canales de negociaci\u00f3n activos, pero tambi\u00e9n evidencia la opacidad que caracteriza este proceso.<\/p>\n\n\n\n<p>Desde una perspectiva geopol\u00edtica, la reiteraci\u00f3n de ultim\u00e1tums y su posterior aplazamiento plantea interrogantes sobre la credibilidad de la estrategia estadounidense.<\/p>\n\n\n\n<p>La multiplicaci\u00f3n de plazos (hasta cinco en pocas semanas) puede interpretarse como una t\u00e1ctica de desgaste, pero tambi\u00e9n como un s\u00edntoma de indecisi\u00f3n, de c\u00e1lculo err\u00f3neo o de que a Trump le han abierto los ojos y le han mostrado que, posiblemente, fue enga\u00f1ado por Israel.<\/p>\n\n\n\n<p>En un entorno internacional donde la percepci\u00f3n de firmeza es crucial, estas oscilaciones pueden debilitar la posici\u00f3n negociadora de Washington y ofrecer margen de maniobra a Teher\u00e1n.<\/p>\n\n\n\n<p>El componente discursivo de la crisis a\u00f1ade una dimensi\u00f3n adicional. Las declaraciones de Trump sobre la posibilidad de destruir \u201ctoda una civilizaci\u00f3n\u201d no solo generan alarma internacional, sino que sit\u00faan el conflicto en un terreno que roza la ret\u00f3rica de guerra total.<\/p>\n\n\n\n<p>La reacci\u00f3n de figuras como el papa Le\u00f3n, que calific\u00f3 estas amenazas de inaceptables, evidencia el rechazo global a una escalada que podr\u00eda tener consecuencias humanitarias devastadoras.<\/p>\n\n\n\n<p>En el \u00e1mbito interno estadounidense, la crisis ha reactivado debates constitucionales de gran calado.<\/p>\n\n\n\n<p>La invocaci\u00f3n de la Vig\u00e9simoquinta Enmienda por parte de legisladores dem\u00f3cratas refleja la preocupaci\u00f3n por la capacidad del presidente para gestionar una situaci\u00f3n de alta complejidad.<\/p>\n\n\n\n<p>Este elemento introduce una variable dom\u00e9stica en la ecuaci\u00f3n geopol\u00edtica, donde la estabilidad del liderazgo estadounidense se convierte en un factor de incertidumbre internacional.<\/p>\n\n\n\n<p>El estrecho de Ormuz, en este contexto, se consolida como un punto de fricci\u00f3n global donde convergen intereses energ\u00e9ticos, militares y pol\u00edticos.<\/p>\n\n\n\n<p>Su cierre o apertura no solo afecta a Ir\u00e1n y Estados Unidos, sino a potencias como China, India o la Uni\u00f3n Europea, altamente dependientes del suministro energ\u00e9tico que transita por esta ruta. La internacionalizaci\u00f3n del conflicto es, por tanto, inevitable.<\/p>\n\n\n\n<p>La estrategia de Trump tambi\u00e9n debe analizarse en relaci\u00f3n con su aproximaci\u00f3n general a Oriente Pr\u00f3ximo.<br>La coordinaci\u00f3n con Israel en operaciones militares y la presi\u00f3n simult\u00e1nea sobre Ir\u00e1n sugieren un intento de redefinir el equilibrio regional en favor de aliados tradicionales de Washington.<\/p>\n\n\n\n<p>Sin embargo, esta pol\u00edtica conlleva riesgos significativos, incluyendo la posibilidad de una escalada regional que involucre a m\u00faltiples actores estatales y no estatales.<\/p>\n\n\n\n<p>Ir\u00e1n, por su parte, afronta un dilema estrat\u00e9gico. Ceder a las demandas estadounidenses podr\u00eda interpretarse como una se\u00f1al de debilidad interna y externa, mientras que resistir aumenta el riesgo de un conflicto abierto.<\/p>\n\n\n\n<p>En este escenario, la diplomacia indirecta a trav\u00e9s de actores como Pakist\u00e1n se convierte en una herramienta clave para evitar una confrontaci\u00f3n directa.<\/p>\n\n\n\n<p>La pr\u00f3rroga de dos semanas no resuelve el conflicto, pero redefine sus t\u00e9rminos. Introduce un margen temporal para la negociaci\u00f3n, pero tambi\u00e9n prolonga la incertidumbre.<\/p>\n\n\n\n<p>En t\u00e9rminos geopol\u00edticos, este tipo de decisiones tienen efectos acumulativos: cada aplazamiento, cada amenaza y cada concesi\u00f3n contribuyen a moldear un nuevo equilibrio de poder.<\/p>\n\n\n\n<p>Fuente diariosabemos.com<\/p>\n","protected":false},"excerpt":{"rendered":"<p>El presidente de los Estados Unidos demuestra una vez m\u00e1s que es un bocal\u00e1n que se tiene que tragar sus amenazas en cuanto sus oponentes no caen en la coacci\u00f3n&hellip;<\/p>\n","protected":false},"author":10,"featured_media":127011,"comment_status":"open","ping_status":"open","sticky":false,"template":"","format":"standard","meta":{"content-type":"","jetpack_post_was_ever_published":false,"_jetpack_newsletter_access":"","_jetpack_dont_email_post_to_subs":false,"_jetpack_newsletter_tier_id":0,"_jetpack_memberships_contains_paywalled_content":false,"_jetpack_memberships_contains_paid_content":false,"footnotes":""},"categories":[16289],"tags":[9062,5287,32022,978,12416,1524,7439],"class_list":["post-127010","post","type-post","status-publish","format-standard","has-post-thumbnail","hentry","category-internacionales","tag-alto-el-fuego","tag-decreta","tag-derrotado","tag-donald-trump","tag-dos-semanas","tag-suspende","tag-ultimatum"],"jetpack_featured_media_url":"https:\/\/lasprimeras.com.do\/wp-content\/uploads\/2026\/04\/Donald-Trump-1.jpg","jetpack-related-posts":[{"id":116333,"url":"https:\/\/lasprimeras.com.do\/index.php\/2025\/11\/30\/miami-herald-confirma-ultimatum-de-trump-a-maduro-y-revela-oferta-de-salida-para-el-y-su-esposa\/","url_meta":{"origin":127010,"position":0},"title":"Miami Herald confirma ultim\u00e1tum de Trump a Maduro y revela oferta de salida para \u00e9l y su esposa","author":"Nelson Feliz","date":"30 de noviembre de 2025","format":false,"excerpt":"Altos funcionarios revelaron que Washington ofreci\u00f3 a Maduro garant\u00edas de salida segura. El Miami Herald confirm\u00f3 que el presidente estadounidense Donald Trump transmiti\u00f3 un ultim\u00e1tum al mandatario venezolano Nicol\u00e1s Maduro, advirti\u00e9ndole que tiene \"pocos d\u00edas\" para abandonar el poder o enfrentar acciones m\u00e1s severas en medio del creciente despliegue militar\u2026","rel":"","context":"En \u00abINTERNACIONALES\u00bb","block_context":{"text":"INTERNACIONALES","link":"https:\/\/lasprimeras.com.do\/index.php\/category\/sin-categoria\/internacionales\/"},"img":{"alt_text":"","src":"https:\/\/i0.wp.com\/lasprimeras.com.do\/wp-content\/uploads\/2025\/11\/Trump-a-Maduro.jpg?resize=350%2C200&ssl=1","width":350,"height":200,"srcset":"https:\/\/i0.wp.com\/lasprimeras.com.do\/wp-content\/uploads\/2025\/11\/Trump-a-Maduro.jpg?resize=350%2C200&ssl=1 1x, https:\/\/i0.wp.com\/lasprimeras.com.do\/wp-content\/uploads\/2025\/11\/Trump-a-Maduro.jpg?resize=525%2C300&ssl=1 1.5x, https:\/\/i0.wp.com\/lasprimeras.com.do\/wp-content\/uploads\/2025\/11\/Trump-a-Maduro.jpg?resize=700%2C400&ssl=1 2x"},"classes":[]},{"id":97865,"url":"https:\/\/lasprimeras.com.do\/index.php\/2025\/04\/29\/rusia-anuncia-alto-el-fuego-de-72-horas-en-ucrania-para-proxima-semana-para-conmemorar-derrota-nazi\/","url_meta":{"origin":127010,"position":1},"title":"Rusia anuncia alto el fuego de 72 horas en Ucrania para pr\u00f3xima semana para conmemorar derrota nazi","author":"Nelson Feliz","date":"29 de abril de 2025","format":false,"excerpt":"POR ILLIA NOVIKOV KIEV, Ucrania (AP) \u2014 El presidente ruso Vlad\u00edmir Putin anunci\u00f3 el lunes un alto el fuego unilateral de 72 horas la pr\u00f3xima semana en Ucrania para conmemorar el D\u00eda de la Victoria en la Segunda Guerra Mundial, al tiempo que Estados Unidos presiona por un acuerdo para\u2026","rel":"","context":"En \u00abINTERNACIONALES\u00bb","block_context":{"text":"INTERNACIONALES","link":"https:\/\/lasprimeras.com.do\/index.php\/category\/sin-categoria\/internacionales\/"},"img":{"alt_text":"","src":"https:\/\/i0.wp.com\/lasprimeras.com.do\/wp-content\/uploads\/2025\/04\/fuego.jpg?resize=350%2C200&ssl=1","width":350,"height":200,"srcset":"https:\/\/i0.wp.com\/lasprimeras.com.do\/wp-content\/uploads\/2025\/04\/fuego.jpg?resize=350%2C200&ssl=1 1x, https:\/\/i0.wp.com\/lasprimeras.com.do\/wp-content\/uploads\/2025\/04\/fuego.jpg?resize=525%2C300&ssl=1 1.5x, https:\/\/i0.wp.com\/lasprimeras.com.do\/wp-content\/uploads\/2025\/04\/fuego.jpg?resize=700%2C400&ssl=1 2x"},"classes":[]},{"id":127048,"url":"https:\/\/lasprimeras.com.do\/index.php\/2026\/04\/08\/trump-acepto-suspender-los-bombardeos-y-ataques-contra-iran-durante-dos-semanas\/","url_meta":{"origin":127010,"position":2},"title":"Trump: &#8220;Acepto suspender los bombardeos y ataques contra Ir\u00e1n durante dos semanas&#8221;","author":"Nelson Feliz","date":"8 de abril de 2026","format":false,"excerpt":"En su declaraci\u00f3n, Trump indic\u00f3 que Washington recibi\u00f3 una propuesta de 10 puntos presentada por Teher\u00e1n, la cual consider\u00f3 \"una base viable\" para negociar. El presidente de Estados Unidos, Donald Trump, dijo que acord\u00f3 suspender durante dos semanas los bombardeos y ataques contra Ir\u00e1n, pero condicionando la medida a que\u2026","rel":"","context":"En \u00abINTERNACIONALES\u00bb","block_context":{"text":"INTERNACIONALES","link":"https:\/\/lasprimeras.com.do\/index.php\/category\/sin-categoria\/internacionales\/"},"img":{"alt_text":"Donald Trump","src":"https:\/\/i0.wp.com\/lasprimeras.com.do\/wp-content\/uploads\/2026\/04\/Donald-Trump.jpg?resize=350%2C200&ssl=1","width":350,"height":200,"srcset":"https:\/\/i0.wp.com\/lasprimeras.com.do\/wp-content\/uploads\/2026\/04\/Donald-Trump.jpg?resize=350%2C200&ssl=1 1x, https:\/\/i0.wp.com\/lasprimeras.com.do\/wp-content\/uploads\/2026\/04\/Donald-Trump.jpg?resize=525%2C300&ssl=1 1.5x, https:\/\/i0.wp.com\/lasprimeras.com.do\/wp-content\/uploads\/2026\/04\/Donald-Trump.jpg?resize=700%2C400&ssl=1 2x"},"classes":[]},{"id":105042,"url":"https:\/\/lasprimeras.com.do\/index.php\/2025\/07\/30\/el-kremlin-reacciona-al-nuevo-ultimatum-de-trump\/","url_meta":{"origin":127010,"position":3},"title":"El Kremlin reacciona al nuevo ultim\u00e1tum de Trump","author":"Nelson Feliz","date":"30 de julio de 2025","format":false,"excerpt":"El vocero presidencial ruso, Dmitri Peskov, respondi\u00f3 a las amenazas de Washington de imponer nuevas sanciones contra Mosc\u00fa. El portavoz del Kremlin, Dmitri Peskov, ha comentado este mi\u00e9rcoles el nuevo ultim\u00e1tum a Rusia del presidente de EE.UU., Donald Trump, acerca del conflicto ucraniano. Al indicar si el pa\u00eds est\u00e1 preparado\u2026","rel":"","context":"En \u00abINTERNACIONALES\u00bb","block_context":{"text":"INTERNACIONALES","link":"https:\/\/lasprimeras.com.do\/index.php\/category\/sin-categoria\/internacionales\/"},"img":{"alt_text":"","src":"https:\/\/i0.wp.com\/lasprimeras.com.do\/wp-content\/uploads\/2025\/07\/Donald-Trump-6.jpg?resize=350%2C200&ssl=1","width":350,"height":200,"srcset":"https:\/\/i0.wp.com\/lasprimeras.com.do\/wp-content\/uploads\/2025\/07\/Donald-Trump-6.jpg?resize=350%2C200&ssl=1 1x, https:\/\/i0.wp.com\/lasprimeras.com.do\/wp-content\/uploads\/2025\/07\/Donald-Trump-6.jpg?resize=525%2C300&ssl=1 1.5x, https:\/\/i0.wp.com\/lasprimeras.com.do\/wp-content\/uploads\/2025\/07\/Donald-Trump-6.jpg?resize=700%2C400&ssl=1 2x"},"classes":[]},{"id":99197,"url":"https:\/\/lasprimeras.com.do\/index.php\/2025\/05\/19\/trump-espera-avanzar-en-un-alto-el-fuego-en-ucrania-en-llamadas-con-putin-y-zelenskyy\/","url_meta":{"origin":127010,"position":4},"title":"Trump espera avanzar en un alto el fuego en Ucrania en llamadas con Putin y Zelenskyy","author":"Nelson Feliz","date":"19 de mayo de 2025","format":false,"excerpt":"POR JOSH BOAK WASHINGTON (AP) \u2014 El presidente de Estados Unidos, Donald Trump, espera que las llamadas telef\u00f3nicas separadas el lunes con el l\u00edder ruso, Vlad\u00edmir Putin, y el presidente ucraniano, Volodymyr Zelenskyy, logren avances hacia un alto el fuego en la guerra en Ucrania. Trump expres\u00f3 sus esperanzas de\u2026","rel":"","context":"En \u00abINTERNACIONALES\u00bb","block_context":{"text":"INTERNACIONALES","link":"https:\/\/lasprimeras.com.do\/index.php\/category\/sin-categoria\/internacionales\/"},"img":{"alt_text":"Donald Trump vs Vlad\u00edmir Putin","src":"https:\/\/i0.wp.com\/lasprimeras.com.do\/wp-content\/uploads\/2025\/05\/Donald-Trump-vs-Vladimir-Putin.jpg?resize=350%2C200&ssl=1","width":350,"height":200,"srcset":"https:\/\/i0.wp.com\/lasprimeras.com.do\/wp-content\/uploads\/2025\/05\/Donald-Trump-vs-Vladimir-Putin.jpg?resize=350%2C200&ssl=1 1x, https:\/\/i0.wp.com\/lasprimeras.com.do\/wp-content\/uploads\/2025\/05\/Donald-Trump-vs-Vladimir-Putin.jpg?resize=525%2C300&ssl=1 1.5x, https:\/\/i0.wp.com\/lasprimeras.com.do\/wp-content\/uploads\/2025\/05\/Donald-Trump-vs-Vladimir-Putin.jpg?resize=700%2C400&ssl=1 2x"},"classes":[]},{"id":95724,"url":"https:\/\/lasprimeras.com.do\/index.php\/2025\/03\/18\/trump-y-putin-hablaran-por-telefono-sobre-alto-el-fuego-pero-zelenskyy-se-muestra-esceptico\/","url_meta":{"origin":127010,"position":5},"title":"Trump y Putin hablar\u00e1n por tel\u00e9fono sobre alto el fuego, pero Zelenskyy se muestra esc\u00e9ptico","author":"Nelson Feliz","date":"18 de marzo de 2025","format":false,"excerpt":"POR AAMER MADHANI WASHINGTON (AP) \u2014 Donald Trump, mantendr\u00e1 conversaciones el martes con su hom\u00f3logo ruso, Vlad\u00edmir Putin, en su intento por obtener apoyos para la propuesta de alto el fuego de Estados Unidos que espera que pueda crear una v\u00eda para poner fin a la devastadora guerra de Rusia\u2026","rel":"","context":"En \u00abINTERNACIONALES\u00bb","block_context":{"text":"INTERNACIONALES","link":"https:\/\/lasprimeras.com.do\/index.php\/category\/sin-categoria\/internacionales\/"},"img":{"alt_text":"Vlad\u00edmir Putin y Donald Trump","src":"https:\/\/i0.wp.com\/lasprimeras.com.do\/wp-content\/uploads\/2025\/03\/Vladimir-Putin-y-Donald-Trump.jpg?resize=350%2C200&ssl=1","width":350,"height":200,"srcset":"https:\/\/i0.wp.com\/lasprimeras.com.do\/wp-content\/uploads\/2025\/03\/Vladimir-Putin-y-Donald-Trump.jpg?resize=350%2C200&ssl=1 1x, https:\/\/i0.wp.com\/lasprimeras.com.do\/wp-content\/uploads\/2025\/03\/Vladimir-Putin-y-Donald-Trump.jpg?resize=525%2C300&ssl=1 1.5x, https:\/\/i0.wp.com\/lasprimeras.com.do\/wp-content\/uploads\/2025\/03\/Vladimir-Putin-y-Donald-Trump.jpg?resize=700%2C400&ssl=1 2x"},"classes":[]}],"jetpack_sharing_enabled":true,"_links":{"self":[{"href":"https:\/\/lasprimeras.com.do\/index.php\/wp-json\/wp\/v2\/posts\/127010","targetHints":{"allow":["GET"]}}],"collection":[{"href":"https:\/\/lasprimeras.com.do\/index.php\/wp-json\/wp\/v2\/posts"}],"about":[{"href":"https:\/\/lasprimeras.com.do\/index.php\/wp-json\/wp\/v2\/types\/post"}],"author":[{"embeddable":true,"href":"https:\/\/lasprimeras.com.do\/index.php\/wp-json\/wp\/v2\/users\/10"}],"replies":[{"embeddable":true,"href":"https:\/\/lasprimeras.com.do\/index.php\/wp-json\/wp\/v2\/comments?post=127010"}],"version-history":[{"count":1,"href":"https:\/\/lasprimeras.com.do\/index.php\/wp-json\/wp\/v2\/posts\/127010\/revisions"}],"predecessor-version":[{"id":127012,"href":"https:\/\/lasprimeras.com.do\/index.php\/wp-json\/wp\/v2\/posts\/127010\/revisions\/127012"}],"wp:featuredmedia":[{"embeddable":true,"href":"https:\/\/lasprimeras.com.do\/index.php\/wp-json\/wp\/v2\/media\/127011"}],"wp:attachment":[{"href":"https:\/\/lasprimeras.com.do\/index.php\/wp-json\/wp\/v2\/media?parent=127010"}],"wp:term":[{"taxonomy":"category","embeddable":true,"href":"https:\/\/lasprimeras.com.do\/index.php\/wp-json\/wp\/v2\/categories?post=127010"},{"taxonomy":"post_tag","embeddable":true,"href":"https:\/\/lasprimeras.com.do\/index.php\/wp-json\/wp\/v2\/tags?post=127010"}],"curies":[{"name":"wp","href":"https:\/\/api.w.org\/{rel}","templated":true}]}}