{"id":128071,"date":"2026-04-19T18:21:45","date_gmt":"2026-04-19T22:21:45","guid":{"rendered":"https:\/\/lasprimeras.com.do\/?p=128071"},"modified":"2026-04-19T18:27:23","modified_gmt":"2026-04-19T22:27:23","slug":"banreservas-financia-144-apartamentos-entregados-por-el-presidente-abinader-en-laderas-del-este","status":"publish","type":"post","link":"https:\/\/lasprimeras.com.do\/index.php\/2026\/04\/19\/banreservas-financia-144-apartamentos-entregados-por-el-presidente-abinader-en-laderas-del-este\/","title":{"rendered":"Banreservas financia 144 apartamentos entregados por el presidente Abinader en Laderas del Este"},"content":{"rendered":"\n<p class=\"wp-block-paragraph\"><strong>El presidente ejecutivo del Banco de Reservas, doctor Leonardo Aguilera, destaca financiamiento superior a RD$330 millones, con tasa fija de 8% a siete a\u00f1os<\/strong><\/p>\n\n\n\n<p class=\"wp-block-paragraph\">El Banco de Reservas financi\u00f3 la adquisici\u00f3n de 144 apartamentos correspondientes a la primera etapa del Residencial Laderas del Este, en el municipio de Guerra, los cuales fueron entregados este domingo por el presidente de la Rep\u00fablica, Luis Abinader, a igual n\u00famero de familias.<\/p>\n\n\n\n<p class=\"wp-block-paragraph\">Durante la actividad, el mandatario valor\u00f3 el impacto de estos proyectos en la calidad de vida de la poblaci\u00f3n y destac\u00f3 el \u00e9xito de la colaboraci\u00f3n entre el sector p\u00fablico y privado.<\/p>\n\n\n\n<p class=\"wp-block-paragraph\">\u201cHa sido un verdadero \u00e9xito de una alianza p\u00fablico-privada que ha permitido que miles de dominicanos tengan su vivienda\u201d, expres\u00f3 Abinader.<\/p>\n\n\n\n<p class=\"wp-block-paragraph\">El presidente ejecutivo de Banreservas, doctor Leonardo Aguilera, inform\u00f3, durante el acto en el municipio de San Antonio Guerra, que la entidad ha dispuesto financiamiento superior a RD$330 millones en condiciones favorables, con una tasa de inter\u00e9s de 8% fija a siete a\u00f1os.<\/p>\n\n\n\n<figure class=\"wp-block-image size-large\"><img decoding=\"async\" width=\"1024\" height=\"683\" src=\"https:\/\/lasprimeras.com.do\/wp-content\/uploads\/2026\/04\/llave-1-1024x683.jpg\" alt=\"\" class=\"wp-image-128073\" srcset=\"https:\/\/lasprimeras.com.do\/wp-content\/uploads\/2026\/04\/llave-1-1024x683.jpg 1024w, https:\/\/lasprimeras.com.do\/wp-content\/uploads\/2026\/04\/llave-1-300x200.jpg 300w, https:\/\/lasprimeras.com.do\/wp-content\/uploads\/2026\/04\/llave-1-768x512.jpg 768w, https:\/\/lasprimeras.com.do\/wp-content\/uploads\/2026\/04\/llave-1-1536x1024.jpg 1536w, https:\/\/lasprimeras.com.do\/wp-content\/uploads\/2026\/04\/llave-1-2048x1365.jpg 2048w\" sizes=\"(max-width: 1024px) 100vw, 1024px\" \/><\/figure>\n\n\n\n<p class=\"wp-block-paragraph\">\u201cHoy, al entregar las llaves de sus nuevos apartamentos a 144 de las 368 familias que ocupar\u00e1n este moderno residencial, no solo cumplimos con una meta del presidente, sino que damos respuesta a una necesidad leg\u00edtima de los dominicanos que aspiran a un techo digno, con las comodidades que ofrece este proyecto\u201d, dijo el ejecutivo.<\/p>\n\n\n\n<p class=\"wp-block-paragraph\">Aguilera destac\u00f3 que cada unidad habitacional ha sido concebida para brindar seguridad y bienestar, al tiempo que reafirm\u00f3 que el hogar constituye el primer espacio donde se construyen valores y se proyecta el futuro de la naci\u00f3n.<\/p>\n\n\n\n<p class=\"wp-block-paragraph\">Asimismo, se\u00f1al\u00f3 que esta entrega forma parte de una pol\u00edtica de soluciones habitacionales que ha permitido a miles de dominicanos acceder a una vivienda propia.<\/p>\n\n\n\n<p class=\"wp-block-paragraph\">El proyecto Laderas del Este contempla un total de 368 unidades habitacionales, de las cuales en esta etapa 144 familias comienzan a disfrutar de las amenidades del complejo.<\/p>\n\n\n\n<p class=\"wp-block-paragraph\">Esta iniciativa es resultado de una alianza entre Banreservas, el Ministerio de Vivienda y Edificaciones y el sector privado, con el objetivo de ampliar el acceso a soluciones habitacionales en el pa\u00eds.<\/p>\n\n\n\n<p class=\"wp-block-paragraph\">En el acto participaron autoridades legislativas, municipales y provinciales, as\u00ed como ejecutivos de la empresa constructora y de Banreservas.<\/p>\n\n\n\n<figure class=\"wp-block-embed is-type-video is-provider-youtube wp-block-embed-youtube wp-embed-aspect-16-9 wp-has-aspect-ratio\"><div class=\"wp-block-embed__wrapper\">\n<iframe title=\"Banreservas financia 144 apartamentos entregados por el presidente Abinader en Laderas del Este\" width=\"500\" height=\"281\" src=\"https:\/\/www.youtube.com\/embed\/XmhHAgakP-I?feature=oembed\" frameborder=\"0\" allow=\"accelerometer; autoplay; clipboard-write; encrypted-media; gyroscope; picture-in-picture; web-share\" referrerpolicy=\"strict-origin-when-cross-origin\" allowfullscreen><\/iframe>\n<\/div><\/figure>\n","protected":false},"excerpt":{"rendered":"<p>El presidente ejecutivo del Banco de Reservas, doctor Leonardo Aguilera, destaca financiamiento superior a RD$330 millones, con tasa fija de 8% a siete a\u00f1os El Banco de Reservas financi\u00f3 la&hellip;<\/p>\n","protected":false},"author":10,"featured_media":128072,"comment_status":"open","ping_status":"open","sticky":false,"template":"","format":"standard","meta":{"content-type":"","_jetpack_newsletter_access":"","_jetpack_dont_email_post_to_subs":false,"_jetpack_newsletter_tier_id":0,"_jetpack_memberships_contains_paywalled_content":false,"_jetpack_feature_clip_id":0,"_jetpack_memberships_contains_paid_content":false,"footnotes":"","jetpack_post_was_ever_published":false},"categories":[39,25],"tags":[32416,726,12470,32417,67],"class_list":["post-128071","post","type-post","status-publish","format-standard","has-post-thumbnail","hentry","category-economia","category-portada","tag-144-apartamentos","tag-banreservas","tag-financia","tag-laderas-del-este","tag-luis-abinader"],"jetpack-related-posts":[{"id":121079,"url":"https:\/\/lasprimeras.com.do\/index.php\/2026\/01\/31\/presidente-abinader-entrega-200-apartamentos-en-sdo-financiados-por-banreservas\/","url_meta":{"origin":128071,"position":0},"title":"Presidente Abinader entrega 200 apartamentos en SDO financiados por Banreservas","author":"Nelson Feliz","date":"31 de enero de 2026","format":false,"excerpt":"La entidad financiera dispuso de una tasa de 8%, fija a siete a\u00f1os, para los adquirientes El presidente Luis Abinader entreg\u00f3 este s\u00e1bado 200 apartamentos del proyecto Lolita II, en el sector de Manoguayabo, Santo Domingo Oeste, como parte del programa Mi Vivienda a familias, cuyas adquisiciones fueron financiadas por\u2026","rel":"","context":"En \u00abECONOM\u00cdA\u00bb","block_context":{"text":"ECONOM\u00cdA","link":"https:\/\/lasprimeras.com.do\/index.php\/category\/economia\/"},"img":{"alt_text":"","src":"https:\/\/i0.wp.com\/lasprimeras.com.do\/wp-content\/uploads\/2026\/01\/Residencial-Lolita-II-2.jpg?resize=350%2C200&ssl=1","width":350,"height":200,"srcset":"https:\/\/i0.wp.com\/lasprimeras.com.do\/wp-content\/uploads\/2026\/01\/Residencial-Lolita-II-2.jpg?resize=350%2C200&ssl=1 1x, https:\/\/i0.wp.com\/lasprimeras.com.do\/wp-content\/uploads\/2026\/01\/Residencial-Lolita-II-2.jpg?resize=525%2C300&ssl=1 1.5x, https:\/\/i0.wp.com\/lasprimeras.com.do\/wp-content\/uploads\/2026\/01\/Residencial-Lolita-II-2.jpg?resize=700%2C400&ssl=1 2x"},"classes":[]},{"id":111779,"url":"https:\/\/lasprimeras.com.do\/index.php\/2025\/10\/13\/banreservas-financia-488-apartamentos-en-ciudad-real-ecologica-de-santo-domingo-este\/","url_meta":{"origin":128071,"position":1},"title":"Banreservas financia 488 apartamentos en Ciudad Real Ecol\u00f3gica de Santo Domingo Este","author":"Nelson Feliz","date":"13 de octubre de 2025","format":false,"excerpt":"Aguilera puntualiza que la entidad bancaria ha dispuesto apoyo financiero para el levantamiento del proyecto que superan los RD$1,300 millones El Banco de Reservas financi\u00f3 la adquisici\u00f3n de 488 apartamentos del proyecto Ciudad Real Ecol\u00f3gica, en Santo Domingo Este, que construye el Ministerio de Vivienda y Edificaciones (MIVED), a trav\u00e9s\u2026","rel":"","context":"En \u00abECONOM\u00cdA\u00bb","block_context":{"text":"ECONOM\u00cdA","link":"https:\/\/lasprimeras.com.do\/index.php\/category\/economia\/"},"img":{"alt_text":"","src":"https:\/\/i0.wp.com\/lasprimeras.com.do\/wp-content\/uploads\/2025\/10\/aguilera-1.jpg?resize=350%2C200&ssl=1","width":350,"height":200,"srcset":"https:\/\/i0.wp.com\/lasprimeras.com.do\/wp-content\/uploads\/2025\/10\/aguilera-1.jpg?resize=350%2C200&ssl=1 1x, https:\/\/i0.wp.com\/lasprimeras.com.do\/wp-content\/uploads\/2025\/10\/aguilera-1.jpg?resize=525%2C300&ssl=1 1.5x, https:\/\/i0.wp.com\/lasprimeras.com.do\/wp-content\/uploads\/2025\/10\/aguilera-1.jpg?resize=700%2C400&ssl=1 2x"},"classes":[]},{"id":134966,"url":"https:\/\/lasprimeras.com.do\/index.php\/2026\/07\/18\/banreservas-otorga-financiamientos-superiores-a-rd117-millones-en-proyecto-nuevas-esperanzas\/","url_meta":{"origin":128071,"position":2},"title":"Banreservas otorga financiamientos superiores a RD$117 millones en proyecto Nuevas Esperanzas","author":"Nelson Feliz","date":"18 de julio de 2026","format":false,"excerpt":"La entidad ofrece financiamiento con una tasa fija de 8 % durante siete a\u00f1os, adem\u00e1s de otras facilidades para los adquirientes. Santo Domingo.- El Banco de Reservas financi\u00f3 la adquisici\u00f3n de 60 apartamentos del proyecto habitacional Nuevas Esperanzas, en Boca Chica, por un monto superior a RD$117 millones, beneficiando a\u2026","rel":"","context":"En \u00abECONOM\u00cdA\u00bb","block_context":{"text":"ECONOM\u00cdA","link":"https:\/\/lasprimeras.com.do\/index.php\/category\/economia\/"},"img":{"alt_text":"El presidente Luis Abinader entrega la llave simb\u00f3lica del apartamento a Mar\u00eda Gonz\u00e1lez Bautista, en el proyecto habitacional Nueva Esperanza, Boca Chica; les acompa\u00f1an Josefa Castillo, Lucrecia Santana, Victor Bison\u00f3, Ram\u00f3n Ar\u00edstides Candelario, Ysidro Garc\u00eda y Winfield Sharp Guzm\u00e1n.","src":"https:\/\/i0.wp.com\/lasprimeras.com.do\/wp-content\/uploads\/2026\/07\/Banreservas.jpg?resize=350%2C200&ssl=1","width":350,"height":200,"srcset":"https:\/\/i0.wp.com\/lasprimeras.com.do\/wp-content\/uploads\/2026\/07\/Banreservas.jpg?resize=350%2C200&ssl=1 1x, https:\/\/i0.wp.com\/lasprimeras.com.do\/wp-content\/uploads\/2026\/07\/Banreservas.jpg?resize=525%2C300&ssl=1 1.5x, https:\/\/i0.wp.com\/lasprimeras.com.do\/wp-content\/uploads\/2026\/07\/Banreservas.jpg?resize=700%2C400&ssl=1 2x"},"classes":[]},{"id":134982,"url":"https:\/\/lasprimeras.com.do\/index.php\/2026\/07\/19\/presidente-abinader-entrega-112-apartamentos-en-boca-chica\/","url_meta":{"origin":128071,"position":3},"title":"Presidente Abinader entrega 112 apartamentos en Boca Chica","author":"Nelson Feliz","date":"19 de julio de 2026","format":false,"excerpt":"Ito Bison\u00f3 adelant\u00f3 que el Gobierno tiene como meta entregar 4,000 unidades de viviendas antes de finalizar el a\u00f1o 2026 Boca Chica.\u2013 El presidente Luis Abinader inaugur\u00f3 este s\u00e1bado el Residencial Nuevas Esperanzas, un proyecto habitacional que entrega 112 apartamentos a familias de Boca Chica, como parte del plan de\u2026","rel":"","context":"En \u00abNACIONALES\u00bb","block_context":{"text":"NACIONALES","link":"https:\/\/lasprimeras.com.do\/index.php\/category\/nacionales\/"},"img":{"alt_text":"","src":"https:\/\/i0.wp.com\/lasprimeras.com.do\/wp-content\/uploads\/2026\/07\/apart-1.jpg?resize=350%2C200&ssl=1","width":350,"height":200,"srcset":"https:\/\/i0.wp.com\/lasprimeras.com.do\/wp-content\/uploads\/2026\/07\/apart-1.jpg?resize=350%2C200&ssl=1 1x, https:\/\/i0.wp.com\/lasprimeras.com.do\/wp-content\/uploads\/2026\/07\/apart-1.jpg?resize=525%2C300&ssl=1 1.5x, https:\/\/i0.wp.com\/lasprimeras.com.do\/wp-content\/uploads\/2026\/07\/apart-1.jpg?resize=700%2C400&ssl=1 2x"},"classes":[]},{"id":137132,"url":"https:\/\/lasprimeras.com.do\/index.php\/2026\/08\/13\/expohogar-banreservas-2026-cierra-con-financiamientos-por-mas-de-rd11247-millones\/","url_meta":{"origin":128071,"position":4},"title":"ExpoHogar Banreservas 2026 cierra con financiamientos por m\u00e1s de RD$11,247 millones","author":"Nelson Feliz","date":"13 de agosto de 2026","format":false,"excerpt":"La feria hipotecaria registr\u00f3 2,050 solicitudes aprobadas para la adquisici\u00f3n de apartamentos, casas, viviendas de bajo costo, solares y locales comerciales. Santo Domingo.- El Banco de Reservas cerr\u00f3 ExpoHogar 2026 con RD$11,247.3 millones en financiamientos aprobados, correspondientes a 2,050 solicitudes destinadas a la adquisici\u00f3n de apartamentos, casas, viviendas de bajo\u2026","rel":"","context":"En \u00abPORTADA\u00bb","block_context":{"text":"PORTADA","link":"https:\/\/lasprimeras.com.do\/index.php\/category\/portada\/"},"img":{"alt_text":"","src":"https:\/\/i0.wp.com\/lasprimeras.com.do\/wp-content\/uploads\/2026\/08\/IMG-20260813-WA0416.jpg?resize=350%2C200&ssl=1","width":350,"height":200,"srcset":"https:\/\/i0.wp.com\/lasprimeras.com.do\/wp-content\/uploads\/2026\/08\/IMG-20260813-WA0416.jpg?resize=350%2C200&ssl=1 1x, https:\/\/i0.wp.com\/lasprimeras.com.do\/wp-content\/uploads\/2026\/08\/IMG-20260813-WA0416.jpg?resize=525%2C300&ssl=1 1.5x, https:\/\/i0.wp.com\/lasprimeras.com.do\/wp-content\/uploads\/2026\/08\/IMG-20260813-WA0416.jpg?resize=700%2C400&ssl=1 2x, https:\/\/i0.wp.com\/lasprimeras.com.do\/wp-content\/uploads\/2026\/08\/IMG-20260813-WA0416.jpg?resize=1050%2C600&ssl=1 3x, https:\/\/i0.wp.com\/lasprimeras.com.do\/wp-content\/uploads\/2026\/08\/IMG-20260813-WA0416.jpg?resize=1400%2C800&ssl=1 4x"},"classes":[]}],"jetpack_sharing_enabled":true,"jetpack_featured_media_url":"https:\/\/lasprimeras.com.do\/wp-content\/uploads\/2026\/04\/Leonardo-Aguilera.jpg","_links":{"self":[{"href":"https:\/\/lasprimeras.com.do\/index.php\/wp-json\/wp\/v2\/posts\/128071","targetHints":{"allow":["GET"]}}],"collection":[{"href":"https:\/\/lasprimeras.com.do\/index.php\/wp-json\/wp\/v2\/posts"}],"about":[{"href":"https:\/\/lasprimeras.com.do\/index.php\/wp-json\/wp\/v2\/types\/post"}],"author":[{"embeddable":true,"href":"https:\/\/lasprimeras.com.do\/index.php\/wp-json\/wp\/v2\/users\/10"}],"replies":[{"embeddable":true,"href":"https:\/\/lasprimeras.com.do\/index.php\/wp-json\/wp\/v2\/comments?post=128071"}],"version-history":[{"count":2,"href":"https:\/\/lasprimeras.com.do\/index.php\/wp-json\/wp\/v2\/posts\/128071\/revisions"}],"predecessor-version":[{"id":128075,"href":"https:\/\/lasprimeras.com.do\/index.php\/wp-json\/wp\/v2\/posts\/128071\/revisions\/128075"}],"wp:featuredmedia":[{"embeddable":true,"href":"https:\/\/lasprimeras.com.do\/index.php\/wp-json\/wp\/v2\/media\/128072"}],"wp:attachment":[{"href":"https:\/\/lasprimeras.com.do\/index.php\/wp-json\/wp\/v2\/media?parent=128071"}],"wp:term":[{"taxonomy":"category","embeddable":true,"href":"https:\/\/lasprimeras.com.do\/index.php\/wp-json\/wp\/v2\/categories?post=128071"},{"taxonomy":"post_tag","embeddable":true,"href":"https:\/\/lasprimeras.com.do\/index.php\/wp-json\/wp\/v2\/tags?post=128071"}],"curies":[{"name":"wp","href":"https:\/\/api.w.org\/{rel}","templated":true}]}}