{"id":128271,"date":"2026-04-21T19:28:46","date_gmt":"2026-04-21T23:28:46","guid":{"rendered":"https:\/\/lasprimeras.com.do\/?p=128271"},"modified":"2026-04-21T19:28:49","modified_gmt":"2026-04-21T23:28:49","slug":"rd-lidera-la-formacion-tecnico-profesional-en-la-region","status":"publish","type":"post","link":"https:\/\/lasprimeras.com.do\/index.php\/2026\/04\/21\/rd-lidera-la-formacion-tecnico-profesional-en-la-region\/","title":{"rendered":"RD lidera la formaci\u00f3n t\u00e9cnico profesional en la regi\u00f3n"},"content":{"rendered":"\n<ul class=\"wp-block-list\">\n<li><strong>Reciben delegaci\u00f3n internacional de WorldSkills Americas en antesala de su Asamblea General en Punta Cana<\/strong><\/li>\n<\/ul>\n\n\n\n<p>La Rep\u00fablica Dominicana dio la bienvenida a las delegaciones internacionales de WorldSkills Am\u00e9ricas y WorldSkills International que participan en la Asamblea General Punta Cana 2026, en un encuentro marcado por la confraternidad, el intercambio cultural y la proyecci\u00f3n del pa\u00eds como escenario de grandes eventos vinculados al desarrollo de habilidades.<\/p>\n\n\n\n<p>La actividad de recibimiento estuvo encabezada por la directora general del Instituto Nacional de Formaci\u00f3n T\u00e9cnico Profesional (INFOTEP) Maira Morla Pineda, quien comparti\u00f3 con representantes de los pa\u00edses miembros del continente, as\u00ed como con autoridades de WorldSkills.<\/p>\n\n\n\n<p>\u201cPara nuestro pa\u00eds constituye un alto honor ser sede de este importante encuentro en el que l\u00edderes, expertos y visionarios comprometidos con el desarrollo de las habilidades para el trabajo se re\u00fanen para proyectar el futuro de la formaci\u00f3n t\u00e9cnico profesional\u201d, expres\u00f3 Morla Pineda, quien es adem\u00e1s delegada oficial de antes el organismos de las habilidades t\u00e9cnicas.<\/p>\n\n\n\n<p>Dijo que el encuentro consolida a la Rep\u00fablica Dominicana como un referente regional en la promoci\u00f3n de las habilidades t\u00e9cnicas, al tiempo que posiciona al INFOTEP como un actor clave en la articulaci\u00f3n de esfuerzos para impulsar el talento humano y responder a las demandas del mercado laboral del futuro.<\/p>\n\n\n\n<figure class=\"wp-block-image size-large\"><img decoding=\"async\" width=\"1024\" height=\"682\" src=\"https:\/\/lasprimeras.com.do\/wp-content\/uploads\/2026\/04\/Maira-Morla-Pineda-q-1024x682.jpg\" alt=\"\" class=\"wp-image-128273\" srcset=\"https:\/\/lasprimeras.com.do\/wp-content\/uploads\/2026\/04\/Maira-Morla-Pineda-q-1024x682.jpg 1024w, https:\/\/lasprimeras.com.do\/wp-content\/uploads\/2026\/04\/Maira-Morla-Pineda-q-300x200.jpg 300w, https:\/\/lasprimeras.com.do\/wp-content\/uploads\/2026\/04\/Maira-Morla-Pineda-q-768x512.jpg 768w, https:\/\/lasprimeras.com.do\/wp-content\/uploads\/2026\/04\/Maira-Morla-Pineda-q-1536x1023.jpg 1536w, https:\/\/lasprimeras.com.do\/wp-content\/uploads\/2026\/04\/Maira-Morla-Pineda-q.jpg 1600w\" sizes=\"(max-width: 1024px) 100vw, 1024px\" \/><\/figure>\n\n\n\n<p>Recepci\u00f3n<\/p>\n\n\n\n<p>En un ambiente distendido y de intercambio cultural, los asistentes disfrutaron de expresiones art\u00edsticas propias de la identidad dominicana, fortaleciendo los lazos entre las naciones participantes y resaltando el valor de la cultura como puente de integraci\u00f3n.<\/p>\n\n\n\n<p>Entre los presentes estuvieron Francis Hourant presidente del Consejo de WorldSkills internacional, Arsenio Fern\u00e1ndez, presidente de WorldSkills Americas, Elena Montobbio, directora de OIT\/Cinterfor y Patrick Sevensson, miembro de la Junta de directores de WorldSkills Internacional, junto a delegados oficiales, t\u00e9cnicos, aliados estrat\u00e9gicos e invitados especiales.<\/p>\n\n\n\n<p>El encuentro sirvi\u00f3 como punto de integraci\u00f3n entre las delegaciones, propiciando un espacio de acercamiento previo al inicio formal de la agenda de trabajo de la asamblea, que se desarrollar\u00e1 del 20 al 24 de abril en Punta Cana.<\/p>\n\n\n\n<p>La Asamblea General de WorldSkills Am\u00e9ricas re\u00fane durante esta semana a representantes de sistemas de formaci\u00f3n t\u00e9cnico profesional de toda la regi\u00f3n, quienes abordar\u00e1n estrategias, tendencias y desaf\u00edos del sector, as\u00ed como iniciativas orientadas a fortalecer la cooperaci\u00f3n internacional y elevar la calidad de la capacitaci\u00f3n para el trabajo.<\/p>\n\n\n\n<p>Agenda<\/p>\n\n\n\n<p>Este martes 21 de abril, la Asamblea General de WorldSkills Americas iniciar\u00e1 sus trabajos con el desarrollo de diversas reuniones estrat\u00e9gicas; el mi\u00e9rcoles 22 tendr\u00e1 lugar la apertura formal del encuentro, en la que se anunciar\u00e1 una serie de iniciativas orientadas al fortalecimiento de la formaci\u00f3n t\u00e9cnico profesional, y el jueves 23 ser\u00e1n presentadas al pa\u00eds y al mundo las conclusiones de esta importante cita, consolidando as\u00ed su impacto en el impulso de las habilidades t\u00e9cnicas en la regi\u00f3n.<\/p>\n","protected":false},"excerpt":{"rendered":"<p>La Rep\u00fablica Dominicana dio la bienvenida a las delegaciones internacionales de WorldSkills Am\u00e9ricas y WorldSkills International que participan en la Asamblea General Punta Cana 2026, en un encuentro marcado por&hellip;<\/p>\n","protected":false},"author":10,"featured_media":128272,"comment_status":"open","ping_status":"open","sticky":false,"template":"","format":"standard","meta":{"content-type":"","jetpack_post_was_ever_published":false,"_jetpack_newsletter_access":"","_jetpack_dont_email_post_to_subs":false,"_jetpack_newsletter_tier_id":0,"_jetpack_memberships_contains_paywalled_content":false,"_jetpack_memberships_contains_paid_content":false,"footnotes":""},"categories":[35],"tags":[32485,862,1025,1226,3384,7190],"class_list":["post-128271","post","type-post","status-publish","format-standard","has-post-thumbnail","hentry","category-nacionales","tag-epicentro-regional","tag-formacion","tag-profesional","tag-republica-dominicana","tag-se-posiciona","tag-tecnico"],"jetpack_featured_media_url":"https:\/\/lasprimeras.com.do\/wp-content\/uploads\/2026\/04\/Maira-Morla-Pineda-1.jpg","jetpack-related-posts":[{"id":88926,"url":"https:\/\/lasprimeras.com.do\/index.php\/2024\/09\/10\/cuatro-jovenes-formados-por-infotep-demuestran-sus-habilidades-en-worldskills-lyon-2024\/","url_meta":{"origin":128271,"position":0},"title":"Cuatro J\u00f3venes formados por INFOTEP demuestran sus habilidades en WorldSkills Lyon 2024","author":"Nelson Feliz","date":"10 de septiembre de 2024","format":false,"excerpt":"Lyon, Francia. -La ceremonia de apertura de las competencias de WorldSkills Lyon 2024 se llev\u00f3 a cabo este lunes, marcando el inicio de la edici\u00f3n 47.\u00aa Competencia Mundial de Habilidades de WorldSkills en la cual se re\u00fanen 1,500 competidores de m\u00e1s de 65 pa\u00edses, en Lyon, Francia, una plataforma global\u2026","rel":"","context":"En \u00abNACIONALES\u00bb","block_context":{"text":"NACIONALES","link":"https:\/\/lasprimeras.com.do\/index.php\/category\/nacionales\/"},"img":{"alt_text":"Lyon Francia","src":"https:\/\/i0.wp.com\/lasprimeras.com.do\/wp-content\/uploads\/2024\/09\/Lyon-Francia-1.jpg?resize=350%2C200&ssl=1","width":350,"height":200,"srcset":"https:\/\/i0.wp.com\/lasprimeras.com.do\/wp-content\/uploads\/2024\/09\/Lyon-Francia-1.jpg?resize=350%2C200&ssl=1 1x, https:\/\/i0.wp.com\/lasprimeras.com.do\/wp-content\/uploads\/2024\/09\/Lyon-Francia-1.jpg?resize=525%2C300&ssl=1 1.5x, https:\/\/i0.wp.com\/lasprimeras.com.do\/wp-content\/uploads\/2024\/09\/Lyon-Francia-1.jpg?resize=700%2C400&ssl=1 2x"},"classes":[]},{"id":85982,"url":"https:\/\/lasprimeras.com.do\/index.php\/2024\/07\/14\/infotep-prepara-competidores-para-worldskills-internacional\/","url_meta":{"origin":128271,"position":1},"title":"INFOTEP prepara competidores para WorldSkills Internacional","author":"Nelson Feliz","date":"14 de julio de 2024","format":false,"excerpt":"El Instituto Nacional de Formaci\u00f3n T\u00e9cnico Profesional (INFOTEP) celebra el D\u00eda Mundial de las Habilidades de la Juventud, auspiciando la participaci\u00f3n de cuatro de sus participantes en la competici\u00f3n internacional WorldSkills, Lyon, en Francia, donde mil 500 competidores de m\u00e1s de 65 pa\u00edses mostrar\u00e1n sus destrezas en 64 habilidades t\u00e9cnicas.\u2026","rel":"","context":"En \u00abNACIONALES\u00bb","block_context":{"text":"NACIONALES","link":"https:\/\/lasprimeras.com.do\/index.php\/category\/nacionales\/"},"img":{"alt_text":"","src":"https:\/\/i0.wp.com\/lasprimeras.com.do\/wp-content\/uploads\/2024\/07\/Rafael-Santos-Badia.jpg?resize=350%2C200&ssl=1","width":350,"height":200,"srcset":"https:\/\/i0.wp.com\/lasprimeras.com.do\/wp-content\/uploads\/2024\/07\/Rafael-Santos-Badia.jpg?resize=350%2C200&ssl=1 1x, https:\/\/i0.wp.com\/lasprimeras.com.do\/wp-content\/uploads\/2024\/07\/Rafael-Santos-Badia.jpg?resize=525%2C300&ssl=1 1.5x"},"classes":[]},{"id":80027,"url":"https:\/\/lasprimeras.com.do\/index.php\/2024\/04\/02\/infotep-anuncia-republica-dominicana-participara-en-worldskills-lyon-francia\/","url_meta":{"origin":128271,"position":2},"title":"INFOTEP anuncia Rep\u00fablica Dominicana participar\u00e1 en WorldSkills Lyon, Francia","author":"BIMARY DE JES\u00daS Matos","date":"2 de abril de 2024","format":false,"excerpt":"SANTO DOMINGO. -El director general del Instituto Nacional de Formaci\u00f3n T\u00e9cnico Profesional (INFOTEP), Rafael Santos Bad\u00eda, inform\u00f3 la participaci\u00f3n de la Rep\u00fablica Dominicana en la competici\u00f3n internacional WorldSkills, Lyon, en Francia, del 10 al 15 de septiembre del 2024. El pa\u00eds estar\u00e1 representado por los participantes del INFOTEP, Euris Astacio\u2026","rel":"","context":"En \u00abNACIONALES\u00bb","block_context":{"text":"NACIONALES","link":"https:\/\/lasprimeras.com.do\/index.php\/category\/nacionales\/"},"img":{"alt_text":"","src":"https:\/\/i0.wp.com\/lasprimeras.com.do\/wp-content\/uploads\/2024\/04\/IMG-20240402-WA0026.jpg?resize=350%2C200&ssl=1","width":350,"height":200,"srcset":"https:\/\/i0.wp.com\/lasprimeras.com.do\/wp-content\/uploads\/2024\/04\/IMG-20240402-WA0026.jpg?resize=350%2C200&ssl=1 1x, https:\/\/i0.wp.com\/lasprimeras.com.do\/wp-content\/uploads\/2024\/04\/IMG-20240402-WA0026.jpg?resize=525%2C300&ssl=1 1.5x, https:\/\/i0.wp.com\/lasprimeras.com.do\/wp-content\/uploads\/2024\/04\/IMG-20240402-WA0026.jpg?resize=700%2C400&ssl=1 2x, https:\/\/i0.wp.com\/lasprimeras.com.do\/wp-content\/uploads\/2024\/04\/IMG-20240402-WA0026.jpg?resize=1050%2C600&ssl=1 3x"},"classes":[]},{"id":97605,"url":"https:\/\/lasprimeras.com.do\/index.php\/2025\/04\/24\/infotep-anuncia-plataforma-para-destacar-el-talento-tecnico-nacional\/","url_meta":{"origin":128271,"position":3},"title":"INFOTEP anuncia plataforma para destacar el talento t\u00e9cnico nacional","author":"Nelson Feliz","date":"24 de abril de 2025","format":false,"excerpt":"Un total 30 de competidores demostrar\u00e1n su destreza y creatividad en 13 habilidades, de cara a la celebraci\u00f3n WorldSkills Regional y Mundial. El Instituto Nacional de Formaci\u00f3n T\u00e9cnico Profesional (INFOTEP) anunci\u00f3 la celebraci\u00f3n de WorldSkills Rep\u00fablica Dominicana 2025, una competici\u00f3n nacional que reunir\u00e1 los mejores talentos t\u00e9cnicos formado en la\u2026","rel":"","context":"En \u00abNACIONALES\u00bb","block_context":{"text":"NACIONALES","link":"https:\/\/lasprimeras.com.do\/index.php\/category\/nacionales\/"},"img":{"alt_text":"Rafael Santos Bad\u00eda","src":"https:\/\/i0.wp.com\/lasprimeras.com.do\/wp-content\/uploads\/2025\/04\/Rafael-Santos-Badia.jpg?resize=350%2C200&ssl=1","width":350,"height":200,"srcset":"https:\/\/i0.wp.com\/lasprimeras.com.do\/wp-content\/uploads\/2025\/04\/Rafael-Santos-Badia.jpg?resize=350%2C200&ssl=1 1x, https:\/\/i0.wp.com\/lasprimeras.com.do\/wp-content\/uploads\/2025\/04\/Rafael-Santos-Badia.jpg?resize=525%2C300&ssl=1 1.5x"},"classes":[]},{"id":88887,"url":"https:\/\/lasprimeras.com.do\/index.php\/2024\/09\/08\/participantes-del-infotep-representaran-a-rd-en-worldskills-lyon-2024-en-francia\/","url_meta":{"origin":128271,"position":4},"title":"Participantes del INFOTEP representaran a RD en WorldSkills Lyon 2024 en Francia","author":"Nelson Feliz","date":"8 de septiembre de 2024","format":false,"excerpt":"Por Martin Restituyo Partieron hacia Lyon, Francia, los cuatro participantes del Instituto Nacional de Formaci\u00f3n T\u00e9cnico Profesional (INFOTEP) que representar\u00e1n al pa\u00eds en la competici\u00f3n internacional WorldSkillsLyon 2024, donde mostrar\u00e1n sus habilidades t\u00e9cnicas en las \u00e1reas de Ciberseguridad, Panader\u00eda, Pasteler\u00eda y Confiter\u00eda. La delegaci\u00f3n de Rep\u00fablica Dominicana en esta prestigiosa\u2026","rel":"","context":"En \u00abNACIONALES\u00bb","block_context":{"text":"NACIONALES","link":"https:\/\/lasprimeras.com.do\/index.php\/category\/nacionales\/"},"img":{"alt_text":"","src":"https:\/\/i0.wp.com\/lasprimeras.com.do\/wp-content\/uploads\/2024\/09\/INFOTEP-1.jpg?resize=350%2C200&ssl=1","width":350,"height":200,"srcset":"https:\/\/i0.wp.com\/lasprimeras.com.do\/wp-content\/uploads\/2024\/09\/INFOTEP-1.jpg?resize=350%2C200&ssl=1 1x, https:\/\/i0.wp.com\/lasprimeras.com.do\/wp-content\/uploads\/2024\/09\/INFOTEP-1.jpg?resize=525%2C300&ssl=1 1.5x"},"classes":[]},{"id":99793,"url":"https:\/\/lasprimeras.com.do\/index.php\/2025\/05\/27\/infotep-y-tvet-council-de-barbados-anuncian-master-class-en-gastronomia-caribena-para-el-sector-hotelero\/","url_meta":{"origin":128271,"position":5},"title":"INFOTEP y TVET Council de Barbados anuncian Master Class en gastronom\u00eda caribe\u00f1a para el sector hotelero","author":"Nelson Feliz","date":"27 de mayo de 2025","format":false,"excerpt":"\u00b7 El reconocido chef internacional Peter Edey impartir\u00e1 el seminario este martes 27 en Hig\u00fcey y el jueves 28 en Santo Domingo El Instituto Nacional de Formaci\u00f3n T\u00e9cnico Profesional (INFOTEP) y el Consejo de Educaci\u00f3n y Formaci\u00f3n T\u00e9cnica y Vocacional de Barbados (TVET Council) anunciaron una Master Class en gastronom\u00eda\u2026","rel":"","context":"En \u00abPORTADA\u00bb","block_context":{"text":"PORTADA","link":"https:\/\/lasprimeras.com.do\/index.php\/category\/portada\/"},"img":{"alt_text":"","src":"https:\/\/i0.wp.com\/lasprimeras.com.do\/wp-content\/uploads\/2025\/05\/Rafael-Santos-Badia-1-1.jpg?resize=350%2C200&ssl=1","width":350,"height":200,"srcset":"https:\/\/i0.wp.com\/lasprimeras.com.do\/wp-content\/uploads\/2025\/05\/Rafael-Santos-Badia-1-1.jpg?resize=350%2C200&ssl=1 1x, https:\/\/i0.wp.com\/lasprimeras.com.do\/wp-content\/uploads\/2025\/05\/Rafael-Santos-Badia-1-1.jpg?resize=525%2C300&ssl=1 1.5x, https:\/\/i0.wp.com\/lasprimeras.com.do\/wp-content\/uploads\/2025\/05\/Rafael-Santos-Badia-1-1.jpg?resize=700%2C400&ssl=1 2x"},"classes":[]}],"jetpack_sharing_enabled":true,"_links":{"self":[{"href":"https:\/\/lasprimeras.com.do\/index.php\/wp-json\/wp\/v2\/posts\/128271","targetHints":{"allow":["GET"]}}],"collection":[{"href":"https:\/\/lasprimeras.com.do\/index.php\/wp-json\/wp\/v2\/posts"}],"about":[{"href":"https:\/\/lasprimeras.com.do\/index.php\/wp-json\/wp\/v2\/types\/post"}],"author":[{"embeddable":true,"href":"https:\/\/lasprimeras.com.do\/index.php\/wp-json\/wp\/v2\/users\/10"}],"replies":[{"embeddable":true,"href":"https:\/\/lasprimeras.com.do\/index.php\/wp-json\/wp\/v2\/comments?post=128271"}],"version-history":[{"count":1,"href":"https:\/\/lasprimeras.com.do\/index.php\/wp-json\/wp\/v2\/posts\/128271\/revisions"}],"predecessor-version":[{"id":128274,"href":"https:\/\/lasprimeras.com.do\/index.php\/wp-json\/wp\/v2\/posts\/128271\/revisions\/128274"}],"wp:featuredmedia":[{"embeddable":true,"href":"https:\/\/lasprimeras.com.do\/index.php\/wp-json\/wp\/v2\/media\/128272"}],"wp:attachment":[{"href":"https:\/\/lasprimeras.com.do\/index.php\/wp-json\/wp\/v2\/media?parent=128271"}],"wp:term":[{"taxonomy":"category","embeddable":true,"href":"https:\/\/lasprimeras.com.do\/index.php\/wp-json\/wp\/v2\/categories?post=128271"},{"taxonomy":"post_tag","embeddable":true,"href":"https:\/\/lasprimeras.com.do\/index.php\/wp-json\/wp\/v2\/tags?post=128271"}],"curies":[{"name":"wp","href":"https:\/\/api.w.org\/{rel}","templated":true}]}}