{"id":128287,"date":"2026-04-21T20:46:24","date_gmt":"2026-04-22T00:46:24","guid":{"rendered":"https:\/\/lasprimeras.com.do\/?p=128287"},"modified":"2026-04-21T20:46:26","modified_gmt":"2026-04-22T00:46:26","slug":"muere-joven-al-perderse-tiempo-en-ser-trasladado-a-centro-de-salud-de-barahona","status":"publish","type":"post","link":"https:\/\/lasprimeras.com.do\/index.php\/2026\/04\/21\/muere-joven-al-perderse-tiempo-en-ser-trasladado-a-centro-de-salud-de-barahona\/","title":{"rendered":"Muere joven al perderse tiempo en ser trasladado a centro de salud de Barahona"},"content":{"rendered":"\n<p>Por Bienvenido M\u00e9ndez Galarza<\/p>\n\n\n\n<p>Un joven de 23 a\u00f1os muri\u00f3 la tarde de este lunes en la ciudad de Barahona tras perderse mucho tiempo en ser trasladado desde el municipio de Enriquillo a un centro m\u00e9dico.<\/p>\n\n\n\n<p>Se trata de Liz Brayan Feliz Segura, (Yeison), quien era hijo de Saholi Segura Bocio. Fue encontrarlo agonizando en su residencia, donde ten\u00eda poco tiempo viviendo junto a su madre.<\/p>\n\n\n\n<p>Moradores expresaron indignaci\u00f3n porque se perdi\u00f3 tiempo para su traslado desde Enriquillo., debido al protocolo para autorizar a la ambulancia.<\/p>\n\n\n\n<p>El cad\u00e1ver del joven de 23 a\u00f1os est\u00e1 siendo velado en la funeraria Enriquillo y es posible que sea llevado a Hig\u00fcey donde residi\u00f3 con sus abuelos.<\/p>\n","protected":false},"excerpt":{"rendered":"<p>Por Bienvenido M\u00e9ndez Galarza Un joven de 23 a\u00f1os muri\u00f3 la tarde de este lunes en la ciudad de Barahona tras perderse mucho tiempo en ser trasladado desde el municipio&hellip;<\/p>\n","protected":false},"author":10,"featured_media":128288,"comment_status":"open","ping_status":"open","sticky":false,"template":"","format":"standard","meta":{"content-type":"","jetpack_post_was_ever_published":false,"_jetpack_newsletter_access":"","_jetpack_dont_email_post_to_subs":false,"_jetpack_newsletter_tier_id":0,"_jetpack_memberships_contains_paywalled_content":false,"_jetpack_memberships_contains_paid_content":false,"footnotes":""},"categories":[16558],"tags":[265,9721,1127,650,32490,17737],"class_list":["post-128287","post","type-post","status-publish","format-standard","has-post-thumbnail","hentry","category-salud","tag-barahona","tag-centro-de-salud","tag-joven","tag-muere","tag-perderse-tiempo","tag-trasladado"],"jetpack_featured_media_url":"https:\/\/lasprimeras.com.do\/wp-content\/uploads\/2026\/04\/Liz-Brayan-Feliz-Segura.jpeg","jetpack-related-posts":[{"id":55073,"url":"https:\/\/lasprimeras.com.do\/index.php\/2023\/07\/17\/mueren-dos-jovenes-en-un-accidente-de-motos-en-barahona\/","url_meta":{"origin":128287,"position":0},"title":"Mueren dos jovenes en un accidente de motos en Barahona","author":"Nelson Feliz","date":"17 de julio de 2023","format":false,"excerpt":"Por Victor Feliz Los fallecidos fueron identificados como Abel Ne\u00f3n, de 20 a\u00f1os de edad y un segundo joven muerto identificado solo como Raimon, seg\u00fan se inform\u00f3 ambos residen en la calle III, sector Camboya, de este municipio de Barahona. Abel Ne\u00f3n, fue llevado a la emergencia del Hospital Regional\u2026","rel":"","context":"En \u00abNACIONALES\u00bb","block_context":{"text":"NACIONALES","link":"https:\/\/lasprimeras.com.do\/index.php\/category\/nacionales\/"},"img":{"alt_text":"","src":"https:\/\/i0.wp.com\/lasprimeras.com.do\/wp-content\/uploads\/2023\/07\/moto.jpg?resize=350%2C200&ssl=1","width":350,"height":200,"srcset":"https:\/\/i0.wp.com\/lasprimeras.com.do\/wp-content\/uploads\/2023\/07\/moto.jpg?resize=350%2C200&ssl=1 1x, https:\/\/i0.wp.com\/lasprimeras.com.do\/wp-content\/uploads\/2023\/07\/moto.jpg?resize=525%2C300&ssl=1 1.5x, https:\/\/i0.wp.com\/lasprimeras.com.do\/wp-content\/uploads\/2023\/07\/moto.jpg?resize=700%2C400&ssl=1 2x"},"classes":[]},{"id":53230,"url":"https:\/\/lasprimeras.com.do\/index.php\/2023\/06\/24\/joven-de-enriquillo-pierde-vida-accidente-de-la-vega\/","url_meta":{"origin":128287,"position":1},"title":"Joven de Enriquillo pierde vida accidente de La Vega","author":"Nelson Feliz","date":"24 de junio de 2023","format":false,"excerpt":"OMAR MEDINA Una joven del municipio de Enriquillo- Barahona que viaja este viernes en un transporte Espinal de la capital a Santiago perdi\u00f3 la vida en el accidente ocurrido en el kil\u00f3metro 129 de la autopista Duarte, pr\u00f3ximo a la Vega. La v\u00edctima es Fanny Castillo, la cual se dirig\u00eda\u2026","rel":"","context":"En \u00abNACIONALES\u00bb","block_context":{"text":"NACIONALES","link":"https:\/\/lasprimeras.com.do\/index.php\/category\/nacionales\/"},"img":{"alt_text":"Fanny Castillo","src":"https:\/\/i0.wp.com\/lasprimeras.com.do\/wp-content\/uploads\/2023\/06\/Fanny-Castillo.jpg?resize=350%2C200&ssl=1","width":350,"height":200,"srcset":"https:\/\/i0.wp.com\/lasprimeras.com.do\/wp-content\/uploads\/2023\/06\/Fanny-Castillo.jpg?resize=350%2C200&ssl=1 1x, https:\/\/i0.wp.com\/lasprimeras.com.do\/wp-content\/uploads\/2023\/06\/Fanny-Castillo.jpg?resize=525%2C300&ssl=1 1.5x, https:\/\/i0.wp.com\/lasprimeras.com.do\/wp-content\/uploads\/2023\/06\/Fanny-Castillo.jpg?resize=700%2C400&ssl=1 2x"},"classes":[]},{"id":127386,"url":"https:\/\/lasprimeras.com.do\/index.php\/2026\/04\/11\/gobernadora-oneida-feliz-y-jimmy-rosario-abriran-las-puertas-del-itla-en-barahona\/","url_meta":{"origin":128287,"position":2},"title":"Gobernadora Oneida F\u00e9liz y Jimmy Rosario abrir\u00e1n las puertas del ITLA en Barahona","author":"Nelson Feliz","date":"11 de abril de 2026","format":false,"excerpt":"F\u00e9liz y Rosario Bernal realizan mesa de trabajo con legisladores, empresarios y otros sectores para consolidar llegada de ITLA a provincia sure\u00f1a La gobernadora Oneida F\u00e9liz y el rector del Instituto Tecnol\u00f3gico de Las Am\u00e9ricas (ITLA), Jimmy Rosario Bernal, comenzaron a coordinar el inicio formal de las operaciones de la\u2026","rel":"","context":"En \u00abNACIONALES\u00bb","block_context":{"text":"NACIONALES","link":"https:\/\/lasprimeras.com.do\/index.php\/category\/nacionales\/"},"img":{"alt_text":"","src":"https:\/\/i0.wp.com\/lasprimeras.com.do\/wp-content\/uploads\/2026\/04\/ITLA.jpg?resize=350%2C200&ssl=1","width":350,"height":200,"srcset":"https:\/\/i0.wp.com\/lasprimeras.com.do\/wp-content\/uploads\/2026\/04\/ITLA.jpg?resize=350%2C200&ssl=1 1x, https:\/\/i0.wp.com\/lasprimeras.com.do\/wp-content\/uploads\/2026\/04\/ITLA.jpg?resize=525%2C300&ssl=1 1.5x, https:\/\/i0.wp.com\/lasprimeras.com.do\/wp-content\/uploads\/2026\/04\/ITLA.jpg?resize=700%2C400&ssl=1 2x"},"classes":[]},{"id":97313,"url":"https:\/\/lasprimeras.com.do\/index.php\/2025\/04\/18\/joven-muere-al-perder-el-control-en-un-four-wheel-en-dajabon\/","url_meta":{"origin":128287,"position":3},"title":"Joven muere al perder el control en un four-wheel en Dajab\u00f3n","author":"Nelson Feliz","date":"18 de abril de 2025","format":false,"excerpt":"El accidente se produjo cuando el hombre perdi\u00f3 el control de un four-wheel que conduc\u00eda e impact\u00f3 contra la pared de un establecimiento comercial. Un hombre identificado como Santo Julio Cabrera, de 32 a\u00f1os, perdi\u00f3 la vida en un accidente de tr\u00e1nsito ocurrido la noche del Jueves Santo en el\u2026","rel":"","context":"En \u00abNACIONALES\u00bb","block_context":{"text":"NACIONALES","link":"https:\/\/lasprimeras.com.do\/index.php\/category\/nacionales\/"},"img":{"alt_text":"","src":"https:\/\/i0.wp.com\/lasprimeras.com.do\/wp-content\/uploads\/2025\/04\/muerto.jpg?resize=350%2C200&ssl=1","width":350,"height":200,"srcset":"https:\/\/i0.wp.com\/lasprimeras.com.do\/wp-content\/uploads\/2025\/04\/muerto.jpg?resize=350%2C200&ssl=1 1x, https:\/\/i0.wp.com\/lasprimeras.com.do\/wp-content\/uploads\/2025\/04\/muerto.jpg?resize=525%2C300&ssl=1 1.5x, https:\/\/i0.wp.com\/lasprimeras.com.do\/wp-content\/uploads\/2025\/04\/muerto.jpg?resize=700%2C400&ssl=1 2x"},"classes":[]},{"id":126578,"url":"https:\/\/lasprimeras.com.do\/index.php\/2026\/04\/03\/hombre-muere-tras-ingerir-estimulante-sexual-en-barahona\/","url_meta":{"origin":128287,"position":4},"title":"Hombre muere tras ingerir estimulante sexual en Barahona","author":"Nelson Feliz","date":"3 de abril de 2026","format":false,"excerpt":"Un hombre falleci\u00f3 la ma\u00f1ana de este viernes mientras recib\u00eda atenciones m\u00e9dicas en el \u00e1rea de emergencias del Hospital Regional Universitario Dr. Jaime Mota de la provincia Barahona, presuntamente luego de ingerir un estimulante sexual. La v\u00edctima respondia al nombre de Jos\u00e9 Miguel Suero, de 55 a\u00f1os, quien sufri\u00f3 un\u2026","rel":"","context":"En \u00abNACIONALES\u00bb","block_context":{"text":"NACIONALES","link":"https:\/\/lasprimeras.com.do\/index.php\/category\/nacionales\/"},"img":{"alt_text":"","src":"https:\/\/i0.wp.com\/lasprimeras.com.do\/wp-content\/uploads\/2026\/04\/Hospital-Jaime-Mota.jpeg?resize=350%2C200&ssl=1","width":350,"height":200,"srcset":"https:\/\/i0.wp.com\/lasprimeras.com.do\/wp-content\/uploads\/2026\/04\/Hospital-Jaime-Mota.jpeg?resize=350%2C200&ssl=1 1x, https:\/\/i0.wp.com\/lasprimeras.com.do\/wp-content\/uploads\/2026\/04\/Hospital-Jaime-Mota.jpeg?resize=525%2C300&ssl=1 1.5x, https:\/\/i0.wp.com\/lasprimeras.com.do\/wp-content\/uploads\/2026\/04\/Hospital-Jaime-Mota.jpeg?resize=700%2C400&ssl=1 2x"},"classes":[]},{"id":59607,"url":"https:\/\/lasprimeras.com.do\/index.php\/2023\/09\/05\/exito-en-puesta-en-circulacion-de-guias-farmacoterapeuticas-del-srs-enriquillo\/","url_meta":{"origin":128287,"position":5},"title":"\u00c9xito en Puesta en Circulaci\u00f3n de Gu\u00edas Farmacoterap\u00e9uticas del SRS Enriquillo","author":"Nelson Feliz","date":"5 de septiembre de 2023","format":false,"excerpt":"Farmacoterap\u00e9uticas de los Hospitales del Servicio Regional de Salud Enriquillo, el evento tuvo lugar en el Auditorio Doctor Antonio M\u00e9ndez de la UASD Recinto Barahona y cont\u00f3 con la presencia de profesionales de la salud, directores hospitalarios, farmac\u00e9uticos, autoridades locales y regionales. El Alcalde de Barahona, Lic. Mictor Emilio Fern\u00e1ndez,\u2026","rel":"","context":"En \u00abSin categor\u00eda\u00bb","block_context":{"text":"Sin categor\u00eda","link":"https:\/\/lasprimeras.com.do\/index.php\/category\/sin-categoria\/"},"img":{"alt_text":"Farmacoterap\u00e9uticas","src":"https:\/\/i0.wp.com\/lasprimeras.com.do\/wp-content\/uploads\/2023\/09\/guia.jpg?resize=350%2C200&ssl=1","width":350,"height":200,"srcset":"https:\/\/i0.wp.com\/lasprimeras.com.do\/wp-content\/uploads\/2023\/09\/guia.jpg?resize=350%2C200&ssl=1 1x, https:\/\/i0.wp.com\/lasprimeras.com.do\/wp-content\/uploads\/2023\/09\/guia.jpg?resize=525%2C300&ssl=1 1.5x, https:\/\/i0.wp.com\/lasprimeras.com.do\/wp-content\/uploads\/2023\/09\/guia.jpg?resize=700%2C400&ssl=1 2x"},"classes":[]}],"jetpack_sharing_enabled":true,"_links":{"self":[{"href":"https:\/\/lasprimeras.com.do\/index.php\/wp-json\/wp\/v2\/posts\/128287","targetHints":{"allow":["GET"]}}],"collection":[{"href":"https:\/\/lasprimeras.com.do\/index.php\/wp-json\/wp\/v2\/posts"}],"about":[{"href":"https:\/\/lasprimeras.com.do\/index.php\/wp-json\/wp\/v2\/types\/post"}],"author":[{"embeddable":true,"href":"https:\/\/lasprimeras.com.do\/index.php\/wp-json\/wp\/v2\/users\/10"}],"replies":[{"embeddable":true,"href":"https:\/\/lasprimeras.com.do\/index.php\/wp-json\/wp\/v2\/comments?post=128287"}],"version-history":[{"count":1,"href":"https:\/\/lasprimeras.com.do\/index.php\/wp-json\/wp\/v2\/posts\/128287\/revisions"}],"predecessor-version":[{"id":128289,"href":"https:\/\/lasprimeras.com.do\/index.php\/wp-json\/wp\/v2\/posts\/128287\/revisions\/128289"}],"wp:featuredmedia":[{"embeddable":true,"href":"https:\/\/lasprimeras.com.do\/index.php\/wp-json\/wp\/v2\/media\/128288"}],"wp:attachment":[{"href":"https:\/\/lasprimeras.com.do\/index.php\/wp-json\/wp\/v2\/media?parent=128287"}],"wp:term":[{"taxonomy":"category","embeddable":true,"href":"https:\/\/lasprimeras.com.do\/index.php\/wp-json\/wp\/v2\/categories?post=128287"},{"taxonomy":"post_tag","embeddable":true,"href":"https:\/\/lasprimeras.com.do\/index.php\/wp-json\/wp\/v2\/tags?post=128287"}],"curies":[{"name":"wp","href":"https:\/\/api.w.org\/{rel}","templated":true}]}}