{"id":128298,"date":"2026-04-21T21:45:45","date_gmt":"2026-04-22T01:45:45","guid":{"rendered":"https:\/\/lasprimeras.com.do\/?p=128298"},"modified":"2026-04-21T21:45:46","modified_gmt":"2026-04-22T01:45:46","slug":"fundacion-don-alfonso-honra-legado-de-servicio-de-su-patriarca","status":"publish","type":"post","link":"https:\/\/lasprimeras.com.do\/index.php\/2026\/04\/21\/fundacion-don-alfonso-honra-legado-de-servicio-de-su-patriarca\/","title":{"rendered":"Fundaci\u00f3n Don Alfonso honra legado de servicio de su patriarca"},"content":{"rendered":"\n<p>La Fundaci\u00f3n Don Alfonso transform\u00f3 la tarde de este s\u00e1bado en un escenario de amor, fe y confraternidad, al realizar un emotivo almuerzo comunitario con los residentes del sector El Naranjo, en esta laboriosa demarcaci\u00f3n de la provincia San Juan.<\/p>\n\n\n\n<p>La actividad, que ya se ha convertido en un faro de luz para la comunidad, es el resultado del compromiso inquebrantable de la familia Encarnaci\u00f3n, quienes han decidido honrar el legado de servicio de su patriarca, el inolvidable Alfonso Encarnaci\u00f3n.<\/p>\n\n\n\n<p>Su hija, Arelis Encarnaci\u00f3n, presidenta de la entidad, ha mantenido viva la tradici\u00f3n de generosidad que su padre sembr\u00f3 en vida, reafirmando que el servicio a los dem\u00e1s es el lenguaje m\u00e1s puro de la nobleza.<\/p>\n\n\n\n<p>El evento inici\u00f3 con un momento de profunda espiritualidad a trav\u00e9s de una oraci\u00f3n dirigida por Luc\u00eda Encarnaci\u00f3n, vicepresidenta de la fundaci\u00f3n, quien puso en manos de Dios la jornada y el bienestar de cada familia presente.<\/p>\n\n\n\n<p>Posteriormente, la se\u00f1ora Arelis dirigi\u00f3 unas palabras cargadas de gratitud. Durante su intervenci\u00f3n, agradeci\u00f3 a todos los colaboradores, hombres y mujeres de buena voluntad, que hicieron posible que ni\u00f1os, j\u00f3venes y adultos mayores disfrutaran no solo de un nutritivo almuerzo, sino de un momento de dignidad y alegr\u00eda.<\/p>\n\n\n\n<p>Asimismo, Hitler Encarnaci\u00f3n exhort\u00f3 a los residentes a valorar este esfuerzo colectivo, destacando que la unidad familiar es la fuerza motriz que permite que estas ayudas lleguen de manera genuina a quienes m\u00e1s lo necesitan.<\/p>\n\n\n<div class=\"wp-block-image\">\n<figure class=\"alignleft size-full is-resized\"><img decoding=\"async\" width=\"1000\" height=\"750\" src=\"https:\/\/lasprimeras.com.do\/wp-content\/uploads\/2026\/04\/FG-3.jpg\" alt=\"\" class=\"wp-image-128300\" style=\"width:376px;height:auto\" srcset=\"https:\/\/lasprimeras.com.do\/wp-content\/uploads\/2026\/04\/FG-3.jpg 1000w, https:\/\/lasprimeras.com.do\/wp-content\/uploads\/2026\/04\/FG-3-300x225.jpg 300w, https:\/\/lasprimeras.com.do\/wp-content\/uploads\/2026\/04\/FG-3-768x576.jpg 768w\" sizes=\"(max-width: 1000px) 100vw, 1000px\" \/><\/figure>\n<\/div>\n\n\n<p>La jornada no se limit\u00f3 al banquete compartido; la Fundaci\u00f3n Don Alfonso hizo entrega de raciones alimenticias crudas a los adultos, asegurando el sustento en sus hogares. Por su parte, los m\u00e1s peque\u00f1os disfrutaron de una lluvia de golosinas que ilumin\u00f3 sus rostros de felicidad.<\/p>\n\n\n\n<p>Este gesto altruista cont\u00f3 con el respaldo vital de diversas instituciones y personalidades.<br>Se destac\u00f3 el apoyo de la Junta de Retiro y Fondo de Pensiones de las Fuerzas Armadas (JRFPFA), as\u00ed como del Cuerpo Especializado de Seguridad Portuaria (CESEP), de igual manera, el Instituto de Seguridad Social de las Fuerzas Armadas (ISSFFAA), resaltando la colaboraci\u00f3n de los miembros de los cuerpos castrenses que siempre dicen presente en estas causas sociales. <\/p>\n\n\n\n<p>De igual modo, se extendi\u00f3 un agradecimiento a la Direcci\u00f3n de Asistencia Social (anteriormente Plan Social) por su hist\u00f3rico respaldo a estas iniciativas.<\/p>\n\n\n\n<p>Uno de los momentos m\u00e1s conmovedores de la tarde ocurri\u00f3 cuando la comunidad de El Naranjo, en un gesto de rec\u00edproco cari\u00f1o, sorprendi\u00f3 a Arelis Encarnaci\u00f3n con un bizcocho y el canto de &#8220;Feliz Cumplea\u00f1os&#8221;. <\/p>\n\n\n\n<p>Este detalle transform\u00f3 la actividad en una doble celebraci\u00f3n, sellando un pacto de afecto entre la familia Encarnaci\u00f3n y su gente.<\/p>\n\n\n<div class=\"wp-block-image\">\n<figure class=\"alignright size-full is-resized\"><img decoding=\"async\" width=\"1000\" height=\"750\" src=\"https:\/\/lasprimeras.com.do\/wp-content\/uploads\/2026\/04\/FG-1.jpg\" alt=\"\" class=\"wp-image-128301\" style=\"width:387px;height:auto\" srcset=\"https:\/\/lasprimeras.com.do\/wp-content\/uploads\/2026\/04\/FG-1.jpg 1000w, https:\/\/lasprimeras.com.do\/wp-content\/uploads\/2026\/04\/FG-1-300x225.jpg 300w, https:\/\/lasprimeras.com.do\/wp-content\/uploads\/2026\/04\/FG-1-768x576.jpg 768w\" sizes=\"(max-width: 1000px) 100vw, 1000px\" \/><\/figure>\n<\/div>\n\n\n<p>Sobre la Fundaci\u00f3n Don Alfonso<\/p>\n\n\n\n<p>Fiel a su calendario de amor, la fundaci\u00f3n no solo se limita a estos almuerzos, sino que mantiene una agenda activa que incluye la entrega de juguetes en el D\u00eda de Reyes, cenas navide\u00f1as y celebraciones especiales para el D\u00eda de las Madres, manteniendo siempre encendida la llama del altruismo que don Alfonso Encarnaci\u00f3n inici\u00f3 hace a\u00f1os.<\/p>\n\n\n\n<p>La actividad, que ya se ha convertido en un faro de luz para la comunidad, es el resultado del compromiso inquebrantable de la familia Encarnaci\u00f3n Encarnaci\u00f3n quienes han decidido honrar el legado de servicio de su patriarca, el inolvidable Alfonso Encarnaci\u00f3n.<\/p>\n\n\n\n<p>Su hija, Arelis Encarnaci\u00f3n, presidenta de la entidad, ha mantenido viva la tradici\u00f3n de generosidad que su padre sembr\u00f3 en vida, reafirmando que el servicio a los dem\u00e1s es el lenguaje m\u00e1s puro de la nobleza.<\/p>\n","protected":false},"excerpt":{"rendered":"<p>La Fundaci\u00f3n Don Alfonso transform\u00f3 la tarde de este s\u00e1bado en un escenario de amor, fe y confraternidad, al realizar un emotivo almuerzo comunitario con los residentes del sector El&hellip;<\/p>\n","protected":false},"author":10,"featured_media":128299,"comment_status":"open","ping_status":"open","sticky":false,"template":"","format":"standard","meta":{"content-type":"","jetpack_post_was_ever_published":false,"_jetpack_newsletter_access":"","_jetpack_dont_email_post_to_subs":false,"_jetpack_newsletter_tier_id":0,"_jetpack_memberships_contains_paywalled_content":false,"_jetpack_memberships_contains_paid_content":false,"footnotes":""},"categories":[35],"tags":[32493,7350,1039,32494,865],"class_list":["post-128298","post","type-post","status-publish","format-standard","has-post-thumbnail","hentry","category-nacionales","tag-fundacion-don-alfonso","tag-honra","tag-legado","tag-patriarca","tag-servicio"],"jetpack_featured_media_url":"https:\/\/lasprimeras.com.do\/wp-content\/uploads\/2026\/04\/FG.jpg","jetpack-related-posts":[{"id":124108,"url":"https:\/\/lasprimeras.com.do\/index.php\/2026\/03\/08\/fallecio-el-padre-del-periodista-andy-salas-director-y-ceo-de-tres-periodicos-en-la-ciudad-de-nueva-york\/","url_meta":{"origin":128298,"position":0},"title":"Falleci\u00f3 el padre del periodista Andy Salas, director y CEO de tres peri\u00f3dicos en la ciudad de Nueva York","author":"Nelson Feliz","date":"8 de marzo de 2026","format":false,"excerpt":"Andr\u00e9s Avelino Salas, \u201cEl Patriarca de la Familia\u201d, a la hora de su fallecimiento ten\u00eda 90 a\u00f1os de edad. Con profundo dolor y sentimientos de tristeza, familiares, amigos y comunitarios despidieron los restos de don Andr\u00e9s Avelino Salas, cari\u00f1osamente conocido como \u201cAnde\u201d, quien falleci\u00f3 de manera natural a la 1:00\u2026","rel":"","context":"En \u00abNACIONALES\u00bb","block_context":{"text":"NACIONALES","link":"https:\/\/lasprimeras.com.do\/index.php\/category\/nacionales\/"},"img":{"alt_text":"","src":"https:\/\/i0.wp.com\/lasprimeras.com.do\/wp-content\/uploads\/2026\/03\/Andres-Avelino-Salas.jpg?resize=350%2C200&ssl=1","width":350,"height":200},"classes":[]},{"id":115628,"url":"https:\/\/lasprimeras.com.do\/index.php\/2025\/11\/24\/designan-a-alfonso-quinones-como-director-de-cultura-de-la-fundacion-el-democrata\/","url_meta":{"origin":128298,"position":1},"title":"Designan a Alfonso Qui\u00f1ones como director de Cultura de la Fundaci\u00f3n El Dem\u00f3crata","author":"Nelson Feliz","date":"24 de noviembre de 2025","format":false,"excerpt":"La Fundaci\u00f3n El Dem\u00f3crata anunci\u00f3 la designaci\u00f3n del destacado periodista y gestor cultural Alfonso Qui\u00f1ones como su nuevo director de Cultura, en una decisi\u00f3n adoptada por su presidente, Francisco Tav\u00e1rez, quien resalt\u00f3 el compromiso de la instituci\u00f3n con el fortalecimiento del pensamiento cr\u00edtico, la libertad de expresi\u00f3n y la promoci\u00f3n\u2026","rel":"","context":"En \u00abNACIONALES\u00bb","block_context":{"text":"NACIONALES","link":"https:\/\/lasprimeras.com.do\/index.php\/category\/nacionales\/"},"img":{"alt_text":"","src":"https:\/\/i0.wp.com\/lasprimeras.com.do\/wp-content\/uploads\/2025\/11\/Fundacion-El-Democrata.jpg?resize=350%2C200&ssl=1","width":350,"height":200,"srcset":"https:\/\/i0.wp.com\/lasprimeras.com.do\/wp-content\/uploads\/2025\/11\/Fundacion-El-Democrata.jpg?resize=350%2C200&ssl=1 1x, https:\/\/i0.wp.com\/lasprimeras.com.do\/wp-content\/uploads\/2025\/11\/Fundacion-El-Democrata.jpg?resize=525%2C300&ssl=1 1.5x, https:\/\/i0.wp.com\/lasprimeras.com.do\/wp-content\/uploads\/2025\/11\/Fundacion-El-Democrata.jpg?resize=700%2C400&ssl=1 2x"},"classes":[]},{"id":119253,"url":"https:\/\/lasprimeras.com.do\/index.php\/2026\/01\/09\/nelson-cruz-y-fundacion-boomstick23-anuncian-jornada-social-en-las-matas-de-santa-cruz\/","url_meta":{"origin":128298,"position":2},"title":"Nelson Cruz y Fundaci\u00f3n Boomstick23 anuncian jornada social en Las Matas de Santa Cruz","author":"Nelson Feliz","date":"9 de enero de 2026","format":false,"excerpt":"Nelson Cruz","rel":"","context":"En \u00abDEPORTES\u00bb","block_context":{"text":"DEPORTES","link":"https:\/\/lasprimeras.com.do\/index.php\/category\/deportes\/"},"img":{"alt_text":"","src":"https:\/\/i0.wp.com\/lasprimeras.com.do\/wp-content\/uploads\/2026\/01\/IMG-20260109-WA0122.jpg?resize=350%2C200&ssl=1","width":350,"height":200,"srcset":"https:\/\/i0.wp.com\/lasprimeras.com.do\/wp-content\/uploads\/2026\/01\/IMG-20260109-WA0122.jpg?resize=350%2C200&ssl=1 1x, https:\/\/i0.wp.com\/lasprimeras.com.do\/wp-content\/uploads\/2026\/01\/IMG-20260109-WA0122.jpg?resize=525%2C300&ssl=1 1.5x"},"classes":[]},{"id":75250,"url":"https:\/\/lasprimeras.com.do\/index.php\/2024\/01\/30\/casc-celebra-sus-62-anos-de-compromiso-con-justicia-social-y-paz-laboral\/","url_meta":{"origin":128298,"position":3},"title":"CASC celebra sus 62 a\u00f1os de compromiso con justicia social y paz laboral","author":"Nelson Feliz","date":"30 de enero de 2024","format":false,"excerpt":"La Confederaci\u00f3n Aut\u00f3noma Sindical Clasista (CASC) conmemora sus 62 a\u00f1os de dedicaci\u00f3n inquebrantable a la b\u00fasqueda de la paz como resultado de la justicia social, extendiendo su impacto m\u00e1s all\u00e1 de los trabajadores para abarcar toda la sociedad dominicana. En un comunicado emitido con motivo de su aniversario, el gremio\u2026","rel":"","context":"En \u00abNACIONALES\u00bb","block_context":{"text":"NACIONALES","link":"https:\/\/lasprimeras.com.do\/index.php\/category\/nacionales\/"},"img":{"alt_text":"Gabriel del R\u00edo Do\u00f1\u00e9","src":"https:\/\/i0.wp.com\/lasprimeras.com.do\/wp-content\/uploads\/2024\/01\/GABRIEL-II.jpg?resize=350%2C200&ssl=1","width":350,"height":200,"srcset":"https:\/\/i0.wp.com\/lasprimeras.com.do\/wp-content\/uploads\/2024\/01\/GABRIEL-II.jpg?resize=350%2C200&ssl=1 1x, https:\/\/i0.wp.com\/lasprimeras.com.do\/wp-content\/uploads\/2024\/01\/GABRIEL-II.jpg?resize=525%2C300&ssl=1 1.5x, https:\/\/i0.wp.com\/lasprimeras.com.do\/wp-content\/uploads\/2024\/01\/GABRIEL-II.jpg?resize=700%2C400&ssl=1 2x"},"classes":[]},{"id":124697,"url":"https:\/\/lasprimeras.com.do\/index.php\/2026\/03\/15\/don-simon-alfonso-pembertonel-mago\/","url_meta":{"origin":128298,"position":4},"title":"Don Sim\u00f3n Alfonso Pemberton\u201cEl Mago\u201d","author":"Nelson Feliz","date":"15 de marzo de 2026","format":false,"excerpt":"ESTE CRONISTA SE CARACTERIZ\u00d3 POR SU SINGULAR NARRACI\u00d3N Y COLOCARLE APODOS A LOS CABALLOS Conocido como \u201cEl Mago\u201d, Sim\u00f3n Alfonso Pemberton fue el m\u00e1s grande narrador de carreas de caballos en Rep\u00fablica Dominicana, destacado por su singular y \u00fanica forma de locutar las carreras h\u00edpicas. Aunque comenz\u00f3 su carrera en\u2026","rel":"","context":"En \u00abDEPORTES\u00bb","block_context":{"text":"DEPORTES","link":"https:\/\/lasprimeras.com.do\/index.php\/category\/deportes\/"},"img":{"alt_text":"","src":"https:\/\/i0.wp.com\/lasprimeras.com.do\/wp-content\/uploads\/2026\/03\/simon-alfonso-penberton.jpg?resize=350%2C200&ssl=1","width":350,"height":200,"srcset":"https:\/\/i0.wp.com\/lasprimeras.com.do\/wp-content\/uploads\/2026\/03\/simon-alfonso-penberton.jpg?resize=350%2C200&ssl=1 1x, https:\/\/i0.wp.com\/lasprimeras.com.do\/wp-content\/uploads\/2026\/03\/simon-alfonso-penberton.jpg?resize=525%2C300&ssl=1 1.5x"},"classes":[]},{"id":104372,"url":"https:\/\/lasprimeras.com.do\/index.php\/2025\/07\/23\/senado-reconoce-a-personalidades-del-arte-deporte-educacion-justica-y-otras-areas\/","url_meta":{"origin":128298,"position":5},"title":"Senado reconoce a personalidades del arte, deporte, educaci\u00f3n, justica y otras \u00e1reas","author":"Nelson Feliz","date":"23 de julio de 2025","format":false,"excerpt":"El Senado de la Rep\u00fablica reconoci\u00f3 este mi\u00e9rcoles a distintas personalidades destacadas en arte, cultura, deporte, educaci\u00f3n, justica, comunicaci\u00f3n, y actividades sin fines de lucro, durante un acto solemne celebrado en el Sal\u00f3n de la Asamblea Nacional, del Congreso Nacional. Entre las figuras que recibieron lauros se destaca el historiador\u2026","rel":"","context":"En \u00abNACIONALES\u00bb","block_context":{"text":"NACIONALES","link":"https:\/\/lasprimeras.com.do\/index.php\/category\/nacionales\/"},"img":{"alt_text":"","src":"https:\/\/i0.wp.com\/lasprimeras.com.do\/wp-content\/uploads\/2025\/07\/sena-1.jpg?resize=350%2C200&ssl=1","width":350,"height":200,"srcset":"https:\/\/i0.wp.com\/lasprimeras.com.do\/wp-content\/uploads\/2025\/07\/sena-1.jpg?resize=350%2C200&ssl=1 1x, https:\/\/i0.wp.com\/lasprimeras.com.do\/wp-content\/uploads\/2025\/07\/sena-1.jpg?resize=525%2C300&ssl=1 1.5x, https:\/\/i0.wp.com\/lasprimeras.com.do\/wp-content\/uploads\/2025\/07\/sena-1.jpg?resize=700%2C400&ssl=1 2x"},"classes":[]}],"jetpack_sharing_enabled":true,"_links":{"self":[{"href":"https:\/\/lasprimeras.com.do\/index.php\/wp-json\/wp\/v2\/posts\/128298","targetHints":{"allow":["GET"]}}],"collection":[{"href":"https:\/\/lasprimeras.com.do\/index.php\/wp-json\/wp\/v2\/posts"}],"about":[{"href":"https:\/\/lasprimeras.com.do\/index.php\/wp-json\/wp\/v2\/types\/post"}],"author":[{"embeddable":true,"href":"https:\/\/lasprimeras.com.do\/index.php\/wp-json\/wp\/v2\/users\/10"}],"replies":[{"embeddable":true,"href":"https:\/\/lasprimeras.com.do\/index.php\/wp-json\/wp\/v2\/comments?post=128298"}],"version-history":[{"count":1,"href":"https:\/\/lasprimeras.com.do\/index.php\/wp-json\/wp\/v2\/posts\/128298\/revisions"}],"predecessor-version":[{"id":128302,"href":"https:\/\/lasprimeras.com.do\/index.php\/wp-json\/wp\/v2\/posts\/128298\/revisions\/128302"}],"wp:featuredmedia":[{"embeddable":true,"href":"https:\/\/lasprimeras.com.do\/index.php\/wp-json\/wp\/v2\/media\/128299"}],"wp:attachment":[{"href":"https:\/\/lasprimeras.com.do\/index.php\/wp-json\/wp\/v2\/media?parent=128298"}],"wp:term":[{"taxonomy":"category","embeddable":true,"href":"https:\/\/lasprimeras.com.do\/index.php\/wp-json\/wp\/v2\/categories?post=128298"},{"taxonomy":"post_tag","embeddable":true,"href":"https:\/\/lasprimeras.com.do\/index.php\/wp-json\/wp\/v2\/tags?post=128298"}],"curies":[{"name":"wp","href":"https:\/\/api.w.org\/{rel}","templated":true}]}}