{"id":128506,"date":"2026-04-23T23:19:34","date_gmt":"2026-04-24T03:19:34","guid":{"rendered":"https:\/\/lasprimeras.com.do\/?p=128506"},"modified":"2026-04-23T23:19:36","modified_gmt":"2026-04-24T03:19:36","slug":"autoridades-nyc-dan-a-conocer-el-calendario-escolar-2026-27","status":"publish","type":"post","link":"https:\/\/lasprimeras.com.do\/index.php\/2026\/04\/23\/autoridades-nyc-dan-a-conocer-el-calendario-escolar-2026-27\/","title":{"rendered":"Autoridades NYC dan a conocer el calendario escolar 2026-27"},"content":{"rendered":"\n<p>Por Ram\u00f3n Mercedes<\/p>\n\n\n\n<p>NUEVA YORK.-El Departamento de Educaci\u00f3n de esta Ciudad (DOE) ya dio a conocer el calendario escolar p\u00fablico para el a\u00f1o acad\u00e9mico 2026-27. El \u00faltimo d\u00eda de clases ser\u00e1 el lunes 28 de junio, y el primer d\u00eda de clases comienza el jueves 10 de septiembre.<\/p>\n\n\n\n<p>NYC cuenta con el sistema escolar p\u00fablico m\u00e1s grande de Estados Unidos, que incluye m\u00e1s de 1,800 escuelas p\u00fablicas, atiende a m\u00e1s de un mill\u00f3n 100 mil de estudiantes, entre ellos decenas de miles de dominicanos y miles de , entre otras etnias, y 150 mil empleados<\/p>\n\n\n\n<p>Este sistema se divide en 32 distritos escolares comunitarios y ofrece opciones desde prek\u00ednder hasta secundaria.<\/p>\n\n\n\n<p>Tipos de escuelas: Incluye escuelas del distrito, escuelas aut\u00f3nomas (charter) y escuelas especializadas.<\/p>\n\n\n\n<p>Escuelas Charter: NYC cuenta con m\u00e1s de 275 escuelas charter, en los cinco condados: 94 en el Bronx, 90 en Brooklyn, 56 en Manhattan, 27 en Queens, y 8 en Staten Island<\/p>\n\n\n\n<p>Padres se muestran molestos con el calendario escolar porque se extender\u00e1n las vacaciones de verano de este a\u00f1o a unas 11 semanas, un aumento con respecto a las aproximadamente nueve semanas del a\u00f1o pasado.<\/p>\n\n\n\n<p>El resto del calendario incluye algunas peculiaridades en la programaci\u00f3n que tambi\u00e9n han suscitado cr\u00edticas por parte de los padres; entre ellas, que el D\u00eda de las Elecciones sea una jornada de aprendizaje a distancia y que las vacaciones de primavera se sit\u00faen m\u00e1s tarde que este a\u00f1o, abarcando desde el jueves 22 de abril hasta el viernes 30 de abril.<\/p>\n\n\n\n<p>\u00abEl calendario es el resultado de las negociaciones entre el sistema de escuelas p\u00fablicas de la ciudad de Nueva York y la Federaci\u00f3n Unida de Maestros (United Federation of Teachers), nuestros socios sindicales\u00bb, declar\u00f3 el alcalde Zohran Mamdani.<\/p>\n","protected":false},"excerpt":{"rendered":"<p>Por Ram\u00f3n Mercedes NUEVA YORK.-El Departamento de Educaci\u00f3n de esta Ciudad (DOE) ya dio a conocer el calendario escolar p\u00fablico para el a\u00f1o acad\u00e9mico 2026-27. El \u00faltimo d\u00eda de clases&hellip;<\/p>\n","protected":false},"author":10,"featured_media":128507,"comment_status":"open","ping_status":"open","sticky":false,"template":"","format":"standard","meta":{"content-type":"","jetpack_post_was_ever_published":false,"_jetpack_newsletter_access":"","_jetpack_dont_email_post_to_subs":false,"_jetpack_newsletter_tier_id":0,"_jetpack_memberships_contains_paywalled_content":false,"_jetpack_memberships_contains_paid_content":false,"footnotes":""},"categories":[25580],"tags":[19695,32584],"class_list":["post-128506","post","type-post","status-publish","format-standard","has-post-thumbnail","hentry","category-la-voz-de-la-diaspora","tag-autoridades-nyc","tag-calendario-escolar-2026-27"],"jetpack_featured_media_url":"https:\/\/lasprimeras.com.do\/wp-content\/uploads\/2026\/04\/Autoridades-NYC-dan-a-conocer-el-calendario-escolar-2026-27.jpg","jetpack-related-posts":[{"id":95484,"url":"https:\/\/lasprimeras.com.do\/index.php\/2025\/03\/14\/menos-policias-escolares-en-escuelas-publicas-de-nyc-figuran-agentes-dominicanos\/","url_meta":{"origin":128506,"position":0},"title":"Menos polic\u00edas escolares en escuelas p\u00fablicas de NYC; figuran agentes dominicanos","author":"Nelson Feliz","date":"14 de marzo de 2025","format":false,"excerpt":"Por Ram\u00f3n Mercedes NUEVA YORK.- Un salario inicial anual de 37 mil d\u00f3lares y una contrataci\u00f3n lenta son factores para que en la actualidad hayan menos seguridad escolar, pertenecientes al Departamento de Polic\u00eda de NY, uniformados sin armas, en las escuelas de la Gran Manzana. Seg\u00fan datos de la Oficina\u2026","rel":"","context":"En \u00abINTERNACIONALES\u00bb","block_context":{"text":"INTERNACIONALES","link":"https:\/\/lasprimeras.com.do\/index.php\/category\/sin-categoria\/internacionales\/"},"img":{"alt_text":"Menos polic\u00edas escolares en escuelas p\u00fablicas de NYC; figuran agentes dominicanos","src":"https:\/\/i0.wp.com\/lasprimeras.com.do\/wp-content\/uploads\/2025\/03\/WhatsApp-Image-2025-03-13-at-6.35.33-AM.jpeg?resize=350%2C200&ssl=1","width":350,"height":200,"srcset":"https:\/\/i0.wp.com\/lasprimeras.com.do\/wp-content\/uploads\/2025\/03\/WhatsApp-Image-2025-03-13-at-6.35.33-AM.jpeg?resize=350%2C200&ssl=1 1x, https:\/\/i0.wp.com\/lasprimeras.com.do\/wp-content\/uploads\/2025\/03\/WhatsApp-Image-2025-03-13-at-6.35.33-AM.jpeg?resize=525%2C300&ssl=1 1.5x"},"classes":[]},{"id":105937,"url":"https:\/\/lasprimeras.com.do\/index.php\/2025\/08\/08\/millones-us-a-escuelas-publicas-ny-para-prohibir-uso-de-celulares-estudiantes-dominicanos-serian-afectados\/","url_meta":{"origin":128506,"position":1},"title":"Millones US$ a escuelas p\u00fablicas NY para prohibir uso de celulares; estudiantes dominicanos ser\u00edan afectados","author":"Nelson Feliz","date":"8 de agosto de 2025","format":false,"excerpt":"Por Ram\u00f3n Mercedes NUEVA YORK.- Esta ciudad distribuir\u00e1 RS$16 millones de d\u00f3lares entre las 1,800 escuelas p\u00fablicas con m\u00e1s de un mill\u00f3n de estudiantes, entre ellos decenas de miles de dominicanos que ser\u00edan afectados, para prohibir el uso de celulares en el interior de los centros educativos. En NYC hay\u2026","rel":"","context":"En \u00abECONOM\u00cdA\u00bb","block_context":{"text":"ECONOM\u00cdA","link":"https:\/\/lasprimeras.com.do\/index.php\/category\/economia\/"},"img":{"alt_text":"","src":"https:\/\/i0.wp.com\/lasprimeras.com.do\/wp-content\/uploads\/2025\/08\/WhatsApp-Image-2025-08-08-at-8.12.46-AM.jpeg?resize=350%2C200&ssl=1","width":350,"height":200,"srcset":"https:\/\/i0.wp.com\/lasprimeras.com.do\/wp-content\/uploads\/2025\/08\/WhatsApp-Image-2025-08-08-at-8.12.46-AM.jpeg?resize=350%2C200&ssl=1 1x, https:\/\/i0.wp.com\/lasprimeras.com.do\/wp-content\/uploads\/2025\/08\/WhatsApp-Image-2025-08-08-at-8.12.46-AM.jpeg?resize=525%2C300&ssl=1 1.5x, https:\/\/i0.wp.com\/lasprimeras.com.do\/wp-content\/uploads\/2025\/08\/WhatsApp-Image-2025-08-08-at-8.12.46-AM.jpeg?resize=700%2C400&ssl=1 2x"},"classes":[]},{"id":117840,"url":"https:\/\/lasprimeras.com.do\/index.php\/2025\/12\/16\/150-millones-de-raciones-de-comida-gratis-a-estudiantes-de-ny-decenas-de-miles-de-dominicanos-se-benefician\/","url_meta":{"origin":128506,"position":2},"title":"150 millones de raciones de comida gratis a estudiantes de NY; decenas de miles de dominicanos se benefician","author":"Nelson Feliz","date":"16 de diciembre de 2025","format":false,"excerpt":"Por Ram\u00f3n Mercedes NUEVA YORK.- Las 4,802 escuelas del estado de NY, con m\u00e1s de 2.4 millones de estudiantes, incluyendo las 1,800 en la Gran Manzana con cerca de un mill\u00f3n de ellos, han servido 150 millones de raciones de comida gratis desde el inicio del programa de alimentaci\u00f3n universal,\u2026","rel":"","context":"En \u00abINTERNACIONALES\u00bb","block_context":{"text":"INTERNACIONALES","link":"https:\/\/lasprimeras.com.do\/index.php\/category\/sin-categoria\/internacionales\/"},"img":{"alt_text":"150 millones de comidas gratis a estudiantes de NY","src":"https:\/\/i0.wp.com\/lasprimeras.com.do\/wp-content\/uploads\/2025\/12\/WhatsApp-Image-2025-12-16-at-5.45.01-AM.jpeg?resize=350%2C200&ssl=1","width":350,"height":200,"srcset":"https:\/\/i0.wp.com\/lasprimeras.com.do\/wp-content\/uploads\/2025\/12\/WhatsApp-Image-2025-12-16-at-5.45.01-AM.jpeg?resize=350%2C200&ssl=1 1x, https:\/\/i0.wp.com\/lasprimeras.com.do\/wp-content\/uploads\/2025\/12\/WhatsApp-Image-2025-12-16-at-5.45.01-AM.jpeg?resize=525%2C300&ssl=1 1.5x"},"classes":[]},{"id":107291,"url":"https:\/\/lasprimeras.com.do\/index.php\/2025\/08\/25\/abinader-llama-a-los-padres-a-acompanar-y-motivar-a-sus-hijos-en-el-nuevo-ano-escolar-2025-2026\/","url_meta":{"origin":128506,"position":3},"title":"Abinader llama a los padres a acompa\u00f1ar y motivar a sus hijos en el nuevo a\u00f1o escolar 2025-2026","author":"Nelson Feliz","date":"25 de agosto de 2025","format":false,"excerpt":"Nuevo a\u00f1o arranca con m\u00e1s de 2 millones de estudiantes con actos simult\u00e1neos en los 122 distritos escolares en todo el pa\u00eds. El nuevo periodo acad\u00e9mico inicia con m\u00e1s de 6 mil docentes, expansi\u00f3n del transporte escolar, fortalecimiento de la alimentaci\u00f3n, entrega de \u00fatiles y programas de apoyo psicoemocional y\u2026","rel":"","context":"En \u00abNACIONALES\u00bb","block_context":{"text":"NACIONALES","link":"https:\/\/lasprimeras.com.do\/index.php\/category\/nacionales\/"},"img":{"alt_text":"","src":"https:\/\/i0.wp.com\/lasprimeras.com.do\/wp-content\/uploads\/2025\/08\/Luis-Abinader-1-3.jpg?resize=350%2C200&ssl=1","width":350,"height":200,"srcset":"https:\/\/i0.wp.com\/lasprimeras.com.do\/wp-content\/uploads\/2025\/08\/Luis-Abinader-1-3.jpg?resize=350%2C200&ssl=1 1x, https:\/\/i0.wp.com\/lasprimeras.com.do\/wp-content\/uploads\/2025\/08\/Luis-Abinader-1-3.jpg?resize=525%2C300&ssl=1 1.5x, https:\/\/i0.wp.com\/lasprimeras.com.do\/wp-content\/uploads\/2025\/08\/Luis-Abinader-1-3.jpg?resize=700%2C400&ssl=1 2x"},"classes":[]},{"id":123866,"url":"https:\/\/lasprimeras.com.do\/index.php\/2026\/03\/06\/minerd-rechaza-paros-injustificados-de-docentes-que-atentan-contra-cumplimiento-del-calendario-escolar\/","url_meta":{"origin":128506,"position":4},"title":"MINERD rechaza paros injustificados de docentes que atentan contra cumplimiento del calendario escolar","author":"Nelson Feliz","date":"6 de marzo de 2026","format":false,"excerpt":"El Ministerio de Educaci\u00f3n de la Rep\u00fablica Dominicana (MINERD) rechaz\u00f3 este mi\u00e9rcoles los paros injustificados de docencia convocados por la Asociaci\u00f3n Dominicana de Profesores (ADP) en algunas provincias del pa\u00eds, al afirmar que esta paralizaci\u00f3n atenta contra el cumplimiento del calendario escolar y vulnera el derecho fundamental a la educaci\u00f3n\u2026","rel":"","context":"En \u00abNACIONALES\u00bb","block_context":{"text":"NACIONALES","link":"https:\/\/lasprimeras.com.do\/index.php\/category\/nacionales\/"},"img":{"alt_text":"Ministerio de Educaci\u00f3n","src":"https:\/\/i0.wp.com\/lasprimeras.com.do\/wp-content\/uploads\/2025\/05\/Ministerio-de-Educacion.jpg?resize=350%2C200&ssl=1","width":350,"height":200,"srcset":"https:\/\/i0.wp.com\/lasprimeras.com.do\/wp-content\/uploads\/2025\/05\/Ministerio-de-Educacion.jpg?resize=350%2C200&ssl=1 1x, https:\/\/i0.wp.com\/lasprimeras.com.do\/wp-content\/uploads\/2025\/05\/Ministerio-de-Educacion.jpg?resize=525%2C300&ssl=1 1.5x, https:\/\/i0.wp.com\/lasprimeras.com.do\/wp-content\/uploads\/2025\/05\/Ministerio-de-Educacion.jpg?resize=700%2C400&ssl=1 2x"},"classes":[]},{"id":105843,"url":"https:\/\/lasprimeras.com.do\/index.php\/2025\/08\/07\/radhames-camacho-unos-300-mil-ninos-quedaran-fuera-de-las-aulas\/","url_meta":{"origin":128506,"position":5},"title":"Radham\u00e9s Camacho: Unos 300 mil ni\u00f1os quedar\u00e1n fuera de las aulas","author":"Nelson Feliz","date":"7 de agosto de 2025","format":false,"excerpt":"Incertidumbre en los hogares dominicanos porque se desconoce en qu\u00e9 condiciones iniciara el a\u00f1o escolar. El secretario de Asuntos Magisteriales del Partido de la Liberaci\u00f3n Dominicana, Radham\u00e9s Camacho, revel\u00f3 que existe un nivel de incertidumbre en las escuelas porque no se sabe en qu\u00e9 condiciones iniciar\u00e1 el a\u00f1o escolar 2025-2026\u2026","rel":"","context":"En \u00abPOLITICA\u00bb","block_context":{"text":"POLITICA","link":"https:\/\/lasprimeras.com.do\/index.php\/category\/politica\/"},"img":{"alt_text":"Radham\u00e9s Camacho","src":"https:\/\/i0.wp.com\/lasprimeras.com.do\/wp-content\/uploads\/2024\/07\/Radhames-Camacho.jpg?resize=350%2C200&ssl=1","width":350,"height":200,"srcset":"https:\/\/i0.wp.com\/lasprimeras.com.do\/wp-content\/uploads\/2024\/07\/Radhames-Camacho.jpg?resize=350%2C200&ssl=1 1x, https:\/\/i0.wp.com\/lasprimeras.com.do\/wp-content\/uploads\/2024\/07\/Radhames-Camacho.jpg?resize=525%2C300&ssl=1 1.5x, https:\/\/i0.wp.com\/lasprimeras.com.do\/wp-content\/uploads\/2024\/07\/Radhames-Camacho.jpg?resize=700%2C400&ssl=1 2x"},"classes":[]}],"jetpack_sharing_enabled":true,"_links":{"self":[{"href":"https:\/\/lasprimeras.com.do\/index.php\/wp-json\/wp\/v2\/posts\/128506","targetHints":{"allow":["GET"]}}],"collection":[{"href":"https:\/\/lasprimeras.com.do\/index.php\/wp-json\/wp\/v2\/posts"}],"about":[{"href":"https:\/\/lasprimeras.com.do\/index.php\/wp-json\/wp\/v2\/types\/post"}],"author":[{"embeddable":true,"href":"https:\/\/lasprimeras.com.do\/index.php\/wp-json\/wp\/v2\/users\/10"}],"replies":[{"embeddable":true,"href":"https:\/\/lasprimeras.com.do\/index.php\/wp-json\/wp\/v2\/comments?post=128506"}],"version-history":[{"count":1,"href":"https:\/\/lasprimeras.com.do\/index.php\/wp-json\/wp\/v2\/posts\/128506\/revisions"}],"predecessor-version":[{"id":128508,"href":"https:\/\/lasprimeras.com.do\/index.php\/wp-json\/wp\/v2\/posts\/128506\/revisions\/128508"}],"wp:featuredmedia":[{"embeddable":true,"href":"https:\/\/lasprimeras.com.do\/index.php\/wp-json\/wp\/v2\/media\/128507"}],"wp:attachment":[{"href":"https:\/\/lasprimeras.com.do\/index.php\/wp-json\/wp\/v2\/media?parent=128506"}],"wp:term":[{"taxonomy":"category","embeddable":true,"href":"https:\/\/lasprimeras.com.do\/index.php\/wp-json\/wp\/v2\/categories?post=128506"},{"taxonomy":"post_tag","embeddable":true,"href":"https:\/\/lasprimeras.com.do\/index.php\/wp-json\/wp\/v2\/tags?post=128506"}],"curies":[{"name":"wp","href":"https:\/\/api.w.org\/{rel}","templated":true}]}}