{"id":128509,"date":"2026-04-23T23:24:14","date_gmt":"2026-04-24T03:24:14","guid":{"rendered":"https:\/\/lasprimeras.com.do\/?p=128509"},"modified":"2026-04-23T23:24:17","modified_gmt":"2026-04-24T03:24:17","slug":"dot-nyc-celebrara-el-dia-de-la-tierra-sin-automoviles-el-proximo-sabado-25","status":"publish","type":"post","link":"https:\/\/lasprimeras.com.do\/index.php\/2026\/04\/23\/dot-nyc-celebrara-el-dia-de-la-tierra-sin-automoviles-el-proximo-sabado-25\/","title":{"rendered":"DOT-NYC celebrar\u00e1 el &#8220;D\u00eda de la Tierra sin Autom\u00f3viles&#8221; el pr\u00f3ximo s\u00e1bado 25"},"content":{"rendered":"\n<p>Por Ram\u00f3n Mercedes<\/p>\n\n\n\n<p>NUEVA YORK.- El comisionado del Departamento de Transporte de esta ciudad (NYC-DOT), Mike Flynn, anunci\u00f3 los detalles de la programaci\u00f3n para el evento anual de este a\u00f1o, el &#8220;D\u00eda de la Tierra sin Autom\u00f3viles&#8221;, que se celebrar\u00e1 el pr\u00f3ximo s\u00e1bado 25 de abril en los cinco condados, y participan decenas de miles de dominicanos, entre otras etnias.<\/p>\n\n\n\n<p>Este evento anual cierra al tr\u00e1fico vehicular, calles selectas y promueve el activismo y la educaci\u00f3n en torno al cambio clim\u00e1tico, al ambientalismo y a los modos de transporte sostenible.<\/p>\n\n\n\n<p>La programaci\u00f3n incluye m\u00fasica en vivo, experiencias art\u00edsticas y culturales, actividades de salud y acondicionamiento f\u00edsico, paneles sobre el medioambiente y pases gratuitos de un d\u00eda para el servicio Citi Bike.<\/p>\n\n\n\n<p>&#8220;El D\u00eda de la Tierra sin Autom\u00f3viles es un recordatorio importante de nuestra responsabilidad colectiva para combatir el cambio clim\u00e1tico y, para nuestros conciudadanos neoyorquinos, de la necesidad de minimizar nuestra huella de carbono y crear un futuro m\u00e1s brillante para nuestro planeta y para las generaciones venideras&#8221;.<\/p>\n\n\n\n<p>Los lugares para celebrar, entre las 10:00 a. m. y las 4:00 p. m., son: Avenida Saint Nicholas, entre las calles 181 y 185; Calle Dyckman; Times Square Plaza, entre las calles 46 y 47; Herald Square Plaza, entre las calles 34 y 35; en Garment District; Flatiron Plaza y &#8220;Shared Streets&#8221; (Calles Compartidas).<\/p>\n\n\n\n<p>En Union Square Plaza; en la calle E 188 en El Bronx; en Woodside Avenue; en la Quinta Avenida; y en Port Richmond Avenida.<\/p>\n\n\n\n<p>Los asistentes podr\u00e1n conectar con organizaciones locales como la Port Richmond North Shore Alliance Civic Organization, La Colmena, el Staten Island Children&#8217;s Museum y la YMCA of Greater New York.<\/p>\n\n\n\n<p>Puede encontrar m\u00e1s informaci\u00f3n sobre todas las ubicaciones del D\u00eda de la Tierra sin Autom\u00f3viles en https:\/\/www.nyc.gov\/html\/dot\/html\/pedestrians\/earthday.shtml.<\/p>\n","protected":false},"excerpt":{"rendered":"<p>Por Ram\u00f3n Mercedes NUEVA YORK.- El comisionado del Departamento de Transporte de esta ciudad (NYC-DOT), Mike Flynn, anunci\u00f3 los detalles de la programaci\u00f3n para el evento anual de este a\u00f1o,&hellip;<\/p>\n","protected":false},"author":10,"featured_media":128510,"comment_status":"open","ping_status":"open","sticky":false,"template":"","format":"standard","meta":{"content-type":"","jetpack_post_was_ever_published":false,"_jetpack_newsletter_access":"","_jetpack_dont_email_post_to_subs":false,"_jetpack_newsletter_tier_id":0,"_jetpack_memberships_contains_paywalled_content":false,"_jetpack_memberships_contains_paid_content":false,"footnotes":""},"categories":[25580],"tags":[14501,18596,32585,32586],"class_list":["post-128509","post","type-post","status-publish","format-standard","has-post-thumbnail","hentry","category-la-voz-de-la-diaspora","tag-celebrara","tag-dot-nyc-2","tag-el-dia-de-la-tierra-sin-automoviles","tag-proximo-sabado-25"],"jetpack_featured_media_url":"https:\/\/lasprimeras.com.do\/wp-content\/uploads\/2026\/04\/DOT-NYC-celebrara-el-Dia-de-la-Tierra-sin-Automoviles-el-proximo-sabado-25.jpg","jetpack-related-posts":[{"id":127043,"url":"https:\/\/lasprimeras.com.do\/index.php\/2026\/04\/08\/dot-ny-anuncia-celebracion-dia-de-la-tierra-sin-automoviles-miles-dominicanos-participan\/","url_meta":{"origin":128509,"position":0},"title":"DOT-NY anuncia celebraci\u00f3n D\u00eda de la Tierra sin Autom\u00f3viles; miles dominicanos participan","author":"Nelson Feliz","date":"8 de abril de 2026","format":false,"excerpt":"Por Ram\u00f3n Mercedes NUEVA YORK.-\u00a0\u00a0El D\u00eda de la Tierra sin Autom\u00f3viles se celebrar\u00e1 este mes en los diferentes condados de esta ciudad, trayendo consigo calles libres de veh\u00edculos y eventos, en los cuales participan miles de dominicanos, entre otras etnias, anunci\u00f3 Mike Flynn, comisionado del Departamento de Transporte de NYC\u2026","rel":"","context":"En \u00abINTERNACIONALES\u00bb","block_context":{"text":"INTERNACIONALES","link":"https:\/\/lasprimeras.com.do\/index.php\/category\/sin-categoria\/internacionales\/"},"img":{"alt_text":"","src":"https:\/\/i0.wp.com\/lasprimeras.com.do\/wp-content\/uploads\/2026\/04\/DOT-NY-anuncia-celebracion-Dia-de-la-Tierra-sin-Automoviles_-miles-dominicanos-participan.jpg?resize=350%2C200&ssl=1","width":350,"height":200,"srcset":"https:\/\/i0.wp.com\/lasprimeras.com.do\/wp-content\/uploads\/2026\/04\/DOT-NY-anuncia-celebracion-Dia-de-la-Tierra-sin-Automoviles_-miles-dominicanos-participan.jpg?resize=350%2C200&ssl=1 1x, https:\/\/i0.wp.com\/lasprimeras.com.do\/wp-content\/uploads\/2026\/04\/DOT-NY-anuncia-celebracion-Dia-de-la-Tierra-sin-Automoviles_-miles-dominicanos-participan.jpg?resize=525%2C300&ssl=1 1.5x"},"classes":[]},{"id":111442,"url":"https:\/\/lasprimeras.com.do\/index.php\/2025\/10\/08\/dot-nyc-inaugura-plaza-en-long-island-queens-para-dejar-abierta-celebracion-trick-or-streets\/","url_meta":{"origin":128509,"position":1},"title":"DOT-NYC inaugura plaza en Long Island-Queens para dejar abierta celebraci\u00f3n \u00abTrick-or-Streets\u00bb","author":"Nelson Feliz","date":"8 de octubre de 2025","format":false,"excerpt":"Por Ram\u00f3n Mercedes NUEVA YORK \u2013 La celebraci\u00f3n anual de Halloween en esta ciudad, \u00abTrick-or-Streets\u00bb, regresa por cuarto a\u00f1o consecutivo a las calles abiertas, plazas peatonales y otros corredores, que tienen un r\u00e9cord de 137 eventos sin autom\u00f3viles. \u00abDurante todo este mes, el DOT-NYC traer\u00e1 eventos de temporada a plazas\u2026","rel":"","context":"En \u00abLA VOZ DE LA DIASPORA\u00bb","block_context":{"text":"LA VOZ DE LA DIASPORA","link":"https:\/\/lasprimeras.com.do\/index.php\/category\/la-voz-de-la-diaspora\/"},"img":{"alt_text":"","src":"https:\/\/i0.wp.com\/lasprimeras.com.do\/wp-content\/uploads\/2025\/10\/ny.jpg?resize=350%2C200&ssl=1","width":350,"height":200,"srcset":"https:\/\/i0.wp.com\/lasprimeras.com.do\/wp-content\/uploads\/2025\/10\/ny.jpg?resize=350%2C200&ssl=1 1x, https:\/\/i0.wp.com\/lasprimeras.com.do\/wp-content\/uploads\/2025\/10\/ny.jpg?resize=525%2C300&ssl=1 1.5x, https:\/\/i0.wp.com\/lasprimeras.com.do\/wp-content\/uploads\/2025\/10\/ny.jpg?resize=700%2C400&ssl=1 2x"},"classes":[]},{"id":97987,"url":"https:\/\/lasprimeras.com.do\/index.php\/2025\/04\/30\/director-digesett-y-comisionado-dot-nyc-fortalecen-alianzas-para-movilidad-mas-equitativa\/","url_meta":{"origin":128509,"position":2},"title":"Director DIGESETT y comisionado DOT-NYC fortalecen alianzas para movilidad m\u00e1s equitativa","author":"Nelson Feliz","date":"30 de abril de 2025","format":false,"excerpt":"Por Ram\u00f3n Mercedes NUEVA YORK.- El nuevo director de la Direcci\u00f3n General de Seguridad de Tr\u00e1nsito y Transporte Terrestre (DIGESETT), general Pascual Cruz M\u00e9ndez, y el comisionado del Departamento de Transporte de esta ciudad (NYC DOT), Ydanis Rodr\u00edguez, desarrollaron aqu\u00ed una agenda de trabajo con el objetivo de intercambiar experiencias\u2026","rel":"","context":"En \u00abINTERNACIONALES\u00bb","block_context":{"text":"INTERNACIONALES","link":"https:\/\/lasprimeras.com.do\/index.php\/category\/sin-categoria\/internacionales\/"},"img":{"alt_text":"Director DIGESETT y comisionado DOT-NYC fortalecen alianzas para movilidad m\u00e1s equitativa","src":"https:\/\/i0.wp.com\/lasprimeras.com.do\/wp-content\/uploads\/2025\/04\/WhatsApp-Image-2025-04-30-at-6.50.17-AM-2.jpeg?resize=350%2C200&ssl=1","width":350,"height":200,"srcset":"https:\/\/i0.wp.com\/lasprimeras.com.do\/wp-content\/uploads\/2025\/04\/WhatsApp-Image-2025-04-30-at-6.50.17-AM-2.jpeg?resize=350%2C200&ssl=1 1x, https:\/\/i0.wp.com\/lasprimeras.com.do\/wp-content\/uploads\/2025\/04\/WhatsApp-Image-2025-04-30-at-6.50.17-AM-2.jpeg?resize=525%2C300&ssl=1 1.5x"},"classes":[]},{"id":94488,"url":"https:\/\/lasprimeras.com.do\/index.php\/2025\/03\/01\/dot-nyc-lanza-el-sexto-episodio-del-podcast-curb-enthusiasm\/","url_meta":{"origin":128509,"position":3},"title":"DOT NYC lanza el sexto episodio del podcast Curb Enthusiasm","author":"Nelson Feliz","date":"1 de marzo de 2025","format":false,"excerpt":"Por Ram\u00f3n Mercedes NUEVA YORK.- El Departamento de Transporte de NYC (DOT) anunci\u00f3 el lanzamiento del sexto episodio del podcast Curb Enthusiasm. El mismo presenta a Wes Marshall, PhD, PE, autor de Killed by a Traffic Engineer: Shattering the Delusion that Science Underlies our Transportation System, y profesor de ingenier\u00eda\u2026","rel":"","context":"En \u00abENTRETENIMIENTO\u00bb","block_context":{"text":"ENTRETENIMIENTO","link":"https:\/\/lasprimeras.com.do\/index.php\/category\/entretenimiento\/"},"img":{"alt_text":"","src":"https:\/\/i0.wp.com\/lasprimeras.com.do\/wp-content\/uploads\/2025\/03\/WhatsApp-Image-2025-02-28-at-7.07.00-AM-1.jpeg?resize=350%2C200&ssl=1","width":350,"height":200,"srcset":"https:\/\/i0.wp.com\/lasprimeras.com.do\/wp-content\/uploads\/2025\/03\/WhatsApp-Image-2025-02-28-at-7.07.00-AM-1.jpeg?resize=350%2C200&ssl=1 1x, https:\/\/i0.wp.com\/lasprimeras.com.do\/wp-content\/uploads\/2025\/03\/WhatsApp-Image-2025-02-28-at-7.07.00-AM-1.jpeg?resize=525%2C300&ssl=1 1.5x"},"classes":[]},{"id":96580,"url":"https:\/\/lasprimeras.com.do\/index.php\/2025\/04\/03\/dot-nyc-favorece-venta-de-licores-en-restaurantes-al-aire-libre\/","url_meta":{"origin":128509,"position":4},"title":"DOT-NYC favorece venta de licores en restaurantes al aire libre","author":"Nelson Feliz","date":"3 de abril de 2025","format":false,"excerpt":"Por Ram\u00f3n Mercedes NUEVA YORK.- El Comisionado del Departamento de Transporte en esta ciudad (DOT), Ydanis Rodr\u00edguez, valor\u00f3 de positiva la decisi\u00f3n de la Autoridad Estatal de Licores de Nueva York (SLA) de permitir la venta de licores en restaurantes al aire libre que hayan recibido aprobaci\u00f3n total o condicional\u2026","rel":"","context":"En \u00abINTERNACIONALES\u00bb","block_context":{"text":"INTERNACIONALES","link":"https:\/\/lasprimeras.com.do\/index.php\/category\/sin-categoria\/internacionales\/"},"img":{"alt_text":"DOT-NYC favorece venta de licores en restaurantes al aire libre","src":"https:\/\/i0.wp.com\/lasprimeras.com.do\/wp-content\/uploads\/2025\/04\/WhatsApp-Image-2025-04-03-at-4.53.46-AM.jpeg?resize=350%2C200&ssl=1","width":350,"height":200,"srcset":"https:\/\/i0.wp.com\/lasprimeras.com.do\/wp-content\/uploads\/2025\/04\/WhatsApp-Image-2025-04-03-at-4.53.46-AM.jpeg?resize=350%2C200&ssl=1 1x, https:\/\/i0.wp.com\/lasprimeras.com.do\/wp-content\/uploads\/2025\/04\/WhatsApp-Image-2025-04-03-at-4.53.46-AM.jpeg?resize=525%2C300&ssl=1 1.5x"},"classes":[]},{"id":108372,"url":"https:\/\/lasprimeras.com.do\/index.php\/2025\/09\/05\/miles-de-dominicanos-nyc-podran-beneficiarse-de-feria-contratacion-hara-dot\/","url_meta":{"origin":128509,"position":5},"title":"Miles de dominicanos NYC podr\u00e1n beneficiarse de Feria Contrataci\u00f3n har\u00e1 DOT","author":"Nelson Feliz","date":"5 de septiembre de 2025","format":false,"excerpt":"https:\/\/www.youtube.com\/watch?v=-gKzT-F5q70 Por Ram\u00f3n Mercedes NUEVA YORK.- Miles de dominicanos propietarios de peque\u00f1as empresas o negocios en esta ciudad podr\u00e1n beneficiarse de la Feria de Contrataci\u00f3n que har\u00e1 el Departamento de Transporte, que dirige Ydanis Rodr\u00edguez, orientada a crear conciencia sobre las oportunidades de contrataci\u00f3n para empresas propiedad de minor\u00edas y\u2026","rel":"","context":"En \u00abECONOM\u00cdA\u00bb","block_context":{"text":"ECONOM\u00cdA","link":"https:\/\/lasprimeras.com.do\/index.php\/category\/economia\/"},"img":{"alt_text":"","src":"https:\/\/i0.wp.com\/lasprimeras.com.do\/wp-content\/uploads\/2025\/09\/Ydanis-Rodriguez.jpg?resize=350%2C200&ssl=1","width":350,"height":200},"classes":[]}],"jetpack_sharing_enabled":true,"_links":{"self":[{"href":"https:\/\/lasprimeras.com.do\/index.php\/wp-json\/wp\/v2\/posts\/128509","targetHints":{"allow":["GET"]}}],"collection":[{"href":"https:\/\/lasprimeras.com.do\/index.php\/wp-json\/wp\/v2\/posts"}],"about":[{"href":"https:\/\/lasprimeras.com.do\/index.php\/wp-json\/wp\/v2\/types\/post"}],"author":[{"embeddable":true,"href":"https:\/\/lasprimeras.com.do\/index.php\/wp-json\/wp\/v2\/users\/10"}],"replies":[{"embeddable":true,"href":"https:\/\/lasprimeras.com.do\/index.php\/wp-json\/wp\/v2\/comments?post=128509"}],"version-history":[{"count":1,"href":"https:\/\/lasprimeras.com.do\/index.php\/wp-json\/wp\/v2\/posts\/128509\/revisions"}],"predecessor-version":[{"id":128511,"href":"https:\/\/lasprimeras.com.do\/index.php\/wp-json\/wp\/v2\/posts\/128509\/revisions\/128511"}],"wp:featuredmedia":[{"embeddable":true,"href":"https:\/\/lasprimeras.com.do\/index.php\/wp-json\/wp\/v2\/media\/128510"}],"wp:attachment":[{"href":"https:\/\/lasprimeras.com.do\/index.php\/wp-json\/wp\/v2\/media?parent=128509"}],"wp:term":[{"taxonomy":"category","embeddable":true,"href":"https:\/\/lasprimeras.com.do\/index.php\/wp-json\/wp\/v2\/categories?post=128509"},{"taxonomy":"post_tag","embeddable":true,"href":"https:\/\/lasprimeras.com.do\/index.php\/wp-json\/wp\/v2\/tags?post=128509"}],"curies":[{"name":"wp","href":"https:\/\/api.w.org\/{rel}","templated":true}]}}