{"id":128512,"date":"2026-04-23T23:26:38","date_gmt":"2026-04-24T03:26:38","guid":{"rendered":"https:\/\/lasprimeras.com.do\/?p=128512"},"modified":"2026-04-23T23:26:40","modified_gmt":"2026-04-24T03:26:40","slug":"capturan-en-tampa-a-dominicano-por-asesinato-pareja-hace-30-anos-en-el-bronx","status":"publish","type":"post","link":"https:\/\/lasprimeras.com.do\/index.php\/2026\/04\/23\/capturan-en-tampa-a-dominicano-por-asesinato-pareja-hace-30-anos-en-el-bronx\/","title":{"rendered":"Capturan en Tampa a dominicano por asesinato pareja hace 30 a\u00f1os en El Bronx"},"content":{"rendered":"\n<p>Por Ram\u00f3n Mercedes<\/p>\n\n\n\n<p>NUEVA YORK.- Un dominicano que hab\u00eda emigrado a Nueva York en 1981 fue apresado esta semana en Florida por la muerte de un compatriota suyo y su pareja durante un tumbe de drogas ocurrido en 1993 en El Bronx.<\/p>\n\n\n\n<p>William Antonio Sol\u00eds fue arrestado en Tampa, hacia donde se mud\u00f3 18 meses despu\u00e9s que aparentemente \u00e9l y dos c\u00f3mplices dispararan a la cabeza a Luis Guerrero y a su esposa, Danis Sime, delante de un ni\u00f1o de 3 a\u00f1os de la pareja durante un robo de drogas ocurrido el 21 de junio de 1993.<\/p>\n\n\n\n<p>Los documentos judiciales indican que Sol\u00eds, ahora de 62 a\u00f1os, y sus socios hab\u00edan acordado comprar seis kilos de coca\u00edna a Guerrero, pero al juntarse en un apartamento de El Bronx, uno de los asaltantes sac\u00f3 un arma y amenaz\u00f3 con dispararle.<\/p>\n\n\n\n<p>Guerrero opuso resistencia, pero fue reducido, forz\u00e1ndolo a tirarse al suelo y at\u00e1ndole las manos con cinta adhesiva y alambre, seg\u00fan los fiscales.<\/p>\n\n\n\n<p>Posteriormente uno de los asaltantes sali\u00f3 y regres\u00f3 con Sime y el hijo de la pareja, seg\u00fan consta en los documentos judiciales. La mujer tambi\u00e9n fue inmovilizada y colocada en una habitaci\u00f3n separada de Guerrero mientras sus captores decidieron matarlos finalmente a ambos.<\/p>\n\n\n\n<p>Sol\u00eds dispar\u00f3 primero a Sime y luego a Guerrero, con el hijo de ambos presentes. Tras el hecho, el tr\u00edo huy\u00f3 con dos kilos de coca\u00edna y el ni\u00f1o, dirigi\u00e9ndose hasta el apartamento de las v\u00edctimas, el cual saquearon en busca de drogas y dinero, antes de abandonar all\u00ed al menor hu\u00e9rfano.<\/p>\n\n\n\n<p>Antes de marcharse, intentaron eliminar cualquier prueba incriminatoria. No obstante, los investigadores recuperaron fragmentos de cinta adhesiva de los cuales lograron extraer huellas dactilares, que fueron cotejadas y vinculadas a Sol\u00eds en junio de 2025, indican los documentos judiciales.<\/p>\n\n\n\n<p>De ser declarado culpable, Solis se enfrenta a una pena m\u00ednima obligatoria de 20 a\u00f1os de prisi\u00f3n y a la posibilidad de recibir la pena de muerte.<\/p>\n","protected":false},"excerpt":{"rendered":"<p>Por Ram\u00f3n Mercedes NUEVA YORK.- Un dominicano que hab\u00eda emigrado a Nueva York en 1981 fue apresado esta semana en Florida por la muerte de un compatriota suyo y su&hellip;<\/p>\n","protected":false},"author":10,"featured_media":128513,"comment_status":"open","ping_status":"open","sticky":false,"template":"","format":"standard","meta":{"content-type":"","jetpack_post_was_ever_published":false,"_jetpack_newsletter_access":"","_jetpack_dont_email_post_to_subs":false,"_jetpack_newsletter_tier_id":0,"_jetpack_memberships_contains_paywalled_content":false,"_jetpack_memberships_contains_paid_content":false,"footnotes":""},"categories":[25580],"tags":[771,364,5970,4303,1311,4106,32587],"class_list":["post-128512","post","type-post","status-publish","format-standard","has-post-thumbnail","hentry","category-la-voz-de-la-diaspora","tag-asesinato","tag-dominicano","tag-drogas","tag-el-bronx","tag-pareja","tag-tampa","tag-tumbe"],"jetpack_featured_media_url":"https:\/\/lasprimeras.com.do\/wp-content\/uploads\/2026\/04\/Capturan-en-Tampa-a-dominicano-por-asesinato-pareja-hace-30-anos-durante-tumbe-de-drogas-en-El-Bronx.jpg","jetpack-related-posts":[{"id":94932,"url":"https:\/\/lasprimeras.com.do\/index.php\/2025\/03\/07\/hallan-cadaver-de-hispana-en-una-maleta-en-nueva-york-ex-novio-arrestado\/","url_meta":{"origin":128512,"position":0},"title":"Hallan cad\u00e1ver de hispana en una maleta en Nueva York; ex novio arrestado","author":"Nelson Feliz","date":"7 de marzo de 2025","format":false,"excerpt":"Una joven latina que hab\u00eda sido reportada desaparecida en NYC fue encontrada muerta en una maleta en Yonkers. Su ex novio fue detenido como sospechoso. Pamela Alc\u00e1ntara, joven de 26 a\u00f1os que hab\u00eda sido reportada desaparecida el domingo en El Bronx (NYC), fue encontrada muerta en una maleta en Yonkers\u2026","rel":"","context":"En \u00abINTERNACIONALES\u00bb","block_context":{"text":"INTERNACIONALES","link":"https:\/\/lasprimeras.com.do\/index.php\/category\/sin-categoria\/internacionales\/"},"img":{"alt_text":"","src":"https:\/\/i0.wp.com\/lasprimeras.com.do\/wp-content\/uploads\/2025\/03\/HISPA.png?resize=350%2C200&ssl=1","width":350,"height":200},"classes":[]},{"id":125888,"url":"https:\/\/lasprimeras.com.do\/index.php\/2026\/03\/27\/recientes-acontecimientos-policiales-y-judiciales-en-el-bronx-residen-mas-de-500-mil-dominicanos\/","url_meta":{"origin":128512,"position":1},"title":"Recientes acontecimientos policiales y judiciales en El Bronx; residen m\u00e1s de 500 mil dominicanos","author":"Nelson Feliz","date":"27 de marzo de 2026","format":false,"excerpt":"Por Ram\u00f3n Mercedes NUEVA YORK.- En los \u00faltimos d\u00edas, en El Bronx, con 1,472,654 habitantes, seg\u00fan el \u00faltimo censo, convirtiendo al condado en una alta concentraci\u00f3n de poblaci\u00f3n latina, han ocurrido m\u00faltiples hechos policiales y judiciales en sectores donde residen cientos de familias dominicanas, vi\u00e9ndose involucrados principalmente hispanos y afroamericanos,\u2026","rel":"","context":"En \u00abINTERNACIONALES\u00bb","block_context":{"text":"INTERNACIONALES","link":"https:\/\/lasprimeras.com.do\/index.php\/category\/sin-categoria\/internacionales\/"},"img":{"alt_text":"","src":"https:\/\/i0.wp.com\/lasprimeras.com.do\/wp-content\/uploads\/2026\/03\/IMG-20260327-WA0018.jpg?resize=350%2C200&ssl=1","width":350,"height":200},"classes":[]},{"id":63610,"url":"https:\/\/lasprimeras.com.do\/index.php\/2023\/10\/13\/veinte-anos-de-prision-a-policias-que-mataron-a-pareja-de-cristianos-en-villa-altagracia\/","url_meta":{"origin":128512,"position":2},"title":"Veinte a\u00f1os de prisi\u00f3n a polic\u00edas que mataron a pareja de cristianos en Villa Altagracia","author":"BIMARY DE JES\u00daS Matos","date":"13 de octubre de 2023","format":false,"excerpt":"Santo Domingo.-El Tribunal Colegiado de Villa Altagracia sentenci\u00f3 pena de veinte a\u00f1os de prisi\u00f3n para el coronel C\u00e9sar Mar\u00ed\u00f1ez Lora y el raso Guillermo Rosario Melo por su responsabilidad en la muerte de la pareja de esposos Elisa Mu\u00f1oz y Joel D\u00edaz. Asimismo, dictamin\u00f3 que el segundo teniente Victorino Reyes\u2026","rel":"","context":"En \u00abPORTADA\u00bb","block_context":{"text":"PORTADA","link":"https:\/\/lasprimeras.com.do\/index.php\/category\/portada\/"},"img":{"alt_text":"","src":"https:\/\/i0.wp.com\/lasprimeras.com.do\/wp-content\/uploads\/2023\/10\/WhatsApp-Image-2023-10-13-at-1.21.18-PM-1.jpeg?resize=350%2C200&ssl=1","width":350,"height":200,"srcset":"https:\/\/i0.wp.com\/lasprimeras.com.do\/wp-content\/uploads\/2023\/10\/WhatsApp-Image-2023-10-13-at-1.21.18-PM-1.jpeg?resize=350%2C200&ssl=1 1x, https:\/\/i0.wp.com\/lasprimeras.com.do\/wp-content\/uploads\/2023\/10\/WhatsApp-Image-2023-10-13-at-1.21.18-PM-1.jpeg?resize=525%2C300&ssl=1 1.5x, https:\/\/i0.wp.com\/lasprimeras.com.do\/wp-content\/uploads\/2023\/10\/WhatsApp-Image-2023-10-13-at-1.21.18-PM-1.jpeg?resize=700%2C400&ssl=1 2x"},"classes":[]},{"id":110072,"url":"https:\/\/lasprimeras.com.do\/index.php\/2025\/09\/25\/us25-mil-dolares-a-asociacion-del-bronx-para-generar-conciencia-sobre-las-drogas-dominicanos-son-miembros\/","url_meta":{"origin":128512,"position":3},"title":"US$25 mil d\u00f3lares a asociaci\u00f3n del Bronx para generar conciencia sobre las drogas; dominicanos son miembros","author":"Nelson Feliz","date":"25 de septiembre de 2025","format":false,"excerpt":"Por Ram\u00f3n Mercedes NUEVA YORK.- La senadora estatal por NY, Nathalia Fern\u00e1ndez, otorg\u00f3 $25,000 d\u00f3lares a la Asociaci\u00f3n de Acci\u00f3n Comunitaria de Throggs Neck (TNCAP), compuesta por 35 organizaciones, con decenas de miembros dominicanos, para ayudar a la coalici\u00f3n urbana a generar conciencia sobre los peligros del Fentanilo y los\u2026","rel":"","context":"En \u00abINTERNACIONALES\u00bb","block_context":{"text":"INTERNACIONALES","link":"https:\/\/lasprimeras.com.do\/index.php\/category\/sin-categoria\/internacionales\/"},"img":{"alt_text":"","src":"https:\/\/i0.wp.com\/lasprimeras.com.do\/wp-content\/uploads\/2025\/09\/WhatsApp-Image-2025-09-25-at-7.06.02-AM.jpeg?resize=350%2C200&ssl=1","width":350,"height":200,"srcset":"https:\/\/i0.wp.com\/lasprimeras.com.do\/wp-content\/uploads\/2025\/09\/WhatsApp-Image-2025-09-25-at-7.06.02-AM.jpeg?resize=350%2C200&ssl=1 1x, https:\/\/i0.wp.com\/lasprimeras.com.do\/wp-content\/uploads\/2025\/09\/WhatsApp-Image-2025-09-25-at-7.06.02-AM.jpeg?resize=525%2C300&ssl=1 1.5x"},"classes":[]},{"id":97068,"url":"https:\/\/lasprimeras.com.do\/index.php\/2025\/04\/14\/al-iniciar-semana-santa-asesinan-a-tiros-hispano-en-el-bronx-presuntamente-es-dominicano\/","url_meta":{"origin":128512,"position":4},"title":"Al iniciar Semana Santa asesinan a tiros hispano en El Bronx; presuntamente es dominicano","author":"Nelson Feliz","date":"14 de abril de 2025","format":false,"excerpt":"Por Ram\u00f3n Mercedes NUEVA YORK.- Al iniciarse la Semana Santa en el mundo cristiano, el hispano Jeremy Ortega, de 24 a\u00f1os, fue asesinado a tiros la madrugada de este domingo en El Bronx, inform\u00f3 la Polic\u00eda. El hispano, fue abatido a eso de las 4:45 de la madrugada en la\u2026","rel":"","context":"En \u00abINTERNACIONALES\u00bb","block_context":{"text":"INTERNACIONALES","link":"https:\/\/lasprimeras.com.do\/index.php\/category\/sin-categoria\/internacionales\/"},"img":{"alt_text":"","src":"https:\/\/i0.wp.com\/lasprimeras.com.do\/wp-content\/uploads\/2025\/04\/WhatsApp-Image-2025-04-14-at-7.16.31-AM-1.jpeg?resize=350%2C200&ssl=1","width":350,"height":200,"srcset":"https:\/\/i0.wp.com\/lasprimeras.com.do\/wp-content\/uploads\/2025\/04\/WhatsApp-Image-2025-04-14-at-7.16.31-AM-1.jpeg?resize=350%2C200&ssl=1 1x, https:\/\/i0.wp.com\/lasprimeras.com.do\/wp-content\/uploads\/2025\/04\/WhatsApp-Image-2025-04-14-at-7.16.31-AM-1.jpeg?resize=525%2C300&ssl=1 1.5x"},"classes":[]},{"id":122295,"url":"https:\/\/lasprimeras.com.do\/index.php\/2026\/02\/16\/dominicanos-afectados-en-recientes-hechos-de-sangre-ocurridos-en-el-bronx\/","url_meta":{"origin":128512,"position":5},"title":"Dominicanos afectados en recientes hechos de sangre ocurridos en El Bronx","author":"Nelson Feliz","date":"16 de febrero de 2026","format":false,"excerpt":"Por Ram\u00f3n Mercedes NUEVA YORK.-M\u00faltiples hechos de sangre han ocurrido en los \u00faltimos d\u00edas en el condado de El Bronx, donde residen m\u00e1s de 500 mil dominicanos, vi\u00e9ndose involucrados presuntamente muchos de ellos. Dos hombres resultaron heridos durante un tiroteo ocurrido en el club nocturno \u201cEl Palenque\u201d, ubicado en el\u2026","rel":"","context":"En \u00abINTERNACIONALES\u00bb","block_context":{"text":"INTERNACIONALES","link":"https:\/\/lasprimeras.com.do\/index.php\/category\/sin-categoria\/internacionales\/"},"img":{"alt_text":"","src":"https:\/\/i0.wp.com\/lasprimeras.com.do\/wp-content\/uploads\/2026\/02\/Dominicanos-afectados-en-recientes-hechos-de-sangre-ocurridos-en-El-Bronx.jpg?resize=350%2C200&ssl=1","width":350,"height":200},"classes":[]}],"jetpack_sharing_enabled":true,"_links":{"self":[{"href":"https:\/\/lasprimeras.com.do\/index.php\/wp-json\/wp\/v2\/posts\/128512","targetHints":{"allow":["GET"]}}],"collection":[{"href":"https:\/\/lasprimeras.com.do\/index.php\/wp-json\/wp\/v2\/posts"}],"about":[{"href":"https:\/\/lasprimeras.com.do\/index.php\/wp-json\/wp\/v2\/types\/post"}],"author":[{"embeddable":true,"href":"https:\/\/lasprimeras.com.do\/index.php\/wp-json\/wp\/v2\/users\/10"}],"replies":[{"embeddable":true,"href":"https:\/\/lasprimeras.com.do\/index.php\/wp-json\/wp\/v2\/comments?post=128512"}],"version-history":[{"count":1,"href":"https:\/\/lasprimeras.com.do\/index.php\/wp-json\/wp\/v2\/posts\/128512\/revisions"}],"predecessor-version":[{"id":128514,"href":"https:\/\/lasprimeras.com.do\/index.php\/wp-json\/wp\/v2\/posts\/128512\/revisions\/128514"}],"wp:featuredmedia":[{"embeddable":true,"href":"https:\/\/lasprimeras.com.do\/index.php\/wp-json\/wp\/v2\/media\/128513"}],"wp:attachment":[{"href":"https:\/\/lasprimeras.com.do\/index.php\/wp-json\/wp\/v2\/media?parent=128512"}],"wp:term":[{"taxonomy":"category","embeddable":true,"href":"https:\/\/lasprimeras.com.do\/index.php\/wp-json\/wp\/v2\/categories?post=128512"},{"taxonomy":"post_tag","embeddable":true,"href":"https:\/\/lasprimeras.com.do\/index.php\/wp-json\/wp\/v2\/tags?post=128512"}],"curies":[{"name":"wp","href":"https:\/\/api.w.org\/{rel}","templated":true}]}}