{"id":128515,"date":"2026-04-23T23:29:18","date_gmt":"2026-04-24T03:29:18","guid":{"rendered":"https:\/\/lasprimeras.com.do\/?p=128515"},"modified":"2026-04-23T23:29:20","modified_gmt":"2026-04-24T03:29:20","slug":"refriega-en-manhattan-con-armas-blancas-deja-un-muerto-y-un-herido","status":"publish","type":"post","link":"https:\/\/lasprimeras.com.do\/index.php\/2026\/04\/23\/refriega-en-manhattan-con-armas-blancas-deja-un-muerto-y-un-herido\/","title":{"rendered":"Refriega en Manhattan con armas blancas deja un muerto y un herido"},"content":{"rendered":"\n<p>Por Ram\u00f3n Mercedes<\/p>\n\n\n\n<p>NUEVA YORK.- Una refriega con armas blancas, a las afueras del centro de acogida Urban Pathways, en la Novena Avenida, entre las calles 51 y 52 en Manhattan, dej\u00f3 una persona muerta por varias pu\u00f1aladas y otra herida, que tuvo que ser internada en el hospital.<\/p>\n\n\n\n<p>Seg\u00fan inform\u00f3 la polic\u00eda, los agentes que respondieron a una llamada al 911, a las 4:47 de la ma\u00f1ana, encontraron a dos hombres con m\u00faltiples pu\u00f1aladas en el torso, en las afueras del centro.<\/p>\n\n\n\n<p>En el lugar pernoctan personas hispanas de varias nacionalidades, entre ellas dominicanas, mexicanas, puertorrique\u00f1as, ecuatorianas y hondure\u00f1as, entre otras. Las autoridades no han identificado a las v\u00edctimas ni sus nacionalidades.<\/p>\n\n\n\n<p>La polic\u00eda ha informado que no se han producido detenciones y que la investigaci\u00f3n contin\u00faa.<\/p>\n\n\n\n<p>Cualquier persona que tenga informaci\u00f3n sobre este incidente puede llamar a la l\u00ednea directa de Crime Stoppers del NYPD al 1-800-577-8477 o al 1-888-577-4782.<\/p>\n\n\n\n<p>El p\u00fablico tambi\u00e9n puede enviar informaci\u00f3n a trav\u00e9s del sitio web de Crime Stoppers en https:\/\/crimestoppers.nypdonline.org, en la secci\u00f3n X @NYPDTips. Todas las llamadas son estrictamente confidenciales.<\/p>\n","protected":false},"excerpt":{"rendered":"<p>Por Ram\u00f3n Mercedes NUEVA YORK.- Una refriega con armas blancas, a las afueras del centro de acogida Urban Pathways, en la Novena Avenida, entre las calles 51 y 52 en&hellip;<\/p>\n","protected":false},"author":10,"featured_media":0,"comment_status":"open","ping_status":"open","sticky":false,"template":"","format":"standard","meta":{"content-type":"","jetpack_post_was_ever_published":false,"_jetpack_newsletter_access":"","_jetpack_dont_email_post_to_subs":false,"_jetpack_newsletter_tier_id":0,"_jetpack_memberships_contains_paywalled_content":false,"_jetpack_memberships_contains_paid_content":false,"footnotes":""},"categories":[25580],"tags":[7597,307,4465,309,32588],"class_list":["post-128515","post","type-post","status-publish","format-standard","hentry","category-la-voz-de-la-diaspora","tag-armas-blancas","tag-herido","tag-manhattan","tag-muerto","tag-refriega"],"jetpack_featured_media_url":"","jetpack-related-posts":[{"id":82690,"url":"https:\/\/lasprimeras.com.do\/index.php\/2024\/05\/06\/dos-muertos-y-cuatro-heridos-en-colmado-de-la-guayiga\/","url_meta":{"origin":128515,"position":0},"title":"Dos muertos y cuatro heridos en colmado de La Gu\u00e1yiga","author":"Esteffany Vargas","date":"6 de mayo de 2024","format":false,"excerpt":"Polic\u00eda y Ministerio P\u00fablico profundizan las investigaciones.\u00a0\u00a0\u00a0\u00a0\u00a0\u00a0\u00a0\u00a0\u00a0\u00a0\u00a0\u00a0\u00a0\u00a0\u00a0\u00a0\u00a0\u00a0\u00a0 Agentes policiales, en coordinaci\u00f3n con representantes del Ministerio P\u00fablico,\u00a0 profundizan las investigaciones en torno al incidente violento ocurrido en un colmado de La Gu\u00e1yiga, Pedro Brand, donde dos personas resultaron fallecidas por impacto de bala y otras cuatro heridas.\u00a0\u00a0\u00a0\u00a0\u00a0\u00a0\u00a0\u00a0\u00a0\u00a0\u00a0\u00a0\u00a0\u00a0\u00a0\u00a0\u00a0\u00a0\u00a0 En el conflicto social,\u2026","rel":"","context":"En \u00abNACIONALES\u00bb","block_context":{"text":"NACIONALES","link":"https:\/\/lasprimeras.com.do\/index.php\/category\/nacionales\/"},"img":{"alt_text":"","src":"","width":0,"height":0},"classes":[]},{"id":98823,"url":"https:\/\/lasprimeras.com.do\/index.php\/2025\/05\/13\/sangriento-fin-de-semana-en-nyc-alto-manhattan-fue-escenario-duelo-a-machetazos\/","url_meta":{"origin":128515,"position":1},"title":"Sangriento fin de semana en NYC; Alto Manhattan fue escenario duelo a machetazos","author":"Nelson Feliz","date":"13 de mayo de 2025","format":false,"excerpt":"Por Ram\u00f3n Mercedes NUEVA YORK.- El pasado fin de semana se torno muy violento en esta ciudad, con muertos y heridos, entre ellos civiles y agentes policiales, en diferentes circunstancia. Dos hombres, presuntamente dominicanos, sostuvieron un duelo a machetazos, frente a una bodega en el 144 de la avenida Nagle\u2026","rel":"","context":"En \u00abINTERNACIONALES\u00bb","block_context":{"text":"INTERNACIONALES","link":"https:\/\/lasprimeras.com.do\/index.php\/category\/sin-categoria\/internacionales\/"},"img":{"alt_text":"","src":"https:\/\/i0.wp.com\/lasprimeras.com.do\/wp-content\/uploads\/2025\/05\/WhatsApp-Image-2025-05-13-at-5.49.20-AM.jpeg?resize=350%2C200&ssl=1","width":350,"height":200,"srcset":"https:\/\/i0.wp.com\/lasprimeras.com.do\/wp-content\/uploads\/2025\/05\/WhatsApp-Image-2025-05-13-at-5.49.20-AM.jpeg?resize=350%2C200&ssl=1 1x, https:\/\/i0.wp.com\/lasprimeras.com.do\/wp-content\/uploads\/2025\/05\/WhatsApp-Image-2025-05-13-at-5.49.20-AM.jpeg?resize=525%2C300&ssl=1 1.5x"},"classes":[]},{"id":72158,"url":"https:\/\/lasprimeras.com.do\/index.php\/2023\/12\/27\/candidato-alcalde-por-el-prm-encabeza-aguinaldos-que-terminan-en-caos-y-desorden\/","url_meta":{"origin":128515,"position":2},"title":"Candidato alcalde por el PRM encabeza aguinaldos que terminan en Caos y desorden","author":"Nelson Feliz","date":"27 de diciembre de 2023","format":false,"excerpt":"Al menos varios heridos de bala y un polic\u00eda de un botellazo fue el saldo de las balaceras que originaron la semana pasada perreme\u00edstas en varios aguinaldos tipo caravanas organizados por Ram\u00f3n Candelaria(Alias Barrilito), candidato a alcalde del Partido Revolucionario Moderno (PRM). Seg\u00fan informaciones confiables suministradas a este redactor los\u2026","rel":"","context":"En \u00abNACIONALES\u00bb","block_context":{"text":"NACIONALES","link":"https:\/\/lasprimeras.com.do\/index.php\/category\/nacionales\/"},"img":{"alt_text":"Ramon Candelaria","src":"https:\/\/i0.wp.com\/lasprimeras.com.do\/wp-content\/uploads\/2023\/12\/Ramon-Candelaria.jpg?resize=350%2C200&ssl=1","width":350,"height":200},"classes":[]},{"id":97446,"url":"https:\/\/lasprimeras.com.do\/index.php\/2025\/04\/21\/tragedias-alcanzan-dominicanos-durante-semana-santa-en-eua\/","url_meta":{"origin":128515,"position":3},"title":"Tragedias alcanzan dominicanos durante Semana Santa en EUA","author":"Nelson Feliz","date":"21 de abril de 2025","format":false,"excerpt":"Por Ram\u00f3n Mercedes NUEVA YORK.- La comunidad dominicana en esta ciudad y otras aleda\u00f1as fue alcanzada por tragedias durante la celebraci\u00f3n de Semana Santa, sum\u00e1ndose las mismas al sentir colectivo que reina en ella por la reciente desgracia ocurrida en la Rep\u00fablica Dominicana al derrumbarse el techo de la discoteca\u2026","rel":"","context":"En \u00abINTERNACIONALES\u00bb","block_context":{"text":"INTERNACIONALES","link":"https:\/\/lasprimeras.com.do\/index.php\/category\/sin-categoria\/internacionales\/"},"img":{"alt_text":"Dominicanos Alto Manhattan se unen a protesta nacional contra pol\u00edtica presidente Trump","src":"https:\/\/i0.wp.com\/lasprimeras.com.do\/wp-content\/uploads\/2025\/04\/WhatsApp-Image-2025-04-21-at-5.16.10-AM.jpeg?resize=350%2C200&ssl=1","width":350,"height":200,"srcset":"https:\/\/i0.wp.com\/lasprimeras.com.do\/wp-content\/uploads\/2025\/04\/WhatsApp-Image-2025-04-21-at-5.16.10-AM.jpeg?resize=350%2C200&ssl=1 1x, https:\/\/i0.wp.com\/lasprimeras.com.do\/wp-content\/uploads\/2025\/04\/WhatsApp-Image-2025-04-21-at-5.16.10-AM.jpeg?resize=525%2C300&ssl=1 1.5x, https:\/\/i0.wp.com\/lasprimeras.com.do\/wp-content\/uploads\/2025\/04\/WhatsApp-Image-2025-04-21-at-5.16.10-AM.jpeg?resize=700%2C400&ssl=1 2x"},"classes":[]},{"id":94814,"url":"https:\/\/lasprimeras.com.do\/index.php\/2025\/03\/06\/hallan-muerto-a-punaladas-a-joven-latino-en-playa-de-nueva-york\/","url_meta":{"origin":128515,"position":4},"title":"Hallan muerto a pu\u00f1aladas a joven latino en playa de Nueva York","author":"Nelson Feliz","date":"6 de marzo de 2025","format":false,"excerpt":"Un joven hispano fue encontrado muerto con heridas de pu\u00f1al en la playa dentro de una tranquila comunidad de Long Island (NY). Nadie ha sido arrestado. Carlos L\u00f3pez, joven de 27 a\u00f1os, fue encontrado muerto con heridas de pu\u00f1al ayer al amanecer en una playa dentro de una peque\u00f1a y\u2026","rel":"","context":"En \u00abINTERNACIONALES\u00bb","block_context":{"text":"INTERNACIONALES","link":"https:\/\/lasprimeras.com.do\/index.php\/category\/sin-categoria\/internacionales\/"},"img":{"alt_text":"","src":"https:\/\/i0.wp.com\/lasprimeras.com.do\/wp-content\/uploads\/2025\/03\/Playa-en-Nueva-York.png?resize=350%2C200&ssl=1","width":350,"height":200,"srcset":"https:\/\/i0.wp.com\/lasprimeras.com.do\/wp-content\/uploads\/2025\/03\/Playa-en-Nueva-York.png?resize=350%2C200&ssl=1 1x, https:\/\/i0.wp.com\/lasprimeras.com.do\/wp-content\/uploads\/2025\/03\/Playa-en-Nueva-York.png?resize=525%2C300&ssl=1 1.5x, https:\/\/i0.wp.com\/lasprimeras.com.do\/wp-content\/uploads\/2025\/03\/Playa-en-Nueva-York.png?resize=700%2C400&ssl=1 2x"},"classes":[]},{"id":72595,"url":"https:\/\/lasprimeras.com.do\/index.php\/2024\/01\/01\/en-santiago-reportan-tres-muertos-y-heridos-en-violentos-incidentes-en-ano-nuevo\/","url_meta":{"origin":128515,"position":5},"title":"En Santiago reportan tres muertos y heridos en violentos incidentes en A\u00f1o Nuevo","author":"Nelson Feliz","date":"1 de enero de 2024","format":false,"excerpt":"Investigaci\u00f3n en curso por incidentes violentos en la ciudad. Al menos tres personas murieron y cuatro resultaron heridas por armas blancas y de fuego durante las festividades de A\u00f1o Nuevo en la ciudad de Santiago, seg\u00fan informes. A las 5:00 a. m., en el sector El Ciruelito, se report\u00f3 la\u2026","rel":"","context":"En \u00abNACIONALES\u00bb","block_context":{"text":"NACIONALES","link":"https:\/\/lasprimeras.com.do\/index.php\/category\/nacionales\/"},"img":{"alt_text":"Jos\u00e9 Emilio Moreno, fallecido a tiros en El Ciruelito.","src":"https:\/\/i0.wp.com\/lasprimeras.com.do\/wp-content\/uploads\/2024\/01\/Jose-Emilio-Moreno-fallecido-a-tiros-en-El-Ciruelito.jpg?resize=350%2C200&ssl=1","width":350,"height":200,"srcset":"https:\/\/i0.wp.com\/lasprimeras.com.do\/wp-content\/uploads\/2024\/01\/Jose-Emilio-Moreno-fallecido-a-tiros-en-El-Ciruelito.jpg?resize=350%2C200&ssl=1 1x, https:\/\/i0.wp.com\/lasprimeras.com.do\/wp-content\/uploads\/2024\/01\/Jose-Emilio-Moreno-fallecido-a-tiros-en-El-Ciruelito.jpg?resize=525%2C300&ssl=1 1.5x, https:\/\/i0.wp.com\/lasprimeras.com.do\/wp-content\/uploads\/2024\/01\/Jose-Emilio-Moreno-fallecido-a-tiros-en-El-Ciruelito.jpg?resize=700%2C400&ssl=1 2x"},"classes":[]}],"jetpack_sharing_enabled":true,"_links":{"self":[{"href":"https:\/\/lasprimeras.com.do\/index.php\/wp-json\/wp\/v2\/posts\/128515","targetHints":{"allow":["GET"]}}],"collection":[{"href":"https:\/\/lasprimeras.com.do\/index.php\/wp-json\/wp\/v2\/posts"}],"about":[{"href":"https:\/\/lasprimeras.com.do\/index.php\/wp-json\/wp\/v2\/types\/post"}],"author":[{"embeddable":true,"href":"https:\/\/lasprimeras.com.do\/index.php\/wp-json\/wp\/v2\/users\/10"}],"replies":[{"embeddable":true,"href":"https:\/\/lasprimeras.com.do\/index.php\/wp-json\/wp\/v2\/comments?post=128515"}],"version-history":[{"count":1,"href":"https:\/\/lasprimeras.com.do\/index.php\/wp-json\/wp\/v2\/posts\/128515\/revisions"}],"predecessor-version":[{"id":128516,"href":"https:\/\/lasprimeras.com.do\/index.php\/wp-json\/wp\/v2\/posts\/128515\/revisions\/128516"}],"wp:attachment":[{"href":"https:\/\/lasprimeras.com.do\/index.php\/wp-json\/wp\/v2\/media?parent=128515"}],"wp:term":[{"taxonomy":"category","embeddable":true,"href":"https:\/\/lasprimeras.com.do\/index.php\/wp-json\/wp\/v2\/categories?post=128515"},{"taxonomy":"post_tag","embeddable":true,"href":"https:\/\/lasprimeras.com.do\/index.php\/wp-json\/wp\/v2\/tags?post=128515"}],"curies":[{"name":"wp","href":"https:\/\/api.w.org\/{rel}","templated":true}]}}