{"id":128519,"date":"2026-04-24T08:34:09","date_gmt":"2026-04-24T12:34:09","guid":{"rendered":"https:\/\/lasprimeras.com.do\/?p=128519"},"modified":"2026-04-24T08:34:11","modified_gmt":"2026-04-24T12:34:11","slug":"sistema-frontal-en-proceso-de-disipacion-sobre-el-pais-favorece-aguaceros-con-tormentas-electricas-y-rafagas-de-viento","status":"publish","type":"post","link":"https:\/\/lasprimeras.com.do\/index.php\/2026\/04\/24\/sistema-frontal-en-proceso-de-disipacion-sobre-el-pais-favorece-aguaceros-con-tormentas-electricas-y-rafagas-de-viento\/","title":{"rendered":"Sistema frontal en proceso de disipaci\u00f3n sobre el pa\u00eds, favorece aguaceros con tormentas el\u00e9ctricas y r\u00e1fagas de viento"},"content":{"rendered":"\n<p>&#8211;<strong>AVISOS Y ALERTAS ANTE EL RIESGO DE INUNDACIONES<\/strong>&#8211;<\/p>\n\n\n\n<p>El sistema frontal ha entrado en un proceso de gradual disipaci\u00f3n sobre el pa\u00eds; parte de su estructura nubosa produce lluvias d\u00e9biles a moderadas sobre Monte Cristi, Puerto Plata, Saman\u00e1, Espaillat y Mar\u00eda Trinidad S\u00e1nchez.<\/p>\n\n\n\n<p>Adem\u00e1s, el viento del sureste aportara nubes pasajeras, dejando chubascos en poblados de Barahona, Azua, Peravia y en otras del litoral caribe\u00f1o.<br><\/p>\n\n\n\n<p>Para la tarde, la masa de aire del territorio dominicano seguir\u00e1 h\u00fameda e inestable a causa de la vaguada y al cambio de viento, que girar\u00e1 al sur\/sureste; en consecuencia, pronosticamos lluvias moderadas a fuertes, tormentas el\u00e9ctricas y r\u00e1fagas de viento sobre las provincias: Monse\u00f1or Nouel, La Vega, Santiago, Espaillat, Hermanas Mirabal, Puerto Plata, Monte Cristi, Santiago Rodr\u00edguez, Mar\u00eda Trinidad S\u00e1nchez, Duarte, Saman\u00e1, S\u00e1nchez Ram\u00edrez, Dajab\u00f3n y El\u00edas Pi\u00f1a, las cuales perdurar\u00e1n en la noche, pero culminando antes de la medianoche.<br><\/p>\n\n\n\n<p>El Centro Nacional de Pron\u00f3sticos del&nbsp;<strong>INDOMET<\/strong>, debido a las lluvias que se esperan en las pr\u00f3ximas 24 a 72 horas, se modifican los niveles de&nbsp;<strong>ALERTA y AVISO&nbsp;<\/strong>meteorol\u00f3gico, ante el riesgo de inundaciones urbanas, crecidas de r\u00edos, arroyos y ca\u00f1adas, as\u00ed como, posibles deslizamientos de tierra.&nbsp;<\/p>\n\n\n\n<p><strong>Distrito Nacional: medio nublado con matutinos chubascos pasajeros. Luego nubes dispersas, soleado y calurosas temperatura.<\/strong><br><\/p>\n\n\n\n<p><strong>Santo Domingo Norte: medio nublado con matutinos chubascos pasajeros. Luego nubes dispersas, soleado y calurosas temperatura.<\/strong><br><\/p>\n\n\n\n<p><strong>Santo Domingo Este: medio nublado con matutinos chubascos pasajeros. Luego nubes dispersas, soleado y calurosas temperatura.<\/strong><br><\/p>\n\n\n\n<p><strong>Santo Domingo Oeste: medio nublado con matutinos chubascos pasajeros. Luego nubes dispersas, soleados y calurosas temperatura.<\/strong><br><\/p>\n\n\n\n<p><strong>Temperaturas<\/strong>&nbsp;<strong>m\u00ednimas entre 20 \u00b0C y 22 \u00b0C, y m\u00e1ximas entre 29 \u00b0C y 31 \u00b0C.<\/strong><br><\/p>\n","protected":false},"excerpt":{"rendered":"<p>&#8211;AVISOS Y ALERTAS ANTE EL RIESGO DE INUNDACIONES&#8211; El sistema frontal ha entrado en un proceso de gradual disipaci\u00f3n sobre el pa\u00eds; parte de su estructura nubosa produce lluvias d\u00e9biles&hellip;<\/p>\n","protected":false},"author":10,"featured_media":101091,"comment_status":"open","ping_status":"open","sticky":false,"template":"","format":"standard","meta":{"content-type":"","jetpack_post_was_ever_published":false,"_jetpack_newsletter_access":"","_jetpack_dont_email_post_to_subs":false,"_jetpack_newsletter_tier_id":0,"_jetpack_memberships_contains_paywalled_content":false,"_jetpack_memberships_contains_paid_content":false,"footnotes":""},"categories":[23530],"tags":[2375,4192,32590,4202,2130,5377,10563],"class_list":["post-128519","post","type-post","status-publish","format-standard","has-post-thumbnail","hentry","category-clima","tag-aguaceros","tag-clima","tag-disipacion","tag-lasprimeras","tag-lluvias","tag-rafagas-de-viento","tag-sistema-frontal"],"jetpack_featured_media_url":"https:\/\/lasprimeras.com.do\/wp-content\/uploads\/2025\/06\/Lluvias.jpg","jetpack-related-posts":[{"id":114434,"url":"https:\/\/lasprimeras.com.do\/index.php\/2025\/11\/14\/indomet-pronostica-aguaceros-tronadas-y-rafagas-de-viento-por-sistema-frontal-y-vaguada\/","url_meta":{"origin":128519,"position":0},"title":"INDOMET pronostica aguaceros, tronadas y r\u00e1fagas de viento por sistema frontal y vaguada","author":"Nelson Feliz","date":"14 de noviembre de 2025","format":false,"excerpt":"El Instituto Dominicano de Meteorolog\u00eda (INDOMET) informa a la poblaci\u00f3n que las condiciones atmosf\u00e9ricas actuales mantendr\u00e1n un ambiente propicio para el desarrollo de precipitaciones significativas en gran parte del pa\u00eds durante el fin de semana. Seg\u00fan los meteor\u00f3logos Damaris Mercedes y Jes\u00fas Beltre, la combinaci\u00f3n de un sistema frontal y\u2026","rel":"","context":"En \u00abCLIMA\u00bb","block_context":{"text":"CLIMA","link":"https:\/\/lasprimeras.com.do\/index.php\/category\/clima\/"},"img":{"alt_text":"","src":"","width":0,"height":0},"classes":[]},{"id":91124,"url":"https:\/\/lasprimeras.com.do\/index.php\/2024\/11\/10\/onda-tropical-y-vaguada-produciran-aguaceros-tormentas-electricas-en-las-proximas-24-a-48-horas\/","url_meta":{"origin":128519,"position":1},"title":"Onda Tropical y Vaguada producir\u00e1n aguaceros, tormentas el\u00e9ctricas en las pr\u00f3ximas 24 a 48 horas","author":"Nelson Feliz","date":"10 de noviembre de 2024","format":false,"excerpt":"Varias provincias en alertas y avisos meteorol\u00f3gicos. El Instituto Dominicano de Meteorolog\u00eda (INDOMET) informo hoy producto de la inestabilidad de la vaguada y la humedad de la onda tropical, desde la madrugada ocurren nublados con lluvias, tronadas y aisladas r\u00e1fagas de viento, en puntos del sureste caribe\u00f1o y nordeste Atl\u00e1ntico;\u2026","rel":"","context":"En \u00abNACIONALES\u00bb","block_context":{"text":"NACIONALES","link":"https:\/\/lasprimeras.com.do\/index.php\/category\/nacionales\/"},"img":{"alt_text":"","src":"https:\/\/i0.wp.com\/lasprimeras.com.do\/wp-content\/uploads\/2023\/07\/lluvias-1.jpg?resize=350%2C200&ssl=1","width":350,"height":200,"srcset":"https:\/\/i0.wp.com\/lasprimeras.com.do\/wp-content\/uploads\/2023\/07\/lluvias-1.jpg?resize=350%2C200&ssl=1 1x, https:\/\/i0.wp.com\/lasprimeras.com.do\/wp-content\/uploads\/2023\/07\/lluvias-1.jpg?resize=525%2C300&ssl=1 1.5x"},"classes":[]},{"id":71352,"url":"https:\/\/lasprimeras.com.do\/index.php\/2023\/12\/19\/lluvias-se-incrementaran-la-tarde-de-este-martes-y-continuaran-hasta-el-viernes-segun-onamet\/","url_meta":{"origin":128519,"position":2},"title":"Lluvias se incrementar\u00e1n la tarde de este martes y continuar\u00e1n hasta el viernes, seg\u00fan Onamet","author":"Nelson Feliz","date":"19 de diciembre de 2023","format":false,"excerpt":"El Gran Santo Domingo estar\u00e1 generalmente nublado con aguaceros, siendo fuertes en ocasiones. Las lluvias que se registran sobre el territorio nacional por el sistema frontal o frente fr\u00edo se incrementar\u00e1n a partir de la tarde de este martes y continuar\u00e1n este mi\u00e9rcoles, jueves y viernes. Henry Agramonte, predictor de\u2026","rel":"","context":"En \u00abNACIONALES\u00bb","block_context":{"text":"NACIONALES","link":"https:\/\/lasprimeras.com.do\/index.php\/category\/nacionales\/"},"img":{"alt_text":"LLUVIAS","src":"https:\/\/i0.wp.com\/lasprimeras.com.do\/wp-content\/uploads\/2023\/12\/LLUVIAS.jpg?resize=350%2C200&ssl=1","width":350,"height":200,"srcset":"https:\/\/i0.wp.com\/lasprimeras.com.do\/wp-content\/uploads\/2023\/12\/LLUVIAS.jpg?resize=350%2C200&ssl=1 1x, https:\/\/i0.wp.com\/lasprimeras.com.do\/wp-content\/uploads\/2023\/12\/LLUVIAS.jpg?resize=525%2C300&ssl=1 1.5x"},"classes":[]},{"id":128237,"url":"https:\/\/lasprimeras.com.do\/index.php\/2026\/04\/21\/aumento-de-las-lluvias-en-las-proximas-24-a-72-horas-por-vaguada-y-sistema-frontal\/","url_meta":{"origin":128519,"position":3},"title":"Aumento de las lluvias en las pr\u00f3ximas 24 a 72 horas por vaguada y sistema frontal","author":"Nelson Feliz","date":"21 de abril de 2026","format":false,"excerpt":"- Se mantienen los niveles de alertas meteorol\u00f3gicas El Instituto Dominicano de Meteorogia inform\u00f3 hoy que desde tempranas horas se han estado presentando precipitaciones dispersas en algunos poblados de la costa caribe\u00f1a y en otras localidades como Saman\u00e1 y Mar\u00eda Trinidad S\u00e1nchez, debido al viento del sureste. Para la tarde,\u2026","rel":"","context":"En \u00abCLIMA\u00bb","block_context":{"text":"CLIMA","link":"https:\/\/lasprimeras.com.do\/index.php\/category\/clima\/"},"img":{"alt_text":"","src":"https:\/\/i0.wp.com\/lasprimeras.com.do\/wp-content\/uploads\/2025\/08\/LLUVIAS.jpg?resize=350%2C200&ssl=1","width":350,"height":200,"srcset":"https:\/\/i0.wp.com\/lasprimeras.com.do\/wp-content\/uploads\/2025\/08\/LLUVIAS.jpg?resize=350%2C200&ssl=1 1x, https:\/\/i0.wp.com\/lasprimeras.com.do\/wp-content\/uploads\/2025\/08\/LLUVIAS.jpg?resize=525%2C300&ssl=1 1.5x, https:\/\/i0.wp.com\/lasprimeras.com.do\/wp-content\/uploads\/2025\/08\/LLUVIAS.jpg?resize=700%2C400&ssl=1 2x"},"classes":[]},{"id":127288,"url":"https:\/\/lasprimeras.com.do\/index.php\/2026\/04\/10\/vaguada-prefrontal-mantiene-incidencia-de-lluvias-sobre-el-pais\/","url_meta":{"origin":128519,"position":4},"title":"Vaguada prefrontal mantiene incidencia de lluvias sobre el pa\u00eds","author":"Nelson Feliz","date":"10 de abril de 2026","format":false,"excerpt":"- Fin de semana con lluvias fuertes y riesgos de inundaciones - El Instituto Dominicano de Meteorogia (INDOMET) inform\u00f3 la incidencia de aguaceros localmente moderados a fuertes con tormentas el\u00e9ctricas y r\u00e1fagas de viento ocurren hacia localidades de Monte Cristi, mientras otros, que probablemente afecten a Saman\u00e1 durante las pr\u00f3ximas\u2026","rel":"","context":"En \u00abCLIMA\u00bb","block_context":{"text":"CLIMA","link":"https:\/\/lasprimeras.com.do\/index.php\/category\/clima\/"},"img":{"alt_text":"","src":"https:\/\/i0.wp.com\/lasprimeras.com.do\/wp-content\/uploads\/2025\/12\/lluvias.jpeg?resize=350%2C200&ssl=1","width":350,"height":200,"srcset":"https:\/\/i0.wp.com\/lasprimeras.com.do\/wp-content\/uploads\/2025\/12\/lluvias.jpeg?resize=350%2C200&ssl=1 1x, https:\/\/i0.wp.com\/lasprimeras.com.do\/wp-content\/uploads\/2025\/12\/lluvias.jpeg?resize=525%2C300&ssl=1 1.5x, https:\/\/i0.wp.com\/lasprimeras.com.do\/wp-content\/uploads\/2025\/12\/lluvias.jpeg?resize=700%2C400&ssl=1 2x"},"classes":[]},{"id":81668,"url":"https:\/\/lasprimeras.com.do\/index.php\/2024\/04\/23\/onamet-pone-en-alertas-para-16-provincias-por-aguaceros-con-tormentas-electricas\/","url_meta":{"origin":128519,"position":5},"title":"Onamet pone en alertas para 16 provincias por aguaceros con tormentas el\u00e9ctricas","author":"Nelson Feliz","date":"23 de abril de 2024","format":false,"excerpt":"La Oficina Nacional de Meteorolog\u00eda informo que durante la madrugada seguir\u00e1 ocurriendo nublados acompa\u00f1ados de aguaceros, que pueden ser moderados a fuerte en ocasiones, acompa\u00f1ados de tormentas electrices y r\u00e1fagas de viento aunque en menor intensidad. Las aguaceros afectaran provincias como: La Altagracia, El Seibo, Hato Mayor, La Romana, Monte\u2026","rel":"","context":"En \u00abNACIONALES\u00bb","block_context":{"text":"NACIONALES","link":"https:\/\/lasprimeras.com.do\/index.php\/category\/nacionales\/"},"img":{"alt_text":"","src":"https:\/\/i0.wp.com\/lasprimeras.com.do\/wp-content\/uploads\/2023\/10\/WhatsApp-Image-2023-10-04-at-5.20.12-PM-2.webp?resize=350%2C200&ssl=1","width":350,"height":200,"srcset":"https:\/\/i0.wp.com\/lasprimeras.com.do\/wp-content\/uploads\/2023\/10\/WhatsApp-Image-2023-10-04-at-5.20.12-PM-2.webp?resize=350%2C200&ssl=1 1x, https:\/\/i0.wp.com\/lasprimeras.com.do\/wp-content\/uploads\/2023\/10\/WhatsApp-Image-2023-10-04-at-5.20.12-PM-2.webp?resize=525%2C300&ssl=1 1.5x, https:\/\/i0.wp.com\/lasprimeras.com.do\/wp-content\/uploads\/2023\/10\/WhatsApp-Image-2023-10-04-at-5.20.12-PM-2.webp?resize=700%2C400&ssl=1 2x, https:\/\/i0.wp.com\/lasprimeras.com.do\/wp-content\/uploads\/2023\/10\/WhatsApp-Image-2023-10-04-at-5.20.12-PM-2.webp?resize=1050%2C600&ssl=1 3x"},"classes":[]}],"jetpack_sharing_enabled":true,"_links":{"self":[{"href":"https:\/\/lasprimeras.com.do\/index.php\/wp-json\/wp\/v2\/posts\/128519","targetHints":{"allow":["GET"]}}],"collection":[{"href":"https:\/\/lasprimeras.com.do\/index.php\/wp-json\/wp\/v2\/posts"}],"about":[{"href":"https:\/\/lasprimeras.com.do\/index.php\/wp-json\/wp\/v2\/types\/post"}],"author":[{"embeddable":true,"href":"https:\/\/lasprimeras.com.do\/index.php\/wp-json\/wp\/v2\/users\/10"}],"replies":[{"embeddable":true,"href":"https:\/\/lasprimeras.com.do\/index.php\/wp-json\/wp\/v2\/comments?post=128519"}],"version-history":[{"count":1,"href":"https:\/\/lasprimeras.com.do\/index.php\/wp-json\/wp\/v2\/posts\/128519\/revisions"}],"predecessor-version":[{"id":128520,"href":"https:\/\/lasprimeras.com.do\/index.php\/wp-json\/wp\/v2\/posts\/128519\/revisions\/128520"}],"wp:featuredmedia":[{"embeddable":true,"href":"https:\/\/lasprimeras.com.do\/index.php\/wp-json\/wp\/v2\/media\/101091"}],"wp:attachment":[{"href":"https:\/\/lasprimeras.com.do\/index.php\/wp-json\/wp\/v2\/media?parent=128519"}],"wp:term":[{"taxonomy":"category","embeddable":true,"href":"https:\/\/lasprimeras.com.do\/index.php\/wp-json\/wp\/v2\/categories?post=128519"},{"taxonomy":"post_tag","embeddable":true,"href":"https:\/\/lasprimeras.com.do\/index.php\/wp-json\/wp\/v2\/tags?post=128519"}],"curies":[{"name":"wp","href":"https:\/\/api.w.org\/{rel}","templated":true}]}}