{"id":128553,"date":"2026-04-24T19:52:11","date_gmt":"2026-04-24T23:52:11","guid":{"rendered":"https:\/\/lasprimeras.com.do\/?p=128553"},"modified":"2026-04-24T19:52:12","modified_gmt":"2026-04-24T23:52:12","slug":"mp-sostiene-hugo-beras-jochi-gomez-y-compartes-iran-a-juicio-por-contundencia-de-pruebas","status":"publish","type":"post","link":"https:\/\/lasprimeras.com.do\/index.php\/2026\/04\/24\/mp-sostiene-hugo-beras-jochi-gomez-y-compartes-iran-a-juicio-por-contundencia-de-pruebas\/","title":{"rendered":"MP sostiene Hugo Beras, Jochi G\u00f3mez y compartes ir\u00e1n a juicio por contundencia de pruebas"},"content":{"rendered":"\n<p><strong>Los fiscales probaron todas y cada una de las imputaciones a los procesados, asegur\u00f3 la procuradora de corte Mirna Ortiz<\/strong><\/p>\n\n\n\n<p>La procuradora de corte Mirna Ortiz asegur\u00f3 este viernes que el Ministerio P\u00fablico prob\u00f3 la acusaci\u00f3n por corrupci\u00f3n administrativa presentada en contra de Hugo Beras, Jochi G\u00f3mez y compartes, destacando en ese sentido, que, indiscutiblemente, ser\u00e1n enviados a juicio.<\/p>\n\n\n\n<p>La titular de la Procuradur\u00eda Especializada de Persecuci\u00f3n de la Corrupci\u00f3n Administrativa (Pepca) destac\u00f3 la contundencia de las pruebas presentadas durante la audiencia preliminar que se conoce en el Sexto Juzgado de Instrucci\u00f3n del Distrito Nacional.<\/p>\n\n\n\n<p>Al responder preguntas de la prensa a la salida del Sexto Juzgado de Instrucci\u00f3n del Distrito Nacional, dijo que las defensas quisieron tender una cortina de humo, pretendiendo envolver al tribunal y a la prensa con insinuaciones y afirmaciones al margen del derecho y sin ninguna prueba.<\/p>\n\n\n\n<p>Sostuvo que el Ministerio P\u00fablico prob\u00f3 todas y cada una de las imputaciones a cargo de Hugo Beras, G\u00f3mez Cana\u00e1n y de todos y cada uno de los imputados.<\/p>\n\n\n\n<p>Ortiz dijo que ninguna de las dos defensas se refiri\u00f3 a los mensajes de WhatsApp que corroboran las afirmaciones que ha hecho el Ministerio P\u00fablico de que ya la licitaci\u00f3n hab\u00eda sido entregada a Jos\u00e9 G\u00f3mez Cana\u00e1n desde antes de materializarse el proceso mismo de licitaci\u00f3n.<\/p>\n\n\n\n<p>Resalt\u00f3 que esas actuaciones conjugan todo el esquema de defraudaci\u00f3n al Estado dominicano, al estar jugando con cartas marcadas, \u201cevidentemente para favorecer proveedor con el que ya se ten\u00edan relaciones a cambio de beneficios econ\u00f3micos\u201d.<\/p>\n\n\n\n<p>\u201cEso es lo que ha demostrado el Ministerio P\u00fablico en esta audiencia y por lo que corresponder\u00e1, indiscutiblemente, un auto de apertura a juicio\u201d, subray\u00f3.<\/p>\n\n\n\n<p>Ortiz represent\u00f3 al Ministerio P\u00fablico en la audiencia junto a los procuradores fiscales Emmanuel Ram\u00edrez y Jonathan P\u00e9rez, de la Direcci\u00f3n General de Persecuci\u00f3n del Ministerio P\u00fablico y la Pepca.<\/p>\n\n\n\n<p>En el proceso, el Ministerio P\u00fablico solicit\u00f3 al tribunal que dictara auto de apertura a juicio en contra de todos los acusados.<\/p>\n\n\n\n<p>La jueza Yanibet Rivas se reserv\u00f3 el fallo para el pr\u00f3ximo 5 de mayo, a partir de las 9:00 de la ma\u00f1ana.<\/p>\n\n\n\n<p>Por el caso son procesados Hugo Beras, exdirector del Instituto Nacional de Tr\u00e1nsito y Transporte Terrestre (Intrant), y Jos\u00e9 \u00c1ngel (Jochi) G\u00f3mez Cana\u00e1n, propietario de Aurix S.A.S.<\/p>\n\n\n\n<p>Tambi\u00e9n, est\u00e1n acusados Pedro Vinicio Padovani B\u00e1ez, exencargado del Centro de Control de Tr\u00e1fico del Intrant, y Samuel Gregorio Baquero Sep\u00falveda, exdirector de Tecnolog\u00eda del Intrant.<\/p>\n\n\n\n<p>A ellos se suman Frank Rafael Atilano D\u00edaz Warden, excoordinador de Despacho y representante de Beras ante el Comit\u00e9 de Compras; Juan Francisco \u00c1lvarez Carbuccia, director administrativo y financiero del Intrant, y Carlos Jos\u00e9 Peguero Vargas.<\/p>\n\n\n\n<p>Asimismo, la acusaci\u00f3n incluye a Mariano Gustini, Manuel Eduardo Mora V\u00e1zquez y Henry Dar\u00edo F\u00e9liz Casso.<\/p>\n\n\n\n<p>Las personas jur\u00eddicas acusadas son: Transcore Latam S.R.L., Aurix S.A.S., Inprosol S.R.L., OML Inversiones S.R.L., PagoRD Xchange S.R.L., Industria Soltex Dominicana S.R.L. y Dekolor S.R.L.<\/p>\n\n\n\n<p>Durante el proceso el Ministerio P\u00fablico indic\u00f3 que en el transcurso de la investigaci\u00f3n obtuvo pruebas de la existencia de diversas l\u00edneas delictivas, incluyendo corrupci\u00f3n administrativa, fraude en contrataciones p\u00fablicas, estafa contra el Estado, sabotaje a infraestructuras cr\u00edticas, contrabando, falsificaci\u00f3n, delitos de alta tecnolog\u00eda, actos de terrorismo en infraestructura cr\u00edtica y lavado de activos. Estas irregularidades se desarrollaron principalmente a trav\u00e9s del Intrant y el Ministerio de Defensa.<\/p>\n\n\n\n<p>El Ministerio P\u00fablico determin\u00f3 que mediante contratos y convenios irregulares con Dekolor S.R.L., PagoRD Xchange S.R.L. y Transcore Latam S.R.L., se otorg\u00f3 acceso privilegiado a estas empresas, utilizadas para desviar fondos p\u00fablicos y ejecutar operaciones de lavado de activos, vulnerando los principios de transparencia, seguridad tecnol\u00f3gica y legalidad administrativa.<\/p>\n\n\n\n<p>El eje central del esquema es Jos\u00e9 \u00c1ngel G\u00f3mez Cana\u00e1n, quien mantiene v\u00ednculos societarios, financieros y operativos con las empresas Dekolor, PagoRD Xchange, Transcore Latam y Aurix.<\/p>\n\n\n\n<p>Bajo su direcci\u00f3n, estas entidades conformaron un entramado criminal dedicado a la estafa contra el Estado, al lavado de activos y al sabotaje tecnol\u00f3gico, consolidando su control sobre infraestructuras cr\u00edticas y recursos estrat\u00e9gicos del Estado.<\/p>\n\n\n\n<div data-wp-interactive=\"core\/file\" class=\"wp-block-file\"><object data-wp-bind--hidden=\"!state.hasPdfPreview\" hidden class=\"wp-block-file__embed\" data=\"https:\/\/lasprimeras.com.do\/wp-content\/uploads\/2026\/04\/NP-MP-sostiene-Hugo-Beras-Jochi-Gomez-y-compartes-iran-a-juicio.pdf\" type=\"application\/pdf\" style=\"width:100%;height:600px\" aria-label=\"Incrustado de NP MP sostiene Hugo Beras, Jochi G\u00f3mez y compartes ir\u00e1n a juicio.\"><\/object><a id=\"wp-block-file--media-0627d2ad-205c-451e-b6ff-7a09d98f3b45\" href=\"https:\/\/lasprimeras.com.do\/wp-content\/uploads\/2026\/04\/NP-MP-sostiene-Hugo-Beras-Jochi-Gomez-y-compartes-iran-a-juicio.pdf\">NP MP sostiene Hugo Beras, Jochi G\u00f3mez y compartes ir\u00e1n a juicio<\/a><a href=\"https:\/\/lasprimeras.com.do\/wp-content\/uploads\/2026\/04\/NP-MP-sostiene-Hugo-Beras-Jochi-Gomez-y-compartes-iran-a-juicio.pdf\" class=\"wp-block-file__button wp-element-button\" download aria-describedby=\"wp-block-file--media-0627d2ad-205c-451e-b6ff-7a09d98f3b45\">Descarga<\/a><\/div>\n","protected":false},"excerpt":{"rendered":"<p>Los fiscales probaron todas y cada una de las imputaciones a los procesados, asegur\u00f3 la procuradora de corte Mirna Ortiz La procuradora de corte Mirna Ortiz asegur\u00f3 este viernes que&hellip;<\/p>\n","protected":false},"author":10,"featured_media":128554,"comment_status":"open","ping_status":"open","sticky":false,"template":"","format":"standard","meta":{"content-type":"","jetpack_post_was_ever_published":false,"_jetpack_newsletter_access":"","_jetpack_dont_email_post_to_subs":false,"_jetpack_newsletter_tier_id":0,"_jetpack_memberships_contains_paywalled_content":false,"_jetpack_memberships_contains_paid_content":false,"footnotes":""},"categories":[289,25],"tags":[32600,32601,1783,19797,290],"class_list":["post-128553","post","type-post","status-publish","format-standard","has-post-thumbnail","hentry","category-justicia","category-portada","tag-compartes-iran-a-juicio","tag-contundencia-de-pruebas","tag-hugo-beras","tag-jochi-gomez","tag-ministerio-publico"],"jetpack_featured_media_url":"https:\/\/lasprimeras.com.do\/wp-content\/uploads\/2026\/04\/Mirna-Ortiz.jpg","jetpack-related-posts":[{"id":121729,"url":"https:\/\/lasprimeras.com.do\/index.php\/2026\/02\/09\/aplazan-juicio-contra-jochi-gomez-y-hugo-beras-por-problemas-de-salud-de-abogado\/","url_meta":{"origin":128553,"position":0},"title":"Aplazan juicio contra Jochi G\u00f3mez y Hugo Beras por problemas de salud de abogado","author":"Nelson Feliz","date":"9 de febrero de 2026","format":false,"excerpt":"El inicio del juicio preliminar se fij\u00f3 esta vez para el 16 de marzo Luego de dos audiencias fallidas debido a solicitudes de pr\u00f3rroga presentadas por las defensas del exdirector del Intrant, Hugo Beras, y del empresario Jochi G\u00f3mez \u2014plazos que fueron concedidos y que ya vencieron\u2014, este lunes tampoco\u2026","rel":"","context":"En \u00abJUSTICIA\u00bb","block_context":{"text":"JUSTICIA","link":"https:\/\/lasprimeras.com.do\/index.php\/category\/justicia\/"},"img":{"alt_text":"Hugo Beras","src":"https:\/\/i0.wp.com\/lasprimeras.com.do\/wp-content\/uploads\/2026\/02\/Hugo-Beras.jpg?resize=350%2C200&ssl=1","width":350,"height":200,"srcset":"https:\/\/i0.wp.com\/lasprimeras.com.do\/wp-content\/uploads\/2026\/02\/Hugo-Beras.jpg?resize=350%2C200&ssl=1 1x, https:\/\/i0.wp.com\/lasprimeras.com.do\/wp-content\/uploads\/2026\/02\/Hugo-Beras.jpg?resize=525%2C300&ssl=1 1.5x, https:\/\/i0.wp.com\/lasprimeras.com.do\/wp-content\/uploads\/2026\/02\/Hugo-Beras.jpg?resize=700%2C400&ssl=1 2x"},"classes":[]},{"id":126206,"url":"https:\/\/lasprimeras.com.do\/index.php\/2026\/03\/30\/mirna-ortiz-ministerio-publico-reitera-no-tolerara-actos-renidos-con-la-ley\/","url_meta":{"origin":128553,"position":1},"title":"Mirna Ortiz: Ministerio P\u00fablico reitera no tolerar\u00e1 actos re\u00f1idos con la ley","author":"Nelson Feliz","date":"30 de marzo de 2026","format":false,"excerpt":"La procuradora de corte Mirna Ortiz, titular de la Procuradur\u00eda Especializada de Persecuci\u00f3n de la Corrupci\u00f3n Administrativa (Pepca), sostuvo este lunes que el Ministerio P\u00fablico no tolerar\u00e1 actos re\u00f1idos con la ley, y en ese sentido, llam\u00f3 a la ciudadan\u00eda a siempre denunciar cualquier acto que se cometa contra el\u2026","rel":"","context":"En \u00abJUSTICIA\u00bb","block_context":{"text":"JUSTICIA","link":"https:\/\/lasprimeras.com.do\/index.php\/category\/justicia\/"},"img":{"alt_text":"","src":"https:\/\/i0.wp.com\/lasprimeras.com.do\/wp-content\/uploads\/2026\/03\/Mirna-Ortiz.jpg?resize=350%2C200&ssl=1","width":350,"height":200,"srcset":"https:\/\/i0.wp.com\/lasprimeras.com.do\/wp-content\/uploads\/2026\/03\/Mirna-Ortiz.jpg?resize=350%2C200&ssl=1 1x, https:\/\/i0.wp.com\/lasprimeras.com.do\/wp-content\/uploads\/2026\/03\/Mirna-Ortiz.jpg?resize=525%2C300&ssl=1 1.5x, https:\/\/i0.wp.com\/lasprimeras.com.do\/wp-content\/uploads\/2026\/03\/Mirna-Ortiz.jpg?resize=700%2C400&ssl=1 2x"},"classes":[]},{"id":112837,"url":"https:\/\/lasprimeras.com.do\/index.php\/2025\/10\/27\/mp-presenta-acusacion-contra-hugo-beras-jochi-gomez-y-otros-implicados-en-el-caso-de-la-operacion-camaleon\/","url_meta":{"origin":128553,"position":2},"title":"MP presenta acusaci\u00f3n contra Hugo Beras, Jochi G\u00f3mez y otros implicados en el caso de la Operaci\u00f3n Camale\u00f3n","author":"Nelson Feliz","date":"27 de octubre de 2025","format":false,"excerpt":"El \u00f3rgano persecutor incluye a nuevos acusados en el proceso por corrupci\u00f3n, estafa contra el Estado, terrorismo y lavado de activos, entre otros La Procuradur\u00eda Especializada de Persecuci\u00f3n de la Corrupci\u00f3n Administrativa (Pepca) present\u00f3 acusaci\u00f3n contra diez personas f\u00edsicas y siete empresas vinculadas a una red de corrupci\u00f3n administrativa y\u2026","rel":"","context":"En \u00abJUSTICIA\u00bb","block_context":{"text":"JUSTICIA","link":"https:\/\/lasprimeras.com.do\/index.php\/category\/justicia\/"},"img":{"alt_text":"","src":"https:\/\/i0.wp.com\/lasprimeras.com.do\/wp-content\/uploads\/2025\/10\/Hugo-Beras-y-Jochi-Gomez.jpg?resize=350%2C200&ssl=1","width":350,"height":200,"srcset":"https:\/\/i0.wp.com\/lasprimeras.com.do\/wp-content\/uploads\/2025\/10\/Hugo-Beras-y-Jochi-Gomez.jpg?resize=350%2C200&ssl=1 1x, https:\/\/i0.wp.com\/lasprimeras.com.do\/wp-content\/uploads\/2025\/10\/Hugo-Beras-y-Jochi-Gomez.jpg?resize=525%2C300&ssl=1 1.5x"},"classes":[]},{"id":110872,"url":"https:\/\/lasprimeras.com.do\/index.php\/2025\/10\/02\/jueza-niega-por-segunda-vez-devolver-a-jochy-gomez-23-relojes-de-lujo-vehiculos-blindados-y-armas\/","url_meta":{"origin":128553,"position":3},"title":"Jueza niega por segunda vez devolver a Jochy G\u00f3mez 23 relojes de lujo, veh\u00edculos blindados y armas","author":"Nelson Feliz","date":"2 de octubre de 2025","format":false,"excerpt":"Una jueza de instrucci\u00f3n rechaz\u00f3 la solicitud del empresario tecnol\u00f3gico Jos\u00e9 \u00c1ngel G\u00f3mez Cana\u00e1n (Jochy G\u00f3mez) para que se le devolvieran 23 relojes de lujo, dos veh\u00edculos blindados, una pistola y una escopeta, bienes incautados por el Ministerio P\u00fablico durante un allanamiento hace casi un a\u00f1o. El fallo fue emitido\u2026","rel":"","context":"En \u00abJUSTICIA\u00bb","block_context":{"text":"JUSTICIA","link":"https:\/\/lasprimeras.com.do\/index.php\/category\/justicia\/"},"img":{"alt_text":"","src":"https:\/\/i0.wp.com\/lasprimeras.com.do\/wp-content\/uploads\/2025\/10\/Jochi-Gomez.jpg?resize=350%2C200&ssl=1","width":350,"height":200,"srcset":"https:\/\/i0.wp.com\/lasprimeras.com.do\/wp-content\/uploads\/2025\/10\/Jochi-Gomez.jpg?resize=350%2C200&ssl=1 1x, https:\/\/i0.wp.com\/lasprimeras.com.do\/wp-content\/uploads\/2025\/10\/Jochi-Gomez.jpg?resize=525%2C300&ssl=1 1.5x"},"classes":[]},{"id":104367,"url":"https:\/\/lasprimeras.com.do\/index.php\/2025\/07\/23\/aquiles-jimenez-fue-trasladado-a-la-carcel-del-palacio-de-justicia\/","url_meta":{"origin":128553,"position":4},"title":"Aquiles Jim\u00e9nez fue trasladado a la c\u00e1rcel del Palacio de Justicia","author":"Nelson Feliz","date":"23 de julio de 2025","format":false,"excerpt":"Fue detenido ayer con chalecos antibalas y un veh\u00edculo con una placa oficial no registrada y sin documentos v\u00e1lidos. Aquiles Jim\u00e9nez, a quien el Ministerio P\u00fablico le ha hecho varios allanamientos y fue detenido ayer martes con chalecos antibalas y un veh\u00edculo con una placa oficial no registrada y sin\u2026","rel":"","context":"En \u00abJUSTICIA\u00bb","block_context":{"text":"JUSTICIA","link":"https:\/\/lasprimeras.com.do\/index.php\/category\/justicia\/"},"img":{"alt_text":"","src":"https:\/\/i0.wp.com\/lasprimeras.com.do\/wp-content\/uploads\/2025\/07\/Aquiles-Jimenez.jpg?resize=350%2C200&ssl=1","width":350,"height":200,"srcset":"https:\/\/i0.wp.com\/lasprimeras.com.do\/wp-content\/uploads\/2025\/07\/Aquiles-Jimenez.jpg?resize=350%2C200&ssl=1 1x, https:\/\/i0.wp.com\/lasprimeras.com.do\/wp-content\/uploads\/2025\/07\/Aquiles-Jimenez.jpg?resize=525%2C300&ssl=1 1.5x, https:\/\/i0.wp.com\/lasprimeras.com.do\/wp-content\/uploads\/2025\/07\/Aquiles-Jimenez.jpg?resize=700%2C400&ssl=1 2x"},"classes":[]},{"id":108916,"url":"https:\/\/lasprimeras.com.do\/index.php\/2025\/09\/11\/aquiles-jimenez-tiene-23-querellas-en-su-contra-por-difamacion-e-injuria\/","url_meta":{"origin":128553,"position":5},"title":"Aquiles Jim\u00e9nez tiene 23 querellas en su contra por difamaci\u00f3n e injuria","author":"Nelson Feliz","date":"11 de septiembre de 2025","format":false,"excerpt":"Personas de todos los \u00e1mbitos contin\u00faan acudiendo a la justicia en procura de una sanci\u00f3n contra Aquiles Jim\u00e9nez, a quien se\u00f1alan de agraviar su honra a trav\u00e9s de las redes sociales. Hasta ayer mi\u00e9rcoles, en el Departamento de Delitos y Cr\u00edmenes de Alta Tecnolog\u00eda de la Fiscal\u00eda del Distrito Nacional\u2026","rel":"","context":"En \u00abJUSTICIA\u00bb","block_context":{"text":"JUSTICIA","link":"https:\/\/lasprimeras.com.do\/index.php\/category\/justicia\/"},"img":{"alt_text":"","src":"https:\/\/i0.wp.com\/lasprimeras.com.do\/wp-content\/uploads\/2025\/09\/Aquiles-Jimenez.jpg?resize=350%2C200&ssl=1","width":350,"height":200,"srcset":"https:\/\/i0.wp.com\/lasprimeras.com.do\/wp-content\/uploads\/2025\/09\/Aquiles-Jimenez.jpg?resize=350%2C200&ssl=1 1x, https:\/\/i0.wp.com\/lasprimeras.com.do\/wp-content\/uploads\/2025\/09\/Aquiles-Jimenez.jpg?resize=525%2C300&ssl=1 1.5x, https:\/\/i0.wp.com\/lasprimeras.com.do\/wp-content\/uploads\/2025\/09\/Aquiles-Jimenez.jpg?resize=700%2C400&ssl=1 2x"},"classes":[]}],"jetpack_sharing_enabled":true,"_links":{"self":[{"href":"https:\/\/lasprimeras.com.do\/index.php\/wp-json\/wp\/v2\/posts\/128553","targetHints":{"allow":["GET"]}}],"collection":[{"href":"https:\/\/lasprimeras.com.do\/index.php\/wp-json\/wp\/v2\/posts"}],"about":[{"href":"https:\/\/lasprimeras.com.do\/index.php\/wp-json\/wp\/v2\/types\/post"}],"author":[{"embeddable":true,"href":"https:\/\/lasprimeras.com.do\/index.php\/wp-json\/wp\/v2\/users\/10"}],"replies":[{"embeddable":true,"href":"https:\/\/lasprimeras.com.do\/index.php\/wp-json\/wp\/v2\/comments?post=128553"}],"version-history":[{"count":1,"href":"https:\/\/lasprimeras.com.do\/index.php\/wp-json\/wp\/v2\/posts\/128553\/revisions"}],"predecessor-version":[{"id":128556,"href":"https:\/\/lasprimeras.com.do\/index.php\/wp-json\/wp\/v2\/posts\/128553\/revisions\/128556"}],"wp:featuredmedia":[{"embeddable":true,"href":"https:\/\/lasprimeras.com.do\/index.php\/wp-json\/wp\/v2\/media\/128554"}],"wp:attachment":[{"href":"https:\/\/lasprimeras.com.do\/index.php\/wp-json\/wp\/v2\/media?parent=128553"}],"wp:term":[{"taxonomy":"category","embeddable":true,"href":"https:\/\/lasprimeras.com.do\/index.php\/wp-json\/wp\/v2\/categories?post=128553"},{"taxonomy":"post_tag","embeddable":true,"href":"https:\/\/lasprimeras.com.do\/index.php\/wp-json\/wp\/v2\/tags?post=128553"}],"curies":[{"name":"wp","href":"https:\/\/api.w.org\/{rel}","templated":true}]}}