{"id":128557,"date":"2026-04-24T20:02:42","date_gmt":"2026-04-25T00:02:42","guid":{"rendered":"https:\/\/lasprimeras.com.do\/?p=128557"},"modified":"2026-04-24T20:02:44","modified_gmt":"2026-04-25T00:02:44","slug":"cindy-galan-una-carrera-construida-desde-el-escenario-hacia-la-pantalla","status":"publish","type":"post","link":"https:\/\/lasprimeras.com.do\/index.php\/2026\/04\/24\/cindy-galan-una-carrera-construida-desde-el-escenario-hacia-la-pantalla\/","title":{"rendered":"Cindy Gal\u00e1n: una carrera construida desde el escenario hacia la pantalla"},"content":{"rendered":"\n<p><strong>Con el estreno de la pel\u00edcula Milly, Reina del Merengue, se consolida como una de las actrices m\u00e1s camale\u00f3nicas y desafiantes del cine dominicano<\/strong><\/p>\n\n\n\n<p>El estreno de la pel\u00edcula biogr\u00e1fica Milly marca un hito en la carrera de Cindy Gal\u00e1n, quien asume el reto de dar vida a Jocelyn, hermana de la &#8220;Reina del Merengue\u201d. Este proyecto no solo exigi\u00f3 un riguroso proceso de casting, que incluy\u00f3 durante meses pruebas de canto y coreograf\u00eda, sino tambi\u00e9n una inmersi\u00f3n emocional en la historia de una familia ic\u00f3nica para la identidad dominicana.<\/p>\n\n\n\n<p>Para Gal\u00e1n, interpretar a Jocelyn signific\u00f3 conectar con la timidez que ambas comparten, as\u00ed como con momentos de alta vulnerabilidad, especialmente en las escenas que exploran la compleja relaci\u00f3n del personaje con la fe y el deseo de maternidad.<\/p>\n\n\n\n<p>Esta capacidad para habitar realidades ajenas es el resultado de una madurez art\u00edstica cimentada en el teatro.<\/p>\n\n\n<div class=\"wp-block-image\">\n<figure class=\"alignleft size-full is-resized\"><img decoding=\"async\" width=\"1000\" height=\"666\" src=\"https:\/\/lasprimeras.com.do\/wp-content\/uploads\/2026\/04\/Cindy-Galan_Milly-Reina-del-Merengue.jpg\" alt=\"\" class=\"wp-image-128559\" style=\"aspect-ratio:1.5015116700931188;width:477px;height:auto\" srcset=\"https:\/\/lasprimeras.com.do\/wp-content\/uploads\/2026\/04\/Cindy-Galan_Milly-Reina-del-Merengue.jpg 1000w, https:\/\/lasprimeras.com.do\/wp-content\/uploads\/2026\/04\/Cindy-Galan_Milly-Reina-del-Merengue-300x200.jpg 300w, https:\/\/lasprimeras.com.do\/wp-content\/uploads\/2026\/04\/Cindy-Galan_Milly-Reina-del-Merengue-768x511.jpg 768w\" sizes=\"(max-width: 1000px) 100vw, 1000px\" \/><\/figure>\n<\/div>\n\n\n<p>Egresada de la Escuela Nacional de Arte Dram\u00e1tico (ENAD) de Bellas Artes y formada en el Teatro Rodante Dominicano bajo la direcci\u00f3n de Carlota Carretero, Gal\u00e1n recorri\u00f3 el pa\u00eds entero present\u00e1ndose en escuelas y comunidades, una experiencia que define como su verdadera escuela de fogueo.<\/p>\n\n\n\n<p>Actualmente es miembro de la Compa\u00f1\u00eda Nacional de Teatro y afirma, con orgullo, vivir exclusivamente del oficio de la actuaci\u00f3n.<\/p>\n\n\n\n<p>La solidez de su carrera se refleja en un portafolio prol\u00edfico y en una preparaci\u00f3n integral que marca la diferencia en la industria. Gal\u00e1n suma m\u00e1s de una veintena de obras teatrales \u2014desde cl\u00e1sicos como Hamlet y La casa de Bernarda Alba hasta La fiesta del chivo\u2014 y m\u00e1s de una decena de producciones cinematogr\u00e1ficas.<\/p>\n\n\n\n<p>Este volumen de trabajo se enriquece con un arsenal de habilidades que abarca el canto, la danza contempor\u00e1nea, la percusi\u00f3n e incluso destrezas f\u00edsicas en zancos. Todo ello constituye el pilar de una calidad interpretativa que ha conquistado a la cr\u00edtica.<\/p>\n\n\n\n<p><strong>La huella de interpretaciones contundentes<\/strong><\/p>\n\n\n\n<p>Su paso al s\u00e9ptimo arte ha sido igual de rotundo. Debut\u00f3 con El proyeccionista (2019), de Jos\u00e9 Mar\u00eda Cabral, interpretaci\u00f3n que le vali\u00f3 el premio La Silla a \u201cMejor Actriz\u201d y una nominaci\u00f3n en la misma categor\u00eda en los premios Soberano 2021.<\/p>\n\n\n\n<p>Incluso en participaciones de corta duraci\u00f3n, ha validado la premisa de que no existen papeles peque\u00f1os. Su trabajo en la pel\u00edcula Candela (2021), de Andr\u00e9s Far\u00edas, con una \u00fanica pero poderosa escena, le vali\u00f3 el premio a \u201cMejor Actriz Secundaria\u201d en el Festival de Cine Dominicano RD.<\/p>\n\n\n\n<p>Para Gal\u00e1n, cada minuto en pantalla es una oportunidad para estudiar la conducta humana y asumir transformaciones que tengan sentido dentro de la historia.<\/p>\n\n\n\n<p><strong>Nuevos horizontes y la actuaci\u00f3n como un juego serio<\/strong><\/p>\n\n\n\n<p>M\u00e1s all\u00e1 de los premios y la exposici\u00f3n, Cindy Gal\u00e1n mantiene un mantra sobre su oficio: el actor es, ante todo, un &#8220;justificador de acciones&#8221; que debe abordar cada proceso desde la honestidad y la falta de prejuicios.<\/p>\n\n\n\n<p>&#8220;Mientras m\u00e1s humana, mientras m\u00e1s gente t\u00fa eres, mejor artista eres&#8221;, reflexiona la actriz, quien sigue viendo en cada personaje un lienzo en blanco y una oportunidad seria para seguir jugando a entender la complejidad del ser humano.<\/p>\n\n\n\n<p>El futuro de la actriz se proyecta en m\u00faltiples direcciones. Pr\u00f3ximamente encarnar\u00e1 la etapa joven de Miriam Cruz en un filme documental.<\/p>\n\n\n\n<p>Tambi\u00e9n asumir\u00e1 su primer protag\u00f3nico, nuevamente bajo la direcci\u00f3n de Jos\u00e9 Mar\u00eda Cabral, en un drama de humor negro que describe como el mayor reto reciente de su carrera. A esto se suma su inclusi\u00f3n televisiva en la serie La familia Espejo.<\/p>\n","protected":false},"excerpt":{"rendered":"<p>Con el estreno de la pel\u00edcula Milly, Reina del Merengue, se consolida como una de las actrices m\u00e1s camale\u00f3nicas y desafiantes del cine dominicano El estreno de la pel\u00edcula biogr\u00e1fica&hellip;<\/p>\n","protected":false},"author":10,"featured_media":128558,"comment_status":"open","ping_status":"open","sticky":false,"template":"","format":"standard","meta":{"content-type":"","jetpack_post_was_ever_published":false,"_jetpack_newsletter_access":"","_jetpack_dont_email_post_to_subs":false,"_jetpack_newsletter_tier_id":0,"_jetpack_memberships_contains_paywalled_content":false,"_jetpack_memberships_contains_paid_content":false,"footnotes":""},"categories":[84],"tags":[566,32602,8164,28288,13225,32603],"class_list":["post-128557","post","type-post","status-publish","format-standard","has-post-thumbnail","hentry","category-entretenimiento","tag-carrera","tag-cindy-galan","tag-escenario","tag-milly","tag-pantalla","tag-reina-del-merengue"],"jetpack_featured_media_url":"https:\/\/lasprimeras.com.do\/wp-content\/uploads\/2026\/04\/Cindy-Galan.jpg","jetpack-related-posts":[{"id":117100,"url":"https:\/\/lasprimeras.com.do\/index.php\/2025\/12\/07\/d-parranda-navidena-une-a-milly-villalona-y-el-conjunto-quisqueya\/","url_meta":{"origin":128557,"position":0},"title":"D\u2019 Parranda Navide\u00f1a une a Milly, Villalona y el Conjunto Quisqueya","author":"Nelson Feliz","date":"7 de diciembre de 2025","format":false,"excerpt":"Los artistas Milly Quezada, Fernando Villalona y el Conjunto Quisqueya, se juntan el pr\u00f3ximo 26 de diciembre para celebrar la tradicional fiesta show D\u2019 Parranda Navide\u00f1a. La actividad se realizar\u00e1 en el Teatro La Fiesta del hotel Jaragua, a partir de las 9:00 de la noche, bajo la producci\u00f3n de\u2026","rel":"","context":"En \u00abENTRETENIMIENTO\u00bb","block_context":{"text":"ENTRETENIMIENTO","link":"https:\/\/lasprimeras.com.do\/index.php\/category\/entretenimiento\/"},"img":{"alt_text":"","src":"https:\/\/i0.wp.com\/lasprimeras.com.do\/wp-content\/uploads\/2025\/12\/De-Parranda-Navidena.jpg?resize=350%2C200&ssl=1","width":350,"height":200,"srcset":"https:\/\/i0.wp.com\/lasprimeras.com.do\/wp-content\/uploads\/2025\/12\/De-Parranda-Navidena.jpg?resize=350%2C200&ssl=1 1x, https:\/\/i0.wp.com\/lasprimeras.com.do\/wp-content\/uploads\/2025\/12\/De-Parranda-Navidena.jpg?resize=525%2C300&ssl=1 1.5x, https:\/\/i0.wp.com\/lasprimeras.com.do\/wp-content\/uploads\/2025\/12\/De-Parranda-Navidena.jpg?resize=700%2C400&ssl=1 2x"},"classes":[]},{"id":66449,"url":"https:\/\/lasprimeras.com.do\/index.php\/2023\/11\/07\/super-ultra-mega-merengazo-20-estrellas-del-merengue-en-historico-junte-en-jarabacoa\/","url_meta":{"origin":128557,"position":1},"title":"S\u00faper Ultra Mega Merengazo, 20 estrellas del merengue en hist\u00f3rico junte en Jarabacoa","author":"BIMARY DE JES\u00daS Matos","date":"7 de noviembre de 2023","format":false,"excerpt":"Jarabacoa.- A lo largo de su historia, el merengue ha tenido momentos \u00e9picos, pero el que se vivi\u00f3 este domingo en la ciudad de Jarabacoa con el S\u00faper Ultra Mega Merengazo 2023 quedar\u00e1 en la memoria colectiva como uno de los espect\u00e1culos m\u00e1s trascendentales que registran las p\u00e1ginas de oro\u2026","rel":"","context":"En \u00abENTRETENIMIENTO\u00bb","block_context":{"text":"ENTRETENIMIENTO","link":"https:\/\/lasprimeras.com.do\/index.php\/category\/entretenimiento\/"},"img":{"alt_text":"","src":"https:\/\/i0.wp.com\/lasprimeras.com.do\/wp-content\/uploads\/2023\/11\/torose-5.jpg?resize=350%2C200&ssl=1","width":350,"height":200,"srcset":"https:\/\/i0.wp.com\/lasprimeras.com.do\/wp-content\/uploads\/2023\/11\/torose-5.jpg?resize=350%2C200&ssl=1 1x, https:\/\/i0.wp.com\/lasprimeras.com.do\/wp-content\/uploads\/2023\/11\/torose-5.jpg?resize=525%2C300&ssl=1 1.5x"},"classes":[]},{"id":82291,"url":"https:\/\/lasprimeras.com.do\/index.php\/2024\/05\/01\/eddy-herrera-celebra-seis-decadas-de-vida-como-un-galan-del-merengue\/","url_meta":{"origin":128557,"position":2},"title":"Eddy Herrera celebra seis d\u00e9cadas de vida como un &#8220;gal\u00e1n del merengue&#8221;","author":"BIMARY DE JES\u00daS Matos","date":"1 de mayo de 2024","format":false,"excerpt":"Eddy Herrera, el cibae\u00f1o que en sus a\u00f1os mozos estaba m\u00e1s inclinado a la balada y que termin\u00f3 como figura estelar del merengue, cumple este martes 60 a\u00f1os de edad, 40 de ellos en la m\u00fasica. El denominado \"Gal\u00e1n del merengue\" naci\u00f3 el 30 de abril de 1964 en Santiago\u2026","rel":"","context":"En \u00abENTRETENIMIENTO\u00bb","block_context":{"text":"ENTRETENIMIENTO","link":"https:\/\/lasprimeras.com.do\/index.php\/category\/entretenimiento\/"},"img":{"alt_text":"","src":"https:\/\/i0.wp.com\/lasprimeras.com.do\/wp-content\/uploads\/2024\/05\/6a0c8a05-4f4b-48f5-a1d9-1ad180753c4a.jpg?resize=350%2C200&ssl=1","width":350,"height":200,"srcset":"https:\/\/i0.wp.com\/lasprimeras.com.do\/wp-content\/uploads\/2024\/05\/6a0c8a05-4f4b-48f5-a1d9-1ad180753c4a.jpg?resize=350%2C200&ssl=1 1x, https:\/\/i0.wp.com\/lasprimeras.com.do\/wp-content\/uploads\/2024\/05\/6a0c8a05-4f4b-48f5-a1d9-1ad180753c4a.jpg?resize=525%2C300&ssl=1 1.5x"},"classes":[]},{"id":60324,"url":"https:\/\/lasprimeras.com.do\/index.php\/2023\/09\/13\/maridalia-hernandez-jose-alberto-el-canario-y-wilfrido-vargas-estaran-en-concierto-agradecido-de-eddy-herrera\/","url_meta":{"origin":128557,"position":3},"title":"Maridalia Hern\u00e1ndez, Jos\u00e9 Alberto &#8220;El Canario&#8221; y Wilfrido Vargas estar\u00e1n en concierto \u201cAgradecido\u201d de Eddy Herrera","author":"Nelson Feliz","date":"13 de septiembre de 2023","format":false,"excerpt":"Bajo la producci\u00f3n de Edilenia Tactuk se presentar\u00e1 \u201cEl gal\u00e1n del merengue\u201d, el pr\u00f3ximo s\u00e1bado 23 de septiembre en El Gran Teatro del Cibao Emocionado y feliz, as\u00ed anunci\u00f3 Eddy Herrera a Maridalia Hern\u00e1ndez, Jos\u00e9 Alberto \"El Canario\" y Wilfrido Vargas, parte de los destacados artistas que lo acompa\u00f1ar\u00e1n el\u2026","rel":"","context":"En \u00abENTRETENIMIENTO\u00bb","block_context":{"text":"ENTRETENIMIENTO","link":"https:\/\/lasprimeras.com.do\/index.php\/category\/entretenimiento\/"},"img":{"alt_text":"Eddy Herrera","src":"https:\/\/i0.wp.com\/lasprimeras.com.do\/wp-content\/uploads\/2023\/09\/Eddy-Herrera-1.jpg?resize=350%2C200&ssl=1","width":350,"height":200,"srcset":"https:\/\/i0.wp.com\/lasprimeras.com.do\/wp-content\/uploads\/2023\/09\/Eddy-Herrera-1.jpg?resize=350%2C200&ssl=1 1x, https:\/\/i0.wp.com\/lasprimeras.com.do\/wp-content\/uploads\/2023\/09\/Eddy-Herrera-1.jpg?resize=525%2C300&ssl=1 1.5x, https:\/\/i0.wp.com\/lasprimeras.com.do\/wp-content\/uploads\/2023\/09\/Eddy-Herrera-1.jpg?resize=700%2C400&ssl=1 2x"},"classes":[]},{"id":70900,"url":"https:\/\/lasprimeras.com.do\/index.php\/2023\/12\/15\/conjunto-quisqueya-milly-y-sergio-van-d-parranda-al-jaragua\/","url_meta":{"origin":128557,"position":4},"title":"Conjunto Quisqueya, Milly y Sergio van D\u2019 Parranda al Jaragua","author":"BIMARY DE JES\u00daS Matos","date":"15 de diciembre de 2023","format":false,"excerpt":"SANTO DOMINGO.- El merengue ser\u00e1 el protagonista del concierto bailable, D\u2019Parranda navide\u00f1a, con las actuaciones de Sergio Vargas, Milly Quezada y el Conjunto Quisqueya, a llevarse a cabo el viernes 22 de este mes, en el Teatro La Fiesta del hotel Jaragua. Con la producci\u00f3n ejecutiva de vecinos Interprices y\u2026","rel":"","context":"En \u00abENTRETENIMIENTO\u00bb","block_context":{"text":"ENTRETENIMIENTO","link":"https:\/\/lasprimeras.com.do\/index.php\/category\/entretenimiento\/"},"img":{"alt_text":"","src":"https:\/\/i0.wp.com\/lasprimeras.com.do\/wp-content\/uploads\/2023\/12\/WhatsApp-Image-2023-12-14-at-4.48.00-PM-12.jpeg?resize=350%2C200&ssl=1","width":350,"height":200,"srcset":"https:\/\/i0.wp.com\/lasprimeras.com.do\/wp-content\/uploads\/2023\/12\/WhatsApp-Image-2023-12-14-at-4.48.00-PM-12.jpeg?resize=350%2C200&ssl=1 1x, https:\/\/i0.wp.com\/lasprimeras.com.do\/wp-content\/uploads\/2023\/12\/WhatsApp-Image-2023-12-14-at-4.48.00-PM-12.jpeg?resize=525%2C300&ssl=1 1.5x"},"classes":[]},{"id":70854,"url":"https:\/\/lasprimeras.com.do\/index.php\/2023\/12\/14\/navidad-entre-amigos-2023-tendra-su-ultimo-concierto-este-lunes-en-escenario-360\/","url_meta":{"origin":128557,"position":5},"title":"&#8220;Navidad entre Amigos 2023&#8221; tendr\u00e1 su \u00faltimo concierto este lunes en Escenario 360","author":"BIMARY DE JES\u00daS Matos","date":"14 de diciembre de 2023","format":false,"excerpt":"Santo Domingo.-Tras una descarga de energ\u00eda musical en donde Diomary La Mala, Silvio Mora, Kinito M\u00e9ndez, Tueska, Pavel N\u00fa\u00f1ez, Diego Jaar y Jos\u00e9 Guillermo Cortines encendieron la tercera noche de \u00abNavidad entre Amigos 2023\u00bb, Frank Ceara se prepara para cerrar, este lunes 18 de diciembre, con el mejor merengue de\u2026","rel":"","context":"En \u00abENTRETENIMIENTO\u00bb","block_context":{"text":"ENTRETENIMIENTO","link":"https:\/\/lasprimeras.com.do\/index.php\/category\/entretenimiento\/"},"img":{"alt_text":"","src":"https:\/\/i0.wp.com\/lasprimeras.com.do\/wp-content\/uploads\/2023\/12\/WhatsApp-Image-2023-12-14-at-10.38.32-AM-7.jpeg?resize=350%2C200&ssl=1","width":350,"height":200,"srcset":"https:\/\/i0.wp.com\/lasprimeras.com.do\/wp-content\/uploads\/2023\/12\/WhatsApp-Image-2023-12-14-at-10.38.32-AM-7.jpeg?resize=350%2C200&ssl=1 1x, https:\/\/i0.wp.com\/lasprimeras.com.do\/wp-content\/uploads\/2023\/12\/WhatsApp-Image-2023-12-14-at-10.38.32-AM-7.jpeg?resize=525%2C300&ssl=1 1.5x"},"classes":[]}],"jetpack_sharing_enabled":true,"_links":{"self":[{"href":"https:\/\/lasprimeras.com.do\/index.php\/wp-json\/wp\/v2\/posts\/128557","targetHints":{"allow":["GET"]}}],"collection":[{"href":"https:\/\/lasprimeras.com.do\/index.php\/wp-json\/wp\/v2\/posts"}],"about":[{"href":"https:\/\/lasprimeras.com.do\/index.php\/wp-json\/wp\/v2\/types\/post"}],"author":[{"embeddable":true,"href":"https:\/\/lasprimeras.com.do\/index.php\/wp-json\/wp\/v2\/users\/10"}],"replies":[{"embeddable":true,"href":"https:\/\/lasprimeras.com.do\/index.php\/wp-json\/wp\/v2\/comments?post=128557"}],"version-history":[{"count":1,"href":"https:\/\/lasprimeras.com.do\/index.php\/wp-json\/wp\/v2\/posts\/128557\/revisions"}],"predecessor-version":[{"id":128560,"href":"https:\/\/lasprimeras.com.do\/index.php\/wp-json\/wp\/v2\/posts\/128557\/revisions\/128560"}],"wp:featuredmedia":[{"embeddable":true,"href":"https:\/\/lasprimeras.com.do\/index.php\/wp-json\/wp\/v2\/media\/128558"}],"wp:attachment":[{"href":"https:\/\/lasprimeras.com.do\/index.php\/wp-json\/wp\/v2\/media?parent=128557"}],"wp:term":[{"taxonomy":"category","embeddable":true,"href":"https:\/\/lasprimeras.com.do\/index.php\/wp-json\/wp\/v2\/categories?post=128557"},{"taxonomy":"post_tag","embeddable":true,"href":"https:\/\/lasprimeras.com.do\/index.php\/wp-json\/wp\/v2\/tags?post=128557"}],"curies":[{"name":"wp","href":"https:\/\/api.w.org\/{rel}","templated":true}]}}