{"id":128569,"date":"2026-04-24T21:34:22","date_gmt":"2026-04-25T01:34:22","guid":{"rendered":"https:\/\/lasprimeras.com.do\/?p=128569"},"modified":"2026-04-24T21:34:24","modified_gmt":"2026-04-25T01:34:24","slug":"mas-ninas-en-tic-una-oportunidad-para-transformar-el-futuro","status":"publish","type":"post","link":"https:\/\/lasprimeras.com.do\/index.php\/2026\/04\/24\/mas-ninas-en-tic-una-oportunidad-para-transformar-el-futuro\/","title":{"rendered":"M\u00e1s ni\u00f1as en TIC: una oportunidad para transformar el futuro"},"content":{"rendered":"\n<p><strong>Por Mar\u00eda Fernanda Hern\u00e1ndez, gerente de Ciudadan\u00eda Corporativa de Samsung<\/strong><\/p>\n\n\n\n<p>Cada 24 de abril, el D\u00eda Internacional de las Ni\u00f1as en las Tecnolog\u00edas de la Informaci\u00f3n y la Comunicaci\u00f3n (TIC) nos invita a reflexionar sobre una realidad que a\u00fan persiste: la brecha de g\u00e9nero en el acceso y desarrollo de talento en \u00e1reas STEM (ciencia, tecnolog\u00eda, ingenier\u00eda y matem\u00e1ticas).<\/p>\n\n\n\n<p>Si bien hemos avanzado, los desaf\u00edos siguen siendo significativos. A nivel global, las mujeres representan solo el 35% de los graduados en disciplinas STEM.<\/p>\n\n\n\n<p>En Am\u00e9rica Latina, aunque constituyen cerca del 45% de los investigadores, su participaci\u00f3n en la industria tecnol\u00f3gica contin\u00faa siendo limitada. Esta brecha no es solo una cuesti\u00f3n de acceso, sino tambi\u00e9n de percepci\u00f3n, representaci\u00f3n y oportunidades.<\/p>\n\n\n\n<p>En Samsung, creemos firmemente que la educaci\u00f3n es el motor m\u00e1s poderoso para cerrar esta brecha. A trav\u00e9s de iniciativas como Solve for Tomorrow y Samsung Innovation Campus (SIC), buscamos no solo ense\u00f1ar habilidades t\u00e9cnicas, sino tambi\u00e9n fortalecer la confianza y el sentido de prop\u00f3sito de las j\u00f3venes.<\/p>\n\n\n\n<figure class=\"wp-block-image size-full\"><img decoding=\"async\" width=\"1000\" height=\"664\" src=\"https:\/\/lasprimeras.com.do\/wp-content\/uploads\/2026\/04\/Samsung-ESG-Citizenship-International-Day-of-the-Girl-Child-4.jpg\" alt=\"\" class=\"wp-image-128571\" srcset=\"https:\/\/lasprimeras.com.do\/wp-content\/uploads\/2026\/04\/Samsung-ESG-Citizenship-International-Day-of-the-Girl-Child-4.jpg 1000w, https:\/\/lasprimeras.com.do\/wp-content\/uploads\/2026\/04\/Samsung-ESG-Citizenship-International-Day-of-the-Girl-Child-4-300x199.jpg 300w, https:\/\/lasprimeras.com.do\/wp-content\/uploads\/2026\/04\/Samsung-ESG-Citizenship-International-Day-of-the-Girl-Child-4-768x510.jpg 768w\" sizes=\"(max-width: 1000px) 100vw, 1000px\" \/><\/figure>\n\n\n\n<p>Los resultados nos muestran una realidad interesante. En programas como Solve for Tomorrow, dirigido a estudiantes de secundaria, hemos alcanzado una participaci\u00f3n casi equitativa: 52% mujeres y 48% hombres.<\/p>\n\n\n\n<p>Incluso, hemos visto equipos conformados \u00fanicamente por chicas, como el equipo campe\u00f3n regional de 2024, procedente de Costa Rica, integrado por cuatro j\u00f3venes estudiantes que demostraron el enorme potencial del talento femenino cuando se le brindan las oportunidades adecuadas.<\/p>\n\n\n\n<p>Sin embargo, en etapas posteriores, como en Samsung Innovation Campus, donde participan j\u00f3venes en edad universitaria, la brecha se ampl\u00eda: aproximadamente el 80% de los participantes son hombres y solo el 20% mujeres. Esta diferencia refleja un desaf\u00edo estructural m\u00e1s profundo: muchas j\u00f3venes no contin\u00faan su camino en \u00e1reas tecnol\u00f3gicas.<\/p>\n\n\n\n<p>Necesitamos no solo abrir puertas, sino acompa\u00f1ar a las ni\u00f1as y j\u00f3venes a lo largo de todo su proceso educativo y profesional. Es clave crear entornos donde se sientan representadas, apoyadas y capaces de liderar.<\/p>\n\n\n\n<p>La representaci\u00f3n importa. Cuando una ni\u00f1a ve a otra mujer desarrollando tecnolog\u00eda, liderando proyectos o resolviendo problemas reales, su percepci\u00f3n de lo posible cambia. Se reconoce en ese rol.<\/p>\n\n\n\n<p>Por eso, en Samsung trabajamos en construir espacios donde las j\u00f3venes puedan experimentar, crear y equivocarse sin miedo.<\/p>\n\n\n\n<p>En Solve for Tomorrow, las participantes desarrollan soluciones a problem\u00e1ticas reales de sus comunidades, fortaleciendo habilidades como el pensamiento cr\u00edtico, el trabajo en equipo y el liderazgo.<\/p>\n\n\n\n<p>En Samsung Innovation Campus, profundizan en \u00e1reas como programaci\u00f3n, inteligencia artificial, Internet de las Cosas y Big Data, prepar\u00e1ndose para un mercado laboral cada vez m\u00e1s exigente en habilidades digitales.<\/p>\n\n\n\n<p>M\u00e1s all\u00e1 del conocimiento t\u00e9cnico, buscamos que las j\u00f3venes se vean a s\u00ed mismas como agentes de cambio.<\/p>\n\n\n\n<p>Cerrar la brecha de g\u00e9nero en tecnolog\u00eda no es solo una cuesti\u00f3n de equidad; es una necesidad para el desarrollo sostenible. La diversidad en la innovaci\u00f3n genera mejores soluciones, m\u00e1s inclusivas y representativas de la realidad.<\/p>\n\n\n\n<p>Este D\u00eda Internacional de las Ni\u00f1as en las TIC es una oportunidad para reafirmar un compromiso colectivo: el de inspirar, educar y acompa\u00f1ar a la pr\u00f3xima generaci\u00f3n de mujeres en tecnolog\u00eda.<\/p>\n\n\n\n<p>Porque cuando una ni\u00f1a accede a la tecnolog\u00eda, no solo transforma su futuro, sino el de toda su comunidad.<\/p>\n","protected":false},"excerpt":{"rendered":"<p>Por Mar\u00eda Fernanda Hern\u00e1ndez, gerente de Ciudadan\u00eda Corporativa de Samsung Cada 24 de abril, el D\u00eda Internacional de las Ni\u00f1as en las Tecnolog\u00edas de la Informaci\u00f3n y la Comunicaci\u00f3n (TIC)&hellip;<\/p>\n","protected":false},"author":10,"featured_media":128570,"comment_status":"open","ping_status":"open","sticky":false,"template":"","format":"standard","meta":{"content-type":"","jetpack_post_was_ever_published":false,"_jetpack_newsletter_access":"","_jetpack_dont_email_post_to_subs":false,"_jetpack_newsletter_tier_id":0,"_jetpack_memberships_contains_paywalled_content":false,"_jetpack_memberships_contains_paid_content":false,"footnotes":""},"categories":[23746],"tags":[4718,32606,11039,2208],"class_list":["post-128569","post","type-post","status-publish","format-standard","has-post-thumbnail","hentry","category-tecnologia","tag-futuro","tag-mas-ninas-en-tic","tag-oportunidad","tag-transformar"],"jetpack_featured_media_url":"https:\/\/lasprimeras.com.do\/wp-content\/uploads\/2026\/04\/Samsung-ESG-Citizenship-International-Day-of-the-Girl-Child-2.jpg","jetpack-related-posts":[{"id":56566,"url":"https:\/\/lasprimeras.com.do\/index.php\/2023\/08\/02\/presidente-de-guyana-visita-centro-de-investigacion-de-huawei-en-shanghai\/","url_meta":{"origin":128569,"position":0},"title":"Presidente de Guyana visita centro de investigaci\u00f3n de Huawei en Shangh\u00e1i","author":"Nelson Feliz","date":"2 de agosto de 2023","format":false,"excerpt":"El presidente de la Rep\u00fablica Cooperativa de Guyana, Dr. Mohamed Irfaan Ali, visit\u00f3 el Centro de Investigaci\u00f3n de Huawei en Shangh\u00e1i, con el objetivo de conocer los avances tecnol\u00f3gicos desarrollados por Huawei a nivel global en miras hacia la transformaci\u00f3n digital de Guyana. Durante esa visita, el presidente recorri\u00f3 la\u2026","rel":"","context":"En \u00abSin categor\u00eda\u00bb","block_context":{"text":"Sin categor\u00eda","link":"https:\/\/lasprimeras.com.do\/index.php\/category\/sin-categoria\/"},"img":{"alt_text":"Dr. Mohamed Irfaan Ali, presidente de la Rep\u00fablica Cooperativa de Guyana, y Jeff Wang, Vicepresidente S\u00e9nior de Huawei","src":"https:\/\/i0.wp.com\/lasprimeras.com.do\/wp-content\/uploads\/2023\/08\/Dr.-Mohamed-Irfaan-Ali-presidente-de-la-Republica-Cooperativa-de-Guyana-y-Jeff-Wang-Vicepresidente-Senior-de-Huawei.jpg?resize=350%2C200&ssl=1","width":350,"height":200,"srcset":"https:\/\/i0.wp.com\/lasprimeras.com.do\/wp-content\/uploads\/2023\/08\/Dr.-Mohamed-Irfaan-Ali-presidente-de-la-Republica-Cooperativa-de-Guyana-y-Jeff-Wang-Vicepresidente-Senior-de-Huawei.jpg?resize=350%2C200&ssl=1 1x, https:\/\/i0.wp.com\/lasprimeras.com.do\/wp-content\/uploads\/2023\/08\/Dr.-Mohamed-Irfaan-Ali-presidente-de-la-Republica-Cooperativa-de-Guyana-y-Jeff-Wang-Vicepresidente-Senior-de-Huawei.jpg?resize=525%2C300&ssl=1 1.5x, https:\/\/i0.wp.com\/lasprimeras.com.do\/wp-content\/uploads\/2023\/08\/Dr.-Mohamed-Irfaan-Ali-presidente-de-la-Republica-Cooperativa-de-Guyana-y-Jeff-Wang-Vicepresidente-Senior-de-Huawei.jpg?resize=700%2C400&ssl=1 2x"},"classes":[]},{"id":127001,"url":"https:\/\/lasprimeras.com.do\/index.php\/2026\/04\/07\/indotel-y-minerd-reconocen-a-mas-de-300-estudiantes-destacados-en-disciplinas-stem\/","url_meta":{"origin":128569,"position":1},"title":"Indotel y MINERD reconocen a m\u00e1s de 300 estudiantes destacados en disciplinas STEM","author":"Nelson Feliz","date":"7 de abril de 2026","format":false,"excerpt":"El programa de alcance nacional reconoce a j\u00f3venes de secundaria de sectores vulnerables por su excelencia acad\u00e9mica y liderazgo en \u00e1reas cient\u00edficas y tecnol\u00f3gicas. El Instituto Dominicano de las Telecomunicaciones (Indotel), en coordinaci\u00f3n con el Ministerio de Educaci\u00f3n (MINERD), entreg\u00f3 el Premio al M\u00e9rito Estudiantil en Disciplinas STEM, una iniciativa\u2026","rel":"","context":"En \u00abNACIONALES\u00bb","block_context":{"text":"NACIONALES","link":"https:\/\/lasprimeras.com.do\/index.php\/category\/nacionales\/"},"img":{"alt_text":"","src":"https:\/\/i0.wp.com\/lasprimeras.com.do\/wp-content\/uploads\/2026\/04\/Indotel-y-Minerd.jpg?resize=350%2C200&ssl=1","width":350,"height":200,"srcset":"https:\/\/i0.wp.com\/lasprimeras.com.do\/wp-content\/uploads\/2026\/04\/Indotel-y-Minerd.jpg?resize=350%2C200&ssl=1 1x, https:\/\/i0.wp.com\/lasprimeras.com.do\/wp-content\/uploads\/2026\/04\/Indotel-y-Minerd.jpg?resize=525%2C300&ssl=1 1.5x, https:\/\/i0.wp.com\/lasprimeras.com.do\/wp-content\/uploads\/2026\/04\/Indotel-y-Minerd.jpg?resize=700%2C400&ssl=1 2x"},"classes":[]},{"id":121086,"url":"https:\/\/lasprimeras.com.do\/index.php\/2026\/01\/30\/gobierno-invierte-en-el-futuro-con-cerca-de-1800-becas-internacionales-de-formacion-en-areas-stem\/","url_meta":{"origin":128569,"position":2},"title":"Gobierno invierte en el futuro con cerca de 1,800 becas internacionales de formaci\u00f3n en \u00e1reas STEM","author":"Nelson Feliz","date":"30 de enero de 2026","format":false,"excerpt":"Mescyt dej\u00f3 abierto programa de vecas internacionales que incluye maestr\u00edas, equidad de g\u00e9nero y especializaci\u00f3n en tecnolog\u00eda, ciencia e innovaci\u00f3n para j\u00f3venes dominicanos. El Gobierno dominicano, a trav\u00e9s del Ministerio de Educaci\u00f3n Superior, Ciencia y Tecnolog\u00eda (Mescyt), anunci\u00f3 la apertura de la Convocatoria de Becas Internacionales 2026, con la que\u2026","rel":"","context":"En \u00abNACIONALES\u00bb","block_context":{"text":"NACIONALES","link":"https:\/\/lasprimeras.com.do\/index.php\/category\/nacionales\/"},"img":{"alt_text":"","src":"https:\/\/i0.wp.com\/lasprimeras.com.do\/wp-content\/uploads\/2026\/01\/Francisco-Javier-Garcia-1-1.jpg?resize=350%2C200&ssl=1","width":350,"height":200,"srcset":"https:\/\/i0.wp.com\/lasprimeras.com.do\/wp-content\/uploads\/2026\/01\/Francisco-Javier-Garcia-1-1.jpg?resize=350%2C200&ssl=1 1x, https:\/\/i0.wp.com\/lasprimeras.com.do\/wp-content\/uploads\/2026\/01\/Francisco-Javier-Garcia-1-1.jpg?resize=525%2C300&ssl=1 1.5x, https:\/\/i0.wp.com\/lasprimeras.com.do\/wp-content\/uploads\/2026\/01\/Francisco-Javier-Garcia-1-1.jpg?resize=700%2C400&ssl=1 2x"},"classes":[]},{"id":100454,"url":"https:\/\/lasprimeras.com.do\/index.php\/2025\/06\/06\/mescyt-y-huawei-promoveran-programa-de-academias-en-universidades-dominicanas\/","url_meta":{"origin":128569,"position":3},"title":"MESCyT y Huawei promover\u00e1n programa de academias en universidades dominicanas","author":"Nelson Feliz","date":"6 de junio de 2025","format":false,"excerpt":"El Ministerio de Educaci\u00f3n Superior, Ciencia y Tecnolog\u00eda ( MESCyT) y Huawei firmaron un convenio para incorporar el programa de academias en universidades dominicanas para mejorar la capacitaci\u00f3n en tecnolog\u00edas de la informaci\u00f3n y comunicaci\u00f3n (TIC). El pacto, rubricado por los titulares de ambas entidades, Franklin Garc\u00eda Ferm\u00edn, y Huang\u2026","rel":"","context":"En \u00abNACIONALES\u00bb","block_context":{"text":"NACIONALES","link":"https:\/\/lasprimeras.com.do\/index.php\/category\/nacionales\/"},"img":{"alt_text":"","src":"https:\/\/i0.wp.com\/lasprimeras.com.do\/wp-content\/uploads\/2025\/06\/MESCyT-y-Huawei-1.jpg?resize=350%2C200&ssl=1","width":350,"height":200,"srcset":"https:\/\/i0.wp.com\/lasprimeras.com.do\/wp-content\/uploads\/2025\/06\/MESCyT-y-Huawei-1.jpg?resize=350%2C200&ssl=1 1x, https:\/\/i0.wp.com\/lasprimeras.com.do\/wp-content\/uploads\/2025\/06\/MESCyT-y-Huawei-1.jpg?resize=525%2C300&ssl=1 1.5x, https:\/\/i0.wp.com\/lasprimeras.com.do\/wp-content\/uploads\/2025\/06\/MESCyT-y-Huawei-1.jpg?resize=700%2C400&ssl=1 2x"},"classes":[]},{"id":107847,"url":"https:\/\/lasprimeras.com.do\/index.php\/2025\/08\/31\/gomez-mazara-motiva-a-estudiantes-formarse-en-inteligencia-artificial-y-ciencias-de-datos\/","url_meta":{"origin":128569,"position":4},"title":"G\u00f3mez Mazara motiva a estudiantes formarse en inteligencia artificial y ciencias de datos","author":"Nelson Feliz","date":"31 de agosto de 2025","format":false,"excerpt":"Presidente del Indotel asegura que estas \u00e1reas son clave para reducir la brecha digital y responder las demandas del mercado laboral. El presidente del Consejo Directivo del Instituto Dominicano de las Telecomunicaciones (Indotel), Guido G\u00f3mez Mazara, exhort\u00f3 a los estudiantes a formarse en carreras relacionadas con la Inteligencia Artificial (IA)\u2026","rel":"","context":"En \u00abTECNOL\u00d3GIA\u00bb","block_context":{"text":"TECNOL\u00d3GIA","link":"https:\/\/lasprimeras.com.do\/index.php\/category\/tecnologia\/"},"img":{"alt_text":"","src":"https:\/\/i0.wp.com\/lasprimeras.com.do\/wp-content\/uploads\/2025\/08\/Guido-Gomez-Mazara-3.jpg?resize=350%2C200&ssl=1","width":350,"height":200,"srcset":"https:\/\/i0.wp.com\/lasprimeras.com.do\/wp-content\/uploads\/2025\/08\/Guido-Gomez-Mazara-3.jpg?resize=350%2C200&ssl=1 1x, https:\/\/i0.wp.com\/lasprimeras.com.do\/wp-content\/uploads\/2025\/08\/Guido-Gomez-Mazara-3.jpg?resize=525%2C300&ssl=1 1.5x, https:\/\/i0.wp.com\/lasprimeras.com.do\/wp-content\/uploads\/2025\/08\/Guido-Gomez-Mazara-3.jpg?resize=700%2C400&ssl=1 2x"},"classes":[]},{"id":123268,"url":"https:\/\/lasprimeras.com.do\/index.php\/2026\/02\/27\/presidente-abinader-anuncia-reforma-para-transformar-el-sistema-educativo\/","url_meta":{"origin":128569,"position":5},"title":"Presidente Abinader anuncia reforma para transformar el sistema educativo","author":"Nelson Feliz","date":"27 de febrero de 2026","format":false,"excerpt":"Con una reforma integral, el Gobierno coloca la educaci\u00f3n en el centro del desarrollo nacional y acelera el camino hacia una econom\u00eda m\u00e1s grande y competitiva. El presidente Luis Abinader reafirm\u00f3 ante la Asamblea Nacional que la educaci\u00f3n es el pilar fundamental para el desarrollo sostenible de la Rep\u00fablica Dominicana,\u2026","rel":"","context":"En \u00abNACIONALES\u00bb","block_context":{"text":"NACIONALES","link":"https:\/\/lasprimeras.com.do\/index.php\/category\/nacionales\/"},"img":{"alt_text":"","src":"https:\/\/i0.wp.com\/lasprimeras.com.do\/wp-content\/uploads\/2026\/02\/abina-y-est.jpg?resize=350%2C200&ssl=1","width":350,"height":200,"srcset":"https:\/\/i0.wp.com\/lasprimeras.com.do\/wp-content\/uploads\/2026\/02\/abina-y-est.jpg?resize=350%2C200&ssl=1 1x, https:\/\/i0.wp.com\/lasprimeras.com.do\/wp-content\/uploads\/2026\/02\/abina-y-est.jpg?resize=525%2C300&ssl=1 1.5x, https:\/\/i0.wp.com\/lasprimeras.com.do\/wp-content\/uploads\/2026\/02\/abina-y-est.jpg?resize=700%2C400&ssl=1 2x"},"classes":[]}],"jetpack_sharing_enabled":true,"_links":{"self":[{"href":"https:\/\/lasprimeras.com.do\/index.php\/wp-json\/wp\/v2\/posts\/128569","targetHints":{"allow":["GET"]}}],"collection":[{"href":"https:\/\/lasprimeras.com.do\/index.php\/wp-json\/wp\/v2\/posts"}],"about":[{"href":"https:\/\/lasprimeras.com.do\/index.php\/wp-json\/wp\/v2\/types\/post"}],"author":[{"embeddable":true,"href":"https:\/\/lasprimeras.com.do\/index.php\/wp-json\/wp\/v2\/users\/10"}],"replies":[{"embeddable":true,"href":"https:\/\/lasprimeras.com.do\/index.php\/wp-json\/wp\/v2\/comments?post=128569"}],"version-history":[{"count":1,"href":"https:\/\/lasprimeras.com.do\/index.php\/wp-json\/wp\/v2\/posts\/128569\/revisions"}],"predecessor-version":[{"id":128572,"href":"https:\/\/lasprimeras.com.do\/index.php\/wp-json\/wp\/v2\/posts\/128569\/revisions\/128572"}],"wp:featuredmedia":[{"embeddable":true,"href":"https:\/\/lasprimeras.com.do\/index.php\/wp-json\/wp\/v2\/media\/128570"}],"wp:attachment":[{"href":"https:\/\/lasprimeras.com.do\/index.php\/wp-json\/wp\/v2\/media?parent=128569"}],"wp:term":[{"taxonomy":"category","embeddable":true,"href":"https:\/\/lasprimeras.com.do\/index.php\/wp-json\/wp\/v2\/categories?post=128569"},{"taxonomy":"post_tag","embeddable":true,"href":"https:\/\/lasprimeras.com.do\/index.php\/wp-json\/wp\/v2\/tags?post=128569"}],"curies":[{"name":"wp","href":"https:\/\/api.w.org\/{rel}","templated":true}]}}