{"id":128573,"date":"2026-04-24T21:48:35","date_gmt":"2026-04-25T01:48:35","guid":{"rendered":"https:\/\/lasprimeras.com.do\/?p=128573"},"modified":"2026-04-24T21:48:38","modified_gmt":"2026-04-25T01:48:38","slug":"alcaraz-descarta-roland-garros-por-la-muneca-es-un-momento-complicado-para-mi","status":"publish","type":"post","link":"https:\/\/lasprimeras.com.do\/index.php\/2026\/04\/24\/alcaraz-descarta-roland-garros-por-la-muneca-es-un-momento-complicado-para-mi\/","title":{"rendered":"Alcaraz descarta Roland Garros por la mu\u00f1eca: \u201cEs un momento complicado para m\u00ed\u201d"},"content":{"rendered":"\n<p><strong>El murciano, de 22 a\u00f1os, se lesion\u00f3 la articulaci\u00f3n durante su estreno en el God\u00f3, el d\u00eda 14 contra Virtanen, y tras una segunda exploraci\u00f3n m\u00e9dica prefiere ser \u201ccauto\u201d<\/strong><\/p>\n\n\n\n<p>Alejandro Ciriza<\/p>\n\n\n\n<p>Madrid &#8211; Advert\u00eda Carlos Alcaraz que no correr\u00eda riesgos, que no se precipitar\u00eda y que si ten\u00eda que hacer un par\u00f3n prolongado, e incluso descartar Roland Garros, lo har\u00eda. Y as\u00ed es. <\/p>\n\n\n\n<p>El tenista espa\u00f1ol, de 22 a\u00f1os y lesionado recientemente en el God\u00f3, anunci\u00f3 este viernes que tras haberse sometido a una segunda exploraci\u00f3n m\u00e9dica descarta las citas venideras del Masters de Roma (del 6 al 17 de mayo) y tambi\u00e9n el grande franc\u00e9s (del 24 al 7 de junio).<\/p>\n\n\n\n<p>El murciano se dobl\u00f3 la mu\u00f1eca derecha durante el estreno del d\u00eda 14 en Barcelona, frente al finland\u00e9s Otto Virtanen, y se da\u00f1\u00f3 el tend\u00f3n de la articulaci\u00f3n.<\/p>\n\n\n\n<p>Renunci\u00f3 primero a jugar en Madrid \u2014por segundo a\u00f1o consecutivo\u2014 y ahora tacha tambi\u00e9n Par\u00eds, donde triunf\u00f3 los dos \u00faltimos a\u00f1os.<\/p>\n\n\n\n<p>Tras competir en la primera ronda del God\u00f3, el n\u00famero dos del mundo convoc\u00f3 al d\u00eda siguiente una rueda de prensa de urgencia en la que comunic\u00f3 que abandonaba el torneo y, tambi\u00e9n, que la lesi\u00f3n detectada era bastante \u201cm\u00e1s seria\u201d de lo que \u00e9l y su equipo pensaban.<\/p>\n\n\n\n<p>Posteriormente confirm\u00f3 que tampoco competir\u00eda en la Caja M\u00e1gica\u2014\u201cojal\u00e1 nos veamos pronto\u201d, deseaba\u2014 y en la propia capital espa\u00f1ola ya dej\u00f3 entrever que no las ten\u00eda todas consigo.<\/p>\n\n\n\n<p>El contratiempo era importante. En el marco de la gala de los Premios Laureus, coincidiendo con su premio a Deportista del A\u00f1o en 2025, el tenista afirm\u00f3: \u201cLa siguiente prueba va a ser crucial. No puedo dar un plazo para volver\u201d.<\/p>\n\n\n\n<p><strong>Alcaraz abandona el God\u00f3 por una lesi\u00f3n en la mu\u00f1eca<\/strong><\/p>\n\n\n\n<p>Al suspense le sucede ahora un descarte categ\u00f3rico. Nada de esperar ni de manejar plazos, esa costumbre tan nadaliana.<\/p>\n\n\n\n<p>\u201cDespu\u00e9s de los resultados de las pruebas realizadas hoy, hemos decidido que lo m\u00e1s prudente es ser cautos y no participar en Roma y Roland Garros, a la espera de valorar la evoluci\u00f3n para decidir cu\u00e1ndo volveremos a la pista\u201d, transmiti\u00f3 por medio de sus redes sociales.<\/p>\n\n\n\n<p>\u201cEs un momento complicado para m\u00ed, pero estoy seguro de que saldremos m\u00e1s fuertes de aqu\u00ed\u201d, prolong\u00f3 Alcaraz, que por segunda vez en su carrera se cae de antemano de un gran torneo.<\/p>\n\n\n\n<p>La primera fue en 2023, cuando una maniobra explosiva durante un entrenamiento le priv\u00f3 de jugar en el Open de Australia. Entonces se lastim\u00f3 la pierna derecha.<\/p>\n\n\n\n<p>En las \u00faltimas fechas, el murciano hab\u00eda ido trufando sus declaraciones de mensajes preventivos, teniendo en cuenta la exigencia de su reto y los antecedentes.<\/p>\n\n\n\n<p>Jugar cinco torneos de manera sucesiva, o sea, riesgo elevado: Montecarlo, Barcelona, Madrid, Roma y Roland Garros. Siempre tuvo que frenar. \u201cVoy a escuchar a mi cuerpo. Debo escucharlo m\u00e1s\u201d, expon\u00eda.<\/p>\n\n\n\n<p>\u201cY si hay que descansar, se descansar\u00e1\u201d, agregaba tambi\u00e9n en Barcelona, donde su mu\u00f1eca se venci\u00f3 al intentar restar uno de los potentes servicios de Virtanen.<\/p>\n\n\n\n<p>Alcaraz abandon\u00f3 ese d\u00eda la pista con la sensaci\u00f3n de que el percance se quedar\u00eda en unas \u201cmolestias\u201d, pero al comunicar su marcha, su rostro expresaba algo muy diferente. La inquietud se hab\u00eda multiplicado.<\/p>\n\n\n\n<p><strong>ALCARAZ, DE ENERO A MAYO PARTIDOS TORNEOS<\/strong><\/p>\n\n\n\n<p>2021 21 9<br>2022 26 7<br>2023 25 5<br>2024 19 5<br>2025 29 7<br>2026 25 6<\/p>\n\n\n\n<p>De alguna forma, su gesto fue transform\u00e1ndose con el paso de los d\u00edas y conforme iba jugando partidos, la sensaci\u00f3n de que en un momento u otro deber\u00eda frenar o bien contemporizar crec\u00eda. As\u00ed sucedi\u00f3 los a\u00f1os previos.<\/p>\n\n\n\n<p>Siempre, por una raz\u00f3n u otra, tuvo que parar: tobillo, mu\u00f1eca izquierda (artritis), antebrazo, muslo\u2026 Aun as\u00ed, empez\u00f3 el mes con una apuesta de m\u00e1ximos. \u201cEsa es la idea. Es muy exigente f\u00edsica y mentalmente.<\/p>\n\n\n\n<p>La semana en Barcelona es quiz\u00e1s cuando debiera descansar, pero es un torneo muy especial para m\u00ed\u201d, expresaba a su llegada a Montecarlo, donde fue superado por Jannik Sinner; \u201cmi plan es cuidar mi cuerpo lo m\u00e1ximo posible durante los partidos, y jugar toda la gira\u201d.<\/p>\n\n\n\n<p>A pesar de la vigilancia exhaustiva del f\u00edsico \u2014Juanjo L\u00f3pez como m\u00e9dico, y Juanjo Moreno (preparador y fisio) y Alberto Lledo (preparador) como supervisores\u2014 y de su juventud, el cuerpo de Alcaraz tiende a ser quebradizo por m\u00e1s que los que lo rodean pongan todos los medios.<\/p>\n\n\n\n<p>La transformaci\u00f3n \u2014de la estructura liviana con la que aterriz\u00f3 en la \u00e9lite a una bastante m\u00e1s musculada, perceptible a inicios de 2022\u2014 no ha impedido que sufra varios contratiempos m\u00e1s o menos rese\u00f1ables, aunque ninguno de ellos de gravedad.<\/p>\n\n\n\n<p>De momento no se ha precisado cu\u00e1l es la lesi\u00f3n exacta en la mu\u00f1eca, pero en los Laureus (d\u00eda 20) pos\u00f3 con una f\u00e9rula protectora que inmoviliza la articulaci\u00f3n; se\u00f1al, en algunos casos, de una tendinopat\u00eda (inflamaci\u00f3n) o bien de un mal mayor. Esa noche evit\u00f3 referirse al problema, pero sus palabras dejaron un poso de incertidumbre.<\/p>\n\n\n\n<p>Sin rodeos, mareos y evitando las especulaciones, Alcaraz confirm\u00f3 su ausencia en Par\u00eds cuando Sinner todav\u00eda no hab\u00eda resuelto el pulso con Benjamin Bonzi en la central de la Caja M\u00e1gica.<\/p>\n\n\n\n<p>Su ausencia brinda al italiano (24 a\u00f1os) la oportunidad de incrementar de manera considerable la renta en el ranking, que domina desde el triunfo en el desenlace de Montecarlo.<\/p>\n\n\n\n<p>El espa\u00f1ol perder\u00e1 1.000 puntos por el t\u00edtulo de hace un a\u00f1o en el Foro It\u00e1lico y 2.000 m\u00e1s por el de Roland Garros. Hoy por hoy, la distancia entre ambos es de 440, pero al murciano no le ocupa m\u00e1s que recuperarse de la mu\u00f1eca respetando los tiempos y el proceso, sin forzar. Este a\u00f1o, Alcaraz ha disputado 25 partidos (22 victorias y tres derrotas), distribuidos en seis torneos.<\/p>\n\n\n\n<p><strong>DEL POTRO, THIEM\u2026 Y TAMBI\u00c9N NADAL<br>A. C. | Madrid<\/strong><\/p>\n\n\n\n<p>Las lesiones articulares est\u00e1n a la orden del d\u00eda en el tenis, fruto de alguna maniobra desafortunada (frenadas, deslizamientos, apoyos\u2026) o bien por desgaste. En ese sentido, sufren mu\u00f1ecas, hombros, rodillas y tobillos. Al margen, la espalda y la cadera son otras dos zonas especialmente castigadas.<\/p>\n\n\n\n<p>Bien lo sabe Rafael Nadal, quien tambi\u00e9n tuvo problemas en ambas mu\u00f1ecas. En 2014, por ejemplo, sufri\u00f3 \u201cuna peque\u00f1a desinserci\u00f3n de la vaina del cubital posterior\u201d de la derecha y finalmente estuvo m\u00e1s de dos meses sin competir, de julio a finales de septiembre.<\/p>\n\n\n\n<p>Dos a\u00f1os m\u00e1s tarde, el mallorqu\u00edn se da\u00f1\u00f3 la izquierda durante un partido en Madrid (contra Jo\u00e3o Sousa) y el problema deriv\u00f3 en una \u201cinflamaci\u00f3n de la vaina del tend\u00f3n\u201d. Tuvo que abandonar en pleno Roland Garros (principios de junio) y no reapareci\u00f3 hasta los Juegos Ol\u00edmpicos de R\u00edo, en agosto.<\/p>\n\n\n\n<p>Otro ilustre como Novak Djokovic tambi\u00e9n ha sentido dolores persistentes y dos de los casos recientes m\u00e1s destacables son el del austriaco Dominic Thiem \u2014retirado en 2024 tras m\u00e1s de dos a\u00f1os de baja por la articulaci\u00f3n\u2014 y el argentino Juan Mart\u00edn del Potro \u2014\u201csufr\u00eda como tenista, pero tambi\u00e9n como persona\u201d\u2014.<\/p>\n\n\n\n<p>Thiem no pas\u00f3 por el quir\u00f3fano, mientras que el sudamericano se someti\u00f3 hasta a tres operaciones: tres en la izquierda y otra en la derecha. El gigant\u00f3n, campe\u00f3n del US Open en 2009 y oro ol\u00edmpico en 2016, fue intervenido del tend\u00f3n cubital del extensor carpiano de ambas y tambi\u00e9n de los ligamentos de la izquierda.<\/p>\n\n\n\n<p>Consciente de lo delicado del asunto, Alcaraz frena en seco. Hasta ahora, el periodo m\u00e1s largo de baja del murciano fueron los cuatro meses que no pudo jugar entre octubre de 2022 y febrero de 2023 por una doble lesi\u00f3n: abdomen (Bercy) y semimembranoso de la pierna derecha (pretemporada).<\/p>\n\n\n\n<p><a href=\"https:\/\/elpais.com\/deportes\/tenis\/2026-04-24\/alcaraz-descarta-jugar-en-roland-garros-es-un-momento-complicado-para-mi.html\">https:\/\/elpais.com\/deportes\/tenis\/2026-04-24\/alcaraz-descarta-jugar-en-roland-garros-es-un-momento-complicado-para-mi.html<\/a><\/p>\n","protected":false},"excerpt":{"rendered":"<p>El murciano, de 22 a\u00f1os, se lesion\u00f3 la articulaci\u00f3n durante su estreno en el God\u00f3, el d\u00eda 14 contra Virtanen, y tras una segunda exploraci\u00f3n m\u00e9dica prefiere ser \u201ccauto\u201d Alejandro&hellip;<\/p>\n","protected":false},"author":10,"featured_media":128574,"comment_status":"open","ping_status":"open","sticky":false,"template":"","format":"standard","meta":{"content-type":"","jetpack_post_was_ever_published":false,"_jetpack_newsletter_access":"","_jetpack_dont_email_post_to_subs":false,"_jetpack_newsletter_tier_id":0,"_jetpack_memberships_contains_paywalled_content":false,"_jetpack_memberships_contains_paid_content":false,"footnotes":""},"categories":[630],"tags":[12508,15253,32608,32607,19674],"class_list":["post-128573","post","type-post","status-publish","format-standard","has-post-thumbnail","hentry","category-deportes","tag-carlos-alcaraz","tag-descarta","tag-es-un-momento-complicado-para-mi","tag-muneca","tag-roland-garros"],"jetpack_featured_media_url":"https:\/\/lasprimeras.com.do\/wp-content\/uploads\/2026\/04\/Carlos-Alcaraz.jpg","jetpack-related-posts":[{"id":99227,"url":"https:\/\/lasprimeras.com.do\/index.php\/2025\/05\/19\/alcaraz-es-el-claro-favorito-para-roland-garros-pero-sinner-recupera-su-mejor-forma\/","url_meta":{"origin":128573,"position":0},"title":"Alcaraz es el claro favorito para Roland Garros, pero Sinner recupera su mejor forma","author":"Nelson Feliz","date":"19 de mayo de 2025","format":false,"excerpt":"POR ANDREW DAMPF ROMA (AP) \u2014 El espa\u00f1ol Carlos Alcaraz es el claro favorito para el Abierto de Francia. Sin embargo, Jannik Sinner, quien ocupa el primer puesto en el ranking, ha regresado de su suspensi\u00f3n por dopaje y se est\u00e1 recuperando d\u00eda a d\u00eda para alcanzar su m\u00e1ximo nivel.\u2026","rel":"","context":"En \u00abDEPORTES\u00bb","block_context":{"text":"DEPORTES","link":"https:\/\/lasprimeras.com.do\/index.php\/category\/deportes\/"},"img":{"alt_text":"","src":"https:\/\/i0.wp.com\/lasprimeras.com.do\/wp-content\/uploads\/2025\/05\/Carlos-Alcaraz.jpg?resize=350%2C200&ssl=1","width":350,"height":200,"srcset":"https:\/\/i0.wp.com\/lasprimeras.com.do\/wp-content\/uploads\/2025\/05\/Carlos-Alcaraz.jpg?resize=350%2C200&ssl=1 1x, https:\/\/i0.wp.com\/lasprimeras.com.do\/wp-content\/uploads\/2025\/05\/Carlos-Alcaraz.jpg?resize=525%2C300&ssl=1 1.5x, https:\/\/i0.wp.com\/lasprimeras.com.do\/wp-content\/uploads\/2025\/05\/Carlos-Alcaraz.jpg?resize=700%2C400&ssl=1 2x"},"classes":[]},{"id":108518,"url":"https:\/\/lasprimeras.com.do\/index.php\/2025\/09\/08\/alcaraz-vence-a-sinner-en-el-us-open-conquista-su-6to-titulo-de-grand-slam-y-vuelve-como-numero-1\/","url_meta":{"origin":128573,"position":1},"title":"Alcaraz vence a Sinner en el US Open, conquista su 6to t\u00edtulo de Grand Slam y vuelve como n\u00famero 1","author":"Nelson Feliz","date":"8 de septiembre de 2025","format":false,"excerpt":"POR ERIC N\u00da\u00d1EZ NUEVA YORK (AP) \u2014 A lo mejor la tercera final de Grand Slam esta temporada entre Carlos Alcaraz y Jannik Sinner, los j\u00f3venes fuera de serie que reinan en el tenis masculino, no alcanz\u00f3 los mismos ribetes de drama, calidad y extensi\u00f3n de lo que ofrecieron en\u2026","rel":"","context":"En \u00abDEPORTES\u00bb","block_context":{"text":"DEPORTES","link":"https:\/\/lasprimeras.com.do\/index.php\/category\/deportes\/"},"img":{"alt_text":"","src":"https:\/\/i0.wp.com\/lasprimeras.com.do\/wp-content\/uploads\/2025\/09\/Carlos-Alcaraz-y-Jannik-Sinner.jpg?resize=350%2C200&ssl=1","width":350,"height":200,"srcset":"https:\/\/i0.wp.com\/lasprimeras.com.do\/wp-content\/uploads\/2025\/09\/Carlos-Alcaraz-y-Jannik-Sinner.jpg?resize=350%2C200&ssl=1 1x, https:\/\/i0.wp.com\/lasprimeras.com.do\/wp-content\/uploads\/2025\/09\/Carlos-Alcaraz-y-Jannik-Sinner.jpg?resize=525%2C300&ssl=1 1.5x, https:\/\/i0.wp.com\/lasprimeras.com.do\/wp-content\/uploads\/2025\/09\/Carlos-Alcaraz-y-Jannik-Sinner.jpg?resize=700%2C400&ssl=1 2x"},"classes":[]},{"id":80891,"url":"https:\/\/lasprimeras.com.do\/index.php\/2024\/04\/14\/carlos-alcaraz-se-retira-lesionado-del-open-de-barcelona\/","url_meta":{"origin":128573,"position":2},"title":"Carlos Alcaraz se retira lesionado del Open de Barcelona","author":"Nelson Feliz","date":"14 de abril de 2024","format":false,"excerpt":"Barcelona (Reuters) - El vigente campe\u00f3n, Carlos Alcaraz, se retir\u00f3 del Abierto de Barcelona debido a una lesi\u00f3n en el brazo derecho que tambi\u00e9n oblig\u00f3 al n\u00famero tres del mundo espa\u00f1ol a perderse el Masters de Montecarlo de esta semana, inform\u00f3 el domingo la organizaci\u00f3n del torneo ATP 500. El\u2026","rel":"","context":"En \u00abSin categor\u00eda\u00bb","block_context":{"text":"Sin categor\u00eda","link":"https:\/\/lasprimeras.com.do\/index.php\/category\/sin-categoria\/"},"img":{"alt_text":"Carlos Alcaraz","src":"https:\/\/i0.wp.com\/lasprimeras.com.do\/wp-content\/uploads\/2024\/04\/Carlos-Alcaraz.jpg?resize=350%2C200&ssl=1","width":350,"height":200,"srcset":"https:\/\/i0.wp.com\/lasprimeras.com.do\/wp-content\/uploads\/2024\/04\/Carlos-Alcaraz.jpg?resize=350%2C200&ssl=1 1x, https:\/\/i0.wp.com\/lasprimeras.com.do\/wp-content\/uploads\/2024\/04\/Carlos-Alcaraz.jpg?resize=525%2C300&ssl=1 1.5x, https:\/\/i0.wp.com\/lasprimeras.com.do\/wp-content\/uploads\/2024\/04\/Carlos-Alcaraz.jpg?resize=700%2C400&ssl=1 2x"},"classes":[]},{"id":83937,"url":"https:\/\/lasprimeras.com.do\/index.php\/2024\/05\/27\/rafael-nadal-pierde-en-la-primera-ronda-del-abierto-de-francia-ante-alexander-zverev\/","url_meta":{"origin":128573,"position":3},"title":"Rafael Nadal pierde en la primera ronda del Abierto de Francia ante Alexander Zverev","author":"Nelson Feliz","date":"27 de mayo de 2024","format":false,"excerpt":"POR HOWARD FENDRICH PAR\u00cdS (AP) \u2014 El ruido era fuerte e implacable, un coro de miles de personas gritando \u201c \u00a1Ra-fa! \u00a1Ra-fa! \u201d cada vez que su chico encontraba alg\u00fan momento ocasional de brillantez como el que ha evocado tantas veces en el Abierto de Francia y en otros lugares\u2026","rel":"","context":"En \u00abSin categor\u00eda\u00bb","block_context":{"text":"Sin categor\u00eda","link":"https:\/\/lasprimeras.com.do\/index.php\/category\/sin-categoria\/"},"img":{"alt_text":"","src":"https:\/\/i0.wp.com\/lasprimeras.com.do\/wp-content\/uploads\/2024\/05\/Rafael-Nadal.jpg?resize=350%2C200&ssl=1","width":350,"height":200,"srcset":"https:\/\/i0.wp.com\/lasprimeras.com.do\/wp-content\/uploads\/2024\/05\/Rafael-Nadal.jpg?resize=350%2C200&ssl=1 1x, https:\/\/i0.wp.com\/lasprimeras.com.do\/wp-content\/uploads\/2024\/05\/Rafael-Nadal.jpg?resize=525%2C300&ssl=1 1.5x, https:\/\/i0.wp.com\/lasprimeras.com.do\/wp-content\/uploads\/2024\/05\/Rafael-Nadal.jpg?resize=700%2C400&ssl=1 2x"},"classes":[]},{"id":86929,"url":"https:\/\/lasprimeras.com.do\/index.php\/2024\/08\/04\/novak-djokovic-conquista-su-1er-oro-olimpico-tras-vencer-a-carlos-alcaraz-en-la-final-del-tenis\/","url_meta":{"origin":128573,"position":4},"title":"Novak Djokovic conquista su 1er oro ol\u00edmpico tras vencer a Carlos Alcaraz en la final del tenis","author":"Nelson Feliz","date":"4 de agosto de 2024","format":false,"excerpt":"By HOWARD FENDRICH PAR\u00cdS (AP) \u2014 Novak Djokovic conquist\u00f3 su primera medalla ol\u00edmpica de oro tras vencer el domingo 7-6 (3), 7-6 (2) a Carlos Alcaraz en una apasionante final de sencillos del tenis masculino, y el astro serbio de 37 a\u00f1os a\u00f1adi\u00f3 el \u00faltimo laurel significativo que faltaba en\u2026","rel":"","context":"En \u00abSin categor\u00eda\u00bb","block_context":{"text":"Sin categor\u00eda","link":"https:\/\/lasprimeras.com.do\/index.php\/category\/sin-categoria\/"},"img":{"alt_text":"Novak Djokovic","src":"https:\/\/i0.wp.com\/lasprimeras.com.do\/wp-content\/uploads\/2024\/08\/Novak-Djokovic.png?resize=350%2C200&ssl=1","width":350,"height":200,"srcset":"https:\/\/i0.wp.com\/lasprimeras.com.do\/wp-content\/uploads\/2024\/08\/Novak-Djokovic.png?resize=350%2C200&ssl=1 1x, https:\/\/i0.wp.com\/lasprimeras.com.do\/wp-content\/uploads\/2024\/08\/Novak-Djokovic.png?resize=525%2C300&ssl=1 1.5x"},"classes":[]},{"id":120507,"url":"https:\/\/lasprimeras.com.do\/index.php\/2026\/01\/25\/con-saque-renovado-carlos-alcaraz-se-instala-en-cuartos-de-final-del-abierto-de-australia\/","url_meta":{"origin":128573,"position":5},"title":"Con saque renovado, Carlos Alcaraz se instala en cuartos de final del Abierto de Australia","author":"Nelson Feliz","date":"25 de enero de 2026","format":false,"excerpt":"POR JOHN PYE MELBOURNE (AP) \u2014 Tan pronto como Carlos Alcaraz avanz\u00f3 a los cuartos de final del Abierto de Australia con una victoria sobre Tommy Paul, la atenci\u00f3n se centr\u00f3 en su servicio. El espa\u00f1ol, n\u00famero uno del mundo, trata de completar en Australia la colecci\u00f3n de cuatro trofeos\u2026","rel":"","context":"En \u00abDEPORTES\u00bb","block_context":{"text":"DEPORTES","link":"https:\/\/lasprimeras.com.do\/index.php\/category\/deportes\/"},"img":{"alt_text":"Carlos Alcaraz","src":"https:\/\/i0.wp.com\/lasprimeras.com.do\/wp-content\/uploads\/2026\/01\/Carlos-Alcaraz.jpg?resize=350%2C200&ssl=1","width":350,"height":200,"srcset":"https:\/\/i0.wp.com\/lasprimeras.com.do\/wp-content\/uploads\/2026\/01\/Carlos-Alcaraz.jpg?resize=350%2C200&ssl=1 1x, https:\/\/i0.wp.com\/lasprimeras.com.do\/wp-content\/uploads\/2026\/01\/Carlos-Alcaraz.jpg?resize=525%2C300&ssl=1 1.5x, https:\/\/i0.wp.com\/lasprimeras.com.do\/wp-content\/uploads\/2026\/01\/Carlos-Alcaraz.jpg?resize=700%2C400&ssl=1 2x"},"classes":[]}],"jetpack_sharing_enabled":true,"_links":{"self":[{"href":"https:\/\/lasprimeras.com.do\/index.php\/wp-json\/wp\/v2\/posts\/128573","targetHints":{"allow":["GET"]}}],"collection":[{"href":"https:\/\/lasprimeras.com.do\/index.php\/wp-json\/wp\/v2\/posts"}],"about":[{"href":"https:\/\/lasprimeras.com.do\/index.php\/wp-json\/wp\/v2\/types\/post"}],"author":[{"embeddable":true,"href":"https:\/\/lasprimeras.com.do\/index.php\/wp-json\/wp\/v2\/users\/10"}],"replies":[{"embeddable":true,"href":"https:\/\/lasprimeras.com.do\/index.php\/wp-json\/wp\/v2\/comments?post=128573"}],"version-history":[{"count":1,"href":"https:\/\/lasprimeras.com.do\/index.php\/wp-json\/wp\/v2\/posts\/128573\/revisions"}],"predecessor-version":[{"id":128575,"href":"https:\/\/lasprimeras.com.do\/index.php\/wp-json\/wp\/v2\/posts\/128573\/revisions\/128575"}],"wp:featuredmedia":[{"embeddable":true,"href":"https:\/\/lasprimeras.com.do\/index.php\/wp-json\/wp\/v2\/media\/128574"}],"wp:attachment":[{"href":"https:\/\/lasprimeras.com.do\/index.php\/wp-json\/wp\/v2\/media?parent=128573"}],"wp:term":[{"taxonomy":"category","embeddable":true,"href":"https:\/\/lasprimeras.com.do\/index.php\/wp-json\/wp\/v2\/categories?post=128573"},{"taxonomy":"post_tag","embeddable":true,"href":"https:\/\/lasprimeras.com.do\/index.php\/wp-json\/wp\/v2\/tags?post=128573"}],"curies":[{"name":"wp","href":"https:\/\/api.w.org\/{rel}","templated":true}]}}