{"id":128576,"date":"2026-04-24T22:01:12","date_gmt":"2026-04-25T02:01:12","guid":{"rendered":"https:\/\/lasprimeras.com.do\/?p=128576"},"modified":"2026-04-24T22:01:14","modified_gmt":"2026-04-25T02:01:14","slug":"azua-alcalde-rinde-cuentas-y-propone-plan-vial","status":"publish","type":"post","link":"https:\/\/lasprimeras.com.do\/index.php\/2026\/04\/24\/azua-alcalde-rinde-cuentas-y-propone-plan-vial\/","title":{"rendered":"Azua: Alcalde rinde cuentas y propone plan vial"},"content":{"rendered":"\n<p><strong>El alcalde Rafael Hidalgo reafirma su compromiso con la participaci\u00f3n ciudadana, la transparencia y el impulso de obras estrat\u00e9gicas para la provincia.<\/strong><\/p>\n\n\n\n<p>La Alcald\u00eda del municipio de Azua de Compostela llevo a cabo este viernes, en la Sala de Sesiones del Ayuntamiento, el acto de rendici\u00f3n de cuentas correspondiente al per\u00edodo de gesti\u00f3n 2025-2026, as\u00ed como la elecci\u00f3n del Bufete Directivo de la Sala Capitular, en cumplimiento de lo establecido en la Ley n\u00fam. 176-07 del Distrito Nacional y los Municipios.<\/p>\n\n\n\n<p>La actividad estuvo encabezada por el alcalde Rafael Hidalgo, junto al Consejo de Regidores y autoridades locales, en un ambiente de institucionalidad, armon\u00eda y compromiso colectivo con el desarrollo del municipio.<\/p>\n\n\n\n<p>Durante su intervenci\u00f3n, el alcalde destac\u00f3 que uno de los pilares fundamentales de su gesti\u00f3n ha sido la toma de decisiones basada en la escucha activa de la ciudadan\u00eda, mediante la aplicaci\u00f3n del presupuesto participativo, lo que ha permitido ejecutar obras que responden directamente a las necesidades de la gente.<\/p>\n\n\n\n<figure class=\"wp-block-image size-full\"><img decoding=\"async\" width=\"1000\" height=\"667\" src=\"https:\/\/lasprimeras.com.do\/wp-content\/uploads\/2026\/04\/Alcaldia-Azua.jpg\" alt=\"\" class=\"wp-image-128578\" srcset=\"https:\/\/lasprimeras.com.do\/wp-content\/uploads\/2026\/04\/Alcaldia-Azua.jpg 1000w, https:\/\/lasprimeras.com.do\/wp-content\/uploads\/2026\/04\/Alcaldia-Azua-300x200.jpg 300w, https:\/\/lasprimeras.com.do\/wp-content\/uploads\/2026\/04\/Alcaldia-Azua-768x512.jpg 768w\" sizes=\"(max-width: 1000px) 100vw, 1000px\" \/><\/figure>\n\n\n\n<p>En ese sentido, resalt\u00f3 importantes iniciativas desarrolladas durante el per\u00edodo, entre ellas la construcci\u00f3n del parque infantil del sector La Bombita \u2014una obra esperada por m\u00e1s de 20 a\u00f1os\u2014, que impactar\u00e1 positivamente a cientos de familias al crear espacios dignos para la recreaci\u00f3n y el desarrollo de ni\u00f1os y ni\u00f1as.<\/p>\n\n\n\n<p>Asimismo, destac\u00f3 la construcci\u00f3n de la plaza Monumento al H\u00e9roe de la Batalla de Azua del 19 de marzo de 1844, general Nicol\u00e1s Ma\u00f1\u00f3n, una obra que rescata un espacio hist\u00f3rico de gran valor simb\u00f3lico para la provincia y reivindica la memoria de uno de los episodios m\u00e1s importantes de la historia nacional.<\/p>\n\n\n\n<p>En materia de servicios municipales, el alcalde inform\u00f3 sobre la adquisici\u00f3n de tres modernos camiones compactadores para fortalecer la recolecci\u00f3n de residuos s\u00f3lidos, gracias a fondos donados por la Presidencia de la Rep\u00fablica, as\u00ed como el avance de m\u00e1s de un 70 % en la construcci\u00f3n del multiuso de la cancha de la Colonia Espa\u00f1ola, una infraestructura clave para el deporte y la integraci\u00f3n comunitaria.<\/p>\n\n\n\n<p>De igual forma, valor\u00f3 como un hito para el desarrollo de la provincia el anuncio realizado por el Gobierno dominicano, a trav\u00e9s del Ministerio de Turismo y el Comit\u00e9 Ejecutor de Infraestructuras de Zonas Tur\u00edsticas (CEIZTUR), sobre la licitaci\u00f3n p\u00fablica para la construcci\u00f3n de infraestructura de servicios tur\u00edsticos en Playa Monte R\u00edo, una iniciativa que permitir\u00e1 ordenar y potenciar este importante destino natural, dinamizar la econom\u00eda local, generar nuevas oportunidades de empleo y mejorar la calidad de vida de las comunidades.<\/p>\n\n\n\n<p><strong>Necesidad de mejorar la interconexi\u00f3n vial<\/strong><\/p>\n\n\n\n<p>En otro orden, el alcalde Rafael Hidalgo plante\u00f3 la necesidad urgente de construir un elevado o distribuidor vial en el kil\u00f3metro 15 de Azua, punto que se ha convertido en una intersecci\u00f3n cr\u00edtica debido al creciente flujo vehicular.<\/p>\n\n\n\n<p>Explic\u00f3 que el dinamismo econ\u00f3mico de la regi\u00f3n Sur, impulsado por importantes inversiones p\u00fablicas en zonas como Pedernales, Cabo Rojo, Barahona, San Rafael y otras localidades, ha incrementado significativamente el tr\u00e1nsito en esta v\u00eda, generando congestionamientos y riesgos para conductores y peatones.<\/p>\n\n\n\n<p>Detall\u00f3 que las inversiones que se desarrollan en el sur del pa\u00eds han transformado la din\u00e1mica de la regi\u00f3n. Proyectos en Pedernales, Cabo Rojo, Barahona y otras zonas, junto a las iniciativas del Ministerio de Turismo, el Ministerio de Obras P\u00fablicas y la EGEHID, han incrementado notablemente el flujo vehicular.<\/p>\n\n\n\n<p>\u201cEsto, sumado a las circunvalaciones, ha despertado un gran inter\u00e9s por el sur como destino tur\u00edstico interno, duplicando el n\u00famero de visitantes. Este crecimiento, impulsado por la visi\u00f3n del presidente Luis Abinader, ha convertido lo que antes se denominaba el \u2018Sur profundo\u2019 en un verdadero \u2018Sur fecundo\u2019\u201d, expres\u00f3 el alcalde.<\/p>\n\n\n\n<p>En ese contexto, indic\u00f3 que la construcci\u00f3n de un elevado en esta zona permitir\u00eda descongestionar el tr\u00e1nsito en horas pico, reducir accidentes, mejorar la conexi\u00f3n interprovincial, impulsar el comercio y garantizar mayor seguridad vial.<\/p>\n\n\n\n<p><strong>Equipo comprometido y en colaboraci\u00f3n<\/strong><\/p>\n\n\n\n<p>El alcalde reafirm\u00f3 el respaldo de la Alcald\u00eda de Azua a la gesti\u00f3n del presidente Luis Abinader, a quien defini\u00f3 como un aliado estrat\u00e9gico para el desarrollo de la regi\u00f3n Sur, destacando las inversiones que han dinamizado la econom\u00eda y elevado la calidad de vida de la poblaci\u00f3n.<\/p>\n\n\n\n<p>Finalmente, Hidalgo valor\u00f3 el trabajo conjunto del Consejo de Regidores y de todo el equipo municipal, resaltando que los avances alcanzados han sido posibles gracias a una gesti\u00f3n basada en la colaboraci\u00f3n, el compromiso y el amor por Azua.<\/p>\n\n\n\n<p>\u201cContamos con un equipo formidable que ha trabajado en armon\u00eda, poniendo siempre en el centro el bienestar de nuestra gente. Esa es la base de los resultados que hoy presentamos\u201d, concluy\u00f3.<\/p>\n","protected":false},"excerpt":{"rendered":"<p>El alcalde Rafael Hidalgo reafirma su compromiso con la participaci\u00f3n ciudadana, la transparencia y el impulso de obras estrat\u00e9gicas para la provincia. La Alcald\u00eda del municipio de Azua de Compostela&hellip;<\/p>\n","protected":false},"author":10,"featured_media":128577,"comment_status":"open","ping_status":"open","sticky":false,"template":"","format":"standard","meta":{"content-type":"","jetpack_post_was_ever_published":false,"_jetpack_newsletter_access":"","_jetpack_dont_email_post_to_subs":false,"_jetpack_newsletter_tier_id":0,"_jetpack_memberships_contains_paywalled_content":false,"_jetpack_memberships_contains_paid_content":false,"footnotes":""},"categories":[16559],"tags":[1331,32609,212,24,25190,6510,32610,16961],"class_list":["post-128576","post","type-post","status-publish","format-standard","has-post-thumbnail","hentry","category-politica","tag-accidentes","tag-alcalde-de-azua","tag-gestion","tag-muertes","tag-pasa-balance","tag-region-sur","tag-segundo-ano","tag-solucion-vial"],"jetpack_featured_media_url":"https:\/\/lasprimeras.com.do\/wp-content\/uploads\/2026\/04\/Alcalde-Azua.jpg","jetpack-related-posts":[{"id":74264,"url":"https:\/\/lasprimeras.com.do\/index.php\/2024\/01\/21\/prm-js-y-aliados-muestran-musculo-en-mano-a-mano-en-azua\/","url_meta":{"origin":128576,"position":0},"title":"PRM, JS y aliados muestran m\u00fasculo en mano a mano en Azua","author":"Nelson Feliz","date":"21 de enero de 2024","format":false,"excerpt":"Por Juan Luis Vargas Azua, RD.- El Partido Revolucionario Moderno (PRM), Justicia Social y aliados, muestran sus molleros en multitudinario mano a mano en la Zona F y E, encabezado por el candidato a alcalde Rafael Hidalgo y la senadora L\u00eda D\u00edaz. En este mano a mano, d\u00f3nde tambi\u00e9n participaron\u2026","rel":"","context":"En \u00abPORTADA\u00bb","block_context":{"text":"PORTADA","link":"https:\/\/lasprimeras.com.do\/index.php\/category\/portada\/"},"img":{"alt_text":"Rafael Hidalgo","src":"https:\/\/i0.wp.com\/lasprimeras.com.do\/wp-content\/uploads\/2024\/01\/Rafael-Hidalgo.jpg?resize=350%2C200&ssl=1","width":350,"height":200,"srcset":"https:\/\/i0.wp.com\/lasprimeras.com.do\/wp-content\/uploads\/2024\/01\/Rafael-Hidalgo.jpg?resize=350%2C200&ssl=1 1x, https:\/\/i0.wp.com\/lasprimeras.com.do\/wp-content\/uploads\/2024\/01\/Rafael-Hidalgo.jpg?resize=525%2C300&ssl=1 1.5x, https:\/\/i0.wp.com\/lasprimeras.com.do\/wp-content\/uploads\/2024\/01\/Rafael-Hidalgo.jpg?resize=700%2C400&ssl=1 2x"},"classes":[]},{"id":75306,"url":"https:\/\/lasprimeras.com.do\/index.php\/2024\/01\/31\/lia-diaz-proclama-que-hidalgo-ganara-el-municipio-de-azua\/","url_meta":{"origin":128576,"position":1},"title":"Lia Diaz proclama que Hidalgo ganar\u00e1 el municipio de Azua","author":"BIMARY DE JES\u00daS Matos","date":"31 de enero de 2024","format":false,"excerpt":"Santo Domingo.-La senadora Lia Diaz, asegur\u00f3 que el candidato alcalde Rafael Hidalgo Fern\u00e1ndez, sacar\u00e1 m\u00e1s del 80% de los votos del municipio cabecera asegurando asi in triunfo arrollador el 18 de febrero. \u00abDurante los diferentes recorrido, encuentros y mano a mano realizando en las diferentes zonas y sectores del municipio\u2026","rel":"","context":"En \u00abSin categor\u00eda\u00bb","block_context":{"text":"Sin categor\u00eda","link":"https:\/\/lasprimeras.com.do\/index.php\/category\/sin-categoria\/"},"img":{"alt_text":"","src":"https:\/\/i0.wp.com\/lasprimeras.com.do\/wp-content\/uploads\/2024\/01\/1-millon-de-jovenes-votaran-en-las-elecciones-municipales.jpg?resize=350%2C200&ssl=1","width":350,"height":200,"srcset":"https:\/\/i0.wp.com\/lasprimeras.com.do\/wp-content\/uploads\/2024\/01\/1-millon-de-jovenes-votaran-en-las-elecciones-municipales.jpg?resize=350%2C200&ssl=1 1x, https:\/\/i0.wp.com\/lasprimeras.com.do\/wp-content\/uploads\/2024\/01\/1-millon-de-jovenes-votaran-en-las-elecciones-municipales.jpg?resize=525%2C300&ssl=1 1.5x, https:\/\/i0.wp.com\/lasprimeras.com.do\/wp-content\/uploads\/2024\/01\/1-millon-de-jovenes-votaran-en-las-elecciones-municipales.jpg?resize=700%2C400&ssl=1 2x"},"classes":[]},{"id":74946,"url":"https:\/\/lasprimeras.com.do\/index.php\/2024\/01\/27\/roberto-angel-el-triunfo-del-prm-y-aliados-en-azua-sera-contundente\/","url_meta":{"origin":128576,"position":2},"title":"Roberto \u00c1ngel: \u201cEl triunfo del PRM y aliados en Azua ser\u00e1 contundente\u201d","author":"Nelson Feliz","date":"27 de enero de 2024","format":false,"excerpt":"El alto dirigente pol\u00edtico encabez\u00f3 una marcha-caravana en apoyo a Rafael Hidalgo, candidato a alcalde del municipio de Azua, junto a la senadora L\u00eda D\u00edaz El miembro de la Direcci\u00f3n Ejecutiva del Partido Revolucionario Moderno(PRM), Roberto \u00c1ngel Salcedo, asegur\u00f3 este s\u00e1bado que el triunfo de esa organizaci\u00f3n y sus aliados\u2026","rel":"","context":"En \u00abPORTADA\u00bb","block_context":{"text":"PORTADA","link":"https:\/\/lasprimeras.com.do\/index.php\/category\/portada\/"},"img":{"alt_text":"Roberto \u00c1ngel Salcedo","src":"https:\/\/i0.wp.com\/lasprimeras.com.do\/wp-content\/uploads\/2024\/01\/Roberto-Angel-Salcedo-7.jpg?resize=350%2C200&ssl=1","width":350,"height":200,"srcset":"https:\/\/i0.wp.com\/lasprimeras.com.do\/wp-content\/uploads\/2024\/01\/Roberto-Angel-Salcedo-7.jpg?resize=350%2C200&ssl=1 1x, https:\/\/i0.wp.com\/lasprimeras.com.do\/wp-content\/uploads\/2024\/01\/Roberto-Angel-Salcedo-7.jpg?resize=525%2C300&ssl=1 1.5x, https:\/\/i0.wp.com\/lasprimeras.com.do\/wp-content\/uploads\/2024\/01\/Roberto-Angel-Salcedo-7.jpg?resize=700%2C400&ssl=1 2x"},"classes":[]},{"id":108448,"url":"https:\/\/lasprimeras.com.do\/index.php\/2025\/09\/07\/propeep-entrega-paseos-de-los-colores-de-400-metros-cuadrados-de-arte-urbano-en-azua\/","url_meta":{"origin":128576,"position":3},"title":"Propeep entrega \u201cPaseos de los Colores\u201d de 400 metros cuadrados de arte urbano en Azua","author":"Nelson Feliz","date":"7 de septiembre de 2025","format":false,"excerpt":"La Direcci\u00f3n de Proyectos Estrat\u00e9gicos y Especiales de la Presidencia (Propeep) entreg\u00f3 este domingo un espacio art\u00edstico de 400 metros cuadrados de arte urbano en el municipio de Azua, con el prop\u00f3sito de continuar transformando los espacios p\u00fablicos y convertirlos en verdaderas galer\u00edas de arte a cielo abierto. Al encabezar\u2026","rel":"","context":"En \u00abNACIONALES\u00bb","block_context":{"text":"NACIONALES","link":"https:\/\/lasprimeras.com.do\/index.php\/category\/nacionales\/"},"img":{"alt_text":"","src":"https:\/\/i0.wp.com\/lasprimeras.com.do\/wp-content\/uploads\/2025\/09\/pro-1.jpg?resize=350%2C200&ssl=1","width":350,"height":200,"srcset":"https:\/\/i0.wp.com\/lasprimeras.com.do\/wp-content\/uploads\/2025\/09\/pro-1.jpg?resize=350%2C200&ssl=1 1x, https:\/\/i0.wp.com\/lasprimeras.com.do\/wp-content\/uploads\/2025\/09\/pro-1.jpg?resize=525%2C300&ssl=1 1.5x, https:\/\/i0.wp.com\/lasprimeras.com.do\/wp-content\/uploads\/2025\/09\/pro-1.jpg?resize=700%2C400&ssl=1 2x"},"classes":[]},{"id":75751,"url":"https:\/\/lasprimeras.com.do\/index.php\/2024\/02\/04\/dicen-que-nadie-es-profeta-en-su-tierra-y-la-colonia-es-de-hidalgo\/","url_meta":{"origin":128576,"position":4},"title":"Dicen que nadie es profeta en su tierra, y la Colonia, es de Hidalgo","author":"Nelson Feliz","date":"4 de febrero de 2024","format":false,"excerpt":"El candidato a alcalde del PRM Azua, Justicia Social y fuerzas aliadas, Rafael Hidalgo , recibi\u00f3 amplio apoyo en su recorrido por el barrio que lo vio nacer y crecer, la Colonia Espa\u00f1ola, donde el cari\u00f1o se vio reflejado en el rostro de cada persona. Hidalgo, acompa\u00f1ado de su compa\u00f1era\u2026","rel":"","context":"En \u00abPORTADA\u00bb","block_context":{"text":"PORTADA","link":"https:\/\/lasprimeras.com.do\/index.php\/category\/portada\/"},"img":{"alt_text":"RAFEL HIDALGO","src":"https:\/\/i0.wp.com\/lasprimeras.com.do\/wp-content\/uploads\/2024\/02\/RAFEL-HIDALGO.jpg?resize=350%2C200&ssl=1","width":350,"height":200,"srcset":"https:\/\/i0.wp.com\/lasprimeras.com.do\/wp-content\/uploads\/2024\/02\/RAFEL-HIDALGO.jpg?resize=350%2C200&ssl=1 1x, https:\/\/i0.wp.com\/lasprimeras.com.do\/wp-content\/uploads\/2024\/02\/RAFEL-HIDALGO.jpg?resize=525%2C300&ssl=1 1.5x, https:\/\/i0.wp.com\/lasprimeras.com.do\/wp-content\/uploads\/2024\/02\/RAFEL-HIDALGO.jpg?resize=700%2C400&ssl=1 2x"},"classes":[]},{"id":125177,"url":"https:\/\/lasprimeras.com.do\/index.php\/2026\/03\/19\/abinader-encabeza-desfile-en-conmemoracion-del-182-aniversario-de-la-batalla-del-19-de-marzo\/","url_meta":{"origin":128576,"position":5},"title":"Abinader encabeza desfile en conmemoraci\u00f3n del 182 aniversario de la Batalla del 19 de Marzo","author":"Nelson Feliz","date":"19 de marzo de 2026","format":false,"excerpt":"_Presidente de la Comisi\u00f3n Permanente de Efem\u00e9rides Patrias, Juan Pablo Uribe, destaca el respaldo del presidente Luis Abinader a la memoria hist\u00f3rica y patri\u00f3tica del pa\u00eds, y le agradece por dar continuidad permanente a la honra, la memoria y el reconocimiento del valor, la determinaci\u00f3n y el hero\u00edsmo de Azua._\u2026","rel":"","context":"En \u00abNACIONALES\u00bb","block_context":{"text":"NACIONALES","link":"https:\/\/lasprimeras.com.do\/index.php\/category\/nacionales\/"},"img":{"alt_text":"","src":"https:\/\/i0.wp.com\/lasprimeras.com.do\/wp-content\/uploads\/2026\/03\/IMG-20260320-WA0083.jpg?resize=350%2C200&ssl=1","width":350,"height":200,"srcset":"https:\/\/i0.wp.com\/lasprimeras.com.do\/wp-content\/uploads\/2026\/03\/IMG-20260320-WA0083.jpg?resize=350%2C200&ssl=1 1x, https:\/\/i0.wp.com\/lasprimeras.com.do\/wp-content\/uploads\/2026\/03\/IMG-20260320-WA0083.jpg?resize=525%2C300&ssl=1 1.5x, https:\/\/i0.wp.com\/lasprimeras.com.do\/wp-content\/uploads\/2026\/03\/IMG-20260320-WA0083.jpg?resize=700%2C400&ssl=1 2x, https:\/\/i0.wp.com\/lasprimeras.com.do\/wp-content\/uploads\/2026\/03\/IMG-20260320-WA0083.jpg?resize=1050%2C600&ssl=1 3x"},"classes":[]}],"jetpack_sharing_enabled":true,"_links":{"self":[{"href":"https:\/\/lasprimeras.com.do\/index.php\/wp-json\/wp\/v2\/posts\/128576","targetHints":{"allow":["GET"]}}],"collection":[{"href":"https:\/\/lasprimeras.com.do\/index.php\/wp-json\/wp\/v2\/posts"}],"about":[{"href":"https:\/\/lasprimeras.com.do\/index.php\/wp-json\/wp\/v2\/types\/post"}],"author":[{"embeddable":true,"href":"https:\/\/lasprimeras.com.do\/index.php\/wp-json\/wp\/v2\/users\/10"}],"replies":[{"embeddable":true,"href":"https:\/\/lasprimeras.com.do\/index.php\/wp-json\/wp\/v2\/comments?post=128576"}],"version-history":[{"count":1,"href":"https:\/\/lasprimeras.com.do\/index.php\/wp-json\/wp\/v2\/posts\/128576\/revisions"}],"predecessor-version":[{"id":128579,"href":"https:\/\/lasprimeras.com.do\/index.php\/wp-json\/wp\/v2\/posts\/128576\/revisions\/128579"}],"wp:featuredmedia":[{"embeddable":true,"href":"https:\/\/lasprimeras.com.do\/index.php\/wp-json\/wp\/v2\/media\/128577"}],"wp:attachment":[{"href":"https:\/\/lasprimeras.com.do\/index.php\/wp-json\/wp\/v2\/media?parent=128576"}],"wp:term":[{"taxonomy":"category","embeddable":true,"href":"https:\/\/lasprimeras.com.do\/index.php\/wp-json\/wp\/v2\/categories?post=128576"},{"taxonomy":"post_tag","embeddable":true,"href":"https:\/\/lasprimeras.com.do\/index.php\/wp-json\/wp\/v2\/tags?post=128576"}],"curies":[{"name":"wp","href":"https:\/\/api.w.org\/{rel}","templated":true}]}}