{"id":128580,"date":"2026-04-24T22:10:06","date_gmt":"2026-04-25T02:10:06","guid":{"rendered":"https:\/\/lasprimeras.com.do\/?p=128580"},"modified":"2026-04-24T22:10:08","modified_gmt":"2026-04-25T02:10:08","slug":"inauguran-3ra-feria-nacional-inmobiliaria-plusval-en-todo-rd-en-santiago","status":"publish","type":"post","link":"https:\/\/lasprimeras.com.do\/index.php\/2026\/04\/24\/inauguran-3ra-feria-nacional-inmobiliaria-plusval-en-todo-rd-en-santiago\/","title":{"rendered":"Inauguran 3ra Feria Nacional Inmobiliaria \u201cPLUSVAL EN TODO RD\u201d en Santiago"},"content":{"rendered":"\n<p><strong>El evento se desarrolla los d\u00edas 24, 25 y 26 de abril, de manera simult\u00e1nea en Santiago, Punta Cana y Santo Domingo.<\/strong><\/p>\n\n\n\n<p>Fue inaugurada la tercera edici\u00f3n de la Feria Nacional Inmobiliaria PLUSVALENTODORD, en un acto celebrado en el Hampton Inn by Hilton, Santiago, consolid\u00e1ndose como uno de los eventos m\u00e1s importantes del sector inmobiliario en el pa\u00eds.<\/p>\n\n\n\n<p>Este espacio re\u00fane las mejores oportunidades de inversi\u00f3n inmobiliaria, ofreciendo a los asistentes la posibilidad de descubrir proyectos de alto valor, unidades listas para entrega y opciones adaptadas a distintas necesidades, ya sea para vivienda principal, inversi\u00f3n o propiedad vacacional.<\/p>\n\n\n\n<p>La feria se desarrolla los d\u00edas 24, 25 y 26 de abril, de manera simult\u00e1nea en Santiago, Punta Cana y Santo Domingo, ampliando su alcance y facilitando el acceso a una amplia cartera de proyectos en distintas zonas estrat\u00e9gicas del pa\u00eds.<\/p>\n\n\n\n<p>Los organizadores destacaron que esta tercera edici\u00f3n cuenta con el respaldo y la experiencia de Plusval, as\u00ed como el apoyo financiero del Banco Popular, que ofrece tasas preferenciales de 11.50% fija a 1 a\u00f1o, 12.25% fija a 3 a\u00f1os y 8.25% fija a 1 a\u00f1o en d\u00f3lares.<\/p>\n\n\n\n<figure class=\"wp-block-image size-full\"><img decoding=\"async\" width=\"1000\" height=\"607\" src=\"https:\/\/lasprimeras.com.do\/wp-content\/uploads\/2026\/04\/feria-2.jpg\" alt=\"\" class=\"wp-image-128582\" srcset=\"https:\/\/lasprimeras.com.do\/wp-content\/uploads\/2026\/04\/feria-2.jpg 1000w, https:\/\/lasprimeras.com.do\/wp-content\/uploads\/2026\/04\/feria-2-300x182.jpg 300w, https:\/\/lasprimeras.com.do\/wp-content\/uploads\/2026\/04\/feria-2-768x466.jpg 768w\" sizes=\"(max-width: 1000px) 100vw, 1000px\" \/><\/figure>\n\n\n\n<p>Adem\u00e1s de financiamientos de hasta el 80% del valor del inmueble, plazos de hasta 30 a\u00f1os para pagar, entre otras facilidades de financiamiento para los interesados.<\/p>\n\n\n\n<p>Durante su discurso de apertura, Eddy E. Veras resalt\u00f3 que el desarrollo inmobiliario que demanda la Rep\u00fablica Dominicana debe ser planificado, sostenible y centrado en las personas, al tiempo que defini\u00f3 la feria como un espacio para conectar oportunidades, abrir puertas y facilitar decisiones informadas que contribuyan a elevar la calidad de vida de la gente.<\/p>\n\n\n\n<p>&#8220;El sector inmobiliario no se construye solo con concreto, se construye con confianza; porque nuestro prop\u00f3sito no es solo que las personas compren una propiedad, sino que compren bien, tomando decisiones que transformen su futuro&#8221;, expres\u00f3 Eddy E. Veras.<\/p>\n\n\n\n<p>Resalt\u00f3 el compromiso de la feria en conectar a las familias dominicanas y a inversionistas con oportunidades seguras, rentables y de alta plusval\u00eda, reafirmando su posicionamiento como una plataforma clave para el crecimiento del sector inmobiliario nacional.<\/p>\n\n\n\n<p>La Feria Nacional Inmobiliaria PLUSVALENTODORD invita al p\u00fablico a aprovechar esta oportunidad \u00fanica para dar el paso hacia su pr\u00f3ximo hogar o inversi\u00f3n.<\/p>\n","protected":false},"excerpt":{"rendered":"<p>El evento se desarrolla los d\u00edas 24, 25 y 26 de abril, de manera simult\u00e1nea en Santiago, Punta Cana y Santo Domingo. Fue inaugurada la tercera edici\u00f3n de la Feria&hellip;<\/p>\n","protected":false},"author":10,"featured_media":128581,"comment_status":"open","ping_status":"open","sticky":false,"template":"","format":"standard","meta":{"content-type":"","jetpack_post_was_ever_published":false,"_jetpack_newsletter_access":"","_jetpack_dont_email_post_to_subs":false,"_jetpack_newsletter_tier_id":0,"_jetpack_memberships_contains_paywalled_content":false,"_jetpack_memberships_contains_paid_content":false,"footnotes":""},"categories":[39],"tags":[32611,1513,32612,1049],"class_list":["post-128580","post","type-post","status-publish","format-standard","has-post-thumbnail","hentry","category-economia","tag-3ra-feria-nacional-inmobiliaria","tag-inauguran","tag-plusval-en-todo-rd","tag-santiago"],"jetpack_featured_media_url":"https:\/\/lasprimeras.com.do\/wp-content\/uploads\/2026\/04\/feria-1.jpg","jetpack-related-posts":[{"id":124304,"url":"https:\/\/lasprimeras.com.do\/index.php\/2026\/03\/10\/inmobiliaria-reservas-participara-en-la-3ra-feria-en-nueva-york-y-lawrence\/","url_meta":{"origin":128580,"position":0},"title":"Inmobiliaria Reservas participar\u00e1 en la 3ra Feria en Nueva York y Lawrence","author":"Nelson Feliz","date":"10 de marzo de 2026","format":false,"excerpt":"El evento representa una oportunidad para que los dominicanos de la di\u00e1spora puedan invertir en una vivienda en la Rep\u00fablica Dominicana. Inmobiliaria Reservas, empresa filial del Banco de Reservas, participar\u00e1 en la tercera Feria Inmobiliaria Banreservas, que se realizar\u00e1 del 18 al 22 de marzo en las ciudades de Nueva\u2026","rel":"","context":"En \u00abECONOM\u00cdA\u00bb","block_context":{"text":"ECONOM\u00cdA","link":"https:\/\/lasprimeras.com.do\/index.php\/category\/economia\/"},"img":{"alt_text":"","src":"https:\/\/i0.wp.com\/lasprimeras.com.do\/wp-content\/uploads\/2026\/03\/Feria-Inmobiliaria-Banreservas.jpg?resize=350%2C200&ssl=1","width":350,"height":200,"srcset":"https:\/\/i0.wp.com\/lasprimeras.com.do\/wp-content\/uploads\/2026\/03\/Feria-Inmobiliaria-Banreservas.jpg?resize=350%2C200&ssl=1 1x, https:\/\/i0.wp.com\/lasprimeras.com.do\/wp-content\/uploads\/2026\/03\/Feria-Inmobiliaria-Banreservas.jpg?resize=525%2C300&ssl=1 1.5x, https:\/\/i0.wp.com\/lasprimeras.com.do\/wp-content\/uploads\/2026\/03\/Feria-Inmobiliaria-Banreservas.jpg?resize=700%2C400&ssl=1 2x, https:\/\/i0.wp.com\/lasprimeras.com.do\/wp-content\/uploads\/2026\/03\/Feria-Inmobiliaria-Banreservas.jpg?resize=1050%2C600&ssl=1 3x"},"classes":[]},{"id":125548,"url":"https:\/\/lasprimeras.com.do\/index.php\/2026\/03\/24\/valora-inversion-de-dominicanos-en-el-exterior-durante-3ra-feria-inmobiliaria-banreservas-en-ee-uu\/","url_meta":{"origin":128580,"position":1},"title":"Valora inversi\u00f3n de dominicanos en el exterior durante 3ra Feria Inmobiliaria Banreservas en EE. UU.","author":"Nelson Feliz","date":"24 de marzo de 2026","format":false,"excerpt":"Por Ram\u00f3n Mercedes NUEVA YORK.- El gerente general de la prestigiosa \u201cInmobiliaria KW Dominicana\u201d, subsidiaria de \u201cKW Inmobiliaria de los Estados Unidos\u201d, con oficinas en m\u00faltiples estados del territorio estadounidense y en 56 pa\u00edses, valora la inversi\u00f3n que hicieron cientos de dominicanos para adquirir propiedades durante la 3ra Feria Inmobiliaria\u2026","rel":"","context":"En \u00abECONOM\u00cdA\u00bb","block_context":{"text":"ECONOM\u00cdA","link":"https:\/\/lasprimeras.com.do\/index.php\/category\/economia\/"},"img":{"alt_text":"","src":"https:\/\/i0.wp.com\/lasprimeras.com.do\/wp-content\/uploads\/2026\/03\/IMG-20260324-WA0061.jpg?resize=350%2C200&ssl=1","width":350,"height":200,"srcset":"https:\/\/i0.wp.com\/lasprimeras.com.do\/wp-content\/uploads\/2026\/03\/IMG-20260324-WA0061.jpg?resize=350%2C200&ssl=1 1x, https:\/\/i0.wp.com\/lasprimeras.com.do\/wp-content\/uploads\/2026\/03\/IMG-20260324-WA0061.jpg?resize=525%2C300&ssl=1 1.5x"},"classes":[]},{"id":124972,"url":"https:\/\/lasprimeras.com.do\/index.php\/2026\/03\/18\/banreservas-inaugura-tercera-feria-inmobiliaria-en-nueva-york-y-lawrence-con-tasas-desde-9-50\/","url_meta":{"origin":128580,"position":2},"title":"Banreservas inaugura tercera Feria Inmobiliaria en Nueva York y Lawrence con tasas desde 9.50%","author":"Nelson Feliz","date":"18 de marzo de 2026","format":false,"excerpt":"Leonardo Aguilera entrega las primeras llaves a clientes durante el evento, que se extender\u00e1 hasta el 22 de marzo Nueva York.\u2013 El Banco de Reservas de la Rep\u00fablica Dominicana inaugur\u00f3 este mi\u00e9rcoles su tercera Feria Inmobiliaria en Nueva York y Lawrence, con tasas desde 9.50%, con el objetivo de facilitar\u2026","rel":"","context":"En \u00abECONOM\u00cdA\u00bb","block_context":{"text":"ECONOM\u00cdA","link":"https:\/\/lasprimeras.com.do\/index.php\/category\/economia\/"},"img":{"alt_text":"","src":"https:\/\/i0.wp.com\/lasprimeras.com.do\/wp-content\/uploads\/2026\/03\/IMG-20260318-WA0557.jpg?resize=350%2C200&ssl=1","width":350,"height":200,"srcset":"https:\/\/i0.wp.com\/lasprimeras.com.do\/wp-content\/uploads\/2026\/03\/IMG-20260318-WA0557.jpg?resize=350%2C200&ssl=1 1x, https:\/\/i0.wp.com\/lasprimeras.com.do\/wp-content\/uploads\/2026\/03\/IMG-20260318-WA0557.jpg?resize=525%2C300&ssl=1 1.5x, https:\/\/i0.wp.com\/lasprimeras.com.do\/wp-content\/uploads\/2026\/03\/IMG-20260318-WA0557.jpg?resize=700%2C400&ssl=1 2x, https:\/\/i0.wp.com\/lasprimeras.com.do\/wp-content\/uploads\/2026\/03\/IMG-20260318-WA0557.jpg?resize=1050%2C600&ssl=1 3x"},"classes":[]},{"id":96271,"url":"https:\/\/lasprimeras.com.do\/index.php\/2025\/03\/28\/llega-feria-inmobiliaria-nacional-plusval-en-todo-rdcon-mas-de-200-propiedades\/","url_meta":{"origin":128580,"position":3},"title":"Llega Feria Inmobiliaria Nacional &#8220;Plusval en Todo RD&#8221;con m\u00e1s de 200 propiedades","author":"Nelson Feliz","date":"28 de marzo de 2025","format":false,"excerpt":"La empresa Plusval Dominicana y el Banco Popular Dominicano inicio este jueves la 2da Feria Inmobiliaria Nacional \"Plusval en Todo RD\", el evento inmobiliario m\u00e1s grande del pa\u00eds, que ser\u00e1 celebrada los d\u00edas 4, 5 y 6 del mes de abril. Un evento paralelo en todas sus franquicias a nivel\u2026","rel":"","context":"En \u00abECONOM\u00cdA\u00bb","block_context":{"text":"ECONOM\u00cdA","link":"https:\/\/lasprimeras.com.do\/index.php\/category\/economia\/"},"img":{"alt_text":"Plusval Dominicana","src":"https:\/\/i0.wp.com\/lasprimeras.com.do\/wp-content\/uploads\/2025\/03\/Plusval-Dominicana-1.jpg?resize=350%2C200&ssl=1","width":350,"height":200,"srcset":"https:\/\/i0.wp.com\/lasprimeras.com.do\/wp-content\/uploads\/2025\/03\/Plusval-Dominicana-1.jpg?resize=350%2C200&ssl=1 1x, https:\/\/i0.wp.com\/lasprimeras.com.do\/wp-content\/uploads\/2025\/03\/Plusval-Dominicana-1.jpg?resize=525%2C300&ssl=1 1.5x"},"classes":[]},{"id":128593,"url":"https:\/\/lasprimeras.com.do\/index.php\/2026\/04\/24\/abinader-inaugurara-nueve-obras-en-la-vega-santiago-duarte-y-maria-trinidad-sanchez-este-fin-de-semana\/","url_meta":{"origin":128580,"position":4},"title":"Abinader inaugurar\u00e1 nueve obras en La Vega, Santiago, Duarte y Mar\u00eda Trinidad S\u00e1nchez este fin de semana","author":"Nelson Feliz","date":"24 de abril de 2026","format":false,"excerpt":"Las obras a inaugurar incluyen siete carreteras y dos centros educativos; tambi\u00e9n participar\u00e1 en la Feria Regional del Libro y la Cultura; entre otras. El presidente de la Rep\u00fablica, Luis Abinader, desarrollar\u00e1 este fin de semana una agenda de actividades oficiales que incluye inauguraciones de carreteras, visitas de supervisi\u00f3n y\u2026","rel":"","context":"En \u00abNACIONALES\u00bb","block_context":{"text":"NACIONALES","link":"https:\/\/lasprimeras.com.do\/index.php\/category\/nacionales\/"},"img":{"alt_text":"Luis Abinader","src":"https:\/\/i0.wp.com\/lasprimeras.com.do\/wp-content\/uploads\/2026\/03\/Luis-Abinader-7-1.jpg?resize=350%2C200&ssl=1","width":350,"height":200,"srcset":"https:\/\/i0.wp.com\/lasprimeras.com.do\/wp-content\/uploads\/2026\/03\/Luis-Abinader-7-1.jpg?resize=350%2C200&ssl=1 1x, https:\/\/i0.wp.com\/lasprimeras.com.do\/wp-content\/uploads\/2026\/03\/Luis-Abinader-7-1.jpg?resize=525%2C300&ssl=1 1.5x, https:\/\/i0.wp.com\/lasprimeras.com.do\/wp-content\/uploads\/2026\/03\/Luis-Abinader-7-1.jpg?resize=700%2C400&ssl=1 2x"},"classes":[]},{"id":122821,"url":"https:\/\/lasprimeras.com.do\/index.php\/2026\/02\/22\/banreservas-participara-en-anato-2026-donde-promovera-inversiones-en-el-sector-turistico-e-inmobiliario-de-rd\/","url_meta":{"origin":128580,"position":5},"title":"Banreservas participar\u00e1 en ANATO 2026, donde promover\u00e1 inversiones en el sector tur\u00edstico e inmobiliario de RD","author":"Nelson Feliz","date":"22 de febrero de 2026","format":false,"excerpt":"El Banco de Reservas de la Rep\u00fablica Dominicana anunci\u00f3 su participaci\u00f3n en la 45\u00aa edici\u00f3n de la Vitrina Tur\u00edstica ANATO, que se celebrar\u00e1 del 25 al 27 de febrero en el recinto ferial Corferias, en Bogot\u00e1, Colombia, donde desarrollar\u00e1 una amplia agenda de reuniones estrat\u00e9gicas con inversionistas del sector tur\u00edstico\u2026","rel":"","context":"En \u00abECONOM\u00cdA\u00bb","block_context":{"text":"ECONOM\u00cdA","link":"https:\/\/lasprimeras.com.do\/index.php\/category\/economia\/"},"img":{"alt_text":"","src":"https:\/\/i0.wp.com\/lasprimeras.com.do\/wp-content\/uploads\/2025\/12\/Leonardo-Aguilera-1-1.jpg?resize=350%2C200&ssl=1","width":350,"height":200,"srcset":"https:\/\/i0.wp.com\/lasprimeras.com.do\/wp-content\/uploads\/2025\/12\/Leonardo-Aguilera-1-1.jpg?resize=350%2C200&ssl=1 1x, https:\/\/i0.wp.com\/lasprimeras.com.do\/wp-content\/uploads\/2025\/12\/Leonardo-Aguilera-1-1.jpg?resize=525%2C300&ssl=1 1.5x, https:\/\/i0.wp.com\/lasprimeras.com.do\/wp-content\/uploads\/2025\/12\/Leonardo-Aguilera-1-1.jpg?resize=700%2C400&ssl=1 2x"},"classes":[]}],"jetpack_sharing_enabled":true,"_links":{"self":[{"href":"https:\/\/lasprimeras.com.do\/index.php\/wp-json\/wp\/v2\/posts\/128580","targetHints":{"allow":["GET"]}}],"collection":[{"href":"https:\/\/lasprimeras.com.do\/index.php\/wp-json\/wp\/v2\/posts"}],"about":[{"href":"https:\/\/lasprimeras.com.do\/index.php\/wp-json\/wp\/v2\/types\/post"}],"author":[{"embeddable":true,"href":"https:\/\/lasprimeras.com.do\/index.php\/wp-json\/wp\/v2\/users\/10"}],"replies":[{"embeddable":true,"href":"https:\/\/lasprimeras.com.do\/index.php\/wp-json\/wp\/v2\/comments?post=128580"}],"version-history":[{"count":1,"href":"https:\/\/lasprimeras.com.do\/index.php\/wp-json\/wp\/v2\/posts\/128580\/revisions"}],"predecessor-version":[{"id":128583,"href":"https:\/\/lasprimeras.com.do\/index.php\/wp-json\/wp\/v2\/posts\/128580\/revisions\/128583"}],"wp:featuredmedia":[{"embeddable":true,"href":"https:\/\/lasprimeras.com.do\/index.php\/wp-json\/wp\/v2\/media\/128581"}],"wp:attachment":[{"href":"https:\/\/lasprimeras.com.do\/index.php\/wp-json\/wp\/v2\/media?parent=128580"}],"wp:term":[{"taxonomy":"category","embeddable":true,"href":"https:\/\/lasprimeras.com.do\/index.php\/wp-json\/wp\/v2\/categories?post=128580"},{"taxonomy":"post_tag","embeddable":true,"href":"https:\/\/lasprimeras.com.do\/index.php\/wp-json\/wp\/v2\/tags?post=128580"}],"curies":[{"name":"wp","href":"https:\/\/api.w.org\/{rel}","templated":true}]}}