{"id":128584,"date":"2026-04-24T22:20:29","date_gmt":"2026-04-25T02:20:29","guid":{"rendered":"https:\/\/lasprimeras.com.do\/?p=128584"},"modified":"2026-04-24T22:21:00","modified_gmt":"2026-04-25T02:21:00","slug":"presidente-abinader-otorga-nacionalidad-dominicana-arq-mexico-dominicano-eduardo-matos-moctezuma","status":"publish","type":"post","link":"https:\/\/lasprimeras.com.do\/index.php\/2026\/04\/24\/presidente-abinader-otorga-nacionalidad-dominicana-arq-mexico-dominicano-eduardo-matos-moctezuma\/","title":{"rendered":"Presidente Abinader otorga nacionalidad dominicana arq. M\u00e9xico-dominicano Eduardo Matos Moctezuma"},"content":{"rendered":"\n<p><strong>El presidente de la Rep\u00fablica Dominicana, Luis Abinader otorg\u00f3 la nacionalidad dominicana, a t\u00edtulo de naturalizaci\u00f3n privilegiada, al destacado arque\u00f3logo m\u00e9xico-dominicano Eduardo Matos Moctezuma.<\/strong><\/p>\n\n\n\n<p>El presidente de la Rep\u00fablica Dominicana, Luis Abinader, otorg\u00f3 mediante el decreto 723-25, del 31 de diciembre del 2025,la nacionalidad dominicana, a t\u00edtulo de naturalizaci\u00f3n privilegiada, al destacado arque\u00f3logo m\u00e9xico-dominicano Eduardo Matos Moctezuma, quien entre 1978 y 1982 dirigi\u00f3 el proyecto de investigaci\u00f3n que descubri\u00f3 el Templo Mayor de la antigua ciudad mexicana de Tenochtitl\u00e1n, que hoy es un museo patrimonio hist\u00f3rico abierto al p\u00fablico.<\/p>\n\n\n\n<p>Matos Moctezuma es hijo del dominicano Rafael Matos D\u00edaz, quien fuera diplom\u00e1tico en M\u00e9xico en los a\u00f1os cuarenta del siglo pasado, donde contrajo matrimonio con la se\u00f1ora Edith Moctezuma, nacida en el estado mexicano de Puebla, con la que tuvo otros dos hijos, Fernanda y Rafael. Matos D\u00edaz ejerci\u00f3 tambi\u00e9n como diplom\u00e1tico en Panam\u00e1 y Venezuela.<\/p>\n\n\n\n<p>El arque\u00f3logo Eduardo Matos Moctezuma naci\u00f3 en la ciudad de M\u00e9xico en diciembre de 1940, por lo que acumula 85 a\u00f1os de vida, manteni\u00e9ndose activo en el mundo acad\u00e9mico, con plenitud mental y f\u00edsica.<\/p>\n\n\n\n<p>La nacionalidad le fue concedida a solicitud de la Embajada de Rep\u00fablica Dominicana en M\u00e9xico, la que lo ha invitado a Santo Domingo para ser juramentado como ciudadano dominicano por el presidente Abinader en el pr\u00f3ximo mes de mayo.<\/p>\n\n\n\n<p>Aunque de adulto nunca ha vivido en la Rep\u00fablica Dominicana, Matos Moctezuma ha mantenido m\u00faltiples nexos con el pa\u00eds, por ejemplo, en los a\u00f1os setenta asesor\u00f3 al arquitecto Jos\u00e9 Antonio Caro para la construcci\u00f3n del Museo del Hombre Dominicano.<\/p>\n\n\n\n<p>Tiene varias publicaciones sobre asuntos dominicanos, destac\u00e1ndose su obra \u201cPedro Henr\u00edquez Ure\u00f1a y su aporte al folklore latinoamericano\u201d, M\u00e9xico, Instituto Nacional de Historia, 1981.<\/p>\n\n\n\n<p>En el 2017 la Embajada de Rep\u00fablica Dominicana en M\u00e9xico le hizo un reconocimiento por su labor en pro de la difusi\u00f3n de la cultura dominicana.<\/p>\n\n\n\n<p>El doctor Matos Moctezuma ha recibido decenas de reconocimientos de prestigiosas instituciones mexicanas y de numerosos pa\u00edses, entre ellos el Premio Princesa de Asturias de Ciencias Sociales del Reino de Espa\u00f1a en el 2022, medalla de la Universidad de Harvard, y de academias de ciencias de Francia, Alemania, Estados Unidos, Gran Breta\u00f1a, Austria y Venezuela.<\/p>\n\n\n\n<p>Tras graduarse de arque\u00f3logo en la Escuela Nacional de Antropolog\u00eda e Historia, realiz\u00f3 una maestr\u00eda en Ciencias Antropol\u00f3gicas, en la Universidad Nacional Aut\u00f3noma de M\u00e9xico, donde tambi\u00e9n obtuvo el doctorado en la misma disciplina. Es miembro de la Academia Mexicana de la Historia y de la Academia Mexicana de la Lengua.<\/p>\n\n\n\n<p>Ha trabajado en una decena de proyectos de investigaci\u00f3n arqueol\u00f3gica en varios estados mexicanos, resaltando Teotihuac\u00e1n, Tlatelolco, y la del Templo Mayor de los Mexicas. En el 2020 el presidente Andr\u00e9s L\u00f3pez Obrador lo design\u00f3 asesor del Consejo de la Memoria Hist\u00f3rica y Cultural de M\u00e9xico.<\/p>\n\n\n\n<p>Eduardo Matos registra unas 500 publicaciones, entre libros, art\u00edculos, rese\u00f1as, cat\u00e1logos gu\u00edas, y semblanzas, y ha dictado m\u00e1s de un millar de conferencias en M\u00e9xico y m\u00faltiples pa\u00edses. Una C\u00e1tedra del Museo Nacional de Antropolog\u00eda de M\u00e9xico lleva su nombre.<\/p>\n\n\n\n<p>Entre sus libros se destacan \u201cMuerte a filo de obsidiana\u201d, que lleva 13 ediciones, \u201cVida y Muerte en el Templo Mayor\u201d, \u201cTlatelolco, la \u00faltima ciudad, la primera resistencia\u201d, \u201cTeotihuac\u00e1n\u201d, \u201cLos Aztecas\u201d, y \u201cLa muerte entre los Mexicas\u201d.<\/p>\n","protected":false},"excerpt":{"rendered":"<p>El presidente de la Rep\u00fablica Dominicana, Luis Abinader otorg\u00f3 la nacionalidad dominicana, a t\u00edtulo de naturalizaci\u00f3n privilegiada, al destacado arque\u00f3logo m\u00e9xico-dominicano Eduardo Matos Moctezuma. El presidente de la Rep\u00fablica Dominicana,&hellip;<\/p>\n","protected":false},"author":10,"featured_media":128585,"comment_status":"open","ping_status":"open","sticky":false,"template":"","format":"standard","meta":{"content-type":"","jetpack_post_was_ever_published":false,"_jetpack_newsletter_access":"","_jetpack_dont_email_post_to_subs":false,"_jetpack_newsletter_tier_id":0,"_jetpack_memberships_contains_paywalled_content":false,"_jetpack_memberships_contains_paid_content":false,"footnotes":""},"categories":[35,25],"tags":[32615,32616,67,32614,32613,6981],"class_list":["post-128584","post","type-post","status-publish","format-standard","has-post-thumbnail","hentry","category-nacionales","category-portada","tag-arqueologo","tag-eduardo-matos-moctezuma","tag-luis-abinader","tag-mexico-dominicano","tag-nacionalidad-dominicana","tag-otorga"],"jetpack_featured_media_url":"https:\/\/lasprimeras.com.do\/wp-content\/uploads\/2026\/04\/Eduardo-Matos-Moctezuma.jpg","jetpack-related-posts":[{"id":120973,"url":"https:\/\/lasprimeras.com.do\/index.php\/2026\/01\/29\/abinader-entrega-la-bandera-dominicana-a-los-leones-del-escogido-para-la-serie-del-caribe-2026\/","url_meta":{"origin":128584,"position":0},"title":"Abinader entrega la bandera dominicana a los Leones del Escogido para la Serie del Caribe 2026","author":"Nelson Feliz","date":"29 de enero de 2026","format":false,"excerpt":"Mandatario exhorta al equipo dominicano a competir con disciplina, entrega y compromiso patri\u00f3tico en suelo mexicano. El presidente Luis Abinader recibi\u00f3 este jueves a los Leones del Escogido, campeones de la Liga de B\u00e9isbol Profesional de la Rep\u00fablica Dominicana (Lidom) en la temporada 2025-2026, quienes representar\u00e1n al pa\u00eds en la\u2026","rel":"","context":"En \u00abDEPORTES\u00bb","block_context":{"text":"DEPORTES","link":"https:\/\/lasprimeras.com.do\/index.php\/category\/deportes\/"},"img":{"alt_text":"","src":"https:\/\/i0.wp.com\/lasprimeras.com.do\/wp-content\/uploads\/2026\/01\/Luis-Escog.jpg?resize=350%2C200&ssl=1","width":350,"height":200,"srcset":"https:\/\/i0.wp.com\/lasprimeras.com.do\/wp-content\/uploads\/2026\/01\/Luis-Escog.jpg?resize=350%2C200&ssl=1 1x, https:\/\/i0.wp.com\/lasprimeras.com.do\/wp-content\/uploads\/2026\/01\/Luis-Escog.jpg?resize=525%2C300&ssl=1 1.5x, https:\/\/i0.wp.com\/lasprimeras.com.do\/wp-content\/uploads\/2026\/01\/Luis-Escog.jpg?resize=700%2C400&ssl=1 2x"},"classes":[]},{"id":116031,"url":"https:\/\/lasprimeras.com.do\/index.php\/2025\/11\/26\/republica-dominicana-otorga-acceso-a-eeuu-a-zonas-restringidas-en-su-combate-al-narcotrafico\/","url_meta":{"origin":128584,"position":1},"title":"Rep\u00fablica Dominicana otorga acceso a EEUU a zonas restringidas en su combate al narcotr\u00e1fico","author":"Nelson Feliz","date":"26 de noviembre de 2025","format":false,"excerpt":"El secretario de Defensa de Estados Unidos, Pete Hegseth, en conferencia de prensa despu\u00e9s de reunirse con el presidente dominicano Luis Abinader, el mi\u00e9rcoles 26 de noviembre de 2025, en el Palacio Nacional de Santo Domingo, Rep\u00fablica Dominicana. (AP Foto\/Ricardo Hern\u00e1ndez)","rel":"","context":"En \u00abNACIONALES\u00bb","block_context":{"text":"NACIONALES","link":"https:\/\/lasprimeras.com.do\/index.php\/category\/nacionales\/"},"img":{"alt_text":"","src":"https:\/\/i0.wp.com\/lasprimeras.com.do\/wp-content\/uploads\/2025\/11\/Pete-Hegseth-2-1.jpg?resize=350%2C200&ssl=1","width":350,"height":200,"srcset":"https:\/\/i0.wp.com\/lasprimeras.com.do\/wp-content\/uploads\/2025\/11\/Pete-Hegseth-2-1.jpg?resize=350%2C200&ssl=1 1x, https:\/\/i0.wp.com\/lasprimeras.com.do\/wp-content\/uploads\/2025\/11\/Pete-Hegseth-2-1.jpg?resize=525%2C300&ssl=1 1.5x, https:\/\/i0.wp.com\/lasprimeras.com.do\/wp-content\/uploads\/2025\/11\/Pete-Hegseth-2-1.jpg?resize=700%2C400&ssl=1 2x"},"classes":[]},{"id":124969,"url":"https:\/\/lasprimeras.com.do\/index.php\/2026\/03\/18\/abinader-condecora-postumamente-a-orlando-martinez-howley\/","url_meta":{"origin":128584,"position":2},"title":"Abinader condecora p\u00f3stumamente a Orlando Mart\u00ednez Howley","author":"Nelson Feliz","date":"18 de marzo de 2026","format":false,"excerpt":"_Mandatario dice que con esta condecoraci\u00f3n, la Rep\u00fablica Dominicana honra no solo al periodista, sino al ciudadano valiente, al hombre \u00edntegro, al dominicano que defendi\u00f3 la libertad incluso cuando hacerlo implicaba el mayor de los riesgos._ *Santo Domingo.-* El presidente Luis Abinader concedi\u00f3 una condecoraci\u00f3n p\u00f3stuma al periodista Orlando Mart\u00ednez\u2026","rel":"","context":"En \u00abNACIONALES\u00bb","block_context":{"text":"NACIONALES","link":"https:\/\/lasprimeras.com.do\/index.php\/category\/nacionales\/"},"img":{"alt_text":"","src":"https:\/\/i0.wp.com\/lasprimeras.com.do\/wp-content\/uploads\/2026\/03\/IMG-20260318-WA0348-scaled.jpg?resize=350%2C200&ssl=1","width":350,"height":200,"srcset":"https:\/\/i0.wp.com\/lasprimeras.com.do\/wp-content\/uploads\/2026\/03\/IMG-20260318-WA0348-scaled.jpg?resize=350%2C200&ssl=1 1x, https:\/\/i0.wp.com\/lasprimeras.com.do\/wp-content\/uploads\/2026\/03\/IMG-20260318-WA0348-scaled.jpg?resize=525%2C300&ssl=1 1.5x, https:\/\/i0.wp.com\/lasprimeras.com.do\/wp-content\/uploads\/2026\/03\/IMG-20260318-WA0348-scaled.jpg?resize=700%2C400&ssl=1 2x, https:\/\/i0.wp.com\/lasprimeras.com.do\/wp-content\/uploads\/2026\/03\/IMG-20260318-WA0348-scaled.jpg?resize=1050%2C600&ssl=1 3x, https:\/\/i0.wp.com\/lasprimeras.com.do\/wp-content\/uploads\/2026\/03\/IMG-20260318-WA0348-scaled.jpg?resize=1400%2C800&ssl=1 4x"},"classes":[]},{"id":121509,"url":"https:\/\/lasprimeras.com.do\/index.php\/2026\/02\/04\/gobierno-inicia-investigacion-arqueologica-para-localizar-restos-del-cacique-enriquillo-en-azua\/","url_meta":{"origin":128584,"position":3},"title":"Gobierno inicia investigaci\u00f3n arqueol\u00f3gica para localizar restos del cacique Enriquillo en Azua","author":"Nelson Feliz","date":"4 de febrero de 2026","format":false,"excerpt":"Robert Polanco afirma que el proyecto marca un acto de justicia hist\u00f3rica y fortalecimiento de la identidad nacional y que cuenta con el respaldo de expertos internacionales El director de Proyectos Estrat\u00e9gicos y Especiales de la Presidencia (Propeep), Robert Polanco, encabez\u00f3 este mi\u00e9rcoles el acto de inicio de la investigaci\u00f3n\u2026","rel":"","context":"En \u00abNACIONALES\u00bb","block_context":{"text":"NACIONALES","link":"https:\/\/lasprimeras.com.do\/index.php\/category\/nacionales\/"},"img":{"alt_text":"Robert Polanco","src":"https:\/\/i0.wp.com\/lasprimeras.com.do\/wp-content\/uploads\/2026\/02\/Robert-Polanco-1.jpg?resize=350%2C200&ssl=1","width":350,"height":200,"srcset":"https:\/\/i0.wp.com\/lasprimeras.com.do\/wp-content\/uploads\/2026\/02\/Robert-Polanco-1.jpg?resize=350%2C200&ssl=1 1x, https:\/\/i0.wp.com\/lasprimeras.com.do\/wp-content\/uploads\/2026\/02\/Robert-Polanco-1.jpg?resize=525%2C300&ssl=1 1.5x, https:\/\/i0.wp.com\/lasprimeras.com.do\/wp-content\/uploads\/2026\/02\/Robert-Polanco-1.jpg?resize=700%2C400&ssl=1 2x"},"classes":[]},{"id":124373,"url":"https:\/\/lasprimeras.com.do\/index.php\/2026\/03\/11\/presidente-abinader-se-reune-con-lideres-dominicanos-en-chile\/","url_meta":{"origin":128584,"position":4},"title":"Presidente Abinader se re\u00fane con l\u00edderes dominicanos en Chile","author":"Nelson Feliz","date":"11 de marzo de 2026","format":false,"excerpt":"El mandatario llama a dominicanos mantener el alto nombre de la Patria y a aprovechar las ventajas que le ofrece el pais sudamericano Santiago de Chile.- El presidente Luis Abinader se reuni\u00f3 con representantes y l\u00edderes de distintas organizaciones de dominicanos residentes en Chile, a quienes les resalt\u00f3 las nuevas\u2026","rel":"","context":"En \u00abNACIONALES\u00bb","block_context":{"text":"NACIONALES","link":"https:\/\/lasprimeras.com.do\/index.php\/category\/nacionales\/"},"img":{"alt_text":"Luis Abinader","src":"https:\/\/i0.wp.com\/lasprimeras.com.do\/wp-content\/uploads\/2026\/03\/Luis-Abinader.jpg?resize=350%2C200&ssl=1","width":350,"height":200,"srcset":"https:\/\/i0.wp.com\/lasprimeras.com.do\/wp-content\/uploads\/2026\/03\/Luis-Abinader.jpg?resize=350%2C200&ssl=1 1x, https:\/\/i0.wp.com\/lasprimeras.com.do\/wp-content\/uploads\/2026\/03\/Luis-Abinader.jpg?resize=525%2C300&ssl=1 1.5x, https:\/\/i0.wp.com\/lasprimeras.com.do\/wp-content\/uploads\/2026\/03\/Luis-Abinader.jpg?resize=700%2C400&ssl=1 2x"},"classes":[]},{"id":112017,"url":"https:\/\/lasprimeras.com.do\/index.php\/2025\/10\/16\/presidente-del-cnd-resalta-estabilidad-y-condiciones-favorables-del-pais\/","url_meta":{"origin":128584,"position":5},"title":"Presidente del CND resalta estabilidad y condiciones favorables del pa\u00eds","author":"Nelson Feliz","date":"16 de octubre de 2025","format":false,"excerpt":"Ministro de Industria y Comercio dice que en 2024 la inversi\u00f3n extranjera directa alcanz\u00f3 los US$4,523 millones, una cifra r\u00e9cord que se proyecta que podr\u00eda llegar a US$5,000 millones este a\u00f1o. El presidente de la Cervecer\u00eda Nacional Dominicana (CND), Fabi\u00e1n Su\u00e1rez, resalt\u00f3 que la compa\u00f1\u00eda ha ejecutado desde 2021 un\u2026","rel":"","context":"En \u00abECONOM\u00cdA\u00bb","block_context":{"text":"ECONOM\u00cdA","link":"https:\/\/lasprimeras.com.do\/index.php\/category\/economia\/"},"img":{"alt_text":"Luis Abinader","src":"https:\/\/i0.wp.com\/lasprimeras.com.do\/wp-content\/uploads\/2025\/10\/Luis-Abinader-1-2.jpg?resize=350%2C200&ssl=1","width":350,"height":200,"srcset":"https:\/\/i0.wp.com\/lasprimeras.com.do\/wp-content\/uploads\/2025\/10\/Luis-Abinader-1-2.jpg?resize=350%2C200&ssl=1 1x, https:\/\/i0.wp.com\/lasprimeras.com.do\/wp-content\/uploads\/2025\/10\/Luis-Abinader-1-2.jpg?resize=525%2C300&ssl=1 1.5x, https:\/\/i0.wp.com\/lasprimeras.com.do\/wp-content\/uploads\/2025\/10\/Luis-Abinader-1-2.jpg?resize=700%2C400&ssl=1 2x"},"classes":[]}],"jetpack_sharing_enabled":true,"_links":{"self":[{"href":"https:\/\/lasprimeras.com.do\/index.php\/wp-json\/wp\/v2\/posts\/128584","targetHints":{"allow":["GET"]}}],"collection":[{"href":"https:\/\/lasprimeras.com.do\/index.php\/wp-json\/wp\/v2\/posts"}],"about":[{"href":"https:\/\/lasprimeras.com.do\/index.php\/wp-json\/wp\/v2\/types\/post"}],"author":[{"embeddable":true,"href":"https:\/\/lasprimeras.com.do\/index.php\/wp-json\/wp\/v2\/users\/10"}],"replies":[{"embeddable":true,"href":"https:\/\/lasprimeras.com.do\/index.php\/wp-json\/wp\/v2\/comments?post=128584"}],"version-history":[{"count":1,"href":"https:\/\/lasprimeras.com.do\/index.php\/wp-json\/wp\/v2\/posts\/128584\/revisions"}],"predecessor-version":[{"id":128586,"href":"https:\/\/lasprimeras.com.do\/index.php\/wp-json\/wp\/v2\/posts\/128584\/revisions\/128586"}],"wp:featuredmedia":[{"embeddable":true,"href":"https:\/\/lasprimeras.com.do\/index.php\/wp-json\/wp\/v2\/media\/128585"}],"wp:attachment":[{"href":"https:\/\/lasprimeras.com.do\/index.php\/wp-json\/wp\/v2\/media?parent=128584"}],"wp:term":[{"taxonomy":"category","embeddable":true,"href":"https:\/\/lasprimeras.com.do\/index.php\/wp-json\/wp\/v2\/categories?post=128584"},{"taxonomy":"post_tag","embeddable":true,"href":"https:\/\/lasprimeras.com.do\/index.php\/wp-json\/wp\/v2\/tags?post=128584"}],"curies":[{"name":"wp","href":"https:\/\/api.w.org\/{rel}","templated":true}]}}