{"id":128587,"date":"2026-04-24T22:40:10","date_gmt":"2026-04-25T02:40:10","guid":{"rendered":"https:\/\/lasprimeras.com.do\/?p=128587"},"modified":"2026-04-24T22:40:13","modified_gmt":"2026-04-25T02:40:13","slug":"jorge-asjana-llama-a-la-uasd-a-asumir-liderazgo-nacional-frente-a-la-violencia","status":"publish","type":"post","link":"https:\/\/lasprimeras.com.do\/index.php\/2026\/04\/24\/jorge-asjana-llama-a-la-uasd-a-asumir-liderazgo-nacional-frente-a-la-violencia\/","title":{"rendered":"Jorge Asjana llama a la UASD a asumir liderazgo nacional frente a la violencia"},"content":{"rendered":"\n<p>Durante un multitudinario acto de cierre de campa\u00f1a celebrado en la Universidad Aut\u00f3noma de Santo Domingo (UASD), recinto San Juan de la Maguana, el doctor Jorge Asjana David, exhort\u00f3 a la comunidad universitaria y a toda la sociedad dominicana a asumir un compromiso firme y decidido en la lucha contra la violencia que afecta al pa\u00eds.<\/p>\n\n\n\n<p>En una emotiva reflexi\u00f3n, Asjana David manifest\u00f3 su profunda preocupaci\u00f3n ante los constantes hechos violentos que, d\u00eda tras d\u00eda, ocupan los principales titulares de los medios de comunicaci\u00f3n, cobrando la vida de ni\u00f1os, j\u00f3venes, adultos y envejecientes en toda la geograf\u00eda nacional.<\/p>\n\n\n\n<p>El destacado acad\u00e9mico sostuvo que, ante esta realidad, la UASD no puede permanecer en silencio ni mostrarse indiferente. \u201cNuestra universidad, s\u00edmbolo hist\u00f3rico de paz, pensamiento cr\u00edtico y compromiso social, est\u00e1 llamada a desempe\u00f1ar un rol protag\u00f3nico en la construcci\u00f3n de soluciones que contribuyan a transformar esta dolorosa realidad\u201d, expres\u00f3.<\/p>\n\n\n\n<p>Asjana afirm\u00f3 que la Universidad Primada de Am\u00e9rica debe trascender las aulas y convertirse en un actor determinante en la promoci\u00f3n de valores, la formaci\u00f3n ciudadana y el fortalecimiento de una aut\u00e9ntica cultura de paz.<\/p>\n\n\n\n<p>Asimismo, hizo un llamado a las autoridades universitarias, a los candidatos y a todos los integrantes del movimiento acad\u00e9mico y social a unir voluntades y pasar del discurso a la acci\u00f3n, impulsando iniciativas concretas que contribuyan a reducir los alarmantes indicadores de violencia que hoy golpean a la naci\u00f3n.<\/p>\n\n\n\n<p>\u201cHa llegado la hora de que la Universidad Aut\u00f3noma de Santo Domingo reafirme, una vez m\u00e1s, su compromiso hist\u00f3rico con los mejores intereses del pueblo dominicano\u201d, enfatiz\u00f3.<\/p>\n\n\n\n<p>Las palabras de Jorge Asjana David encontraron una entusiasta acogida entre los asistentes, quienes valoraron su sensibilidad social, su visi\u00f3n transformadora y su firme determinaci\u00f3n de colocar a la UASD al servicio de las grandes causas nacionales.<\/p>\n","protected":false},"excerpt":{"rendered":"<p>Durante un multitudinario acto de cierre de campa\u00f1a celebrado en la Universidad Aut\u00f3noma de Santo Domingo (UASD), recinto San Juan de la Maguana, el doctor Jorge Asjana David, exhort\u00f3 a&hellip;<\/p>\n","protected":false},"author":10,"featured_media":128588,"comment_status":"open","ping_status":"open","sticky":false,"template":"","format":"standard","meta":{"content-type":"","jetpack_post_was_ever_published":false,"_jetpack_newsletter_access":"","_jetpack_dont_email_post_to_subs":false,"_jetpack_newsletter_tier_id":0,"_jetpack_memberships_contains_paywalled_content":false,"_jetpack_memberships_contains_paid_content":false,"footnotes":""},"categories":[35,25],"tags":[27291,1412,172,1765,3882],"class_list":["post-128587","post","type-post","status-publish","format-standard","has-post-thumbnail","hentry","category-nacionales","category-portada","tag-jorge-asjana","tag-liderazgo","tag-nacional","tag-uasd","tag-violencia"],"jetpack_featured_media_url":"https:\/\/lasprimeras.com.do\/wp-content\/uploads\/2026\/04\/asjana.jpg","jetpack-related-posts":[{"id":114754,"url":"https:\/\/lasprimeras.com.do\/index.php\/2025\/11\/16\/rosalia-sosa-respalda-el-proyecto-de-jorge-asjana-a-la-rectoria-de-la-uasd\/","url_meta":{"origin":128587,"position":0},"title":"Rosal\u00eda Sosa respalda el proyecto de Jorge Asjana a la rector\u00eda de la UASD","author":"Nelson Feliz","date":"16 de noviembre de 2025","format":false,"excerpt":"Al ritmo de la consigna 70-10, en un contundente acto, el Dr. Jorge Asjana David y la Dra. Rosal\u00eda Sosa sellan una gran alianza estrat\u00e9gica de cara a la pr\u00f3ximo gesti\u00f3n 26-30. El paraninfo Ricardo Michell de la Facultad de Ciencias Econ\u00f3micas y Sociales fue abarrotada por cientos de maestros,\u2026","rel":"","context":"En \u00abNACIONALES\u00bb","block_context":{"text":"NACIONALES","link":"https:\/\/lasprimeras.com.do\/index.php\/category\/nacionales\/"},"img":{"alt_text":"","src":"https:\/\/i0.wp.com\/lasprimeras.com.do\/wp-content\/uploads\/2025\/11\/Rosalia-Sosa-1.jpg?resize=350%2C200&ssl=1","width":350,"height":200,"srcset":"https:\/\/i0.wp.com\/lasprimeras.com.do\/wp-content\/uploads\/2025\/11\/Rosalia-Sosa-1.jpg?resize=350%2C200&ssl=1 1x, https:\/\/i0.wp.com\/lasprimeras.com.do\/wp-content\/uploads\/2025\/11\/Rosalia-Sosa-1.jpg?resize=525%2C300&ssl=1 1.5x, https:\/\/i0.wp.com\/lasprimeras.com.do\/wp-content\/uploads\/2025\/11\/Rosalia-Sosa-1.jpg?resize=700%2C400&ssl=1 2x"},"classes":[]},{"id":118333,"url":"https:\/\/lasprimeras.com.do\/index.php\/2025\/12\/26\/pld-respalda-al-dr-jorge-asjana-a-la-rectoria-de-uasd\/","url_meta":{"origin":128587,"position":1},"title":"PLD respalda al Dr. Jorge Asjana a la rector\u00eda de UASD","author":"Nelson Feliz","date":"26 de diciembre de 2025","format":false,"excerpt":"Jorge Asjana David recibe el respaldo del Partido de la Liberaci\u00f3n Dominicana como candidato a la rector\u00eda de la UASD, explica Danilo Medina, presidente del PLD El candidato a la rector\u00eda de la Universidad Aut\u00f3noma de Santo Domingo (UASD), Doctor Jorge Asjana David, recibi\u00f3 este viernes el respaldo del Partido\u2026","rel":"","context":"En \u00abPOLITICA\u00bb","block_context":{"text":"POLITICA","link":"https:\/\/lasprimeras.com.do\/index.php\/category\/politica\/"},"img":{"alt_text":"Danilo Medina","src":"https:\/\/i0.wp.com\/lasprimeras.com.do\/wp-content\/uploads\/2025\/12\/Danilo-Medina-1.jpg?resize=350%2C200&ssl=1","width":350,"height":200,"srcset":"https:\/\/i0.wp.com\/lasprimeras.com.do\/wp-content\/uploads\/2025\/12\/Danilo-Medina-1.jpg?resize=350%2C200&ssl=1 1x, https:\/\/i0.wp.com\/lasprimeras.com.do\/wp-content\/uploads\/2025\/12\/Danilo-Medina-1.jpg?resize=525%2C300&ssl=1 1.5x, https:\/\/i0.wp.com\/lasprimeras.com.do\/wp-content\/uploads\/2025\/12\/Danilo-Medina-1.jpg?resize=700%2C400&ssl=1 2x"},"classes":[]},{"id":114718,"url":"https:\/\/lasprimeras.com.do\/index.php\/2025\/11\/16\/proclaman-candidatos-para-dirigir-uasd-recinto-barahona-2026-2030-en-entusiasta-actividad\/","url_meta":{"origin":128587,"position":2},"title":"Proclaman candidatos para dirigir UASD Recinto Barahona 2026-2030 en entusiasta actividad","author":"Nelson Feliz","date":"16 de noviembre de 2025","format":false,"excerpt":"En un evento marcado por el entusiasmo y la gran concurrencia, el movimiento profesoral \"Unidos por UASD BARAHONA\" proclam\u00f3 oficialmente sus candidaturas para la direcci\u00f3n del Recinto Barahona de la Universidad Aut\u00f3noma de Santo Domingo (UASD) para el cuatrienio 2026-2030. La actividad, que congreg\u00f3 a docentes, personal administrativo y estudiantes,\u2026","rel":"","context":"En \u00abNACIONALES\u00bb","block_context":{"text":"NACIONALES","link":"https:\/\/lasprimeras.com.do\/index.php\/category\/nacionales\/"},"img":{"alt_text":"","src":"","width":0,"height":0},"classes":[]},{"id":124200,"url":"https:\/\/lasprimeras.com.do\/index.php\/2026\/03\/09\/lopez-propone-modernizar-la-subdireccion-academica-de-uasd-barahona\/","url_meta":{"origin":128587,"position":3},"title":"L\u00f3pez propone modernizar la Subdirecci\u00f3n Acad\u00e9mica de UASD Barahona","author":"Nelson Feliz","date":"9 de marzo de 2026","format":false,"excerpt":"El acad\u00e9mico Ram\u00f3n L\u00f3pez Ynoa present\u00f3 formalmente sus aspiraciones a la Subdirecci\u00f3n Acad\u00e9mica de la UASD Recinto Barahona, para el cuatrienio 2026-2030, bajo una plataforma program\u00e1tica que prioriza la humanizaci\u00f3n de la ense\u00f1anza y la modernizaci\u00f3n de los procesos institucionales. L\u00f3pez Ynoa deline\u00f3 una visi\u00f3n de gesti\u00f3n que trasciende la\u2026","rel":"","context":"En \u00abNACIONALES\u00bb","block_context":{"text":"NACIONALES","link":"https:\/\/lasprimeras.com.do\/index.php\/category\/nacionales\/"},"img":{"alt_text":"","src":"https:\/\/i0.wp.com\/lasprimeras.com.do\/wp-content\/uploads\/2026\/03\/Ramon-Lopez.jpg?resize=350%2C200&ssl=1","width":350,"height":200,"srcset":"https:\/\/i0.wp.com\/lasprimeras.com.do\/wp-content\/uploads\/2026\/03\/Ramon-Lopez.jpg?resize=350%2C200&ssl=1 1x, https:\/\/i0.wp.com\/lasprimeras.com.do\/wp-content\/uploads\/2026\/03\/Ramon-Lopez.jpg?resize=525%2C300&ssl=1 1.5x, https:\/\/i0.wp.com\/lasprimeras.com.do\/wp-content\/uploads\/2026\/03\/Ramon-Lopez.jpg?resize=700%2C400&ssl=1 2x"},"classes":[]},{"id":89280,"url":"https:\/\/lasprimeras.com.do\/index.php\/2024\/09\/20\/asjana-david-invitado-especial-de-la-comision-de-hacienda-de-mexico\/","url_meta":{"origin":128587,"position":4},"title":"Asjana David invitado especial de la Comisi\u00f3n de Hacienda de M\u00e9xico","author":"Nelson Feliz","date":"20 de septiembre de 2024","format":false,"excerpt":"CIUDAD DE M\u00c9XICO. En el marco de un periplo que realiza por la capital mexicana y por la Universidad Nacional de M\u00e9xico, UNAM, el Dr. Jorge Asjana David coordinador del movimiento Universidad Para la Sociedad, UNPASO, y aspirante a la rector\u00eda de la UASD para el per\u00edodo 2026-2030, particip\u00f3 como\u2026","rel":"","context":"En \u00abSin categor\u00eda\u00bb","block_context":{"text":"Sin categor\u00eda","link":"https:\/\/lasprimeras.com.do\/index.php\/category\/sin-categoria\/"},"img":{"alt_text":"","src":"https:\/\/i0.wp.com\/lasprimeras.com.do\/wp-content\/uploads\/2024\/09\/comision.jpg?resize=350%2C200&ssl=1","width":350,"height":200,"srcset":"https:\/\/i0.wp.com\/lasprimeras.com.do\/wp-content\/uploads\/2024\/09\/comision.jpg?resize=350%2C200&ssl=1 1x, https:\/\/i0.wp.com\/lasprimeras.com.do\/wp-content\/uploads\/2024\/09\/comision.jpg?resize=525%2C300&ssl=1 1.5x, https:\/\/i0.wp.com\/lasprimeras.com.do\/wp-content\/uploads\/2024\/09\/comision.jpg?resize=700%2C400&ssl=1 2x"},"classes":[]},{"id":93536,"url":"https:\/\/lasprimeras.com.do\/index.php\/2025\/02\/13\/asjana-david-dicta-conferencia-magistral-lineamientos-generales-de-gestion-universitaria\/","url_meta":{"origin":128587,"position":5},"title":"Asjana David dicta conferencia magistral \u201cLineamientos Generales De Gesti\u00f3n Universitaria\u201d","author":"Nelson Feliz","date":"13 de febrero de 2025","format":false,"excerpt":"El Coordinador General del Movimiento Universidad Para la Sociedad, UNPASO, y candidato a rector de la Universidad Aut\u00f3noma de Santo Domingo, UASD, para el per\u00edodo 2026-2030, Dr. Jorge Asjana David, dict\u00f3 la conferencia magistral titulada \u201cLineamientos Generales de la Gesti\u00f3n Universitaria\u201d, ante decenas de maestros, maestras, estudiantes y servidores universitarios\u2026","rel":"","context":"En \u00abNACIONALES\u00bb","block_context":{"text":"NACIONALES","link":"https:\/\/lasprimeras.com.do\/index.php\/category\/nacionales\/"},"img":{"alt_text":"","src":"https:\/\/i0.wp.com\/lasprimeras.com.do\/wp-content\/uploads\/2025\/02\/Asjana.jpg?resize=350%2C200&ssl=1","width":350,"height":200,"srcset":"https:\/\/i0.wp.com\/lasprimeras.com.do\/wp-content\/uploads\/2025\/02\/Asjana.jpg?resize=350%2C200&ssl=1 1x, https:\/\/i0.wp.com\/lasprimeras.com.do\/wp-content\/uploads\/2025\/02\/Asjana.jpg?resize=525%2C300&ssl=1 1.5x, https:\/\/i0.wp.com\/lasprimeras.com.do\/wp-content\/uploads\/2025\/02\/Asjana.jpg?resize=700%2C400&ssl=1 2x"},"classes":[]}],"jetpack_sharing_enabled":true,"_links":{"self":[{"href":"https:\/\/lasprimeras.com.do\/index.php\/wp-json\/wp\/v2\/posts\/128587","targetHints":{"allow":["GET"]}}],"collection":[{"href":"https:\/\/lasprimeras.com.do\/index.php\/wp-json\/wp\/v2\/posts"}],"about":[{"href":"https:\/\/lasprimeras.com.do\/index.php\/wp-json\/wp\/v2\/types\/post"}],"author":[{"embeddable":true,"href":"https:\/\/lasprimeras.com.do\/index.php\/wp-json\/wp\/v2\/users\/10"}],"replies":[{"embeddable":true,"href":"https:\/\/lasprimeras.com.do\/index.php\/wp-json\/wp\/v2\/comments?post=128587"}],"version-history":[{"count":1,"href":"https:\/\/lasprimeras.com.do\/index.php\/wp-json\/wp\/v2\/posts\/128587\/revisions"}],"predecessor-version":[{"id":128589,"href":"https:\/\/lasprimeras.com.do\/index.php\/wp-json\/wp\/v2\/posts\/128587\/revisions\/128589"}],"wp:featuredmedia":[{"embeddable":true,"href":"https:\/\/lasprimeras.com.do\/index.php\/wp-json\/wp\/v2\/media\/128588"}],"wp:attachment":[{"href":"https:\/\/lasprimeras.com.do\/index.php\/wp-json\/wp\/v2\/media?parent=128587"}],"wp:term":[{"taxonomy":"category","embeddable":true,"href":"https:\/\/lasprimeras.com.do\/index.php\/wp-json\/wp\/v2\/categories?post=128587"},{"taxonomy":"post_tag","embeddable":true,"href":"https:\/\/lasprimeras.com.do\/index.php\/wp-json\/wp\/v2\/tags?post=128587"}],"curies":[{"name":"wp","href":"https:\/\/api.w.org\/{rel}","templated":true}]}}