{"id":128590,"date":"2026-04-24T22:47:20","date_gmt":"2026-04-25T02:47:20","guid":{"rendered":"https:\/\/lasprimeras.com.do\/?p=128590"},"modified":"2026-04-24T22:47:23","modified_gmt":"2026-04-25T02:47:23","slug":"giancarlos-vega-asume-presidencia-concejo-de-regidores-adn","status":"publish","type":"post","link":"https:\/\/lasprimeras.com.do\/index.php\/2026\/04\/24\/giancarlos-vega-asume-presidencia-concejo-de-regidores-adn\/","title":{"rendered":"Giancarlos Vega asume presidencia Concejo de Regidores ADN"},"content":{"rendered":"\n<p><strong>Llama a trabajar por una ciudad m\u00e1s ordenada, justa y planificada<\/strong><\/p>\n\n\n\n<p>El regidor Giancarlos Vega fue electo como nuevo presidente del Concejo de Regidores del Distrito Nacional para el per\u00edodo 2026-2027, durante una sesi\u00f3n extraordinaria en la que exhort\u00f3 a sus colegas a trabajar de manera conjunta por una ciudad m\u00e1s ordenada, justa y planificada.<\/p>\n\n\n\n<p>La sesi\u00f3n fue presidida por el regidor de mayor edad, F\u00e9lix Perdomo, y la regidora de menor edad, Mar\u00eda Laura B\u00e1ez.<\/p>\n\n\n\n<p>La propuesta de Vega como presidente fue realizada por el regidor Juan L\u00f3pez, quien adem\u00e1s propuso a Yunior Castillo como vicepresidente; siendo secundada por el regidor El\u00edas Reynoso.<\/p>\n\n\n\n<p>La plancha fue sometida al pleno del Concejo, que la aprob\u00f3 a unanimidad, procediendo de inmediato a la juramentaci\u00f3n de las nuevas autoridades.<\/p>\n\n\n\n<p>Durante la misma asamblea, se escogieron los voceros y vicevoceros de las distintas bancadas.<\/p>\n\n\n\n<p>Por el Partido Revolucionario Moderno (PRM), fueron designados Aneudy Ram\u00edrez como vocero y Danilo S\u00e1nchez como vicevocero; por la Fuerza del Pueblo, Rafael Guti\u00e9rrez y Nicol\u00e1s Acosta, respectivamente; por el Partido de la Liberaci\u00f3n Dominicana (PLD), Domingo Cornier y Jorge Juan Feliz Pacheco; mientras que por el Bloque Independiente fueron elegidos Ariel Guti\u00e9rrez y Alfredo Lois. En tanto, Julio C\u00e9sar Mart\u00ednez continuar\u00e1 como vocero del Partido Reformista Social Cristiano (PRSC).<\/p>\n\n\n\n<p>En sus primeras palabras como presidente del Concejo, Vega expres\u00f3 que asume la posici\u00f3n con un alto sentido de responsabilidad y agradeci\u00f3 la confianza depositada en \u00e9l por sus compa\u00f1eros regidores.<\/p>\n\n\n\n<p>\u201cEste no es un logro individual, sino un compromiso colectivo. Asumo esta responsabilidad con humildad y con la firme convicci\u00f3n de que, trabajando juntos, podemos seguir aportando al desarrollo de una ciudad m\u00e1s organizada, equitativa y con visi\u00f3n de futuro\u201d, manifest\u00f3.<\/p>\n\n\n\n<p>Finalmente, reiter\u00f3 su disposici\u00f3n de promover el di\u00e1logo, la transparencia y el consenso como pilares fundamentales de su gesti\u00f3n al frente del \u00f3rgano legislativo municipal.<\/p>\n","protected":false},"excerpt":{"rendered":"<p>Llama a trabajar por una ciudad m\u00e1s ordenada, justa y planificada El regidor Giancarlos Vega fue electo como nuevo presidente del Concejo de Regidores del Distrito Nacional para el per\u00edodo&hellip;<\/p>\n","protected":false},"author":10,"featured_media":128591,"comment_status":"open","ping_status":"open","sticky":false,"template":"","format":"standard","meta":{"content-type":"","jetpack_post_was_ever_published":false,"_jetpack_newsletter_access":"","_jetpack_dont_email_post_to_subs":false,"_jetpack_newsletter_tier_id":0,"_jetpack_memberships_contains_paywalled_content":false,"_jetpack_memberships_contains_paid_content":false,"footnotes":""},"categories":[16559],"tags":[32618,32617,94],"class_list":["post-128590","post","type-post","status-publish","format-standard","has-post-thumbnail","hentry","category-politica","tag-concejo-de-regidores-adn","tag-giancarlos-vega","tag-presidencia"],"jetpack_featured_media_url":"https:\/\/lasprimeras.com.do\/wp-content\/uploads\/2026\/04\/Giancarlos-Vega.jpg","jetpack-related-posts":[{"id":121099,"url":"https:\/\/lasprimeras.com.do\/index.php\/2026\/01\/31\/concejo-de-regidores-del-dn-reconoce-a-jovenes-en-el-dia-nacional-de-la-juventud\/","url_meta":{"origin":128590,"position":0},"title":"Concejo de Regidores del DN reconoce a j\u00f3venes en el D\u00eda Nacional de la Juventud","author":"Nelson Feliz","date":"31 de enero de 2026","format":false,"excerpt":"El Concejo de Regidores del Ayuntamiento del Distrito Nacional (ADN) reconoci\u00f3 a 28 j\u00f3venes destacados por su liderazgo, compromiso social y aportes al desarrollo del pa\u00eds, en el marco del D\u00eda Nacional de la Juventud que se celebra este 31 de enero. Los j\u00f3venes fueron propuestos por los regidores de\u2026","rel":"","context":"En \u00abNACIONALES\u00bb","block_context":{"text":"NACIONALES","link":"https:\/\/lasprimeras.com.do\/index.php\/category\/nacionales\/"},"img":{"alt_text":"","src":"https:\/\/i0.wp.com\/lasprimeras.com.do\/wp-content\/uploads\/2026\/01\/regidores-1.jpg?resize=350%2C200&ssl=1","width":350,"height":200,"srcset":"https:\/\/i0.wp.com\/lasprimeras.com.do\/wp-content\/uploads\/2026\/01\/regidores-1.jpg?resize=350%2C200&ssl=1 1x, https:\/\/i0.wp.com\/lasprimeras.com.do\/wp-content\/uploads\/2026\/01\/regidores-1.jpg?resize=525%2C300&ssl=1 1.5x, https:\/\/i0.wp.com\/lasprimeras.com.do\/wp-content\/uploads\/2026\/01\/regidores-1.jpg?resize=700%2C400&ssl=1 2x"},"classes":[]},{"id":128148,"url":"https:\/\/lasprimeras.com.do\/index.php\/2026\/04\/20\/concejo-de-regidores-dn-impulsa-participacion-juvenil-con-programa-regidor-por-un-dia\/","url_meta":{"origin":128590,"position":1},"title":"Concejo de Regidores DN impulsa participaci\u00f3n juvenil con programa \u201cRegidor por un D\u00eda\u201d","author":"Nelson Feliz","date":"20 de abril de 2026","format":false,"excerpt":"Estudiantes de ISFODOSU participan en el programa guiado por el regidor Yovany Moya, presidente del Concejo El Concejo de Regidores del Ayuntamiento del Distrito Nacional recibi\u00f3 a estudiantes del Instituto Superior de Formaci\u00f3n Docente Salom\u00e9 Ure\u00f1a (ISFODOSU), quienes participaron en el programa \u201cRegidor por un D\u00eda\u201d, una iniciativa orientada a\u2026","rel":"","context":"En \u00abNACIONALES\u00bb","block_context":{"text":"NACIONALES","link":"https:\/\/lasprimeras.com.do\/index.php\/category\/nacionales\/"},"img":{"alt_text":"","src":"https:\/\/i0.wp.com\/lasprimeras.com.do\/wp-content\/uploads\/2026\/04\/IMG-20260420-WA0186.jpg?resize=350%2C200&ssl=1","width":350,"height":200,"srcset":"https:\/\/i0.wp.com\/lasprimeras.com.do\/wp-content\/uploads\/2026\/04\/IMG-20260420-WA0186.jpg?resize=350%2C200&ssl=1 1x, https:\/\/i0.wp.com\/lasprimeras.com.do\/wp-content\/uploads\/2026\/04\/IMG-20260420-WA0186.jpg?resize=525%2C300&ssl=1 1.5x, https:\/\/i0.wp.com\/lasprimeras.com.do\/wp-content\/uploads\/2026\/04\/IMG-20260420-WA0186.jpg?resize=700%2C400&ssl=1 2x, https:\/\/i0.wp.com\/lasprimeras.com.do\/wp-content\/uploads\/2026\/04\/IMG-20260420-WA0186.jpg?resize=1050%2C600&ssl=1 3x, https:\/\/i0.wp.com\/lasprimeras.com.do\/wp-content\/uploads\/2026\/04\/IMG-20260420-WA0186.jpg?resize=1400%2C800&ssl=1 4x"},"classes":[]},{"id":103547,"url":"https:\/\/lasprimeras.com.do\/index.php\/2025\/07\/16\/adn-declara-tres-dias-de-duelo-municipal-por-fallecimiento-de-rafael-subervi-bonilla\/","url_meta":{"origin":128590,"position":2},"title":"ADN declara &#8220;tres d\u00edas de duelo municipal&#8221; por fallecimiento de Rafael Suberv\u00ed Bonilla","author":"Nelson Feliz","date":"16 de julio de 2025","format":false,"excerpt":"Dispuso que la bandera nacional y la municipal sean colocadas a media asta los d\u00edas 16, 17 y 18 de julio. El Concejo de Regidores del Ayuntamiento del Distrito Nacional (ADN) declar\u00f3 tres d\u00edas de duelo municipal por el fallecimiento del exs\u00edndico Rafael Suberv\u00ed Bonilla (Fello), figura emblem\u00e1tica de la\u2026","rel":"","context":"En \u00abNACIONALES\u00bb","block_context":{"text":"NACIONALES","link":"https:\/\/lasprimeras.com.do\/index.php\/category\/nacionales\/"},"img":{"alt_text":"","src":"https:\/\/i0.wp.com\/lasprimeras.com.do\/wp-content\/uploads\/2025\/07\/Concejo-Regidores-ADN.jpg?resize=350%2C200&ssl=1","width":350,"height":200,"srcset":"https:\/\/i0.wp.com\/lasprimeras.com.do\/wp-content\/uploads\/2025\/07\/Concejo-Regidores-ADN.jpg?resize=350%2C200&ssl=1 1x, https:\/\/i0.wp.com\/lasprimeras.com.do\/wp-content\/uploads\/2025\/07\/Concejo-Regidores-ADN.jpg?resize=525%2C300&ssl=1 1.5x, https:\/\/i0.wp.com\/lasprimeras.com.do\/wp-content\/uploads\/2025\/07\/Concejo-Regidores-ADN.jpg?resize=700%2C400&ssl=1 2x"},"classes":[]},{"id":104508,"url":"https:\/\/lasprimeras.com.do\/index.php\/2025\/07\/24\/alexander-germoso-regidores-del-prm-provocan-suspension-de-la-sesion-de-julio-en-el-concejo-municipal-por-intereses-politicos\/","url_meta":{"origin":128590,"position":3},"title":"Alexander Germoso : &#8220;Regidores del PRM provocan suspensi\u00f3n de la sesi\u00f3n de julio en el Concejo Municipal por intereses pol\u00edticos&#8221;","author":"Nelson Feliz","date":"24 de julio de 2025","format":false,"excerpt":"El regidor por Opci\u00f3n Democr\u00e1tica, Alexander Germoso, alert\u00f3 sobre la suspensi\u00f3n de la sesi\u00f3n del Concejo de Regidores por segunda vez consecutiva, tras la retirada de los regidores del Partido Revolucionario Moderno (PRM) y Justicia Social en medio de un debate interno. Germoso acus\u00f3 al bloque oficialista de romper el\u2026","rel":"","context":"En \u00abPOLITICA\u00bb","block_context":{"text":"POLITICA","link":"https:\/\/lasprimeras.com.do\/index.php\/category\/politica\/"},"img":{"alt_text":"Alexander Germoso","src":"https:\/\/i0.wp.com\/lasprimeras.com.do\/wp-content\/uploads\/2025\/07\/Alexander-Germoso.jpg?resize=350%2C200&ssl=1","width":350,"height":200,"srcset":"https:\/\/i0.wp.com\/lasprimeras.com.do\/wp-content\/uploads\/2025\/07\/Alexander-Germoso.jpg?resize=350%2C200&ssl=1 1x, https:\/\/i0.wp.com\/lasprimeras.com.do\/wp-content\/uploads\/2025\/07\/Alexander-Germoso.jpg?resize=525%2C300&ssl=1 1.5x, https:\/\/i0.wp.com\/lasprimeras.com.do\/wp-content\/uploads\/2025\/07\/Alexander-Germoso.jpg?resize=700%2C400&ssl=1 2x"},"classes":[]},{"id":115466,"url":"https:\/\/lasprimeras.com.do\/index.php\/2025\/11\/23\/adn-fortalece-liderazgo-institucional-con-jornada-de-integracion-para-regidores-y-directores\/","url_meta":{"origin":128590,"position":4},"title":"ADN fortalece liderazgo institucional con jornada de integraci\u00f3n para regidores y directores","author":"Nelson Feliz","date":"23 de noviembre de 2025","format":false,"excerpt":"Regidores, directores y encargados departamentales de la Alcald\u00eda del Distrito Nacional (ADN) participaron en una jornada de integraci\u00f3n orientada a fortalecer sus capacidades y a promover un liderazgo institucional m\u00e1s eficiente y estrat\u00e9gico. El encuentro tuvo como objetivo impulsar una cultura de mejora continua y una toma de decisiones basada\u2026","rel":"","context":"En \u00abNACIONALES\u00bb","block_context":{"text":"NACIONALES","link":"https:\/\/lasprimeras.com.do\/index.php\/category\/nacionales\/"},"img":{"alt_text":"","src":"https:\/\/i0.wp.com\/lasprimeras.com.do\/wp-content\/uploads\/2025\/11\/una-3.jpg?resize=350%2C200&ssl=1","width":350,"height":200,"srcset":"https:\/\/i0.wp.com\/lasprimeras.com.do\/wp-content\/uploads\/2025\/11\/una-3.jpg?resize=350%2C200&ssl=1 1x, https:\/\/i0.wp.com\/lasprimeras.com.do\/wp-content\/uploads\/2025\/11\/una-3.jpg?resize=525%2C300&ssl=1 1.5x, https:\/\/i0.wp.com\/lasprimeras.com.do\/wp-content\/uploads\/2025\/11\/una-3.jpg?resize=700%2C400&ssl=1 2x"},"classes":[]},{"id":124014,"url":"https:\/\/lasprimeras.com.do\/index.php\/2026\/03\/07\/alcaldia-y-regidores-del-dn-rinden-tributo-a-33-mujeres-ejemplares\/","url_meta":{"origin":128590,"position":5},"title":"Alcald\u00eda y Regidores del DN rinden tributo a 33 mujeres ejemplares","author":"Nelson Feliz","date":"7 de marzo de 2026","format":false,"excerpt":"En el marco de la celebraci\u00f3n del D\u00eda Internacional de la Mujer, este 8 de marzo, la Alcald\u00eda del Distrito Nacional y el Concejo de Regidores reconocieron a 33 mujeres como \u201cHero\u00ednas de la Cotidianidad\u201d, por sus aportes al desarrollo de sus comunidades. La exaltaci\u00f3n, realizada este viernes en el\u2026","rel":"","context":"En \u00abPOLITICA\u00bb","block_context":{"text":"POLITICA","link":"https:\/\/lasprimeras.com.do\/index.php\/category\/politica\/"},"img":{"alt_text":"","src":"https:\/\/i0.wp.com\/lasprimeras.com.do\/wp-content\/uploads\/2026\/03\/mujeres.jpg?resize=350%2C200&ssl=1","width":350,"height":200,"srcset":"https:\/\/i0.wp.com\/lasprimeras.com.do\/wp-content\/uploads\/2026\/03\/mujeres.jpg?resize=350%2C200&ssl=1 1x, https:\/\/i0.wp.com\/lasprimeras.com.do\/wp-content\/uploads\/2026\/03\/mujeres.jpg?resize=525%2C300&ssl=1 1.5x, https:\/\/i0.wp.com\/lasprimeras.com.do\/wp-content\/uploads\/2026\/03\/mujeres.jpg?resize=700%2C400&ssl=1 2x"},"classes":[]}],"jetpack_sharing_enabled":true,"_links":{"self":[{"href":"https:\/\/lasprimeras.com.do\/index.php\/wp-json\/wp\/v2\/posts\/128590","targetHints":{"allow":["GET"]}}],"collection":[{"href":"https:\/\/lasprimeras.com.do\/index.php\/wp-json\/wp\/v2\/posts"}],"about":[{"href":"https:\/\/lasprimeras.com.do\/index.php\/wp-json\/wp\/v2\/types\/post"}],"author":[{"embeddable":true,"href":"https:\/\/lasprimeras.com.do\/index.php\/wp-json\/wp\/v2\/users\/10"}],"replies":[{"embeddable":true,"href":"https:\/\/lasprimeras.com.do\/index.php\/wp-json\/wp\/v2\/comments?post=128590"}],"version-history":[{"count":1,"href":"https:\/\/lasprimeras.com.do\/index.php\/wp-json\/wp\/v2\/posts\/128590\/revisions"}],"predecessor-version":[{"id":128592,"href":"https:\/\/lasprimeras.com.do\/index.php\/wp-json\/wp\/v2\/posts\/128590\/revisions\/128592"}],"wp:featuredmedia":[{"embeddable":true,"href":"https:\/\/lasprimeras.com.do\/index.php\/wp-json\/wp\/v2\/media\/128591"}],"wp:attachment":[{"href":"https:\/\/lasprimeras.com.do\/index.php\/wp-json\/wp\/v2\/media?parent=128590"}],"wp:term":[{"taxonomy":"category","embeddable":true,"href":"https:\/\/lasprimeras.com.do\/index.php\/wp-json\/wp\/v2\/categories?post=128590"},{"taxonomy":"post_tag","embeddable":true,"href":"https:\/\/lasprimeras.com.do\/index.php\/wp-json\/wp\/v2\/tags?post=128590"}],"curies":[{"name":"wp","href":"https:\/\/api.w.org\/{rel}","templated":true}]}}