{"id":128593,"date":"2026-04-24T23:08:02","date_gmt":"2026-04-25T03:08:02","guid":{"rendered":"https:\/\/lasprimeras.com.do\/?p=128593"},"modified":"2026-04-24T23:08:05","modified_gmt":"2026-04-25T03:08:05","slug":"abinader-inaugurara-nueve-obras-en-la-vega-santiago-duarte-y-maria-trinidad-sanchez-este-fin-de-semana","status":"publish","type":"post","link":"https:\/\/lasprimeras.com.do\/index.php\/2026\/04\/24\/abinader-inaugurara-nueve-obras-en-la-vega-santiago-duarte-y-maria-trinidad-sanchez-este-fin-de-semana\/","title":{"rendered":"Abinader inaugurar\u00e1 nueve obras en La Vega, Santiago, Duarte y Mar\u00eda Trinidad S\u00e1nchez este fin de semana"},"content":{"rendered":"\n<p><strong>Las obras a inaugurar incluyen siete carreteras y dos centros educativos; tambi\u00e9n participar\u00e1 en la Feria Regional del Libro y la Cultura; entre otras.<\/strong><\/p>\n\n\n\n<p>El presidente de la Rep\u00fablica, Luis Abinader, desarrollar\u00e1 este fin de semana una agenda de actividades oficiales que incluye inauguraciones de carreteras, visitas de supervisi\u00f3n y participaci\u00f3n en eventos culturales, en las provincias de La Vega, Santiago, Duarte y Mar\u00eda Trinidad S\u00e1nchez.<\/p>\n\n\n\n<p>S\u00e1bado 25 de abril &#8211; La Vega<\/p>\n\n\n\n<p>Este s\u00e1bado el mandatario iniciar\u00e1 su jornada en La Vega con la inauguraci\u00f3n del tramo Alto del Aguacate\u2013carretera Alto del A\u00f1il, como complemento de la carretera Tavera\u2013Jarabacoa.<\/p>\n\n\n\n<p>En esa misma actividad se mencionar\u00e1 la inauguraci\u00f3n de la reconstrucci\u00f3n de las v\u00edas La Gina\u2013Conuco Viejo\u2013El Jobo y La Gina\u2013Cementerio de Gina Hueca, en el distrito municipal Tavera.<\/p>\n\n\n\n<p>Santiago<\/p>\n\n\n\n<p>Posteriormente, el jefe de Estado se trasladar\u00e1 a Santiago para inaugurar las carreteras Sajoma\u2013Pedregal\u2013Los Montones\u2013Guazuma y por menci\u00f3n el camino Rinc\u00f3n de Piedra\u2013Carrizal.<\/p>\n\n\n\n<p>La agenda del s\u00e1bado, finaliza con la participaci\u00f3n del presidente Abinader en la Feria Regional del Libro y la Cultura, en los jardines del Gran Teatro del Cibao.<\/p>\n\n\n\n<p>Domingo 26 de abril &#8211; Duarte<\/p>\n\n\n\n<p>Para el domingo, la agenda presidencial continuar\u00e1 en la provincia Duarte con la inauguraci\u00f3n del corredor vial Cruce de Rinc\u00f3n\u2013La Garza\u2013Molinillo\u2013El Jobo\u2013Atronca\u2013El Guayabo\u2013La Reforma.<\/p>\n\n\n\n<p>Luego, el mandatario se trasladar\u00e1 a la provincia Mar\u00eda Trinidad S\u00e1nchez, donde realizar\u00e1 una visita de supervisi\u00f3n a los avances de construcci\u00f3n del malec\u00f3n de la ciudad y sostendr\u00e1 un encuentro con j\u00f3venes estudiantes en el polideportivo.<\/p>\n\n\n\n<p>M\u00e1s tarde, el gobernante inaugurar\u00e1 la carretera Cruce de Las Gordas\u2013El Memizo en beneficio de las comunidades.<\/p>\n\n\n\n<p>La agenda del domingo concluir\u00e1 en R\u00edo San Juan, donde el presidente Abinader dejar\u00e1 inauguradas dos escuelas primarias: una en la comunidad Copeyito y otra en la comunidad El Ed\u00e9n.<\/p>\n","protected":false},"excerpt":{"rendered":"<p>Las obras a inaugurar incluyen siete carreteras y dos centros educativos; tambi\u00e9n participar\u00e1 en la Feria Regional del Libro y la Cultura; entre otras. El presidente de la Rep\u00fablica, Luis&hellip;<\/p>\n","protected":false},"author":10,"featured_media":124581,"comment_status":"open","ping_status":"open","sticky":false,"template":"","format":"standard","meta":{"content-type":"","jetpack_post_was_ever_published":false,"_jetpack_newsletter_access":"","_jetpack_dont_email_post_to_subs":false,"_jetpack_newsletter_tier_id":0,"_jetpack_memberships_contains_paywalled_content":false,"_jetpack_memberships_contains_paid_content":false,"footnotes":""},"categories":[35,25],"tags":[2748,534,940,67,8291,374,1049],"class_list":["post-128593","post","type-post","status-publish","format-standard","has-post-thumbnail","hentry","category-nacionales","category-portada","tag-duarte","tag-fin-de-semana","tag-la-vega","tag-luis-abinader","tag-maria-trinidad-sanchez","tag-obras","tag-santiago"],"jetpack_featured_media_url":"https:\/\/lasprimeras.com.do\/wp-content\/uploads\/2026\/03\/Luis-Abinader-7-1.jpg","jetpack-related-posts":[{"id":62761,"url":"https:\/\/lasprimeras.com.do\/index.php\/2023\/10\/06\/abinader-va-este-fin-de-semana-a-espaillat-maria-trinidad-sanchez-y-samana\/","url_meta":{"origin":128593,"position":0},"title":"Abinader va este fin de semana a Espaillat, Mar\u00eda Trinidad S\u00e1nchez y Saman\u00e1","author":"Nelson Feliz","date":"6 de octubre de 2023","format":false,"excerpt":"Mandatario inaugurar\u00e1 hospitales, estancias infantiles, carreteras, varios play, proyectos de redes de iluminaci\u00f3n, centros educativos y un muelle de pescadores. El presidente Luis Abinader agotar\u00e1 una apretada agenda este fin de semana en las provincias Espaillat, Mar\u00eda Trinidad S\u00e1nchez y Saman\u00e1, en donde inaugurar\u00e1 hospitales, estancias infantiles, carreteras, varios pley,\u2026","rel":"","context":"En \u00abPORTADA\u00bb","block_context":{"text":"PORTADA","link":"https:\/\/lasprimeras.com.do\/index.php\/category\/portada\/"},"img":{"alt_text":"Luis Abinader","src":"https:\/\/i0.wp.com\/lasprimeras.com.do\/wp-content\/uploads\/2023\/10\/Luis-Abinader-7.jpg?resize=350%2C200&ssl=1","width":350,"height":200,"srcset":"https:\/\/i0.wp.com\/lasprimeras.com.do\/wp-content\/uploads\/2023\/10\/Luis-Abinader-7.jpg?resize=350%2C200&ssl=1 1x, https:\/\/i0.wp.com\/lasprimeras.com.do\/wp-content\/uploads\/2023\/10\/Luis-Abinader-7.jpg?resize=525%2C300&ssl=1 1.5x, https:\/\/i0.wp.com\/lasprimeras.com.do\/wp-content\/uploads\/2023\/10\/Luis-Abinader-7.jpg?resize=700%2C400&ssl=1 2x"},"classes":[]},{"id":128646,"url":"https:\/\/lasprimeras.com.do\/index.php\/2026\/04\/25\/presidente-abinader-inaugura-carretera-que-conecta-a-tavera-con-jarabacoa\/","url_meta":{"origin":128593,"position":1},"title":"Presidente Abinader inaugura carretera que conecta a Tavera con Jarabacoa","author":"Nelson Feliz","date":"25 de abril de 2026","format":false,"excerpt":"Abinader dice nunca antes se hab\u00edan hecho tantas carreteras y tantas mejor\u00edas en la sierra El presidente Luis Abinader inaugur\u00f3 este s\u00e1bado la carretera que enlaza el distrito municipal de Tavera con el municipio de Jarabacoa, en la provincia de La Vega, una infraestructura clave para la conectividad y el\u2026","rel":"","context":"En \u00abNACIONALES\u00bb","block_context":{"text":"NACIONALES","link":"https:\/\/lasprimeras.com.do\/index.php\/category\/nacionales\/"},"img":{"alt_text":"","src":"https:\/\/i0.wp.com\/lasprimeras.com.do\/wp-content\/uploads\/2026\/04\/abina-1.jpg?resize=350%2C200&ssl=1","width":350,"height":200,"srcset":"https:\/\/i0.wp.com\/lasprimeras.com.do\/wp-content\/uploads\/2026\/04\/abina-1.jpg?resize=350%2C200&ssl=1 1x, https:\/\/i0.wp.com\/lasprimeras.com.do\/wp-content\/uploads\/2026\/04\/abina-1.jpg?resize=525%2C300&ssl=1 1.5x, https:\/\/i0.wp.com\/lasprimeras.com.do\/wp-content\/uploads\/2026\/04\/abina-1.jpg?resize=700%2C400&ssl=1 2x"},"classes":[]},{"id":123276,"url":"https:\/\/lasprimeras.com.do\/index.php\/2026\/02\/27\/abinader-presenta-inversion-historica-y-mayor-descentralizacion-de-obras-publicas-en-la-rendicion-de-cuentas\/","url_meta":{"origin":128593,"position":2},"title":"Abinader presenta inversi\u00f3n hist\u00f3rica y mayor descentralizaci\u00f3n de obras p\u00fablicas en la Rendici\u00f3n de Cuentas","author":"Nelson Feliz","date":"27 de febrero de 2026","format":false,"excerpt":"Con RD$47,290 millones ejecutados en 2025 y m\u00e1s de mil obras en todo el territorio, Gobierno impulsa la transformaci\u00f3n estructural del pa\u00eds, llevando inversi\u00f3n r\u00e9cord a cada provincia y convirtiendo a Pedernales en el mayor polo de desarrollo fuera de Santo Domingo. El presidente Luis Abinader afirm\u00f3 que la Rep\u00fablica\u2026","rel":"","context":"En \u00abECONOM\u00cdA\u00bb","block_context":{"text":"ECONOM\u00cdA","link":"https:\/\/lasprimeras.com.do\/index.php\/category\/economia\/"},"img":{"alt_text":"Rendici\u00f3n de Cuentas","src":"https:\/\/i0.wp.com\/lasprimeras.com.do\/wp-content\/uploads\/2026\/02\/Rendicion-de-Cuentas.jpg?resize=350%2C200&ssl=1","width":350,"height":200,"srcset":"https:\/\/i0.wp.com\/lasprimeras.com.do\/wp-content\/uploads\/2026\/02\/Rendicion-de-Cuentas.jpg?resize=350%2C200&ssl=1 1x, https:\/\/i0.wp.com\/lasprimeras.com.do\/wp-content\/uploads\/2026\/02\/Rendicion-de-Cuentas.jpg?resize=525%2C300&ssl=1 1.5x, https:\/\/i0.wp.com\/lasprimeras.com.do\/wp-content\/uploads\/2026\/02\/Rendicion-de-Cuentas.jpg?resize=700%2C400&ssl=1 2x"},"classes":[]},{"id":63637,"url":"https:\/\/lasprimeras.com.do\/index.php\/2023\/10\/13\/abinader-agotara-agenda-de-trabajo-en-la-vega-santiago-y-villa-altagracia\/","url_meta":{"origin":128593,"position":3},"title":"Abinader agotar\u00e1 agenda de trabajo en La Vega, Santiago y Villa Altagracia","author":"Nelson Feliz","date":"13 de octubre de 2023","format":false,"excerpt":"El mandatario inaugurar\u00e1 dos escuelas, dos puentes, inauguraci\u00f3n de Obras de Aguas Residuales por CORAASAN, entregar\u00e1 apartamentos e inaugurar\u00e1 el Museo Horacio V\u00e1squez. El presidente Luis Abinader realizar\u00e1 una agenda de trabajo este s\u00e1bado y domingo en las provincias San Crist\u00f3bal, La Vega y Santiago, dando continuidad a su obra\u2026","rel":"","context":"En \u00abNACIONALES\u00bb","block_context":{"text":"NACIONALES","link":"https:\/\/lasprimeras.com.do\/index.php\/category\/nacionales\/"},"img":{"alt_text":"Luis Abinader","src":"https:\/\/i0.wp.com\/lasprimeras.com.do\/wp-content\/uploads\/2023\/10\/Luis-Abinader-5.jpg?resize=350%2C200&ssl=1","width":350,"height":200,"srcset":"https:\/\/i0.wp.com\/lasprimeras.com.do\/wp-content\/uploads\/2023\/10\/Luis-Abinader-5.jpg?resize=350%2C200&ssl=1 1x, https:\/\/i0.wp.com\/lasprimeras.com.do\/wp-content\/uploads\/2023\/10\/Luis-Abinader-5.jpg?resize=525%2C300&ssl=1 1.5x, https:\/\/i0.wp.com\/lasprimeras.com.do\/wp-content\/uploads\/2023\/10\/Luis-Abinader-5.jpg?resize=700%2C400&ssl=1 2x"},"classes":[]},{"id":107183,"url":"https:\/\/lasprimeras.com.do\/index.php\/2025\/08\/24\/abinader-destaca-sus-raices-en-taveras-y-sabana-iglesia\/","url_meta":{"origin":128593,"position":4},"title":"Abinader destaca sus ra\u00edces en Taveras y Sabana Iglesia","author":"Nelson Feliz","date":"24 de agosto de 2025","format":false,"excerpt":"El presidente Luis Abinader inaugur\u00f3 varias carreteras y calles intercomunitarias en Tavera (La Vega), Sabana Iglesia (Santiago) y Las Charcas (Santiago), obras que impactar\u00e1n directamente en la conectividad, la econom\u00eda y la calidad de vida de miles de familias de estas comunidades con una inversi\u00f3n global de RD$ 1,025,073,394.94. Estas\u2026","rel":"","context":"En \u00abECONOM\u00cdA\u00bb","block_context":{"text":"ECONOM\u00cdA","link":"https:\/\/lasprimeras.com.do\/index.php\/category\/economia\/"},"img":{"alt_text":"","src":"https:\/\/i0.wp.com\/lasprimeras.com.do\/wp-content\/uploads\/2025\/08\/abina.jpg?resize=350%2C200&ssl=1","width":350,"height":200,"srcset":"https:\/\/i0.wp.com\/lasprimeras.com.do\/wp-content\/uploads\/2025\/08\/abina.jpg?resize=350%2C200&ssl=1 1x, https:\/\/i0.wp.com\/lasprimeras.com.do\/wp-content\/uploads\/2025\/08\/abina.jpg?resize=525%2C300&ssl=1 1.5x, https:\/\/i0.wp.com\/lasprimeras.com.do\/wp-content\/uploads\/2025\/08\/abina.jpg?resize=700%2C400&ssl=1 2x"},"classes":[]},{"id":69343,"url":"https:\/\/lasprimeras.com.do\/index.php\/2023\/12\/01\/abinader-inaugurara-10-obras-este-fin-de-semana-en-las-provincias-santiago-y-san-jose-de-ocoa\/","url_meta":{"origin":128593,"position":5},"title":"Abinader inaugurar\u00e1 10 obras este fin de semana en las provincias Santiago y San Jos\u00e9 de Ocoa","author":"Nelson Feliz","date":"1 de diciembre de 2023","format":false,"excerpt":"Entre las obras a inaugurar est\u00e1n la nueva entrada de la ciudad de Santiago y la carretera Nizao-Rancho Arriba, San Jos\u00e9 de Ocoa. El presidente Luis Abinader inaugurar\u00e1 10 obras en las provincias Santiago y San Jos\u00e9 de Ocoa durante un recorrido este fin de semana. Cinco de estas obras\u2026","rel":"","context":"En \u00abPORTADA\u00bb","block_context":{"text":"PORTADA","link":"https:\/\/lasprimeras.com.do\/index.php\/category\/portada\/"},"img":{"alt_text":"Luis Abinader","src":"https:\/\/i0.wp.com\/lasprimeras.com.do\/wp-content\/uploads\/2023\/12\/Luis-Abinader-2.jpg?resize=350%2C200&ssl=1","width":350,"height":200,"srcset":"https:\/\/i0.wp.com\/lasprimeras.com.do\/wp-content\/uploads\/2023\/12\/Luis-Abinader-2.jpg?resize=350%2C200&ssl=1 1x, https:\/\/i0.wp.com\/lasprimeras.com.do\/wp-content\/uploads\/2023\/12\/Luis-Abinader-2.jpg?resize=525%2C300&ssl=1 1.5x, https:\/\/i0.wp.com\/lasprimeras.com.do\/wp-content\/uploads\/2023\/12\/Luis-Abinader-2.jpg?resize=700%2C400&ssl=1 2x"},"classes":[]}],"jetpack_sharing_enabled":true,"_links":{"self":[{"href":"https:\/\/lasprimeras.com.do\/index.php\/wp-json\/wp\/v2\/posts\/128593","targetHints":{"allow":["GET"]}}],"collection":[{"href":"https:\/\/lasprimeras.com.do\/index.php\/wp-json\/wp\/v2\/posts"}],"about":[{"href":"https:\/\/lasprimeras.com.do\/index.php\/wp-json\/wp\/v2\/types\/post"}],"author":[{"embeddable":true,"href":"https:\/\/lasprimeras.com.do\/index.php\/wp-json\/wp\/v2\/users\/10"}],"replies":[{"embeddable":true,"href":"https:\/\/lasprimeras.com.do\/index.php\/wp-json\/wp\/v2\/comments?post=128593"}],"version-history":[{"count":1,"href":"https:\/\/lasprimeras.com.do\/index.php\/wp-json\/wp\/v2\/posts\/128593\/revisions"}],"predecessor-version":[{"id":128594,"href":"https:\/\/lasprimeras.com.do\/index.php\/wp-json\/wp\/v2\/posts\/128593\/revisions\/128594"}],"wp:featuredmedia":[{"embeddable":true,"href":"https:\/\/lasprimeras.com.do\/index.php\/wp-json\/wp\/v2\/media\/124581"}],"wp:attachment":[{"href":"https:\/\/lasprimeras.com.do\/index.php\/wp-json\/wp\/v2\/media?parent=128593"}],"wp:term":[{"taxonomy":"category","embeddable":true,"href":"https:\/\/lasprimeras.com.do\/index.php\/wp-json\/wp\/v2\/categories?post=128593"},{"taxonomy":"post_tag","embeddable":true,"href":"https:\/\/lasprimeras.com.do\/index.php\/wp-json\/wp\/v2\/tags?post=128593"}],"curies":[{"name":"wp","href":"https:\/\/api.w.org\/{rel}","templated":true}]}}