{"id":128595,"date":"2026-04-24T15:10:00","date_gmt":"2026-04-24T19:10:00","guid":{"rendered":"https:\/\/lasprimeras.com.do\/?p=128595"},"modified":"2026-04-24T23:19:30","modified_gmt":"2026-04-25T03:19:30","slug":"abinader-supervisa-avances-en-la-construccion-de-la-avenida-republica-de-colombia","status":"publish","type":"post","link":"https:\/\/lasprimeras.com.do\/index.php\/2026\/04\/24\/abinader-supervisa-avances-en-la-construccion-de-la-avenida-republica-de-colombia\/","title":{"rendered":"Abinader supervisa avances en la construcci\u00f3n de la avenida Rep\u00fablica de Colombia"},"content":{"rendered":"\n<p><strong>Dice que, de acuerdo con la planificaci\u00f3n del Ministerio de Obras P\u00fablicas y los contratistas, la obra ser\u00e1 entregada por etapas<\/strong><\/p>\n\n\n\n<p>El presidente Luis Abinader realiz\u00f3 este viernes una visita de supervisi\u00f3n a los trabajos de construcci\u00f3n de la avenida Rep\u00fablica de Colombia, una obra de casi RD12,000 millones que se ejecuta con los fondos del contrato de Aerodom e incluye el pago de expropiaciones, como parte de los esfuerzos del Gobierno para mejorar la movilidad en el Distrito Nacional.<\/p>\n\n\n\n<p>El presidente Abinader recorri\u00f3 la obra en compa\u00f1\u00eda del ministro de Obras P\u00fablicas y Comunicaciones, Eduardo Estrella, y afirm\u00f3 que se trata de una intervenci\u00f3n de gran magnitud. Asimismo, precis\u00f3 que corresponde a una de las zonas de mayor tr\u00e1nsito y congesti\u00f3n del Distrito Nacional, por lo que busca mejorar la movilidad y la calidad de vida de sus habitantes.<\/p>\n\n\n<div class=\"wp-block-image\">\n<figure class=\"alignleft size-full is-resized\"><img decoding=\"async\" width=\"1000\" height=\"561\" src=\"https:\/\/lasprimeras.com.do\/wp-content\/uploads\/2026\/04\/Luis-Abinader-1-1.jpg\" alt=\"\" class=\"wp-image-128597\" style=\"aspect-ratio:1.7825634399339578;width:387px;height:auto\" srcset=\"https:\/\/lasprimeras.com.do\/wp-content\/uploads\/2026\/04\/Luis-Abinader-1-1.jpg 1000w, https:\/\/lasprimeras.com.do\/wp-content\/uploads\/2026\/04\/Luis-Abinader-1-1-300x168.jpg 300w, https:\/\/lasprimeras.com.do\/wp-content\/uploads\/2026\/04\/Luis-Abinader-1-1-768x431.jpg 768w\" sizes=\"(max-width: 1000px) 100vw, 1000px\" \/><\/figure>\n<\/div>\n\n\n<p>Inform\u00f3 adem\u00e1s que ya se han habilitado algunos retornos en la avenida Rep\u00fablica de Colombia, en direcci\u00f3n hacia La Monumental, como parte de los avances del proyecto.<\/p>\n\n\n\n<p>Indic\u00f3 que los trabajos contemplan la construcci\u00f3n de un puente que pasar\u00e1 por la ca\u00f1ada y se conectar\u00e1 con un t\u00fanel, en busca de permitir una v\u00eda continua sin sem\u00e1foros ni paradas, con conexi\u00f3n directa hacia las avenidas Jacobo Majluta, Rep\u00fablica de Colombia y Monumental.<\/p>\n\n\n\n<p>Se\u00f1al\u00f3 que, de acuerdo con la planificaci\u00f3n del Ministerio de Obras P\u00fablicas y los contratistas, la obra ser\u00e1 entregada por etapas, con una primera parte prevista para finales de este a\u00f1o y su conclusi\u00f3n total en el tercer trimestre del pr\u00f3ximo a\u00f1o.<\/p>\n\n\n<div class=\"wp-block-image\">\n<figure class=\"alignright size-full is-resized\"><img decoding=\"async\" width=\"1000\" height=\"666\" src=\"https:\/\/lasprimeras.com.do\/wp-content\/uploads\/2026\/04\/Luis-Abinader-2-2.jpg\" alt=\"\" class=\"wp-image-128598\" style=\"aspect-ratio:1.5015116700931188;width:455px;height:auto\" srcset=\"https:\/\/lasprimeras.com.do\/wp-content\/uploads\/2026\/04\/Luis-Abinader-2-2.jpg 1000w, https:\/\/lasprimeras.com.do\/wp-content\/uploads\/2026\/04\/Luis-Abinader-2-2-300x200.jpg 300w, https:\/\/lasprimeras.com.do\/wp-content\/uploads\/2026\/04\/Luis-Abinader-2-2-768x511.jpg 768w\" sizes=\"(max-width: 1000px) 100vw, 1000px\" \/><\/figure>\n<\/div>\n\n\n<p>&#8220;Vinimos a supervisar, es una obra muy importante. Es uno de los puntos de mayor tr\u00e1nsito y de mayor congesti\u00f3n tambi\u00e9n de la ciudad capital y por eso estamos haciendo este esfuerzo de construirla para mejorar la calidad de vida y de tr\u00e1nsito de los habitantes del Distrito Nacional&#8221;, expres\u00f3 el presidente Abinader.<\/p>\n\n\n\n<p>Durante el recorrido, el mandatario verific\u00f3 el progreso de los distintos frentes de trabajo y recibi\u00f3 explicaciones t\u00e9cnicas sobre el desarrollo del proyecto de parte del ministro de Obras P\u00fablicas y de los ingenieros responsables de la obra.<\/p>\n","protected":false},"excerpt":{"rendered":"<p>Dice que, de acuerdo con la planificaci\u00f3n del Ministerio de Obras P\u00fablicas y los contratistas, la obra ser\u00e1 entregada por etapas El presidente Luis Abinader realiz\u00f3 este viernes una visita&hellip;<\/p>\n","protected":false},"author":10,"featured_media":128596,"comment_status":"open","ping_status":"open","sticky":false,"template":"","format":"standard","meta":{"content-type":"","jetpack_post_was_ever_published":false,"_jetpack_newsletter_access":"","_jetpack_dont_email_post_to_subs":false,"_jetpack_newsletter_tier_id":0,"_jetpack_memberships_contains_paywalled_content":false,"_jetpack_memberships_contains_paid_content":false,"footnotes":""},"categories":[35,25],"tags":[1192,5648,970,67,8822,451],"class_list":["post-128595","post","type-post","status-publish","format-standard","has-post-thumbnail","hentry","category-nacionales","category-portada","tag-avances","tag-avenida","tag-construccion","tag-luis-abinader","tag-republica-de-colombia","tag-supervisa"],"jetpack_featured_media_url":"https:\/\/lasprimeras.com.do\/wp-content\/uploads\/2026\/04\/Luis-Abinader-3.jpg","jetpack-related-posts":[{"id":117903,"url":"https:\/\/lasprimeras.com.do\/index.php\/2025\/12\/17\/abinader-supervisa-tunel-bajo-la-plaza-de-la-bandera\/","url_meta":{"origin":128595,"position":0},"title":"Abinader supervisa t\u00fanel bajo la Plaza de la Bandera","author":"Nelson Feliz","date":"17 de diciembre de 2025","format":false,"excerpt":"El mandatario inform\u00f3 que la obra estar\u00eda lista para el segundo trimestre del a\u00f1o 2026 El presidente Luis Abinader, realiz\u00f3 este martes en la noche una visita de supervisi\u00f3n al t\u00fanel subterr\u00e1neo en construcci\u00f3n bajo la Plaza de la Bandera, ubicado en la intersecci\u00f3n de las avenidas Gregorio Luper\u00f3n y\u2026","rel":"","context":"En \u00abNACIONALES\u00bb","block_context":{"text":"NACIONALES","link":"https:\/\/lasprimeras.com.do\/index.php\/category\/nacionales\/"},"img":{"alt_text":"Visita de supervisio\u0301n al tu\u0301nel bajo la Plaza de la Bandera","src":"https:\/\/i0.wp.com\/lasprimeras.com.do\/wp-content\/uploads\/2025\/12\/Visita-de-supervision-al-tunel-bajo-la-Plaza-de-la-Bandera-1.jpg?resize=350%2C200&ssl=1","width":350,"height":200,"srcset":"https:\/\/i0.wp.com\/lasprimeras.com.do\/wp-content\/uploads\/2025\/12\/Visita-de-supervision-al-tunel-bajo-la-Plaza-de-la-Bandera-1.jpg?resize=350%2C200&ssl=1 1x, https:\/\/i0.wp.com\/lasprimeras.com.do\/wp-content\/uploads\/2025\/12\/Visita-de-supervision-al-tunel-bajo-la-Plaza-de-la-Bandera-1.jpg?resize=525%2C300&ssl=1 1.5x, https:\/\/i0.wp.com\/lasprimeras.com.do\/wp-content\/uploads\/2025\/12\/Visita-de-supervision-al-tunel-bajo-la-Plaza-de-la-Bandera-1.jpg?resize=700%2C400&ssl=1 2x"},"classes":[]},{"id":109530,"url":"https:\/\/lasprimeras.com.do\/index.php\/2025\/09\/18\/abinader-supervisa-construccion-del-paso-a-desnivel-en-la-prolongacion-27-de-febrero-con-isabel-aguiar\/","url_meta":{"origin":128595,"position":1},"title":"Abinader supervisa construcci\u00f3n del paso a desnivel en la Prolongaci\u00f3n 27 de Febrero con Isabel Aguiar","author":"Nelson Feliz","date":"18 de septiembre de 2025","format":false,"excerpt":"El presidente Luis Abinader, realiz\u00f3 anoche una visita de supervisi\u00f3n de los trabajos de construcci\u00f3n del paso a desnivel ubicado en la Prolongaci\u00f3n 27 de Febrero con la avenida Isabel Aguiar, una de las obras de infraestructura vial m\u00e1s importantes en ejecuci\u00f3n en Santo Domingo. \u201cEsta noche me detuve en\u2026","rel":"","context":"En \u00abNACIONALES\u00bb","block_context":{"text":"NACIONALES","link":"https:\/\/lasprimeras.com.do\/index.php\/category\/nacionales\/"},"img":{"alt_text":"","src":"https:\/\/i0.wp.com\/lasprimeras.com.do\/wp-content\/uploads\/2025\/09\/abina.jpg?resize=350%2C200&ssl=1","width":350,"height":200,"srcset":"https:\/\/i0.wp.com\/lasprimeras.com.do\/wp-content\/uploads\/2025\/09\/abina.jpg?resize=350%2C200&ssl=1 1x, https:\/\/i0.wp.com\/lasprimeras.com.do\/wp-content\/uploads\/2025\/09\/abina.jpg?resize=525%2C300&ssl=1 1.5x, https:\/\/i0.wp.com\/lasprimeras.com.do\/wp-content\/uploads\/2025\/09\/abina.jpg?resize=700%2C400&ssl=1 2x"},"classes":[]},{"id":111423,"url":"https:\/\/lasprimeras.com.do\/index.php\/2025\/10\/08\/abinader-inaugura-paso-a-desnivel-27-de-febrero-isabel-aguiar-entre-santo-domingo-oeste\/","url_meta":{"origin":128595,"position":2},"title":"Abinader inaugura paso a desnivel 27 de Febrero\u2013Isabel Aguiar entre Santo Domingo Oeste","author":"Nelson Feliz","date":"8 de octubre de 2025","format":false,"excerpt":"Mandatario destaca que esta obra forma parte de un plan integral, el cual abarca la construcci\u00f3n de la terminal de Santo Domingo Oeste. El presidente Luis Abinader dej\u00f3 inaugurado este mi\u00e9rcoles el paso a desnivel de la prolongaci\u00f3n 27 de Febrero con avenida Isabel Aguiar, una obra esperada por d\u00e9cadas\u2026","rel":"","context":"En \u00abNACIONALES\u00bb","block_context":{"text":"NACIONALES","link":"https:\/\/lasprimeras.com.do\/index.php\/category\/nacionales\/"},"img":{"alt_text":"","src":"https:\/\/i0.wp.com\/lasprimeras.com.do\/wp-content\/uploads\/2025\/10\/paso-a-desnivel.jpg?resize=350%2C200&ssl=1","width":350,"height":200,"srcset":"https:\/\/i0.wp.com\/lasprimeras.com.do\/wp-content\/uploads\/2025\/10\/paso-a-desnivel.jpg?resize=350%2C200&ssl=1 1x, https:\/\/i0.wp.com\/lasprimeras.com.do\/wp-content\/uploads\/2025\/10\/paso-a-desnivel.jpg?resize=525%2C300&ssl=1 1.5x, https:\/\/i0.wp.com\/lasprimeras.com.do\/wp-content\/uploads\/2025\/10\/paso-a-desnivel.jpg?resize=700%2C400&ssl=1 2x"},"classes":[]},{"id":122542,"url":"https:\/\/lasprimeras.com.do\/index.php\/2026\/02\/19\/presidente-abinader-supervisa-avances-en-la-circunvalacion-de-navarrete\/","url_meta":{"origin":128595,"position":3},"title":"Presidente Abinader supervisa avances en la Circunvalaci\u00f3n de Navarrete","author":"Nelson Feliz","date":"19 de febrero de 2026","format":false,"excerpt":"La inauguraci\u00f3n est\u00e1 proyectada para agosto 2026. El presidente Luis Abinader supervis\u00f3 este mi\u00e9rcoles los avances en la construcci\u00f3n de la Circunvalaci\u00f3n de Navarrete, una obra vial de 12.9 kil\u00f3metros que fortalecer\u00e1 la conectividad y el desarrollo de la regi\u00f3n noroeste del pa\u00eds, cuya inauguraci\u00f3n est\u00e1 proyectada para agosto del\u2026","rel":"","context":"En \u00abNACIONALES\u00bb","block_context":{"text":"NACIONALES","link":"https:\/\/lasprimeras.com.do\/index.php\/category\/nacionales\/"},"img":{"alt_text":"Luis Abinader","src":"https:\/\/i0.wp.com\/lasprimeras.com.do\/wp-content\/uploads\/2026\/02\/Luis-Abinader-4.jpg?resize=350%2C200&ssl=1","width":350,"height":200,"srcset":"https:\/\/i0.wp.com\/lasprimeras.com.do\/wp-content\/uploads\/2026\/02\/Luis-Abinader-4.jpg?resize=350%2C200&ssl=1 1x, https:\/\/i0.wp.com\/lasprimeras.com.do\/wp-content\/uploads\/2026\/02\/Luis-Abinader-4.jpg?resize=525%2C300&ssl=1 1.5x, https:\/\/i0.wp.com\/lasprimeras.com.do\/wp-content\/uploads\/2026\/02\/Luis-Abinader-4.jpg?resize=700%2C400&ssl=1 2x"},"classes":[]},{"id":118031,"url":"https:\/\/lasprimeras.com.do\/index.php\/2025\/12\/19\/presidente-abinader-inaugura-fase-final-de-la-avenida-ecologica\/","url_meta":{"origin":128595,"position":4},"title":"Presidente Abinader inaugura fase final de la avenida Ecol\u00f3gica","author":"Nelson Feliz","date":"19 de diciembre de 2025","format":false,"excerpt":"Asegura que seguir\u00e1 construyendo un pa\u00eds con mejor infraestructura, porque una mejor infraestructura se traduce en m\u00e1s calidad de vida y mayor competitividad. El presidente Luis Abinader inaugur\u00f3 este viernes la fase final de la avenida Ecol\u00f3gica, una infraestructura estrat\u00e9gica que, afirm\u00f3, representa competitividad para el pa\u00eds, al mejorar la\u2026","rel":"","context":"En \u00abNACIONALES\u00bb","block_context":{"text":"NACIONALES","link":"https:\/\/lasprimeras.com.do\/index.php\/category\/nacionales\/"},"img":{"alt_text":"","src":"https:\/\/i0.wp.com\/lasprimeras.com.do\/wp-content\/uploads\/2025\/12\/Luis-Abin.jpg?resize=350%2C200&ssl=1","width":350,"height":200,"srcset":"https:\/\/i0.wp.com\/lasprimeras.com.do\/wp-content\/uploads\/2025\/12\/Luis-Abin.jpg?resize=350%2C200&ssl=1 1x, https:\/\/i0.wp.com\/lasprimeras.com.do\/wp-content\/uploads\/2025\/12\/Luis-Abin.jpg?resize=525%2C300&ssl=1 1.5x, https:\/\/i0.wp.com\/lasprimeras.com.do\/wp-content\/uploads\/2025\/12\/Luis-Abin.jpg?resize=700%2C400&ssl=1 2x"},"classes":[]},{"id":111032,"url":"https:\/\/lasprimeras.com.do\/index.php\/2025\/10\/03\/el-gran-fraude-de-aerodom-dinero-gastado-sin-una-obra-que-exhibir\/","url_meta":{"origin":128595,"position":5},"title":"El Gran Fraude de AERODOM: Dinero Gastado sin una Obra que Exhibir","author":"Nelson Feliz","date":"3 de octubre de 2025","format":false,"excerpt":"Por: Carlos Manzano En el mes de noviembre de 2023, el Presidente de la Rep\u00fablica, Lic. Luis Abinader Corona, en medio de la campa\u00f1a electoral, anunci\u00f3, con bombas y platillos, la renegociaci\u00f3n del contrato de concesi\u00f3n de Aeropuertos Dominicanos (AERODOM), y el adelanto de recursos de esa empresa ascendentes a\u2026","rel":"","context":"En \u00abOPINI\u00d3N\u00bb","block_context":{"text":"OPINI\u00d3N","link":"https:\/\/lasprimeras.com.do\/index.php\/category\/opinion\/"},"img":{"alt_text":"Carlos Manzano","src":"https:\/\/i0.wp.com\/lasprimeras.com.do\/wp-content\/uploads\/2025\/07\/Carlos-Manzano.jpg?resize=350%2C200&ssl=1","width":350,"height":200,"srcset":"https:\/\/i0.wp.com\/lasprimeras.com.do\/wp-content\/uploads\/2025\/07\/Carlos-Manzano.jpg?resize=350%2C200&ssl=1 1x, https:\/\/i0.wp.com\/lasprimeras.com.do\/wp-content\/uploads\/2025\/07\/Carlos-Manzano.jpg?resize=525%2C300&ssl=1 1.5x, https:\/\/i0.wp.com\/lasprimeras.com.do\/wp-content\/uploads\/2025\/07\/Carlos-Manzano.jpg?resize=700%2C400&ssl=1 2x"},"classes":[]}],"jetpack_sharing_enabled":true,"_links":{"self":[{"href":"https:\/\/lasprimeras.com.do\/index.php\/wp-json\/wp\/v2\/posts\/128595","targetHints":{"allow":["GET"]}}],"collection":[{"href":"https:\/\/lasprimeras.com.do\/index.php\/wp-json\/wp\/v2\/posts"}],"about":[{"href":"https:\/\/lasprimeras.com.do\/index.php\/wp-json\/wp\/v2\/types\/post"}],"author":[{"embeddable":true,"href":"https:\/\/lasprimeras.com.do\/index.php\/wp-json\/wp\/v2\/users\/10"}],"replies":[{"embeddable":true,"href":"https:\/\/lasprimeras.com.do\/index.php\/wp-json\/wp\/v2\/comments?post=128595"}],"version-history":[{"count":1,"href":"https:\/\/lasprimeras.com.do\/index.php\/wp-json\/wp\/v2\/posts\/128595\/revisions"}],"predecessor-version":[{"id":128599,"href":"https:\/\/lasprimeras.com.do\/index.php\/wp-json\/wp\/v2\/posts\/128595\/revisions\/128599"}],"wp:featuredmedia":[{"embeddable":true,"href":"https:\/\/lasprimeras.com.do\/index.php\/wp-json\/wp\/v2\/media\/128596"}],"wp:attachment":[{"href":"https:\/\/lasprimeras.com.do\/index.php\/wp-json\/wp\/v2\/media?parent=128595"}],"wp:term":[{"taxonomy":"category","embeddable":true,"href":"https:\/\/lasprimeras.com.do\/index.php\/wp-json\/wp\/v2\/categories?post=128595"},{"taxonomy":"post_tag","embeddable":true,"href":"https:\/\/lasprimeras.com.do\/index.php\/wp-json\/wp\/v2\/tags?post=128595"}],"curies":[{"name":"wp","href":"https:\/\/api.w.org\/{rel}","templated":true}]}}