{"id":128600,"date":"2026-04-24T14:21:00","date_gmt":"2026-04-24T18:21:00","guid":{"rendered":"https:\/\/lasprimeras.com.do\/?p=128600"},"modified":"2026-04-24T23:26:32","modified_gmt":"2026-04-25T03:26:32","slug":"ministerio-de-salud-acerca-servicios-medicos-gratuitos-a-la-poblacion-de-monte-plata","status":"publish","type":"post","link":"https:\/\/lasprimeras.com.do\/index.php\/2026\/04\/24\/ministerio-de-salud-acerca-servicios-medicos-gratuitos-a-la-poblacion-de-monte-plata\/","title":{"rendered":"Ministerio de Salud acerca servicios m\u00e9dicos gratuitos a la poblaci\u00f3n de Monte Plata"},"content":{"rendered":"\n<p><strong>El ministro V\u00edctor Atallah hizo un llamado a la poblaci\u00f3n a participar y aprovechar todos los servicios.<\/strong><\/p>\n\n\n\n<p>Con una asistencia masiva, cientos de personas fueron beneficiadas con el operativo m\u00e9dico \u201cM\u00e1s Salud y Bienestar\u201d, realizado por el Ministerio de Salud en el municipio de Bayaguana, provincia Monte Plata, donde recibieron atenciones m\u00e9dicas gratuitas y orientaci\u00f3n preventiva, con el objetivo de continuar acercando los servicios de salud a la poblaci\u00f3n y seguir impactando de manera positiva la calidad de vida de las familias dominicanas.<\/p>\n\n\n\n<p>En el operativo, fueron atendidas mujeres, hombres y ni\u00f1os de diversas edades, quienes adem\u00e1s recibieron orientaci\u00f3n sobre la importancia de la prevenci\u00f3n y el cuidado de la salud.<\/p>\n\n\n\n<p>Esta iniciativa, que forma parte del compromiso del Ministerio de Salud de fortalecer la atenci\u00f3n primaria y garantizar el acceso a servicios m\u00e9dicos de calidad, especialmente en comunidades vulnerables, busca impactar positivamente a la poblaci\u00f3n con servicios gratuitos.<\/p>\n\n\n\n<p>Durante la jornada, que se realiza en el Polit\u00e9cnico Profesora Morayma Veloz de B\u00e1ez hasta ma\u00f1ana s\u00e1bado 25, los asistentes del primer d\u00eda expresaron su satisfacci\u00f3n por la realizaci\u00f3n del operativo, destacando la importancia de estas acciones que permiten recibir atenci\u00f3n m\u00e9dica sin costo y cerca de sus hogares.<\/p>\n\n\n\n<p>El ministro de Salud, V\u00edctor Atallah, al encabezar el acto, inform\u00f3 que los operativos \u201cM\u00e1s Salud\u201d continuar\u00e1n desarroll\u00e1ndose en diferentes provincias del pa\u00eds, con el prop\u00f3sito de seguir fortaleciendo los servicios sanitarios y aliviando la carga econ\u00f3mica de las familias.<\/p>\n\n\n\n<p>Atallah resalt\u00f3 el compromiso del Gobierno de acercar los servicios m\u00e9dicos directamente a las comunidades, se\u00f1alando que esta iniciativa responde a la visi\u00f3n del presidente Luis Abinader de orientar y fortalecer la atenci\u00f3n primaria y garantizar que la poblaci\u00f3n reciba servicios de salud de calidad.<\/p>\n\n\n\n<p>\u201cEl Gobierno no est\u00e1 esperando a que la gente vaya a los hospitales; estamos yendo a las comunidades para llevar m\u00e1s salud, prevenci\u00f3n y bienestar. En estas jornadas se ofrecen servicios integrales y gratuitos, incluyendo control de presi\u00f3n arterial y diabetes, atenci\u00f3n pedi\u00e1trica, servicios de salud mental y manejo de enfermedades, as\u00ed como la realizaci\u00f3n de estudios m\u00e9dicos y an\u00e1lisis de laboratorio, adem\u00e1s de programas de prevenci\u00f3n de c\u00e1ncer de mama y pr\u00f3stata, entre otros servicios\u201d, expres\u00f3 el ministro.<\/p>\n\n\n\n<p>El titular de Salud tambi\u00e9n resalt\u00f3 que Rep\u00fablica Dominicana fue pionera en firmar, en 2024, una alianza internacional para el fortalecimiento de la atenci\u00f3n primaria, lo que permitir\u00e1 implementar un plan nacional enfocado en la prevenci\u00f3n y el acceso equitativo a los servicios de salud.<\/p>\n\n\n\n<p>Por su parte, C\u00e1ndido Norberto Herrera, director provincial de Salud (DPS) de Monte Plata, destac\u00f3 que la jornada representa un cambio significativo en el modelo de atenci\u00f3n m\u00e9dica, al priorizar la cercan\u00eda con la comunidad y la humanizaci\u00f3n de los servicios.<\/p>\n\n\n\n<p>Mientras tanto, la gobernadora provincial, Rafaela Javier Gomera, resalt\u00f3 la importancia del operativo m\u00e9dico realizado en el municipio y valor\u00f3 el esfuerzo del Gobierno y del ministro de Salud, V\u00edctor Atallah, por tomar en cuenta la provincia y llevar los servicios directamente a la gente, lo que permite detectar y tratar a tiempo distintas condiciones de salud, evitando complicaciones mayores.<\/p>\n\n\n\n<p>Operativo \u201cM\u00e1s Salud y Bienestar\u201d<\/p>\n\n\n\n<p>Desde tempranas horas de la ma\u00f1ana, los comunitarios acudieron al lugar, donde recibieron servicios de medicina general, pediatr\u00eda, odontolog\u00eda, vacunaci\u00f3n, examen de PSA, entrega de medicamentos, charlas educativas, toma de presi\u00f3n arterial y control de glicemia.<\/p>\n\n\n\n<p>Asimismo, se realizaron charlas de nutrici\u00f3n dirigidas a adultos mayores y embarazadas, quienes fueron beneficiados con obsequios y canastillas, entre otros.<\/p>\n\n\n\n<p>La actividad cont\u00f3 con la participaci\u00f3n de autoridades provinciales y municipales.<\/p>\n","protected":false},"excerpt":{"rendered":"<p>El ministro V\u00edctor Atallah hizo un llamado a la poblaci\u00f3n a participar y aprovechar todos los servicios. Con una asistencia masiva, cientos de personas fueron beneficiadas con el operativo m\u00e9dico&hellip;<\/p>\n","protected":false},"author":10,"featured_media":128601,"comment_status":"open","ping_status":"open","sticky":false,"template":"","format":"standard","meta":{"content-type":"","jetpack_post_was_ever_published":false,"_jetpack_newsletter_access":"","_jetpack_dont_email_post_to_subs":false,"_jetpack_newsletter_tier_id":0,"_jetpack_memberships_contains_paywalled_content":false,"_jetpack_memberships_contains_paid_content":false,"footnotes":""},"categories":[16558],"tags":[20800,961,1881,1298,1417,994],"class_list":["post-128600","post","type-post","status-publish","format-standard","has-post-thumbnail","hentry","category-salud","tag-gratuitos","tag-medicos","tag-ministerio-de-salud","tag-monte-plata","tag-poblacion","tag-servicios"],"jetpack_featured_media_url":"https:\/\/lasprimeras.com.do\/wp-content\/uploads\/2026\/04\/salud.jpg","jetpack-related-posts":[{"id":121280,"url":"https:\/\/lasprimeras.com.do\/index.php\/2026\/02\/02\/el-inabie-beneficia-a-mas-de-700-estudiantes-de-monte-plata-en-jornada-de-salud-integral\/","url_meta":{"origin":128600,"position":0},"title":"El INABIE beneficia a m\u00e1s de 700 estudiantes de Monte Plata en jornada de salud integral","author":"Nelson Feliz","date":"2 de febrero de 2026","format":false,"excerpt":"El director ejecutivo de esa instituci\u00f3n, Adolfo P\u00e9rez, indic\u00f3 que la meta de 2026 es ampliar la cobertura de salud a m\u00e1s de medio mill\u00f3n de alumnos. El Instituto Nacional de Bienestar Estudiantil (INABIE) atendi\u00f3 a m\u00e1s de 700 estudiantes de Monte Plata, como parte de sus acciones orientadas a\u2026","rel":"","context":"En \u00abSALUD\u00bb","block_context":{"text":"SALUD","link":"https:\/\/lasprimeras.com.do\/index.php\/category\/salud\/"},"img":{"alt_text":"","src":"https:\/\/i0.wp.com\/lasprimeras.com.do\/wp-content\/uploads\/2026\/02\/INABIE-1.jpg?resize=350%2C200&ssl=1","width":350,"height":200,"srcset":"https:\/\/i0.wp.com\/lasprimeras.com.do\/wp-content\/uploads\/2026\/02\/INABIE-1.jpg?resize=350%2C200&ssl=1 1x, https:\/\/i0.wp.com\/lasprimeras.com.do\/wp-content\/uploads\/2026\/02\/INABIE-1.jpg?resize=525%2C300&ssl=1 1.5x, https:\/\/i0.wp.com\/lasprimeras.com.do\/wp-content\/uploads\/2026\/02\/INABIE-1.jpg?resize=700%2C400&ssl=1 2x"},"classes":[]},{"id":99325,"url":"https:\/\/lasprimeras.com.do\/index.php\/2025\/05\/20\/udc-reclama-el-derecho-de-los-pobres-a-la-asistencia-medica-rechaza-paros\/","url_meta":{"origin":128600,"position":1},"title":"UDC reclama el derecho de los pobres a la asistencia m\u00e9dica; rechaza paros","author":"Nelson Feliz","date":"20 de mayo de 2025","format":false,"excerpt":"El presidente de la Uni\u00f3n Dem\u00f3crata Cristiana \u2013UDC-, Luis Acosta Moreta, Luis \u201cEl Gallo\u201d, defendi\u00f3 el derecho de los pobres a recibir atenciones medicas gratuitas en los hospitales p\u00fablicos, y rechaz\u00f3 los paros del Colegio M\u00e9dico Dominicano. Se mostr\u00f3 en contra de las repetidas suspensiones de los servicios y dijo\u2026","rel":"","context":"En \u00abPOLITICA\u00bb","block_context":{"text":"POLITICA","link":"https:\/\/lasprimeras.com.do\/index.php\/category\/politica\/"},"img":{"alt_text":"","src":"https:\/\/i0.wp.com\/lasprimeras.com.do\/wp-content\/uploads\/2025\/05\/WhatsApp-Image-2025-05-19-at-11.33.24-PM.jpeg?resize=350%2C200&ssl=1","width":350,"height":200,"srcset":"https:\/\/i0.wp.com\/lasprimeras.com.do\/wp-content\/uploads\/2025\/05\/WhatsApp-Image-2025-05-19-at-11.33.24-PM.jpeg?resize=350%2C200&ssl=1 1x, https:\/\/i0.wp.com\/lasprimeras.com.do\/wp-content\/uploads\/2025\/05\/WhatsApp-Image-2025-05-19-at-11.33.24-PM.jpeg?resize=525%2C300&ssl=1 1.5x, https:\/\/i0.wp.com\/lasprimeras.com.do\/wp-content\/uploads\/2025\/05\/WhatsApp-Image-2025-05-19-at-11.33.24-PM.jpeg?resize=700%2C400&ssl=1 2x"},"classes":[]},{"id":97457,"url":"https:\/\/lasprimeras.com.do\/index.php\/2025\/04\/21\/llama-prestar-atencion-a-envejecientes-ny-para-adquirir-medicaid\/","url_meta":{"origin":128600,"position":2},"title":"Llama prestar atenci\u00f3n a envejecientes NY para adquirir Medicaid","author":"Nelson Feliz","date":"21 de abril de 2025","format":false,"excerpt":"Por Ram\u00f3n Mercedes NUEVA YORK.- El experto en seguros de salud (Medicaid y Medicare) en esta ciudad, Jaime Vargas, hizo un vehemente llamado a los pol\u00edticos dominicanos, profesionales, empresarios y comunitarios para que inicien una constante campa\u00f1a hacia los envejecientes, principalmente dominicanos, y puedan adquirir su Medicaid. El soci\u00f3logo sostiene\u2026","rel":"","context":"En \u00abINTERNACIONALES\u00bb","block_context":{"text":"INTERNACIONALES","link":"https:\/\/lasprimeras.com.do\/index.php\/category\/sin-categoria\/internacionales\/"},"img":{"alt_text":"","src":"https:\/\/i0.wp.com\/lasprimeras.com.do\/wp-content\/uploads\/2025\/04\/WhatsApp-Image-2025-04-21-at-5.16.10-AM-3.jpg?resize=350%2C200&ssl=1","width":350,"height":200,"srcset":"https:\/\/i0.wp.com\/lasprimeras.com.do\/wp-content\/uploads\/2025\/04\/WhatsApp-Image-2025-04-21-at-5.16.10-AM-3.jpg?resize=350%2C200&ssl=1 1x, https:\/\/i0.wp.com\/lasprimeras.com.do\/wp-content\/uploads\/2025\/04\/WhatsApp-Image-2025-04-21-at-5.16.10-AM-3.jpg?resize=525%2C300&ssl=1 1.5x"},"classes":[]},{"id":126124,"url":"https:\/\/lasprimeras.com.do\/index.php\/2026\/03\/29\/propeep-beneficia-a-familias-en-condiciones-vulnerables-en-la-vega-y-espaillat\/","url_meta":{"origin":128600,"position":3},"title":"Propeep beneficia a familias en condiciones vulnerables en La Vega y Espaillat","author":"Nelson Feliz","date":"29 de marzo de 2026","format":false,"excerpt":"El Gobierno dominicano, a trav\u00e9s de la Direcci\u00f3n de los Proyectos Estrat\u00e9gicos y Especiales de la Presidencia (Propeep), llev\u00f3 durante dos d\u00edas consecutivos su jornada de inclusi\u00f3n social \u201cPrimero T\u00fa\u201d a las provincias La Vega y Espaillat. La primera actividad fue realizada en Los Quemados, La Vega, donde cientos de\u2026","rel":"","context":"En \u00abSALUD\u00bb","block_context":{"text":"SALUD","link":"https:\/\/lasprimeras.com.do\/index.php\/category\/salud\/"},"img":{"alt_text":"","src":"https:\/\/i0.wp.com\/lasprimeras.com.do\/wp-content\/uploads\/2026\/03\/jornadas-1.jpg?resize=350%2C200&ssl=1","width":350,"height":200,"srcset":"https:\/\/i0.wp.com\/lasprimeras.com.do\/wp-content\/uploads\/2026\/03\/jornadas-1.jpg?resize=350%2C200&ssl=1 1x, https:\/\/i0.wp.com\/lasprimeras.com.do\/wp-content\/uploads\/2026\/03\/jornadas-1.jpg?resize=525%2C300&ssl=1 1.5x, https:\/\/i0.wp.com\/lasprimeras.com.do\/wp-content\/uploads\/2026\/03\/jornadas-1.jpg?resize=700%2C400&ssl=1 2x"},"classes":[]},{"id":80903,"url":"https:\/\/lasprimeras.com.do\/index.php\/2024\/04\/14\/pedro-jimenez-realiza-operativo-medico-en-cristo-rey\/","url_meta":{"origin":128600,"position":4},"title":"Pedro Jim\u00e9nez realiza operativo m\u00e9dico en Cristo Rey","author":"Nelson Feliz","date":"14 de abril de 2024","format":false,"excerpt":"M\u00e1s de un centenar de personas recibieron atenci\u00f3n m\u00e9dica y medicamentos gratuitos, durante el operativo m\u00e9dico que se llev\u00f3 a cabo,\u00a0 en el Liceo Benito Ju\u00e1rez.- El candidato a diputado por la circunscripci\u00f3n No. 2 del Distrito Nacional, Pedro Jim\u00e9nez realiz\u00f3 este s\u00e1bado un operativo m\u00e9dico, en el populoso sector\u2026","rel":"","context":"En \u00abPORTADA\u00bb","block_context":{"text":"PORTADA","link":"https:\/\/lasprimeras.com.do\/index.php\/category\/portada\/"},"img":{"alt_text":"Pedro Jim\u00e9nez","src":"https:\/\/i0.wp.com\/lasprimeras.com.do\/wp-content\/uploads\/2024\/04\/Pedro-Jimenez.jpg?resize=350%2C200&ssl=1","width":350,"height":200,"srcset":"https:\/\/i0.wp.com\/lasprimeras.com.do\/wp-content\/uploads\/2024\/04\/Pedro-Jimenez.jpg?resize=350%2C200&ssl=1 1x, https:\/\/i0.wp.com\/lasprimeras.com.do\/wp-content\/uploads\/2024\/04\/Pedro-Jimenez.jpg?resize=525%2C300&ssl=1 1.5x"},"classes":[]},{"id":126432,"url":"https:\/\/lasprimeras.com.do\/index.php\/2026\/04\/01\/autoridades-de-monte-plata-ponen-en-marcha-el-operativo-conciencia-por-la-vida-semana-santa-2026\/","url_meta":{"origin":128600,"position":5},"title":"Autoridades de\u00a0Monte Plata ponen en marcha el operativo\u00a0\u201cConciencia por la Vida, Semana Santa 2026\u201d","author":"Nelson Feliz","date":"1 de abril de 2026","format":false,"excerpt":"Con un enfoque centrado en la seguridad vial y la respuesta oportuna ante emergencias, fue puesto en marcha el operativo\u00a0\u201cConciencia por la Vida, Semana Santa 2026\u201d, durante un acto encabezado por la gobernadora civil,\u00a0Rafaela Javier G\u00f3mez, en un punto estrat\u00e9gico de la\u00a0Autopista del Nordeste. El lanzamiento, realizado en la intersecci\u00f3n\u2026","rel":"","context":"En \u00abNACIONALES\u00bb","block_context":{"text":"NACIONALES","link":"https:\/\/lasprimeras.com.do\/index.php\/category\/nacionales\/"},"img":{"alt_text":"","src":"https:\/\/i0.wp.com\/lasprimeras.com.do\/wp-content\/uploads\/2026\/04\/Monte-Plata.png?resize=350%2C200&ssl=1","width":350,"height":200,"srcset":"https:\/\/i0.wp.com\/lasprimeras.com.do\/wp-content\/uploads\/2026\/04\/Monte-Plata.png?resize=350%2C200&ssl=1 1x, https:\/\/i0.wp.com\/lasprimeras.com.do\/wp-content\/uploads\/2026\/04\/Monte-Plata.png?resize=525%2C300&ssl=1 1.5x, https:\/\/i0.wp.com\/lasprimeras.com.do\/wp-content\/uploads\/2026\/04\/Monte-Plata.png?resize=700%2C400&ssl=1 2x"},"classes":[]}],"jetpack_sharing_enabled":true,"_links":{"self":[{"href":"https:\/\/lasprimeras.com.do\/index.php\/wp-json\/wp\/v2\/posts\/128600","targetHints":{"allow":["GET"]}}],"collection":[{"href":"https:\/\/lasprimeras.com.do\/index.php\/wp-json\/wp\/v2\/posts"}],"about":[{"href":"https:\/\/lasprimeras.com.do\/index.php\/wp-json\/wp\/v2\/types\/post"}],"author":[{"embeddable":true,"href":"https:\/\/lasprimeras.com.do\/index.php\/wp-json\/wp\/v2\/users\/10"}],"replies":[{"embeddable":true,"href":"https:\/\/lasprimeras.com.do\/index.php\/wp-json\/wp\/v2\/comments?post=128600"}],"version-history":[{"count":1,"href":"https:\/\/lasprimeras.com.do\/index.php\/wp-json\/wp\/v2\/posts\/128600\/revisions"}],"predecessor-version":[{"id":128602,"href":"https:\/\/lasprimeras.com.do\/index.php\/wp-json\/wp\/v2\/posts\/128600\/revisions\/128602"}],"wp:featuredmedia":[{"embeddable":true,"href":"https:\/\/lasprimeras.com.do\/index.php\/wp-json\/wp\/v2\/media\/128601"}],"wp:attachment":[{"href":"https:\/\/lasprimeras.com.do\/index.php\/wp-json\/wp\/v2\/media?parent=128600"}],"wp:term":[{"taxonomy":"category","embeddable":true,"href":"https:\/\/lasprimeras.com.do\/index.php\/wp-json\/wp\/v2\/categories?post=128600"},{"taxonomy":"post_tag","embeddable":true,"href":"https:\/\/lasprimeras.com.do\/index.php\/wp-json\/wp\/v2\/tags?post=128600"}],"curies":[{"name":"wp","href":"https:\/\/api.w.org\/{rel}","templated":true}]}}