{"id":128603,"date":"2026-04-24T16:28:00","date_gmt":"2026-04-24T20:28:00","guid":{"rendered":"https:\/\/lasprimeras.com.do\/?p=128603"},"modified":"2026-04-24T23:31:56","modified_gmt":"2026-04-25T03:31:56","slug":"primera-dama-y-director-del-sns-visitan-el-incart-para-evaluar-servicios-oncologicos","status":"publish","type":"post","link":"https:\/\/lasprimeras.com.do\/index.php\/2026\/04\/24\/primera-dama-y-director-del-sns-visitan-el-incart-para-evaluar-servicios-oncologicos\/","title":{"rendered":"Primera dama y director del SNS visitan el Incart para evaluar servicios oncol\u00f3gicos"},"content":{"rendered":"\n<p><strong>Destacan impacto del programa \u201cChequ\u00e9ate RD\u201d, que ha beneficiado a m\u00e1s de 100,000 pacientes.<\/strong><\/p>\n\n\n\n<p>La primera dama de la Rep\u00fablica, Raquel Arbaje, junto al director del Servicio Nacional de Salud (SNS), Julio C\u00e9sar Landr\u00f3n, realizaron este viernes una visita protocolar al Instituto Nacional del C\u00e1ncer (Incart), con el prop\u00f3sito de evaluar la calidad de la atenci\u00f3n brindada a pacientes oncol\u00f3gicos.<\/p>\n\n\n\n<p>Arbaje y Landr\u00f3n fueron recibidos por la directora del centro, la doctora Bianny Rodr\u00edguez, quien los acompa\u00f1\u00f3 durante un recorrido por las distintas \u00e1reas, con el prop\u00f3sito de verificar el funcionamiento de los servicios y escuchar de primera mano a los pacientes.<\/p>\n\n\n\n<p>Durante la visita, las autoridades inspeccionaron \u00e1reas clave como la dedicada a atenci\u00f3n inmediata, recepci\u00f3n de resultados, trabajo social, prevenci\u00f3n, consultas, urgencias, im\u00e1genes, medicina nuclear y oncolog\u00eda pedi\u00e1trica.<\/p>\n\n\n\n<p>En ese contexto, se destac\u00f3 que el Incart es considerado el mejor centro oncol\u00f3gico del pa\u00eds, con los avances impulsados en los \u00faltimos a\u00f1os para fortalecer la red p\u00fablica de atenci\u00f3n al c\u00e1ncer.<\/p>\n\n\n\n<p>El doctor Landr\u00f3n destac\u00f3 que la red p\u00fablica dispone actualmente de diez unidades oncol\u00f3gicas a nivel nacional, como parte de los esfuerzos para garantizar que los pacientes reciban atenci\u00f3n y tratamiento en sus respectivas provincias.<\/p>\n\n\n\n<p>\u201cNuestro objetivo es que los pacientes no tengan que trasladarse desde el interior del pa\u00eds para recibir sus medicamentos. La intenci\u00f3n es que, una vez indicados por los especialistas, puedan retirar sus tratamientos de alto costo y recibir su administraci\u00f3n directamente en la provincia donde residen\u201d, explic\u00f3.<\/p>\n\n\n\n<p>Asimismo, anunci\u00f3 que, por disposici\u00f3n de la Oficina de la Primera Dama y el SNS, se incorporar\u00e1 un resonador adicional, as\u00ed como un nuevo tom\u00f3grafo para el \u00e1rea de im\u00e1genes del centro, con el prop\u00f3sito de fortalecer la capacidad diagn\u00f3stica y garantizar estudios m\u00e1s oportunos y precisos.<\/p>\n\n\n\n<p>De su lado, la primera dama resalt\u00f3 los avances del programa \u201cChequ\u00e9ate RD\u201d, a trav\u00e9s del cual han sido tamizados m\u00e1s de 100,000 pacientes, contribuyendo significativamente a la detecci\u00f3n oportuna del c\u00e1ncer.<\/p>\n\n\n\n<p>\u201cInvitamos a los hombres a dejar a un lado el temor y acudir a realizarse sus chequeos preventivos; la detecci\u00f3n temprana puede marcar la diferencia en la lucha contra el c\u00e1ncer\u201d, expres\u00f3.<\/p>\n\n\n\n<p>En tanto, la directora del centro, Bianny Rodr\u00edguez, agradeci\u00f3 la visita de las autoridades y destac\u00f3 la capacidad del Incart para ofrecer servicios de salud con calidad, enfoque humano y atenci\u00f3n integral a los pacientes.<\/p>\n\n\n\n<p>Al concluir el recorrido, las autoridades sostuvieron una reuni\u00f3n con el equipo directivo del Incart, en la que se abordaron acciones orientadas a la mejora continua, el fortalecimiento de la red oncol\u00f3gica y la optimizaci\u00f3n de los servicios de salud.<\/p>\n\n\n\n<p>De manera particular, se prioriz\u00f3 el fortalecimiento del \u00e1rea de oncolog\u00eda pedi\u00e1trica, como eje fundamental para garantizar una atenci\u00f3n especializada, oportuna e integral a la poblaci\u00f3n infantil, en consonancia con los esfuerzos institucionales de ampliar la capacidad resolutiva y mejorar los resultados en salud.<\/p>\n","protected":false},"excerpt":{"rendered":"<p>Destacan impacto del programa \u201cChequ\u00e9ate RD\u201d, que ha beneficiado a m\u00e1s de 100,000 pacientes. La primera dama de la Rep\u00fablica, Raquel Arbaje, junto al director del Servicio Nacional de Salud&hellip;<\/p>\n","protected":false},"author":10,"featured_media":128604,"comment_status":"open","ping_status":"open","sticky":false,"template":"","format":"standard","meta":{"content-type":"","jetpack_post_was_ever_published":false,"_jetpack_newsletter_access":"","_jetpack_dont_email_post_to_subs":false,"_jetpack_newsletter_tier_id":0,"_jetpack_memberships_contains_paywalled_content":false,"_jetpack_memberships_contains_paid_content":false,"footnotes":""},"categories":[16558],"tags":[19692,1550,27055,5071,32619,27783],"class_list":["post-128603","post","type-post","status-publish","format-standard","has-post-thumbnail","hentry","category-salud","tag-director-del-sns","tag-evaluar","tag-incart","tag-primera-dama","tag-servicios-oncologicos","tag-visitan"],"jetpack_featured_media_url":"https:\/\/lasprimeras.com.do\/wp-content\/uploads\/2026\/04\/Julio-Cesar-Landron.jpg","jetpack-related-posts":[{"id":114578,"url":"https:\/\/lasprimeras.com.do\/index.php\/2025\/07\/22\/titular-sns-juramenta-nueva-directora-del-incart\/","url_meta":{"origin":128603,"position":0},"title":"Titular SNS juramenta nueva directora del INCART","author":"Nelson Feliz","date":"22 de julio de 2025","format":false,"excerpt":"El titular del Servicio Nacional de Salud, doctor Mario Lama, junto al director de la regional Ozama, doctor Edisson Feliz, jurament\u00f3 este martes a la doctora Bianny Rodr\u00edguez Valdez como nueva directora del Instituto Nacional del C\u00e1ncer Rosa Emilia S\u00e1nchez P\u00e9rez de Tavares (INCART). La doctora Rodr\u00edguez, quien sustituye la\u2026","rel":"","context":"En \u00abSALUD\u00bb","block_context":{"text":"SALUD","link":"https:\/\/lasprimeras.com.do\/index.php\/category\/salud\/"},"img":{"alt_text":"","src":"https:\/\/i0.wp.com\/lasprimeras.com.do\/wp-content\/uploads\/2025\/11\/Bianny-Rodriguez-Valdez.jpg?resize=350%2C200&ssl=1","width":350,"height":200,"srcset":"https:\/\/i0.wp.com\/lasprimeras.com.do\/wp-content\/uploads\/2025\/11\/Bianny-Rodriguez-Valdez.jpg?resize=350%2C200&ssl=1 1x, https:\/\/i0.wp.com\/lasprimeras.com.do\/wp-content\/uploads\/2025\/11\/Bianny-Rodriguez-Valdez.jpg?resize=525%2C300&ssl=1 1.5x, https:\/\/i0.wp.com\/lasprimeras.com.do\/wp-content\/uploads\/2025\/11\/Bianny-Rodriguez-Valdez.jpg?resize=700%2C400&ssl=1 2x"},"classes":[]},{"id":114280,"url":"https:\/\/lasprimeras.com.do\/index.php\/2025\/11\/07\/incart-informa-iniciara-este-viernes-prestacion-completa-de-sus-servicios\/","url_meta":{"origin":128603,"position":1},"title":"INCART informa iniciar\u00e1 este viernes prestaci\u00f3n completa de sus servicios","author":"Nelson Feliz","date":"7 de noviembre de 2025","format":false,"excerpt":"La directora del Instituto Nacional del C\u00e1ncer Rosa Emilia S\u00e1nchez P\u00e9rez de Tavares (INCART), doctora Bianny Rodr\u00edguez Valdez, inform\u00f3 que este viernes iniciar\u00e1 la prestaci\u00f3n completa de sus servicios y operaciones en horario regular, tras culminar con \u00e9xito los trabajos finales del nuevo sistema de cableado el\u00e9ctrico del centro. Expres\u00f3\u2026","rel":"","context":"En \u00abPORTADA\u00bb","block_context":{"text":"PORTADA","link":"https:\/\/lasprimeras.com.do\/index.php\/category\/portada\/"},"img":{"alt_text":"","src":"https:\/\/i0.wp.com\/lasprimeras.com.do\/wp-content\/uploads\/2025\/11\/INCART.jpg?resize=350%2C200&ssl=1","width":350,"height":200,"srcset":"https:\/\/i0.wp.com\/lasprimeras.com.do\/wp-content\/uploads\/2025\/11\/INCART.jpg?resize=350%2C200&ssl=1 1x, https:\/\/i0.wp.com\/lasprimeras.com.do\/wp-content\/uploads\/2025\/11\/INCART.jpg?resize=525%2C300&ssl=1 1.5x, https:\/\/i0.wp.com\/lasprimeras.com.do\/wp-content\/uploads\/2025\/11\/INCART.jpg?resize=700%2C400&ssl=1 2x"},"classes":[]},{"id":78703,"url":"https:\/\/lasprimeras.com.do\/index.php\/2024\/03\/19\/presidente-abinader-y-primera-dama-entregan-moderno-pabellon-oncopediatrico-para-la-atencion-infantojuvenil\/","url_meta":{"origin":128603,"position":2},"title":"Presidente Abinader y primera dama entregan moderno pabell\u00f3n oncopedi\u00e1trico para la atenci\u00f3n infantojuvenil","author":"BIMARY DE JES\u00daS Matos","date":"19 de marzo de 2024","format":false,"excerpt":"Santo Domingo.- El presidente Luis Abinader y la primera dama Raquel Arbaje, inauguraron este lunes el nuevo \u201cPabell\u00f3n Oncopedi\u00e1trico Uniendo Voluntades\u201d, en el Instituto Nacional del C\u00e1ncer Rosa Emilia Tavares (INCART). La obra fue ejecutada por el Ministerio de la Vivienda y Edificaciones (MIVED), con una inversi\u00f3n de RD$419 millones.\u2026","rel":"","context":"En \u00abNACIONALES\u00bb","block_context":{"text":"NACIONALES","link":"https:\/\/lasprimeras.com.do\/index.php\/category\/nacionales\/"},"img":{"alt_text":"","src":"https:\/\/i0.wp.com\/lasprimeras.com.do\/wp-content\/uploads\/2024\/03\/WhatsApp-Image-2024-03-19-at-9.15.00-AM-scaled.jpeg?resize=350%2C200&ssl=1","width":350,"height":200,"srcset":"https:\/\/i0.wp.com\/lasprimeras.com.do\/wp-content\/uploads\/2024\/03\/WhatsApp-Image-2024-03-19-at-9.15.00-AM-scaled.jpeg?resize=350%2C200&ssl=1 1x, https:\/\/i0.wp.com\/lasprimeras.com.do\/wp-content\/uploads\/2024\/03\/WhatsApp-Image-2024-03-19-at-9.15.00-AM-scaled.jpeg?resize=525%2C300&ssl=1 1.5x, https:\/\/i0.wp.com\/lasprimeras.com.do\/wp-content\/uploads\/2024\/03\/WhatsApp-Image-2024-03-19-at-9.15.00-AM-scaled.jpeg?resize=700%2C400&ssl=1 2x, https:\/\/i0.wp.com\/lasprimeras.com.do\/wp-content\/uploads\/2024\/03\/WhatsApp-Image-2024-03-19-at-9.15.00-AM-scaled.jpeg?resize=1050%2C600&ssl=1 3x, https:\/\/i0.wp.com\/lasprimeras.com.do\/wp-content\/uploads\/2024\/03\/WhatsApp-Image-2024-03-19-at-9.15.00-AM-scaled.jpeg?resize=1400%2C800&ssl=1 4x"},"classes":[]},{"id":126113,"url":"https:\/\/lasprimeras.com.do\/index.php\/2026\/03\/29\/hospital-ney-arias-lora-inaugura%c2%a8unidad-de-psicotrauma%c2%a8para-atencion-integral-de-pacientes\/","url_meta":{"origin":128603,"position":3},"title":"Hospital Ney Arias Lora inaugura\u00a8Unidad de Psicotrauma\u00a8para atenci\u00f3n integral de pacientes","author":"Nelson Feliz","date":"29 de marzo de 2026","format":false,"excerpt":"Titular del SNS destaca importancia de dicha unidad. La Direcci\u00f3n del Hospital Universitario Docente Traumatol\u00f3gico Dr. Ney Arias Lora inaugur\u00f3 la Unidad de Psicotrauma, un espacio dise\u00f1ado para atender a pacientes con traumas f\u00edsicos y psicol\u00f3gicos de manera integral, fortaleciendo la atenci\u00f3n en salud mental en Santo Domingo Norte y\u2026","rel":"","context":"En \u00abSALUD\u00bb","block_context":{"text":"SALUD","link":"https:\/\/lasprimeras.com.do\/index.php\/category\/salud\/"},"img":{"alt_text":"","src":"https:\/\/i0.wp.com\/lasprimeras.com.do\/wp-content\/uploads\/2026\/03\/ney-arias-doctor-landron.jpg?resize=350%2C200&ssl=1","width":350,"height":200,"srcset":"https:\/\/i0.wp.com\/lasprimeras.com.do\/wp-content\/uploads\/2026\/03\/ney-arias-doctor-landron.jpg?resize=350%2C200&ssl=1 1x, https:\/\/i0.wp.com\/lasprimeras.com.do\/wp-content\/uploads\/2026\/03\/ney-arias-doctor-landron.jpg?resize=525%2C300&ssl=1 1.5x, https:\/\/i0.wp.com\/lasprimeras.com.do\/wp-content\/uploads\/2026\/03\/ney-arias-doctor-landron.jpg?resize=700%2C400&ssl=1 2x"},"classes":[]},{"id":126936,"url":"https:\/\/lasprimeras.com.do\/index.php\/2026\/04\/07\/emergencias-se-reducen-mas-de-un-60-durante-semana-santa-destaca-el-sns\/","url_meta":{"origin":128603,"position":4},"title":"Emergencias se reducen m\u00e1s de un 60 % durante Semana Santa, destaca el SNS","author":"Nelson Feliz","date":"7 de abril de 2026","format":false,"excerpt":"Julio Landr\u00f3n reconoce labor del personal de salud y el impacto de la coordinaci\u00f3n institucional. El director del Servicio Nacional de Salud, Julio Landr\u00f3n, inform\u00f3 que la demanda de emergencias en hospitales del pa\u00eds se redujo en m\u00e1s de un 60 % durante el asueto de Semana Santa, resultado que\u2026","rel":"","context":"En \u00abSALUD\u00bb","block_context":{"text":"SALUD","link":"https:\/\/lasprimeras.com.do\/index.php\/category\/salud\/"},"img":{"alt_text":"","src":"https:\/\/i0.wp.com\/lasprimeras.com.do\/wp-content\/uploads\/2026\/04\/dario-contreras.jpg?resize=350%2C200&ssl=1","width":350,"height":200,"srcset":"https:\/\/i0.wp.com\/lasprimeras.com.do\/wp-content\/uploads\/2026\/04\/dario-contreras.jpg?resize=350%2C200&ssl=1 1x, https:\/\/i0.wp.com\/lasprimeras.com.do\/wp-content\/uploads\/2026\/04\/dario-contreras.jpg?resize=525%2C300&ssl=1 1.5x, https:\/\/i0.wp.com\/lasprimeras.com.do\/wp-content\/uploads\/2026\/04\/dario-contreras.jpg?resize=700%2C400&ssl=1 2x"},"classes":[]},{"id":126595,"url":"https:\/\/lasprimeras.com.do\/index.php\/2026\/04\/02\/sns-activa-su-maxima-capacidad-hospitalaria-para-semana-santa-2026\/","url_meta":{"origin":128603,"position":5},"title":"SNS activa su m\u00e1xima capacidad hospitalaria para Semana Santa 2026","author":"Nelson Feliz","date":"2 de abril de 2026","format":false,"excerpt":"Julio Landr\u00f3n garantiza atenci\u00f3n oportuna en todo el pa\u00eds. El Servicio Nacional de Salud (SNS) se consolida como pilar fundamental en la respuesta sanitaria del operativo \u201cConciencia por la Vida, Semana Santa 2026\u201d, activado este jueves por el Centro de Operaciones de Emergencias (COE), con el despliegue de m\u00e1s de\u2026","rel":"","context":"En \u00abSALUD\u00bb","block_context":{"text":"SALUD","link":"https:\/\/lasprimeras.com.do\/index.php\/category\/salud\/"},"img":{"alt_text":"Julio Landr\u00f3n","src":"https:\/\/i0.wp.com\/lasprimeras.com.do\/wp-content\/uploads\/2026\/04\/Julio-Landron-1.jpg?resize=350%2C200&ssl=1","width":350,"height":200,"srcset":"https:\/\/i0.wp.com\/lasprimeras.com.do\/wp-content\/uploads\/2026\/04\/Julio-Landron-1.jpg?resize=350%2C200&ssl=1 1x, https:\/\/i0.wp.com\/lasprimeras.com.do\/wp-content\/uploads\/2026\/04\/Julio-Landron-1.jpg?resize=525%2C300&ssl=1 1.5x, https:\/\/i0.wp.com\/lasprimeras.com.do\/wp-content\/uploads\/2026\/04\/Julio-Landron-1.jpg?resize=700%2C400&ssl=1 2x"},"classes":[]}],"jetpack_sharing_enabled":true,"_links":{"self":[{"href":"https:\/\/lasprimeras.com.do\/index.php\/wp-json\/wp\/v2\/posts\/128603","targetHints":{"allow":["GET"]}}],"collection":[{"href":"https:\/\/lasprimeras.com.do\/index.php\/wp-json\/wp\/v2\/posts"}],"about":[{"href":"https:\/\/lasprimeras.com.do\/index.php\/wp-json\/wp\/v2\/types\/post"}],"author":[{"embeddable":true,"href":"https:\/\/lasprimeras.com.do\/index.php\/wp-json\/wp\/v2\/users\/10"}],"replies":[{"embeddable":true,"href":"https:\/\/lasprimeras.com.do\/index.php\/wp-json\/wp\/v2\/comments?post=128603"}],"version-history":[{"count":1,"href":"https:\/\/lasprimeras.com.do\/index.php\/wp-json\/wp\/v2\/posts\/128603\/revisions"}],"predecessor-version":[{"id":128605,"href":"https:\/\/lasprimeras.com.do\/index.php\/wp-json\/wp\/v2\/posts\/128603\/revisions\/128605"}],"wp:featuredmedia":[{"embeddable":true,"href":"https:\/\/lasprimeras.com.do\/index.php\/wp-json\/wp\/v2\/media\/128604"}],"wp:attachment":[{"href":"https:\/\/lasprimeras.com.do\/index.php\/wp-json\/wp\/v2\/media?parent=128603"}],"wp:term":[{"taxonomy":"category","embeddable":true,"href":"https:\/\/lasprimeras.com.do\/index.php\/wp-json\/wp\/v2\/categories?post=128603"},{"taxonomy":"post_tag","embeddable":true,"href":"https:\/\/lasprimeras.com.do\/index.php\/wp-json\/wp\/v2\/tags?post=128603"}],"curies":[{"name":"wp","href":"https:\/\/api.w.org\/{rel}","templated":true}]}}