{"id":128606,"date":"2026-04-24T23:41:11","date_gmt":"2026-04-25T03:41:11","guid":{"rendered":"https:\/\/lasprimeras.com.do\/?p=128606"},"modified":"2026-04-24T23:41:12","modified_gmt":"2026-04-25T03:41:12","slug":"mp-solicita-prision-contra-padre-de-nina-muerta-en-canada","status":"publish","type":"post","link":"https:\/\/lasprimeras.com.do\/index.php\/2026\/04\/24\/mp-solicita-prision-contra-padre-de-nina-muerta-en-canada\/","title":{"rendered":"MP solicita prisi\u00f3n contra padre de ni\u00f1a muerta en ca\u00f1ada"},"content":{"rendered":"\n<p>El Ministerio P\u00fablico solicit\u00f3 a la Oficina Judicial de Servicios de Atenci\u00f3n Permanente del Distrito Nacional la imposici\u00f3n de prisi\u00f3n preventiva, como medida de coerci\u00f3n, contra un hombre imputado de causarle la muerte a su hija de un a\u00f1o, cuyo cuerpo fue hallado en una ca\u00f1ada del sector Los Girasoles.<\/p>\n\n\n\n<p>A Rosi Alfredo Mota Almonte (El Loc\u00f3n Brake o Freddy) se le imputa el haber provocado la muerte de la infante el 21 de abril de 2026, a causa de asfixia por sofocaci\u00f3n.<\/p>\n\n\n\n<p>De acuerdo con la investigaci\u00f3n realizada por la procuradora fiscal Topacio Suero Sierra, adscrita al Departamento de Cr\u00edmenes y Delitos contra la Persona (Homicidios) del Distrito Nacional, el hecho ocurri\u00f3 en horas de la ma\u00f1ana, cuando el imputado, tras llegar a su residencia, procedi\u00f3 a asfixiar a la ni\u00f1a.<\/p>\n\n\n\n<p>Posteriormente, introdujo el cuerpo sin vida en un bulto, lo sac\u00f3 de la vivienda y lo lanz\u00f3 a una ca\u00f1ada cercana.<\/p>\n\n\n\n<p>M\u00e1s adelante, el imputado regres\u00f3 a la comunidad e inform\u00f3 a vecinos que la ni\u00f1a estaba desaparecida, lo que provoc\u00f3 que residentes del sector iniciaran una amplia b\u00fasqueda. Horas despu\u00e9s, el cuerpo fue encontrado dentro del referido bulto en la ca\u00f1ada, dando aviso de inmediato a las autoridades.<\/p>\n\n\n\n<p>El Ministerio P\u00fablico, en conjunto con agentes de la Polic\u00eda Nacional, realiz\u00f3 el levantamiento del cuerpo, el cual fue enviado al Instituto Nacional de Ciencias Forenses (Inacif) para los fines correspondientes.<\/p>\n\n\n\n<p>El imputado fue arrestado el pasado 23 de abril de 2026, mediante la orden judicial No. 2026-AJ0032323, emitida por la Oficina Judicial de Servicios de Atenci\u00f3n Permanente del Distrito Nacional.<\/p>\n\n\n\n<p>El \u00f3rgano acusador ha calificado jur\u00eddicamente los hechos como violaci\u00f3n a los art\u00edculos 295 y 304-II del C\u00f3digo Penal Dominicano, as\u00ed como a los art\u00edculos 3, 12, 13, 462 y 463 de la Ley 136-03 que crea el C\u00f3digo para la Protecci\u00f3n y los Derechos Fundamentales de Ni\u00f1os, Ni\u00f1as y Adolescentes.<\/p>\n","protected":false},"excerpt":{"rendered":"<p>El Ministerio P\u00fablico solicit\u00f3 a la Oficina Judicial de Servicios de Atenci\u00f3n Permanente del Distrito Nacional la imposici\u00f3n de prisi\u00f3n preventiva, como medida de coerci\u00f3n, contra un hombre imputado de&hellip;<\/p>\n","protected":false},"author":10,"featured_media":97411,"comment_status":"open","ping_status":"open","sticky":false,"template":"","format":"standard","meta":{"content-type":"","jetpack_post_was_ever_published":false,"_jetpack_newsletter_access":"","_jetpack_dont_email_post_to_subs":false,"_jetpack_newsletter_tier_id":0,"_jetpack_memberships_contains_paywalled_content":false,"_jetpack_memberships_contains_paid_content":false,"footnotes":""},"categories":[289],"tags":[3630,32620,22494,290,4300,6446,628,1885],"class_list":["post-128606","post","type-post","status-publish","format-standard","has-post-thumbnail","hentry","category-justicia","tag-canada","tag-hallada-sin-vida","tag-los-girasoles","tag-ministerio-publico","tag-nina","tag-padre","tag-prision-preventiva","tag-solicita"],"jetpack_featured_media_url":"https:\/\/lasprimeras.com.do\/wp-content\/uploads\/2025\/04\/mallete.png","jetpack-related-posts":[{"id":87800,"url":"https:\/\/lasprimeras.com.do\/index.php\/2024\/08\/17\/solicitan-prision-preventiva-contra-doctora-imputada-de-asesinar-su-hija-en-sde\/","url_meta":{"origin":128606,"position":0},"title":"Solicitan prisi\u00f3n preventiva contra doctora imputada de asesinar su hija en SDE","author":"Nelson Feliz","date":"17 de agosto de 2024","format":false,"excerpt":"La medida de coerci\u00f3n est\u00e1 fijada para este domingo 18 de agosto. El Ministerio P\u00fablico deposit\u00f3 la solicitud de medida de coerci\u00f3n contra Ana Josefa Garc\u00eda Cuello, imputada por la muerte de su hija, E. F. G., de seis a\u00f1os de edad. Ser\u00e1 est\u00e9 domingo, 18 de agosto del a\u00f1o\u2026","rel":"","context":"En \u00abJUSTICIA\u00bb","block_context":{"text":"JUSTICIA","link":"https:\/\/lasprimeras.com.do\/index.php\/category\/justicia\/"},"img":{"alt_text":"Ana Josefa Garc\u00eda Cuello","src":"https:\/\/i0.wp.com\/lasprimeras.com.do\/wp-content\/uploads\/2024\/08\/Ana-Josefa-Garcia-Cuello.jpg?resize=350%2C200&ssl=1","width":350,"height":200},"classes":[]},{"id":72015,"url":"https:\/\/lasprimeras.com.do\/index.php\/2023\/12\/26\/el-ministerio-publico-solicita-prision-acusado-matar-venezolana\/","url_meta":{"origin":128606,"position":1},"title":"El Ministerio P\u00fablico solicita prisi\u00f3n acusado matar venezolana","author":"BIMARY DE JES\u00daS Matos","date":"26 de diciembre de 2023","format":false,"excerpt":"SANTO DOMINGO.- El Ministerio P\u00fablico solicita prisi\u00f3n como medida de coerci\u00f3n al italo-colombiano Michael Saba, se\u00f1alado de matar y descuartizar a su expareja venezolana Yenny Carolina P\u00e9rez Canel\u00f3n la madrugada del pasado jueves. Un juez de la Oficina de Atenci\u00f3n Permanente del Distrito Nacional fij\u00f3 conocer la audiencia para ma\u00f1ana\u2026","rel":"","context":"En \u00abNACIONALES\u00bb","block_context":{"text":"NACIONALES","link":"https:\/\/lasprimeras.com.do\/index.php\/category\/nacionales\/"},"img":{"alt_text":"","src":"https:\/\/i0.wp.com\/lasprimeras.com.do\/wp-content\/uploads\/2023\/12\/WhatsApp-Image-2023-12-25-at-12.45.01-PM-3.webp?resize=350%2C200&ssl=1","width":350,"height":200,"srcset":"https:\/\/i0.wp.com\/lasprimeras.com.do\/wp-content\/uploads\/2023\/12\/WhatsApp-Image-2023-12-25-at-12.45.01-PM-3.webp?resize=350%2C200&ssl=1 1x, https:\/\/i0.wp.com\/lasprimeras.com.do\/wp-content\/uploads\/2023\/12\/WhatsApp-Image-2023-12-25-at-12.45.01-PM-3.webp?resize=525%2C300&ssl=1 1.5x"},"classes":[]},{"id":120780,"url":"https:\/\/lasprimeras.com.do\/index.php\/2026\/01\/27\/mp-solicita-prision-preventiva-contra-militar-imputado-por-la-muerte-de-joven-en-el-mirador-sur\/","url_meta":{"origin":128606,"position":2},"title":"MP solicita prisi\u00f3n preventiva contra militar imputado por la muerte de joven en el Mirador Sur","author":"Nelson Feliz","date":"27 de enero de 2026","format":false,"excerpt":"El Ministerio P\u00fablico solicit\u00f3 prisi\u00f3n preventiva, como medida de coerci\u00f3n, contra un teniente coronel del Ej\u00e9rcito imputado por la muerte de una joven, en un hecho ocurrido el pasado domingo, 25 de enero, en el parque Mirador Sur del Distrito Nacional. El imputado, Samuel El\u00edas C\u00e9spedes Valdez, est\u00e1 siendo procesado\u2026","rel":"","context":"En \u00abJUSTICIA\u00bb","block_context":{"text":"JUSTICIA","link":"https:\/\/lasprimeras.com.do\/index.php\/category\/justicia\/"},"img":{"alt_text":"","src":"https:\/\/i0.wp.com\/lasprimeras.com.do\/wp-content\/uploads\/2025\/04\/mallete.png?resize=350%2C200&ssl=1","width":350,"height":200,"srcset":"https:\/\/i0.wp.com\/lasprimeras.com.do\/wp-content\/uploads\/2025\/04\/mallete.png?resize=350%2C200&ssl=1 1x, https:\/\/i0.wp.com\/lasprimeras.com.do\/wp-content\/uploads\/2025\/04\/mallete.png?resize=525%2C300&ssl=1 1.5x, https:\/\/i0.wp.com\/lasprimeras.com.do\/wp-content\/uploads\/2025\/04\/mallete.png?resize=700%2C400&ssl=1 2x"},"classes":[]},{"id":121012,"url":"https:\/\/lasprimeras.com.do\/index.php\/2026\/01\/30\/solicitan-prision-preventiva-contra-hombre-imputado-por-la-muerte-de-su-pareja-en-la-zurza\/","url_meta":{"origin":128606,"position":3},"title":"Solicitan prisi\u00f3n preventiva contra hombre imputado por la muerte de su pareja en La Zurza","author":"Nelson Feliz","date":"30 de enero de 2026","format":false,"excerpt":"El Ministerio P\u00fablico solicit\u00f3 prisi\u00f3n preventiva, como medida de coerci\u00f3n, contra un hombre imputado por la muerte de su pareja, en un hecho ocurrido el jueves 1 de enero del presente a\u00f1o, en el sector La Zurza, del Distrito Nacional. La solicitud fue presentada por el fiscal H\u00e9ctor E. S\u00e1nchez,\u2026","rel":"","context":"En \u00abJUSTICIA\u00bb","block_context":{"text":"JUSTICIA","link":"https:\/\/lasprimeras.com.do\/index.php\/category\/justicia\/"},"img":{"alt_text":"","src":"https:\/\/i0.wp.com\/lasprimeras.com.do\/wp-content\/uploads\/2025\/04\/mallete.png?resize=350%2C200&ssl=1","width":350,"height":200,"srcset":"https:\/\/i0.wp.com\/lasprimeras.com.do\/wp-content\/uploads\/2025\/04\/mallete.png?resize=350%2C200&ssl=1 1x, https:\/\/i0.wp.com\/lasprimeras.com.do\/wp-content\/uploads\/2025\/04\/mallete.png?resize=525%2C300&ssl=1 1.5x, https:\/\/i0.wp.com\/lasprimeras.com.do\/wp-content\/uploads\/2025\/04\/mallete.png?resize=700%2C400&ssl=1 2x"},"classes":[]},{"id":54123,"url":"https:\/\/lasprimeras.com.do\/index.php\/2023\/07\/07\/prision-preventiva-contra-hombre-que-mato-su-pareja-al-lanzarla-desde-un-cuarto-piso-de-un-hotel-de-bavaro\/","url_meta":{"origin":128606,"position":4},"title":"Prisi\u00f3n preventiva contra hombre que mat\u00f3 su pareja al lanzarla desde un cuarto piso de un hotel de B\u00e1varo","author":"Nelson Feliz","date":"7 de julio de 2023","format":false,"excerpt":"El Ministerio P\u00fablico someti\u00f3 a la justicia y solicit\u00f3 a un tribunal de esta la provincia que le imponga prisi\u00f3n preventiva a un hombre al que le imputa provocarle la muerte a su pareja tras lanzarla de un cuarto piso de un hotel de la zona tur\u00edstica de B\u00e1varo, donde\u2026","rel":"","context":"En \u00abJUSTICIA\u00bb","block_context":{"text":"JUSTICIA","link":"https:\/\/lasprimeras.com.do\/index.php\/category\/justicia\/"},"img":{"alt_text":"","src":"https:\/\/i0.wp.com\/lasprimeras.com.do\/wp-content\/uploads\/2023\/06\/condenan-a-30-anos-de-prision-contra-atracador-que-mato-un-raso-de-la-pn.jpg?resize=350%2C200&ssl=1","width":350,"height":200,"srcset":"https:\/\/i0.wp.com\/lasprimeras.com.do\/wp-content\/uploads\/2023\/06\/condenan-a-30-anos-de-prision-contra-atracador-que-mato-un-raso-de-la-pn.jpg?resize=350%2C200&ssl=1 1x, https:\/\/i0.wp.com\/lasprimeras.com.do\/wp-content\/uploads\/2023\/06\/condenan-a-30-anos-de-prision-contra-atracador-que-mato-un-raso-de-la-pn.jpg?resize=525%2C300&ssl=1 1.5x, https:\/\/i0.wp.com\/lasprimeras.com.do\/wp-content\/uploads\/2023\/06\/condenan-a-30-anos-de-prision-contra-atracador-que-mato-un-raso-de-la-pn.jpg?resize=700%2C400&ssl=1 2x, https:\/\/i0.wp.com\/lasprimeras.com.do\/wp-content\/uploads\/2023\/06\/condenan-a-30-anos-de-prision-contra-atracador-que-mato-un-raso-de-la-pn.jpg?resize=1050%2C600&ssl=1 3x"},"classes":[]},{"id":118500,"url":"https:\/\/lasprimeras.com.do\/index.php\/2025\/12\/30\/mp-solicita-prision-preventiva-contra-mayor-del-ejercito-imputado-por-muerte-de-joven\/","url_meta":{"origin":128606,"position":5},"title":"MP solicita prisi\u00f3n preventiva contra mayor del Ej\u00e9rcito imputado por muerte de joven","author":"Nelson Feliz","date":"30 de diciembre de 2025","format":false,"excerpt":"El procesado Diego Geraldo Mesa Arismendy enfrenta cargos por el crimen de Perla Jokasta Santos Pacheco ocurrido en el sector Los Guandules el pasado d\u00eda 26 Ministerio P\u00fablico solicit\u00f3, ante la Oficina Judicial de Servicios de Atenci\u00f3n Permanente del Distrito Nacional, la imposici\u00f3n de prisi\u00f3n preventiva, como medida de coerci\u00f3n,\u2026","rel":"","context":"En \u00abJUSTICIA\u00bb","block_context":{"text":"JUSTICIA","link":"https:\/\/lasprimeras.com.do\/index.php\/category\/justicia\/"},"img":{"alt_text":"","src":"https:\/\/i0.wp.com\/lasprimeras.com.do\/wp-content\/uploads\/2025\/12\/mayor.jpg?resize=350%2C200&ssl=1","width":350,"height":200,"srcset":"https:\/\/i0.wp.com\/lasprimeras.com.do\/wp-content\/uploads\/2025\/12\/mayor.jpg?resize=350%2C200&ssl=1 1x, https:\/\/i0.wp.com\/lasprimeras.com.do\/wp-content\/uploads\/2025\/12\/mayor.jpg?resize=525%2C300&ssl=1 1.5x, https:\/\/i0.wp.com\/lasprimeras.com.do\/wp-content\/uploads\/2025\/12\/mayor.jpg?resize=700%2C400&ssl=1 2x"},"classes":[]}],"jetpack_sharing_enabled":true,"_links":{"self":[{"href":"https:\/\/lasprimeras.com.do\/index.php\/wp-json\/wp\/v2\/posts\/128606","targetHints":{"allow":["GET"]}}],"collection":[{"href":"https:\/\/lasprimeras.com.do\/index.php\/wp-json\/wp\/v2\/posts"}],"about":[{"href":"https:\/\/lasprimeras.com.do\/index.php\/wp-json\/wp\/v2\/types\/post"}],"author":[{"embeddable":true,"href":"https:\/\/lasprimeras.com.do\/index.php\/wp-json\/wp\/v2\/users\/10"}],"replies":[{"embeddable":true,"href":"https:\/\/lasprimeras.com.do\/index.php\/wp-json\/wp\/v2\/comments?post=128606"}],"version-history":[{"count":1,"href":"https:\/\/lasprimeras.com.do\/index.php\/wp-json\/wp\/v2\/posts\/128606\/revisions"}],"predecessor-version":[{"id":128607,"href":"https:\/\/lasprimeras.com.do\/index.php\/wp-json\/wp\/v2\/posts\/128606\/revisions\/128607"}],"wp:featuredmedia":[{"embeddable":true,"href":"https:\/\/lasprimeras.com.do\/index.php\/wp-json\/wp\/v2\/media\/97411"}],"wp:attachment":[{"href":"https:\/\/lasprimeras.com.do\/index.php\/wp-json\/wp\/v2\/media?parent=128606"}],"wp:term":[{"taxonomy":"category","embeddable":true,"href":"https:\/\/lasprimeras.com.do\/index.php\/wp-json\/wp\/v2\/categories?post=128606"},{"taxonomy":"post_tag","embeddable":true,"href":"https:\/\/lasprimeras.com.do\/index.php\/wp-json\/wp\/v2\/tags?post=128606"}],"curies":[{"name":"wp","href":"https:\/\/api.w.org\/{rel}","templated":true}]}}