{"id":128608,"date":"2026-04-24T23:45:49","date_gmt":"2026-04-25T03:45:49","guid":{"rendered":"https:\/\/lasprimeras.com.do\/?p=128608"},"modified":"2026-04-24T23:45:51","modified_gmt":"2026-04-25T03:45:51","slug":"dos-muertos-en-un-nuevo-ataque-de-ee-uu-a-embarcacion-en-el-pacifico","status":"publish","type":"post","link":"https:\/\/lasprimeras.com.do\/index.php\/2026\/04\/24\/dos-muertos-en-un-nuevo-ataque-de-ee-uu-a-embarcacion-en-el-pacifico\/","title":{"rendered":"Dos muertos en un nuevo ataque de EE.UU. a embarcaci\u00f3n en el Pac\u00edfico"},"content":{"rendered":"\n<p><strong>Estados Unidos dijo haber destruido este viernes una nueva embarcaci\u00f3n supuestamente vinculada al narcotr\u00e1fico en aguas internacionales del Pac\u00edfico, en un ataque en el que murieron dos personas.<\/strong><\/p>\n\n\n\n<p><strong>Washington, EFE &#8211;<\/strong> Estados Unidos dijo haber destruido este viernes una nueva embarcaci\u00f3n supuestamente vinculada al narcotr\u00e1fico en aguas internacionales del Pac\u00edfico, en un ataque en el que murieron dos personas.<\/p>\n\n\n\n<p>El Comando Sur de Estados Unidos fue el encargado de ejecutar la nueva misi\u00f3n del plan Lanza del Sur y anunci\u00f3 el resultado del operativo en su cuenta de X junto a un video.<\/p>\n\n\n\n<p>Con este nuevo ataque, suman m\u00e1s de 130 las personas que han muerto durante las actividades militares de Estados Unidos en el Caribe y el Pac\u00edfico desde agosto de 2025.<\/p>\n\n\n\n<p>El ataque realizado en aguas internacionales en cercan\u00edas de Colombia es el cuarto en dos semanas y sucede el mismo d\u00eda en el que el presidente colombiano, Gustavo Petro, visit\u00f3 el Palacio de Miraflores en Caracas para su primer encuentro con la mandataria interina de Venezuela, Delcy Rodr\u00edguez.<\/p>\n\n\n\n<p>La presencia de nav\u00edos y aeronaves militares estadounidenses en aguas internacionales comenz\u00f3 en el Caribe y precedi\u00f3 la intervenci\u00f3n militar del 3 de enero de 2026, cuando Estados Unidos captur\u00f3 en Caracas al presidente venezolano, Nicol\u00e1s Maduro, y lo traslad\u00f3 posteriormente a una c\u00e1rcel federal en Nueva York.<\/p>\n\n\n\n<figure class=\"wp-block-embed is-type-rich is-provider-twitter wp-block-embed-twitter\"><div class=\"wp-block-embed__wrapper\">\n<div class=\"embed-twitter\"><blockquote class=\"twitter-tweet\" data-width=\"500\" data-dnt=\"true\"><p lang=\"en\" dir=\"ltr\">On April 24, at the direction of <a href=\"https:\/\/twitter.com\/hashtag\/SOUTHCOM?src=hash&amp;ref_src=twsrc%5Etfw\">#SOUTHCOM<\/a> commander Gen. Francis L. Donovan, Joint Task Force Southern Spear conducted a lethal kinetic strike on a vessel operated by Designated Terrorist Organizations. Intelligence confirmed the vessel was transiting along known\u2026 <a href=\"https:\/\/t.co\/FRHwqXsHm2\">pic.twitter.com\/FRHwqXsHm2<\/a><\/p>&mdash; U.S. Southern Command (@Southcom) <a href=\"https:\/\/twitter.com\/Southcom\/status\/2047843084956750278?ref_src=twsrc%5Etfw\">April 25, 2026<\/a><\/blockquote><script async src=\"https:\/\/platform.twitter.com\/widgets.js\" charset=\"utf-8\"><\/script><\/div>\n<\/div><\/figure>\n","protected":false},"excerpt":{"rendered":"<p>Estados Unidos dijo haber destruido este viernes una nueva embarcaci\u00f3n supuestamente vinculada al narcotr\u00e1fico en aguas internacionales del Pac\u00edfico, en un ataque en el que murieron dos personas. Washington, EFE&hellip;<\/p>\n","protected":false},"author":10,"featured_media":128609,"comment_status":"open","ping_status":"open","sticky":false,"template":"","format":"standard","meta":{"content-type":"","jetpack_post_was_ever_published":false,"_jetpack_newsletter_access":"","_jetpack_dont_email_post_to_subs":false,"_jetpack_newsletter_tier_id":0,"_jetpack_memberships_contains_paywalled_content":false,"_jetpack_memberships_contains_paid_content":false,"footnotes":""},"categories":[16289],"tags":[1601,3128,206,10391,14754],"class_list":["post-128608","post","type-post","status-publish","format-standard","has-post-thumbnail","hentry","category-internacionales","tag-ataque","tag-dos-muertos","tag-ee-uu","tag-embarcacion","tag-pacifico"],"jetpack_featured_media_url":"https:\/\/lasprimeras.com.do\/wp-content\/uploads\/2026\/04\/jjuvias.jpg","jetpack-related-posts":[{"id":127675,"url":"https:\/\/lasprimeras.com.do\/index.php\/2026\/04\/14\/eeuu-ataca-otra-lancha-en-el-pacifico-oriental-y-mata-a-4-personas-afirma-que-llevaban-drogas\/","url_meta":{"origin":128608,"position":0},"title":"EEUU ataca otra lancha en el Pac\u00edfico oriental y mata a 4 personas; afirma que llevaban drogas","author":"Nelson Feliz","date":"14 de abril de 2026","format":false,"excerpt":"WASHINGTON (AP) \u2014 El ej\u00e9rcito de Estados Unidos atac\u00f3 el martes otra lancha que, seg\u00fan dijo, era usada para transportar drogas en el oc\u00e9ano Pac\u00edfico oriental, y mat\u00f3 a cuatro personas. Es el m\u00e1s reciente de una serie de ataques contra botes que, seg\u00fan el gobierno de Donald Trump, se\u2026","rel":"","context":"En \u00abINTERNACIONALES\u00bb","block_context":{"text":"INTERNACIONALES","link":"https:\/\/lasprimeras.com.do\/index.php\/category\/sin-categoria\/internacionales\/"},"img":{"alt_text":"","src":"https:\/\/i0.wp.com\/lasprimeras.com.do\/wp-content\/uploads\/2026\/04\/pentagono.jpg?resize=350%2C200&ssl=1","width":350,"height":200,"srcset":"https:\/\/i0.wp.com\/lasprimeras.com.do\/wp-content\/uploads\/2026\/04\/pentagono.jpg?resize=350%2C200&ssl=1 1x, https:\/\/i0.wp.com\/lasprimeras.com.do\/wp-content\/uploads\/2026\/04\/pentagono.jpg?resize=525%2C300&ssl=1 1.5x, https:\/\/i0.wp.com\/lasprimeras.com.do\/wp-content\/uploads\/2026\/04\/pentagono.jpg?resize=700%2C400&ssl=1 2x"},"classes":[]},{"id":112506,"url":"https:\/\/lasprimeras.com.do\/index.php\/2025\/10\/23\/eeuu-ataca-2-lanchas-en-el-pacifico-que-supuestamente-llevaban-drogas-y-mata-a-5-personas\/","url_meta":{"origin":128608,"position":1},"title":"EEUU ataca 2 lanchas en el Pac\u00edfico que supuestamente llevaban drogas y mata a 5 personas","author":"Nelson Feliz","date":"23 de octubre de 2025","format":false,"excerpt":"POR KONSTANTIN TOROPIN WASHINGTON (AP) \u2014 Las fuerzas armadas de Estados Unidos lanzaron su noveno ataque contra una embarcaci\u00f3n que presuntamente llevaba drogas y mat\u00f3 a tres personas que iban a bordo mientras navegaba en aguas del oc\u00e9ano Pac\u00edfico, inform\u00f3 el mi\u00e9rcoles el secretario de Defensa estadounidense, Pete Hegseth. El\u2026","rel":"","context":"En \u00abINTERNACIONALES\u00bb","block_context":{"text":"INTERNACIONALES","link":"https:\/\/lasprimeras.com.do\/index.php\/category\/sin-categoria\/internacionales\/"},"img":{"alt_text":"","src":"https:\/\/i0.wp.com\/lasprimeras.com.do\/wp-content\/uploads\/2025\/10\/Pete-Hegseth-1.jpg?resize=350%2C200&ssl=1","width":350,"height":200,"srcset":"https:\/\/i0.wp.com\/lasprimeras.com.do\/wp-content\/uploads\/2025\/10\/Pete-Hegseth-1.jpg?resize=350%2C200&ssl=1 1x, https:\/\/i0.wp.com\/lasprimeras.com.do\/wp-content\/uploads\/2025\/10\/Pete-Hegseth-1.jpg?resize=525%2C300&ssl=1 1.5x, https:\/\/i0.wp.com\/lasprimeras.com.do\/wp-content\/uploads\/2025\/10\/Pete-Hegseth-1.jpg?resize=700%2C400&ssl=1 2x"},"classes":[]},{"id":122130,"url":"https:\/\/lasprimeras.com.do\/index.php\/2026\/02\/13\/eeuu-mata-a-tres-personas-en-nuevo-ataque-contra-una-supuesta-narcolancha-en-el-caribe\/","url_meta":{"origin":128608,"position":2},"title":"EEUU mata a tres personas en nuevo ataque contra una supuesta narcolancha en el Caribe","author":"Nelson Feliz","date":"13 de febrero de 2026","format":false,"excerpt":"Madrid, Espa\u00f1a,Europa Press- Los militares estadounidenses han descrito el ataque como \"cin\u00e9tico\" y \"letal\" y no han indicado que hayan quedado supervivientes entre la tripulaci\u00f3n del barco. La embarcaci\u00f3n supuestamente estar\u00eda operada por \"organizaciones terroristas designadas\". El Ej\u00e9rcito de Estados Unidos ha informado sobre un nuevo ataque contra una embarcaci\u00f3n\u2026","rel":"","context":"En \u00abINTERNACIONALES\u00bb","block_context":{"text":"INTERNACIONALES","link":"https:\/\/lasprimeras.com.do\/index.php\/category\/sin-categoria\/internacionales\/"},"img":{"alt_text":"","src":"https:\/\/i0.wp.com\/lasprimeras.com.do\/wp-content\/uploads\/2026\/02\/lancha.jpeg?resize=350%2C200&ssl=1","width":350,"height":200,"srcset":"https:\/\/i0.wp.com\/lasprimeras.com.do\/wp-content\/uploads\/2026\/02\/lancha.jpeg?resize=350%2C200&ssl=1 1x, https:\/\/i0.wp.com\/lasprimeras.com.do\/wp-content\/uploads\/2026\/02\/lancha.jpeg?resize=525%2C300&ssl=1 1.5x, https:\/\/i0.wp.com\/lasprimeras.com.do\/wp-content\/uploads\/2026\/02\/lancha.jpeg?resize=700%2C400&ssl=1 2x"},"classes":[]},{"id":117795,"url":"https:\/\/lasprimeras.com.do\/index.php\/2025\/12\/16\/ejercito-de-eeuu-informa-que-ataques-a-tres-embarcaciones-en-el-pacifico-dejan-8-personas-muertas\/","url_meta":{"origin":128608,"position":3},"title":"Ej\u00e9rcito de EEUU informa que ataques a tres embarcaciones en el Pac\u00edfico dejan 8 personas muertas","author":"Nelson Feliz","date":"16 de diciembre de 2025","format":false,"excerpt":"WASHINGTON (AP) \u2014 Las Fuerzas Armadas de Estados Unidos informaron el lunes que lanzaron ataques contra tres embarcaciones que presuntamente contrabandeaban drogas en el Pac\u00edfico que dejaron un total de ocho personas muertas, mientras el escrutinio sobre la campa\u00f1a militar del gobierno del presidente Donald Trump contra el narcotr\u00e1fico se\u2026","rel":"","context":"En \u00abINTERNACIONALES\u00bb","block_context":{"text":"INTERNACIONALES","link":"https:\/\/lasprimeras.com.do\/index.php\/category\/sin-categoria\/internacionales\/"},"img":{"alt_text":"Ej\u00e9rcito de EEUU","src":"https:\/\/i0.wp.com\/lasprimeras.com.do\/wp-content\/uploads\/2025\/12\/Ejercito-de-EEUU.jpg?resize=350%2C200&ssl=1","width":350,"height":200,"srcset":"https:\/\/i0.wp.com\/lasprimeras.com.do\/wp-content\/uploads\/2025\/12\/Ejercito-de-EEUU.jpg?resize=350%2C200&ssl=1 1x, https:\/\/i0.wp.com\/lasprimeras.com.do\/wp-content\/uploads\/2025\/12\/Ejercito-de-EEUU.jpg?resize=525%2C300&ssl=1 1.5x, https:\/\/i0.wp.com\/lasprimeras.com.do\/wp-content\/uploads\/2025\/12\/Ejercito-de-EEUU.jpg?resize=700%2C400&ssl=1 2x"},"classes":[]},{"id":122935,"url":"https:\/\/lasprimeras.com.do\/index.php\/2026\/02\/23\/tres-muertos-en-ataque-de-eeuu-a-presunto-bote-de-narcotraficantes-en-el-caribe\/","url_meta":{"origin":128608,"position":4},"title":"Tres muertos en ataque de EEUU a presunto bote de narcotraficantes en el Caribe","author":"Nelson Feliz","date":"23 de febrero de 2026","format":false,"excerpt":"WASHINGTON (AP) \u2014 Las fuerzas armadas de Estados Unidos mataron a tres personas el lunes en un ataque contra una embarcaci\u00f3n presuntamente dedicada al contrabando de drogas en el Caribe, seg\u00fan informaron, parte de la campa\u00f1a de meses del gobierno del presidente Donald Trump contra supuestos traficantes. Con esta ofensiva\u2026","rel":"","context":"En \u00abINTERNACIONALES\u00bb","block_context":{"text":"INTERNACIONALES","link":"https:\/\/lasprimeras.com.do\/index.php\/category\/sin-categoria\/internacionales\/"},"img":{"alt_text":"","src":"https:\/\/i0.wp.com\/lasprimeras.com.do\/wp-content\/uploads\/2026\/02\/Pentagono-el-20-de-septiembre-de-2025.jpg?resize=350%2C200&ssl=1","width":350,"height":200,"srcset":"https:\/\/i0.wp.com\/lasprimeras.com.do\/wp-content\/uploads\/2026\/02\/Pentagono-el-20-de-septiembre-de-2025.jpg?resize=350%2C200&ssl=1 1x, https:\/\/i0.wp.com\/lasprimeras.com.do\/wp-content\/uploads\/2026\/02\/Pentagono-el-20-de-septiembre-de-2025.jpg?resize=525%2C300&ssl=1 1.5x, https:\/\/i0.wp.com\/lasprimeras.com.do\/wp-content\/uploads\/2026\/02\/Pentagono-el-20-de-septiembre-de-2025.jpg?resize=700%2C400&ssl=1 2x"},"classes":[]},{"id":117918,"url":"https:\/\/lasprimeras.com.do\/index.php\/2025\/12\/18\/ejercito-de-eeuu-dice-que-mato-a-4-personas-en-ataque-contra-lancha-que-supuestamente-llevaba-drogas\/","url_meta":{"origin":128608,"position":5},"title":"Ej\u00e9rcito de EEUU dice que mat\u00f3 a 4 personas en ataque contra lancha que supuestamente llevaba drogas","author":"Nelson Feliz","date":"18 de diciembre de 2025","format":false,"excerpt":"WASHINGTON (AP) \u2014 El ej\u00e9rcito de Estados Unidos afirm\u00f3 el mi\u00e9rcoles que atac\u00f3 un bote que supuestamente era usado para contrabandear drogas en el oc\u00e9ano Pac\u00edfico, y que mat\u00f3 a cuatro personas a bordo, el mismo d\u00eda en que la C\u00e1mara de Representantes rechaz\u00f3 propuestas para limitar el poder del\u2026","rel":"","context":"En \u00abINTERNACIONALES\u00bb","block_context":{"text":"INTERNACIONALES","link":"https:\/\/lasprimeras.com.do\/index.php\/category\/sin-categoria\/internacionales\/"},"img":{"alt_text":"El secretario de Defensa, Pete Hegseth, llega para informar a los miembros del Congreso sobre ataques militares cerca de Venezuela, el martes 16 de diciembre de 2025, en Washington. (Foto AP\/Julia Demaree Nikhinson)","src":"https:\/\/i0.wp.com\/lasprimeras.com.do\/wp-content\/uploads\/2025\/12\/Pete-Hegseth.jpg?resize=350%2C200&ssl=1","width":350,"height":200,"srcset":"https:\/\/i0.wp.com\/lasprimeras.com.do\/wp-content\/uploads\/2025\/12\/Pete-Hegseth.jpg?resize=350%2C200&ssl=1 1x, https:\/\/i0.wp.com\/lasprimeras.com.do\/wp-content\/uploads\/2025\/12\/Pete-Hegseth.jpg?resize=525%2C300&ssl=1 1.5x, https:\/\/i0.wp.com\/lasprimeras.com.do\/wp-content\/uploads\/2025\/12\/Pete-Hegseth.jpg?resize=700%2C400&ssl=1 2x"},"classes":[]}],"jetpack_sharing_enabled":true,"_links":{"self":[{"href":"https:\/\/lasprimeras.com.do\/index.php\/wp-json\/wp\/v2\/posts\/128608","targetHints":{"allow":["GET"]}}],"collection":[{"href":"https:\/\/lasprimeras.com.do\/index.php\/wp-json\/wp\/v2\/posts"}],"about":[{"href":"https:\/\/lasprimeras.com.do\/index.php\/wp-json\/wp\/v2\/types\/post"}],"author":[{"embeddable":true,"href":"https:\/\/lasprimeras.com.do\/index.php\/wp-json\/wp\/v2\/users\/10"}],"replies":[{"embeddable":true,"href":"https:\/\/lasprimeras.com.do\/index.php\/wp-json\/wp\/v2\/comments?post=128608"}],"version-history":[{"count":1,"href":"https:\/\/lasprimeras.com.do\/index.php\/wp-json\/wp\/v2\/posts\/128608\/revisions"}],"predecessor-version":[{"id":128610,"href":"https:\/\/lasprimeras.com.do\/index.php\/wp-json\/wp\/v2\/posts\/128608\/revisions\/128610"}],"wp:featuredmedia":[{"embeddable":true,"href":"https:\/\/lasprimeras.com.do\/index.php\/wp-json\/wp\/v2\/media\/128609"}],"wp:attachment":[{"href":"https:\/\/lasprimeras.com.do\/index.php\/wp-json\/wp\/v2\/media?parent=128608"}],"wp:term":[{"taxonomy":"category","embeddable":true,"href":"https:\/\/lasprimeras.com.do\/index.php\/wp-json\/wp\/v2\/categories?post=128608"},{"taxonomy":"post_tag","embeddable":true,"href":"https:\/\/lasprimeras.com.do\/index.php\/wp-json\/wp\/v2\/tags?post=128608"}],"curies":[{"name":"wp","href":"https:\/\/api.w.org\/{rel}","templated":true}]}}