{"id":128611,"date":"2026-04-24T23:54:46","date_gmt":"2026-04-25T03:54:46","guid":{"rendered":"https:\/\/lasprimeras.com.do\/?p=128611"},"modified":"2026-04-24T23:54:48","modified_gmt":"2026-04-25T03:54:48","slug":"defensa-de-fiscal-aurelio-valdez-denuncia-ilegitimidad-en-manejo-de-recusacion-de-jueza","status":"publish","type":"post","link":"https:\/\/lasprimeras.com.do\/index.php\/2026\/04\/24\/defensa-de-fiscal-aurelio-valdez-denuncia-ilegitimidad-en-manejo-de-recusacion-de-jueza\/","title":{"rendered":"Defensa de fiscal Aurelio Valdez denuncia &#8220;ilegitimidad&#8221; en manejo de recusaci\u00f3n de jueza"},"content":{"rendered":"\n<p>El abogado Valent\u00edn Medrano, integrante de la defensa del fiscal Aurelio Valdez Alc\u00e1ntara, manifest\u00f3 su rechaz\u00f3 a la decisi\u00f3n del pleno de la Suprema Corte de Justicia (SCJ), luego de que se declarara incompetente para conocer la recusaci\u00f3n presentada en contra de la jueza de instrucci\u00f3n especial, Isis Mu\u00f1iz.<\/p>\n\n\n\n<p>Mu\u00f1iz fue asignada para el conocimiento de la medida de coerci\u00f3n del fiscal Valdez Alc\u00e1ntara, quien est\u00e1 acusado de recibir 10 mil d\u00f3lares de un imputado vinculado al caso judicial del Seguro Nacional de Salud (Senasa).<\/p>\n\n\n\n<p>Medrano calific\u00f3 la resoluci\u00f3n como un &#8220;elemento m\u00e1s de ilegitimidad&#8221; en el proceso judicial que enfrenta el fiscal, quien se desempe\u00f1aba en la Procuradur\u00eda Especializada de la Persecuci\u00f3n de la Corrupci\u00f3n Administrativa (PEPCA) y contra quien el ministerio p\u00fablico solicita prisi\u00f3n preventiva en su contra, como medida de coerci\u00f3n.<\/p>\n\n\n\n<p>Aunque el pleno de la Suprema se declar\u00f3 incompetente para conocer la recusaci\u00f3n, punto en el que la defensa coincide, Medrano denunci\u00f3 que el env\u00edo del expediente a dicha instancia fue &#8220;inadecuado, irregular y contrario a las normas&#8221;.<\/p>\n\n\n\n<p>El jurista enfatiz\u00f3 que el C\u00f3digo Procesal Penal establece con claridad las v\u00edas para resolver estos conflictos jur\u00eddicos y que el procedimiento seguido hasta ahora violenta la normativa.<\/p>\n\n\n\n<p>&#8220;Lamentamos profundamente y levantamos nuestra voz en contra de esta decisi\u00f3n, porque se instituye como un elemento m\u00e1s de ilegitimidad del proceso&#8221;, afirm\u00f3 Medrano.<\/p>\n\n\n\n<p>La Sala Penal como \u00f3rgano competente<\/p>\n\n\n\n<p>La defensa sostiene que el pleno de la Suprema Corte, as\u00ed como el pleno de la Corte de Apelaci\u00f3n del Distrito Nacional, no tiene facultad para decidir sobre la recusaci\u00f3n en este caso de jurisdicci\u00f3n especial.<\/p>\n\n\n\n<p>Seg\u00fan la l\u00f3gica procesal planteada por Medrano, la competencia recae exclusivamente en la Sala Penal de la Suprema Corte de Justicia.<\/p>\n\n\n\n<p>Para sustentar su postura, el abogado realiz\u00f3 una analog\u00eda con el procedimiento ordinario, se\u00f1alando que en un caso com\u00fan, cuando se recusa a un juez de instrucci\u00f3n, el caso sube a la Corte de Apelaci\u00f3n, que es el tribunal inmediatamente superior y encargado de conocer los recursos de alzada.<\/p>\n\n\n\n<p>Bajo esa misma premisa, en la jurisdicci\u00f3n especial que cobija al fiscal Valdez Alc\u00e1ntara, cualquier recurso contra las decisiones del juez instructor especial debe ser conocido por la Sala Penal de la Suprema y que por tanto, al ser la Sala Penal el \u00f3rgano superior funcional encargado de las apelaciones, es tambi\u00e9n el \u00fanico facultado para decidir sobre la recusaci\u00f3n del juez.<\/p>\n\n\n\n<p>El jurista reiter\u00f3 que el respeto a las jerarqu\u00edas y competencias establecidas en la normativa procesal penal es fundamental para garantizar la transparencia y legalidad de un proceso que consideran viciado desde su remisi\u00f3n al pleno.<\/p>\n\n\n\n<p>Los motivos de la recusaci\u00f3n<\/p>\n\n\n\n<p>El recurso fue interpuesto por los doctores Alberto Delgado y Valent\u00edn Medrano, quienes alegan que la jueza Mu\u00f1iz ha comprometido su imparcialidad.<\/p>\n\n\n\n<p>Seg\u00fan la defensa, la magistrada no deber\u00eda conocer la coerci\u00f3n debido a que autoriz\u00f3 previamente al Ministerio P\u00fablico a realizar diligencias investigativas cr\u00edticas, entre ellas la &#8220;entrega vigilada&#8221; del dinero del supuesto soborno.<\/p>\n\n\n\n<p>El fiscal Valdez Alc\u00e1ntara es se\u00f1alado por el Ministerio P\u00fablico de haber recibido dinero por parte de un testigo vinculado a una investigaci\u00f3n relacionada con el Senasa.<\/p>\n\n\n\n<p>Dada la gravedad de los hechos y la condici\u00f3n de fiscal del imputado, el \u00f3rgano persecutor ha solicitado un a\u00f1o de prisi\u00f3n preventiva como medida de coerci\u00f3n.<\/p>\n\n\n\n<p>El Ministerio P\u00fablico sostiene que existe un alto riesgo de que el procesado pueda influir u obstaculizar el curso de la investigaci\u00f3n aprovechando su posici\u00f3n dentro del sistema de justicia.<\/p>\n\n\n\n<p>Fuente Listin Diario<\/p>\n","protected":false},"excerpt":{"rendered":"<p>El abogado Valent\u00edn Medrano, integrante de la defensa del fiscal Aurelio Valdez Alc\u00e1ntara, manifest\u00f3 su rechaz\u00f3 a la decisi\u00f3n del pleno de la Suprema Corte de Justicia (SCJ), luego de&hellip;<\/p>\n","protected":false},"author":10,"featured_media":128612,"comment_status":"open","ping_status":"open","sticky":false,"template":"","format":"standard","meta":{"content-type":"","jetpack_post_was_ever_published":false,"_jetpack_newsletter_access":"","_jetpack_dont_email_post_to_subs":false,"_jetpack_newsletter_tier_id":0,"_jetpack_memberships_contains_paywalled_content":false,"_jetpack_memberships_contains_paid_content":false,"footnotes":""},"categories":[289],"tags":[2597,32623,353,1876,32622,4563,2391,1356,32621],"class_list":["post-128611","post","type-post","status-publish","format-standard","has-post-thumbnail","hentry","category-justicia","tag-abogado","tag-aurelio-valdez","tag-defensa","tag-fiscal","tag-ilegitimidad","tag-jueza","tag-manejo","tag-recusacion","tag-valentin-medrano"],"jetpack_featured_media_url":"https:\/\/lasprimeras.com.do\/wp-content\/uploads\/2026\/04\/abogado-Valentin-Medrano.jpg","jetpack-related-posts":[{"id":126376,"url":"https:\/\/lasprimeras.com.do\/index.php\/2026\/03\/30\/apresan-fiscal-aurelio-valdez-alcantara-en-flagrante-delito-supuestamente-al-recibir-10-mil-dolares\/","url_meta":{"origin":128611,"position":0},"title":"Apresan fiscal Aurelio Valdez Alc\u00e1ntara en flagrante delito supuestamente al recibir 10 mil d\u00f3lares","author":"Nelson Feliz","date":"30 de marzo de 2026","format":false,"excerpt":"Por Abdias Estrella . La Procuradur\u00eda Especializada de Persecuci\u00f3n de la Corrupci\u00f3n Administrativa (Pepca), apreso a fiscal Aurelio Valdez Alc\u00e1ntara ,quien fue sorprendido recibiendo soborno de m\u00e1s de 500 mil pesos dominicanos de Roberto Antonio Canaan ( acusado de corrupci\u00f3n en el caso SENASA). El imputado ex acusador del Pepca\u2026","rel":"","context":"En \u00abJUSTICIA\u00bb","block_context":{"text":"JUSTICIA","link":"https:\/\/lasprimeras.com.do\/index.php\/category\/justicia\/"},"img":{"alt_text":"","src":"https:\/\/i0.wp.com\/lasprimeras.com.do\/wp-content\/uploads\/2026\/04\/IMG-20260331-WA1564.jpg?resize=350%2C200&ssl=1","width":350,"height":200,"srcset":"https:\/\/i0.wp.com\/lasprimeras.com.do\/wp-content\/uploads\/2026\/04\/IMG-20260331-WA1564.jpg?resize=350%2C200&ssl=1 1x, https:\/\/i0.wp.com\/lasprimeras.com.do\/wp-content\/uploads\/2026\/04\/IMG-20260331-WA1564.jpg?resize=525%2C300&ssl=1 1.5x, https:\/\/i0.wp.com\/lasprimeras.com.do\/wp-content\/uploads\/2026\/04\/IMG-20260331-WA1564.jpg?resize=700%2C400&ssl=1 2x"},"classes":[]},{"id":127051,"url":"https:\/\/lasprimeras.com.do\/index.php\/2026\/04\/08\/wilson-camacho-cualquier-acto-de-corrupcion-del-que-tengamos-evidencias-terminara-en-los-tribunales\/","url_meta":{"origin":128611,"position":1},"title":"Wilson Camacho: \u201ccualquier acto de corrupci\u00f3n del que tengamos evidencias terminar\u00e1 en los tribunales\u201d","author":"Nelson Feliz","date":"8 de abril de 2026","format":false,"excerpt":"Dice defensa de Aurelio Valdez Alc\u00e1ntara pide aplazamiento de audiencia para retardar el proceso El procurador adjunto Wilson Camacho asegur\u00f3 este martes que cualquier acto de corrupci\u00f3n del que el Ministerio P\u00fablico tenga evidencias terminar\u00e1 en los tribunales, tras enfatizar que si ese mal se da en el sistema de\u2026","rel":"","context":"En \u00abJUSTICIA\u00bb","block_context":{"text":"JUSTICIA","link":"https:\/\/lasprimeras.com.do\/index.php\/category\/justicia\/"},"img":{"alt_text":"","src":"https:\/\/i0.wp.com\/lasprimeras.com.do\/wp-content\/uploads\/2026\/04\/Wilson-Camacho.jpg?resize=350%2C200&ssl=1","width":350,"height":200,"srcset":"https:\/\/i0.wp.com\/lasprimeras.com.do\/wp-content\/uploads\/2026\/04\/Wilson-Camacho.jpg?resize=350%2C200&ssl=1 1x, https:\/\/i0.wp.com\/lasprimeras.com.do\/wp-content\/uploads\/2026\/04\/Wilson-Camacho.jpg?resize=525%2C300&ssl=1 1.5x, https:\/\/i0.wp.com\/lasprimeras.com.do\/wp-content\/uploads\/2026\/04\/Wilson-Camacho.jpg?resize=700%2C400&ssl=1 2x"},"classes":[]},{"id":63863,"url":"https:\/\/lasprimeras.com.do\/index.php\/2023\/10\/16\/corte-debera-decidir-sobre-recusacion-del-mp-a-juezas-que-conocen-juicio-en-caso-antipulpo\/","url_meta":{"origin":128611,"position":2},"title":"Corte deber\u00e1 decidir sobre recusaci\u00f3n del MP a juezas que conocen juicio en caso Antipulpo","author":"Nelson Feliz","date":"16 de octubre de 2023","format":false,"excerpt":"La Segunda Sala Penal del Distrito Nacional conocer\u00e1 en c\u00e1mara de consejo en las pr\u00f3ximas horas la recusaci\u00f3n en contra de las juezas del Segundo Tribunal Colegiado, que conocen el juicio preliminar en contra de Alexis Medina y dem\u00e1s implicados en caso Antipulpo. El tribunal, integrado por Isis Mu\u00f1iz, Te\u00f3filo\u2026","rel":"","context":"En \u00abJUSTICIA\u00bb","block_context":{"text":"JUSTICIA","link":"https:\/\/lasprimeras.com.do\/index.php\/category\/justicia\/"},"img":{"alt_text":"Alexis Medina","src":"https:\/\/i0.wp.com\/lasprimeras.com.do\/wp-content\/uploads\/2023\/10\/Alexis-Medina.jpeg?resize=350%2C200&ssl=1","width":350,"height":200,"srcset":"https:\/\/i0.wp.com\/lasprimeras.com.do\/wp-content\/uploads\/2023\/10\/Alexis-Medina.jpeg?resize=350%2C200&ssl=1 1x, https:\/\/i0.wp.com\/lasprimeras.com.do\/wp-content\/uploads\/2023\/10\/Alexis-Medina.jpeg?resize=525%2C300&ssl=1 1.5x, https:\/\/i0.wp.com\/lasprimeras.com.do\/wp-content\/uploads\/2023\/10\/Alexis-Medina.jpeg?resize=700%2C400&ssl=1 2x"},"classes":[]},{"id":126206,"url":"https:\/\/lasprimeras.com.do\/index.php\/2026\/03\/30\/mirna-ortiz-ministerio-publico-reitera-no-tolerara-actos-renidos-con-la-ley\/","url_meta":{"origin":128611,"position":3},"title":"Mirna Ortiz: Ministerio P\u00fablico reitera no tolerar\u00e1 actos re\u00f1idos con la ley","author":"Nelson Feliz","date":"30 de marzo de 2026","format":false,"excerpt":"La procuradora de corte Mirna Ortiz, titular de la Procuradur\u00eda Especializada de Persecuci\u00f3n de la Corrupci\u00f3n Administrativa (Pepca), sostuvo este lunes que el Ministerio P\u00fablico no tolerar\u00e1 actos re\u00f1idos con la ley, y en ese sentido, llam\u00f3 a la ciudadan\u00eda a siempre denunciar cualquier acto que se cometa contra el\u2026","rel":"","context":"En \u00abJUSTICIA\u00bb","block_context":{"text":"JUSTICIA","link":"https:\/\/lasprimeras.com.do\/index.php\/category\/justicia\/"},"img":{"alt_text":"","src":"https:\/\/i0.wp.com\/lasprimeras.com.do\/wp-content\/uploads\/2026\/03\/Mirna-Ortiz.jpg?resize=350%2C200&ssl=1","width":350,"height":200,"srcset":"https:\/\/i0.wp.com\/lasprimeras.com.do\/wp-content\/uploads\/2026\/03\/Mirna-Ortiz.jpg?resize=350%2C200&ssl=1 1x, https:\/\/i0.wp.com\/lasprimeras.com.do\/wp-content\/uploads\/2026\/03\/Mirna-Ortiz.jpg?resize=525%2C300&ssl=1 1.5x, https:\/\/i0.wp.com\/lasprimeras.com.do\/wp-content\/uploads\/2026\/03\/Mirna-Ortiz.jpg?resize=700%2C400&ssl=1 2x"},"classes":[]},{"id":77222,"url":"https:\/\/lasprimeras.com.do\/index.php\/2024\/02\/19\/corte-acoge-recusacion-del-ministerio-publico-en-operacion-calamar\/","url_meta":{"origin":128611,"position":4},"title":"Corte acoge recusaci\u00f3n del Ministerio P\u00fablico en Operaci\u00f3n Calamar","author":"BIMARY DE JES\u00daS Matos","date":"19 de febrero de 2024","format":false,"excerpt":"SANTO DOMINGO.-\u00a0La Segunda Sala de la C\u00e1mara Penal de la Corte de Apelaci\u00f3n del Distrito Nacional notific\u00f3 a la Procuradur\u00eda Especializada de Persecuci\u00f3n de la Corrupci\u00f3n Administrativa (Pepca) que acogi\u00f3 los argumentos planteados por el Ministerio P\u00fablico al recusar a la jueza Ana Lee Florimon en el proceso de instrucci\u00f3n\u2026","rel":"","context":"En \u00abPORTADA\u00bb","block_context":{"text":"PORTADA","link":"https:\/\/lasprimeras.com.do\/index.php\/category\/portada\/"},"img":{"alt_text":"","src":"https:\/\/i0.wp.com\/lasprimeras.com.do\/wp-content\/uploads\/2024\/02\/Edificio-PGR-1.jpg?resize=350%2C200&ssl=1","width":350,"height":200,"srcset":"https:\/\/i0.wp.com\/lasprimeras.com.do\/wp-content\/uploads\/2024\/02\/Edificio-PGR-1.jpg?resize=350%2C200&ssl=1 1x, https:\/\/i0.wp.com\/lasprimeras.com.do\/wp-content\/uploads\/2024\/02\/Edificio-PGR-1.jpg?resize=525%2C300&ssl=1 1.5x, https:\/\/i0.wp.com\/lasprimeras.com.do\/wp-content\/uploads\/2024\/02\/Edificio-PGR-1.jpg?resize=700%2C400&ssl=1 2x, https:\/\/i0.wp.com\/lasprimeras.com.do\/wp-content\/uploads\/2024\/02\/Edificio-PGR-1.jpg?resize=1050%2C600&ssl=1 3x"},"classes":[]},{"id":63074,"url":"https:\/\/lasprimeras.com.do\/index.php\/2023\/10\/10\/el-ministerio-publico-recusa-a-juezas-conocen-el-caso-pulpo\/","url_meta":{"origin":128611,"position":5},"title":"El Ministerio P\u00fablico recusa a juezas conocen el caso \u2018Pulpo\u2019","author":"BIMARY DE JES\u00daS Matos","date":"10 de octubre de 2023","format":false,"excerpt":"SANTO DOMINGO.\u2013 El Ministerio P\u00fablico recus\u00f3 a las juezas del Segundo Tribunal Colegiado del Distrito Nacional durante el juicio seguido a los imputados en la red del caso Pulpo, que dirig\u00eda Juan Alexis Medina S\u00e1nchez, por alegada parcialidad en el proceso al acondicionar la lectura de la acusaci\u00f3n. La fiscal\u2026","rel":"","context":"En \u00abPORTADA\u00bb","block_context":{"text":"PORTADA","link":"https:\/\/lasprimeras.com.do\/index.php\/category\/portada\/"},"img":{"alt_text":"","src":"https:\/\/i0.wp.com\/lasprimeras.com.do\/wp-content\/uploads\/2023\/10\/WhatsApp-Image-2023-10-09-at-6.14.13-PM-2.webp?resize=350%2C200&ssl=1","width":350,"height":200},"classes":[]}],"jetpack_sharing_enabled":true,"_links":{"self":[{"href":"https:\/\/lasprimeras.com.do\/index.php\/wp-json\/wp\/v2\/posts\/128611","targetHints":{"allow":["GET"]}}],"collection":[{"href":"https:\/\/lasprimeras.com.do\/index.php\/wp-json\/wp\/v2\/posts"}],"about":[{"href":"https:\/\/lasprimeras.com.do\/index.php\/wp-json\/wp\/v2\/types\/post"}],"author":[{"embeddable":true,"href":"https:\/\/lasprimeras.com.do\/index.php\/wp-json\/wp\/v2\/users\/10"}],"replies":[{"embeddable":true,"href":"https:\/\/lasprimeras.com.do\/index.php\/wp-json\/wp\/v2\/comments?post=128611"}],"version-history":[{"count":1,"href":"https:\/\/lasprimeras.com.do\/index.php\/wp-json\/wp\/v2\/posts\/128611\/revisions"}],"predecessor-version":[{"id":128613,"href":"https:\/\/lasprimeras.com.do\/index.php\/wp-json\/wp\/v2\/posts\/128611\/revisions\/128613"}],"wp:featuredmedia":[{"embeddable":true,"href":"https:\/\/lasprimeras.com.do\/index.php\/wp-json\/wp\/v2\/media\/128612"}],"wp:attachment":[{"href":"https:\/\/lasprimeras.com.do\/index.php\/wp-json\/wp\/v2\/media?parent=128611"}],"wp:term":[{"taxonomy":"category","embeddable":true,"href":"https:\/\/lasprimeras.com.do\/index.php\/wp-json\/wp\/v2\/categories?post=128611"},{"taxonomy":"post_tag","embeddable":true,"href":"https:\/\/lasprimeras.com.do\/index.php\/wp-json\/wp\/v2\/tags?post=128611"}],"curies":[{"name":"wp","href":"https:\/\/api.w.org\/{rel}","templated":true}]}}