{"id":128614,"date":"2026-04-25T00:02:04","date_gmt":"2026-04-25T04:02:04","guid":{"rendered":"https:\/\/lasprimeras.com.do\/?p=128614"},"modified":"2026-04-25T00:02:06","modified_gmt":"2026-04-25T04:02:06","slug":"la-caida-de-macho-de-la-cancha-de-baloncesto-a-profugo-por-asesinato-en-santiago","status":"publish","type":"post","link":"https:\/\/lasprimeras.com.do\/index.php\/2026\/04\/25\/la-caida-de-macho-de-la-cancha-de-baloncesto-a-profugo-por-asesinato-en-santiago\/","title":{"rendered":"La ca\u00edda de &#8220;Macho&#8221;: De la cancha de baloncesto a pr\u00f3fugo por asesinato en Santiago"},"content":{"rendered":"\n<p><strong>El joven no era un simple jugador, sino que era parte de la selecci\u00f3n del club de baloncesto Sameji, logrando vestirse con la camiseta oficial del Torneo Superior de Baloncesto de Santiago.<\/strong><\/p>\n\n\n\n<p>Indira V\u00e1squez<\/p>\n\n\n\n<p>El 24 de enero de 2020, el club de baloncesto Sameji present\u00f3, a trav\u00e9s de su cuenta oficial de Instagram, el equipo que lo representar\u00eda en el Torneo Superior de Baloncesto de Santiago, en su versi\u00f3n n\u00famero 40, con la meta de conquistar la corona n\u00famero 10.<\/p>\n\n\n\n<p>En la publicaci\u00f3n, acompa\u00f1ada de una fotograf\u00eda grupal, la organizaci\u00f3n mencionaba a los jugadores que integrar\u00edan su plantilla para esa temporada.<\/p>\n\n\n\n<p>Entre los nombres citados figuraba Jhovanny de Jes\u00fas Metz Cruz. \u201cMacho\u201d, como era conocido en el \u00e1mbito deportivo, aparece adem\u00e1s en otras im\u00e1genes difundidas en redes sociales vistiendo la camiseta del Sameji con el n\u00famero 11, en una sesi\u00f3n fotogr\u00e1fica en la que posa con el uniforme oficial del club.<\/p>\n\n\n\n<p>El joven no era un simple jugador, era parte de la selecci\u00f3n del club en ese a\u00f1o, logrando vestirse con la camiseta oficial del torneo.<\/p>\n\n\n\n<p>Metz Cruz era parte del equipo de baloncesto que representa Savica, Mejoramiento Social y El Ejido. En este \u00faltimo lugar es donde de acuerdo a testigos operaba su empresa Inversiones Metz.<\/p>\n\n\n\n<p>Versiones del club<\/p>\n\n\n\n<p>Buscando conocer m\u00e1s sobre su trayectoria deportiva, List\u00edn Diario consult\u00f3 a Miguel Balaguer, quien a la saz\u00f3n era gerente del club, y este explic\u00f3 que no recuerda a Metz Cruz como jugador ni tiene constancia de alg\u00fan v\u00ednculo con la organizaci\u00f3n, esto pese a que hay fotograf\u00edas y v\u00eddeos que validan su participaci\u00f3n, y que el mismo club lo menciona como parte del equipo.<\/p>\n\n\n\n<p>De igual modo, Joerinson Duvelsie, actual gerente del club, indic\u00f3 que ocupa esa posici\u00f3n desde el a\u00f1o 2023 y que durante su gesti\u00f3n no tiene referencia de que esa persona haya formado parte del equipo.<\/p>\n\n\n\n<p>Primera vez en el banquillo<\/p>\n\n\n\n<p>Tres a\u00f1os despu\u00e9s de ser parte de la selecci\u00f3n de baloncesto del club Sameji, en enero de ese a\u00f1o, fue vinculado inicialmente a un incidente bajo investigaci\u00f3n por la fiscal\u00eda de homicidios en Santiago.<\/p>\n\n\n\n<p>Sin embargo, su perfil de peligrosidad cobr\u00f3 mayor relevancia en mayo de 2023, cuando enfrent\u00f3 cargos por Asociaci\u00f3n de Malhechores y Tentativa de Homicidio tras participar en un tiroteo en el sector El Ejido, donde resultaron heridos un sargento de la unidad SWAT y su sobrino.<\/p>\n\n\n\n<p>A pesar de que en la escena se recolectaron 23 casquillos de bala y de la gravedad de las lesiones causadas, el tribunal le otorg\u00f3 en aquel momento libertad bajo garant\u00eda econ\u00f3mica y presentaci\u00f3n peri\u00f3dica; hoy, mientras el principal acusado se encuentra pr\u00f3fugo, el Ministerio P\u00fablico solicita para sus acompa\u00f1antes prisi\u00f3n preventiva y la declaratoria de caso complejo por el asesinato del chofer Deivy Carlos Abreu Quezada.<\/p>\n\n\n\n<p>Se\u00f1alado como autor material<\/p>\n\n\n\n<p>Seis a\u00f1os despu\u00e9s, Metz Cruz es se\u00f1alado por el Ministerio P\u00fablico como el presunto autor material de la muerte de Deivy Carlos Abreu Quezada, en un hecho ocurrido en el parqueo del Palacio de Justicia de Santiago.<\/p>\n\n\n\n<p>El expediente de solicitud de medida de coerci\u00f3n establece que el imputado encabez\u00f3 la persecuci\u00f3n contra la v\u00edctima, quien se desempe\u00f1aba como chofer de un cami\u00f3n recolector de basura. Seg\u00fan el documento, al llegar al recinto judicial, Metz Cruz habr\u00eda escalado el veh\u00edculo para ejecutar la agresi\u00f3n.<\/p>\n\n\n\n<p>&#8220;De inmediato, el imputado Jhovanny de Jes\u00fas Metz Cruz le infringi\u00f3 una estocada con un arma blanca tipo cuchillo, por la pierna hacia la v\u00edctima, la cual le produjo una herida de tal magnitud que le ocasion\u00f3 un shock hemorr\u00e1gico irreversible que le produjo la muerte&#8221;, se\u00f1ala el ministerio p\u00fablico en su escrito.<\/p>\n\n\n\n<p>Uno de los elementos utilizados por el Ministerio P\u00fablico para identificar a Metz Cruz es el testimonio de Jeury Alfredo Hern\u00e1ndez Fili\u00f3n, quien reconoci\u00f3 la motocicleta utilizada por el imputado al momento del hecho.<\/p>\n\n\n\n<p>&#8220;Una (1) motocicleta de color negro, con dise\u00f1o de color amarillo con verde en el tanque, marca Boxer BM150, la cual fue la motocicleta que utiliz\u00f3 el imputado Jhovanny de Jes\u00fas Metz Cruz al momento de los hechos, la cual fue reconocida por el testigo Jeury Alfredo Hern\u00e1ndez Fili\u00f3n.&#8221;<\/p>\n\n\n\n<p>Asimismo, ha sido vinculado a una estructura identificada como \u201cInversiones Metz\u201d, se\u00f1alada como una empresa de pr\u00e9stamos, que operaban desde el sector El Ejido, aspecto que figura dentro de las l\u00edneas de investigaci\u00f3n preliminares.<\/p>\n\n\n\n<p>Actualmente, Metz Cruz se encuentra pr\u00f3fugo y es activamente buscado por las autoridades bajo orden de arresto.<\/p>\n\n\n\n<p>Vinculaci\u00f3n de su hermano<\/p>\n\n\n\n<p>El expediente tambi\u00e9n detalla la participaci\u00f3n de su hermano, Kevin Francisco Metz Cruz, quien fue arrestado y permanece bajo custodia.<\/p>\n\n\n\n<p>De acuerdo con la acusaci\u00f3n, ambos actuaron de manera conjunta durante el hecho, interceptando a la v\u00edctima e impidiendo su escape.<\/p>\n\n\n\n<p>&#8220;Se desmontaron los imputados Kevin Francisco Metz Cruz y Jhovanny de Jes\u00fas Metz Cruz\u2026 y r\u00e1pidamente se acercaron hacia el cami\u00f3n&#8221;, indica la instancia, que tambi\u00e9n se\u00f1ala a Kevin entre quienes incitaban la agresi\u00f3n.<\/p>\n\n\n\n<p>La audiencia para el conocimiento de medida de coerci\u00f3n est\u00e1 prevista para el pr\u00f3ximo lunes en la ma\u00f1ana en el Palacio de Justicia de Santiago.<\/p>\n","protected":false},"excerpt":{"rendered":"<p>El joven no era un simple jugador, sino que era parte de la selecci\u00f3n del club de baloncesto Sameji, logrando vestirse con la camiseta oficial del Torneo Superior de Baloncesto&hellip;<\/p>\n","protected":false},"author":10,"featured_media":128615,"comment_status":"open","ping_status":"open","sticky":false,"template":"","format":"standard","meta":{"content-type":"","jetpack_post_was_ever_published":false,"_jetpack_newsletter_access":"","_jetpack_dont_email_post_to_subs":false,"_jetpack_newsletter_tier_id":0,"_jetpack_memberships_contains_paywalled_content":false,"_jetpack_memberships_contains_paid_content":false,"footnotes":""},"categories":[35],"tags":[771,5260,5509,32624,1897,1049],"class_list":["post-128614","post","type-post","status-publish","format-standard","has-post-thumbnail","hentry","category-nacionales","tag-asesinato","tag-baloncesto","tag-cancha","tag-macho","tag-profugo","tag-santiago"],"jetpack_featured_media_url":"https:\/\/lasprimeras.com.do\/wp-content\/uploads\/2026\/04\/macho.jpg","jetpack-related-posts":[{"id":121995,"url":"https:\/\/lasprimeras.com.do\/index.php\/2026\/02\/12\/luna-tv-firma-acuerdo-de-transmision-del-baloncesto-superior-de-santiago\/","url_meta":{"origin":128614,"position":0},"title":"Luna TV firma acuerdo de transmisi\u00f3n del Baloncesto Superior de Santiago","author":"Nelson Feliz","date":"12 de febrero de 2026","format":false,"excerpt":"Luna TV ampl\u00eda el alcance nacional del torneo m\u00e1s emblem\u00e1tico del Cibao y el pa\u00eds Luna TV, Canal 25 anunci\u00f3 oficialmente a la audiencia nacional la firma de un acuerdo de transmisi\u00f3n del Torneo de Baloncesto Superior de Santiago, organizado por la Asociaci\u00f3n de Baloncesto de Santiago (ABASACA). Mediante este\u2026","rel":"","context":"En \u00abDEPORTES\u00bb","block_context":{"text":"DEPORTES","link":"https:\/\/lasprimeras.com.do\/index.php\/category\/deportes\/"},"img":{"alt_text":"","src":"https:\/\/i0.wp.com\/lasprimeras.com.do\/wp-content\/uploads\/2026\/02\/IMG-20260123-WA0906.jpg?resize=350%2C200&ssl=1","width":350,"height":200,"srcset":"https:\/\/i0.wp.com\/lasprimeras.com.do\/wp-content\/uploads\/2026\/02\/IMG-20260123-WA0906.jpg?resize=350%2C200&ssl=1 1x, https:\/\/i0.wp.com\/lasprimeras.com.do\/wp-content\/uploads\/2026\/02\/IMG-20260123-WA0906.jpg?resize=525%2C300&ssl=1 1.5x, https:\/\/i0.wp.com\/lasprimeras.com.do\/wp-content\/uploads\/2026\/02\/IMG-20260123-WA0906.jpg?resize=700%2C400&ssl=1 2x"},"classes":[]},{"id":112315,"url":"https:\/\/lasprimeras.com.do\/index.php\/2025\/10\/21\/la-liga-pollitos-nyc-presenta-el-1er-torneo-de-baloncesto-superior-de-santiago-en-ny\/","url_meta":{"origin":128614,"position":1},"title":"La Liga Pollitos NYC presenta el 1er Torneo de Baloncesto Superior de Santiago en NY","author":"Nelson Feliz","date":"21 de octubre de 2025","format":false,"excerpt":"Nueva York - La Liga Pollitos NYC se complace en anunciar el inicio del primer torneo de baloncesto superior de Santiago en la ciudad de Nueva York. El torneo, que comenz\u00f3 el domingo 12 de octubre, re\u00fane a seis equipos locales: Los Jardines NYC, Liga Barrio Libertad NYC, Samejianos NYC,\u2026","rel":"","context":"En \u00abDEPORTES\u00bb","block_context":{"text":"DEPORTES","link":"https:\/\/lasprimeras.com.do\/index.php\/category\/deportes\/"},"img":{"alt_text":"","src":"https:\/\/i0.wp.com\/lasprimeras.com.do\/wp-content\/uploads\/2025\/10\/Liga-Pollitos-NYC.jpg?resize=350%2C200&ssl=1","width":350,"height":200,"srcset":"https:\/\/i0.wp.com\/lasprimeras.com.do\/wp-content\/uploads\/2025\/10\/Liga-Pollitos-NYC.jpg?resize=350%2C200&ssl=1 1x, https:\/\/i0.wp.com\/lasprimeras.com.do\/wp-content\/uploads\/2025\/10\/Liga-Pollitos-NYC.jpg?resize=525%2C300&ssl=1 1.5x, https:\/\/i0.wp.com\/lasprimeras.com.do\/wp-content\/uploads\/2025\/10\/Liga-Pollitos-NYC.jpg?resize=700%2C400&ssl=1 2x"},"classes":[]},{"id":79495,"url":"https:\/\/lasprimeras.com.do\/index.php\/2024\/03\/27\/octavo-torneo-superior-de-baloncesto-santo-domingo-del-5-al-24-de-abril\/","url_meta":{"origin":128614,"position":2},"title":"Octavo Torneo Superior de Baloncesto Santo Domingo del 5 al 24 de abril","author":"Nelson Feliz","date":"27 de marzo de 2024","format":false,"excerpt":"Comit\u00e9 anuncia siete equipos de la provincia disputar\u00e1n copa El Comit\u00e9 Organizador del Octavo Torneo de Baloncesto de Santo Domingo anunci\u00f3 la celebraci\u00f3n de esta justa del 5 al 24 de abril. Competir\u00e1n las franquicias de los clubes Los Mina, Calero de Villa Duarte, Loros Calientes, Las Caobas City, los\u2026","rel":"","context":"En \u00abSin categor\u00eda\u00bb","block_context":{"text":"Sin categor\u00eda","link":"https:\/\/lasprimeras.com.do\/index.php\/category\/sin-categoria\/"},"img":{"alt_text":"Torneo Superior de Baloncesto","src":"https:\/\/i0.wp.com\/lasprimeras.com.do\/wp-content\/uploads\/2024\/03\/Torneo-Superior-de-Baloncesto-1.jpg?resize=350%2C200&ssl=1","width":350,"height":200,"srcset":"https:\/\/i0.wp.com\/lasprimeras.com.do\/wp-content\/uploads\/2024\/03\/Torneo-Superior-de-Baloncesto-1.jpg?resize=350%2C200&ssl=1 1x, https:\/\/i0.wp.com\/lasprimeras.com.do\/wp-content\/uploads\/2024\/03\/Torneo-Superior-de-Baloncesto-1.jpg?resize=525%2C300&ssl=1 1.5x"},"classes":[]},{"id":127656,"url":"https:\/\/lasprimeras.com.do\/index.php\/2026\/04\/14\/lnb-inicia-temporada-2026-con-el-respaldo-oficial-de-banreservas\/","url_meta":{"origin":128614,"position":3},"title":"LNB inicia temporada 2026 con el respaldo oficial de Banreservas","author":"Nelson Feliz","date":"14 de abril de 2026","format":false,"excerpt":"Antonio Mir anuncia la incorporaci\u00f3n de Los H\u00e9roes de Moca; el torneo se celebrar\u00e1 del 14 de abril al 27 de mayo El Banco de Reservas de la Rep\u00fablica Dominicana anunci\u00f3 su respaldo a la Liga Nacional de Baloncesto (LNB) para la temporada 2026, que comienza este martes 14 de\u2026","rel":"","context":"En \u00abDEPORTES\u00bb","block_context":{"text":"DEPORTES","link":"https:\/\/lasprimeras.com.do\/index.php\/category\/deportes\/"},"img":{"alt_text":"","src":"https:\/\/i0.wp.com\/lasprimeras.com.do\/wp-content\/uploads\/2026\/04\/IMG-20260414-WA0478-scaled.jpg?resize=350%2C200&ssl=1","width":350,"height":200,"srcset":"https:\/\/i0.wp.com\/lasprimeras.com.do\/wp-content\/uploads\/2026\/04\/IMG-20260414-WA0478-scaled.jpg?resize=350%2C200&ssl=1 1x, https:\/\/i0.wp.com\/lasprimeras.com.do\/wp-content\/uploads\/2026\/04\/IMG-20260414-WA0478-scaled.jpg?resize=525%2C300&ssl=1 1.5x, https:\/\/i0.wp.com\/lasprimeras.com.do\/wp-content\/uploads\/2026\/04\/IMG-20260414-WA0478-scaled.jpg?resize=700%2C400&ssl=1 2x, https:\/\/i0.wp.com\/lasprimeras.com.do\/wp-content\/uploads\/2026\/04\/IMG-20260414-WA0478-scaled.jpg?resize=1050%2C600&ssl=1 3x, https:\/\/i0.wp.com\/lasprimeras.com.do\/wp-content\/uploads\/2026\/04\/IMG-20260414-WA0478-scaled.jpg?resize=1400%2C800&ssl=1 4x"},"classes":[]},{"id":105481,"url":"https:\/\/lasprimeras.com.do\/index.php\/2025\/08\/04\/grillo-vargas-todos-los-caminos-conducen-al-primer-encuentro-baloncesto-rd-en-cancha-nba-usa\/","url_meta":{"origin":128614,"position":4},"title":"Grillo Vargas: todos los caminos conducen al primer encuentro baloncesto RD en cancha NBA-USA","author":"Nelson Feliz","date":"4 de agosto de 2025","format":false,"excerpt":"Por Ram\u00f3n Mercedes NUEVA JERSEY.- La gloria del deporte de la Rep\u00fablica Dominicana, Jos\u00e9 -Grillo- Vargas declar\u00f3 en esta ciudad que todos los caminos conducen el pr\u00f3ximo 20 de septiembre al primer encuentro entre los equipos iconos del baloncesto dominicano, Bameso y Mauricio B\u00e1ez, en Nueva Jersey. Adem\u00e1s, valora la\u2026","rel":"","context":"En \u00abDEPORTES\u00bb","block_context":{"text":"DEPORTES","link":"https:\/\/lasprimeras.com.do\/index.php\/category\/deportes\/"},"img":{"alt_text":"","src":"https:\/\/i0.wp.com\/lasprimeras.com.do\/wp-content\/uploads\/2025\/08\/WhatsApp-Image-2025-08-04-at-6.44.28-AM-3.jpeg?resize=350%2C200&ssl=1","width":350,"height":200},"classes":[]},{"id":94714,"url":"https:\/\/lasprimeras.com.do\/index.php\/2025\/03\/04\/fundacion-los-mina-unidos-por-siempre-impulsa-el-baloncesto-en-san-francisco-de-macoris\/","url_meta":{"origin":128614,"position":5},"title":"Fundaci\u00f3n Los Mina Unidos por Siempre impulsa el baloncesto en San Francisco de Macor\u00eds","author":"Nelson Feliz","date":"4 de marzo de 2025","format":false,"excerpt":"La Fundaci\u00f3n Los Mina Unidos por Siempre celebr\u00f3 un exitoso intercambio amistoso con la participaci\u00f3n de 4 clubes de la provincia, en una jornada deportiva realizada en el Club San Mart\u00edn de San Francisco de Macor\u00eds, provincia Duarte. El torneo cont\u00f3 con la participaci\u00f3n de los equipos Club Gregorio Luper\u00f3n,\u2026","rel":"","context":"En \u00abDEPORTES\u00bb","block_context":{"text":"DEPORTES","link":"https:\/\/lasprimeras.com.do\/index.php\/category\/deportes\/"},"img":{"alt_text":"","src":"https:\/\/i0.wp.com\/lasprimeras.com.do\/wp-content\/uploads\/2025\/03\/Fundacion-Los-Mina-Unidos-1.jpg?resize=350%2C200&ssl=1","width":350,"height":200,"srcset":"https:\/\/i0.wp.com\/lasprimeras.com.do\/wp-content\/uploads\/2025\/03\/Fundacion-Los-Mina-Unidos-1.jpg?resize=350%2C200&ssl=1 1x, https:\/\/i0.wp.com\/lasprimeras.com.do\/wp-content\/uploads\/2025\/03\/Fundacion-Los-Mina-Unidos-1.jpg?resize=525%2C300&ssl=1 1.5x"},"classes":[]}],"jetpack_sharing_enabled":true,"_links":{"self":[{"href":"https:\/\/lasprimeras.com.do\/index.php\/wp-json\/wp\/v2\/posts\/128614","targetHints":{"allow":["GET"]}}],"collection":[{"href":"https:\/\/lasprimeras.com.do\/index.php\/wp-json\/wp\/v2\/posts"}],"about":[{"href":"https:\/\/lasprimeras.com.do\/index.php\/wp-json\/wp\/v2\/types\/post"}],"author":[{"embeddable":true,"href":"https:\/\/lasprimeras.com.do\/index.php\/wp-json\/wp\/v2\/users\/10"}],"replies":[{"embeddable":true,"href":"https:\/\/lasprimeras.com.do\/index.php\/wp-json\/wp\/v2\/comments?post=128614"}],"version-history":[{"count":1,"href":"https:\/\/lasprimeras.com.do\/index.php\/wp-json\/wp\/v2\/posts\/128614\/revisions"}],"predecessor-version":[{"id":128616,"href":"https:\/\/lasprimeras.com.do\/index.php\/wp-json\/wp\/v2\/posts\/128614\/revisions\/128616"}],"wp:featuredmedia":[{"embeddable":true,"href":"https:\/\/lasprimeras.com.do\/index.php\/wp-json\/wp\/v2\/media\/128615"}],"wp:attachment":[{"href":"https:\/\/lasprimeras.com.do\/index.php\/wp-json\/wp\/v2\/media?parent=128614"}],"wp:term":[{"taxonomy":"category","embeddable":true,"href":"https:\/\/lasprimeras.com.do\/index.php\/wp-json\/wp\/v2\/categories?post=128614"},{"taxonomy":"post_tag","embeddable":true,"href":"https:\/\/lasprimeras.com.do\/index.php\/wp-json\/wp\/v2\/tags?post=128614"}],"curies":[{"name":"wp","href":"https:\/\/api.w.org\/{rel}","templated":true}]}}